{"id":1153,"date":"2025-08-04T05:01:40","date_gmt":"2025-08-04T11:01:40","guid":{"rendered":"https:\/\/somos-hermanos.mx\/?p=1153"},"modified":"2025-08-04T05:01:40","modified_gmt":"2025-08-04T11:01:40","slug":"paidi-una-oportunidad-para-transformar-vidas-desde-la-infancia","status":"publish","type":"post","link":"https:\/\/somos-hermanos.mx\/index.php\/2025\/08\/04\/paidi-una-oportunidad-para-transformar-vidas-desde-la-infancia\/","title":{"rendered":"PAIDI: Una oportunidad para transformar vidas desde la infancia"},"content":{"rendered":"<p>En un rinc\u00f3n de la alcald\u00eda Azcapotzalco, la <strong>Fundaci\u00f3n PAIDI IAP<\/strong>\u00a0trabaja con un enfoque claro y firme: <strong>acompa\u00f1ar a ni\u00f1as, ni\u00f1os y adolescentes de entre 2 y 17 a\u00f1os en situaci\u00f3n de vulnerabilidad, brind\u00e1ndoles atenci\u00f3n integral, estabilidad y una red de apoyo afectiva.<\/strong>\u00a0Su labor se centra en quienes han vivido la violencia o han crecido sin cuidados parentales, buscando ofrecerles condiciones para una vida digna, con respeto a sus derechos y con una base s\u00f3lida de amor y valores.<\/p>\n<p><strong>La fundaci\u00f3n opera a trav\u00e9s de tres espacios clave:<\/strong><\/p>\n<ul>\n<li><strong>Casa de los Ni\u00f1os:<\/strong>el lugar principal donde viven y conviven los menores, con atenci\u00f3n nutricional, educativa, emocional y espiritual.<\/li>\n<li><strong>Casa Comunidad y Familias:<\/strong>enfocada en proyectos comunitarios que fortalecen v\u00ednculos familiares y promueven el desarrollo colectivo.<\/li>\n<li><strong>Casa de Integraci\u00f3n:<\/strong>espacio multifuncional que sirve como \u00e1rea de estudio, voluntariado, ejercicio y actividades recreativas.<\/li>\n<\/ul>\n<p>En estos entornos se busca no solo cubrir necesidades b\u00e1sicas, sino crear una red de acompa\u00f1amiento que les permita crecer con estabilidad emocional, formar lazos afectivos duraderos y desarrollar herramientas para enfrentar su futuro.<\/p>\n<p><strong>El eje principal de PAIDI es el Acompa\u00f1amiento Integral,<\/strong>\u00a0que incluye alimentaci\u00f3n personalizada, educaci\u00f3n formal, actividades f\u00edsicas, visitas culturales, orientaci\u00f3n pedag\u00f3gica, terapias psicol\u00f3gicas y formaci\u00f3n en valores. <strong>Todo esto est\u00e1 dise\u00f1ado para responder a las necesidades espec\u00edficas de cada menor, y tiene como objetivo que se reconozcan como personas valiosas, protegidas y capaces.<\/strong><\/p>\n<p>Adem\u00e1s, <strong>el programa Vida Aut\u00f3noma<\/strong>\u00a0ofrece apoyo a j\u00f3venes de 18 a\u00f1os en adelante para que puedan planear su futuro con independencia y seguridad. A trav\u00e9s de un plan de vida personalizado, se trabaja en el desarrollo de habilidades sociales, educativas y laborales que les permitan integrarse de forma gradual y responsable en la vida adulta.<\/p>\n<p>El <strong>Proyecto Golondrinas<\/strong>\u00a0acompa\u00f1a a madres solteras y a sus hijos, brindando apoyo en vivienda, medicamentos y recursos b\u00e1sicos. Este espacio busca garantizar que ambos puedan desarrollarse en un entorno seguro, estable y con acceso a herramientas para una crianza positiva.<\/p>\n<p>Por su parte, <strong>el programa Familias y Comunidad<\/strong>\u00a0est\u00e1 abierto a la colaboraci\u00f3n con personas del entorno, ofreciendo talleres, cursos y terapias que promueven el bienestar emocional, el respeto mutuo y una cultura de paz. La intenci\u00f3n es generar un impacto duradero no solo en los beneficiarios directos, sino en el tejido social que los rodea.<\/p>\n<p>PAIDI estructura su trabajo con base en cuatro <strong>Objetivos de Desarrollo Sostenible (ODS<\/strong>) de la Agenda 2030 de la ONU:<\/p>\n<ul>\n<li>ODS 3: Salud y bienestar<\/li>\n<li>ODS 4: Educaci\u00f3n de calidad<\/li>\n<li>ODS 10: Reducci\u00f3n de las desigualdades<\/li>\n<li>ODS 16: Paz, justicia e instituciones s\u00f3lidas<\/li>\n<\/ul>\n<p>Esto permite que su impacto local tenga una conexi\u00f3n clara con metas globales, reconociendo que el bienestar de la infancia es un pilar fundamental para el desarrollo de cualquier sociedad.<\/p>\n<p><strong>PAIDI representa una alternativa concreta para construir entornos m\u00e1s seguros y humanos para las infancias m\u00e1s vulnerables<\/strong>. Su trabajo no depende \u00fanicamente del equipo que lo conforma, sino tambi\u00e9n de quienes deciden sumar.<\/p>\n<p>\u00bfTe gustar\u00eda apoyar esta causa? Puedes involucrarte como voluntario, realizar un donativo, o simplemente ayudar a difundir su labor. Cada acci\u00f3n cuenta para seguir brindando a m\u00e1s ni\u00f1as, ni\u00f1os y adolescentes la oportunidad de crecer en condiciones m\u00e1s justas y con mejores oportunidades.<\/p>\n<p>Conoce m\u00e1s en su sede en Azcapotzalco o contacta con su equipo para sumarte al cambio.<\/p>\n","protected":false},"excerpt":{"rendered":"<p>En un rinc\u00f3n de la alcald\u00eda Azcapotzalco, la Fundaci\u00f3n PAIDI IAP\u00a0trabaja con un enfoque claro y firme: acompa\u00f1ar a ni\u00f1as, ni\u00f1os y adolescentes de entre 2 y 17 a\u00f1os en situaci\u00f3n de vulnerabilidad, brind\u00e1ndoles atenci\u00f3n integral, estabilidad y una red de apoyo afectiva.\u00a0Su labor se centra en quienes han vivido la violencia o han crecido [&hellip;]<\/p>\n","protected":false},"author":6,"featured_media":1154,"comment_status":"open","ping_status":"closed","sticky":false,"template":"","format":"standard","meta":{"footnotes":""},"categories":[6],"tags":[],"class_list":["post-1153","post","type-post","status-publish","format-standard","has-post-thumbnail","hentry","category-noticias"],"yoast_head":"<!-- This site is optimized with the Yoast SEO plugin v27.5 - https:\/\/yoast.com\/product\/yoast-seo-wordpress\/ -->\n<title>PAIDI: Una oportunidad para transformar vidas desde la infancia - Historias que inspiran...<\/title>\n<meta name=\"robots\" content=\"index, follow, max-snippet:-1, max-image-preview:large, max-video-preview:-1\" \/>\n<link rel=\"canonical\" href=\"https:\/\/somos-hermanos.mx\/index.php\/2025\/08\/04\/paidi-una-oportunidad-para-transformar-vidas-desde-la-infancia\/\" \/>\n<meta property=\"og:locale\" content=\"es_MX\" \/>\n<meta property=\"og:type\" content=\"article\" \/>\n<meta property=\"og:title\" content=\"PAIDI: Una oportunidad para transformar vidas desde la infancia - Historias que inspiran...\" \/>\n<meta property=\"og:description\" content=\"En un rinc\u00f3n de la alcald\u00eda Azcapotzalco, la Fundaci\u00f3n PAIDI IAP\u00a0trabaja con un enfoque claro y firme: acompa\u00f1ar a ni\u00f1as, ni\u00f1os y adolescentes de entre 2 y 17 a\u00f1os en situaci\u00f3n de vulnerabilidad, brind\u00e1ndoles atenci\u00f3n integral, estabilidad y una red de apoyo afectiva.\u00a0Su labor se centra en quienes han vivido la violencia o han crecido [&hellip;]\" \/>\n<meta property=\"og:url\" content=\"https:\/\/somos-hermanos.mx\/index.php\/2025\/08\/04\/paidi-una-oportunidad-para-transformar-vidas-desde-la-infancia\/\" \/>\n<meta property=\"og:site_name\" content=\"Historias que inspiran...\" \/>\n<meta property=\"article:publisher\" content=\"https:\/\/www.facebook.com\/SomosHermanosIAP\/\" \/>\n<meta property=\"article:published_time\" content=\"2025-08-04T11:01:40+00:00\" \/>\n<meta property=\"og:image\" content=\"https:\/\/somos-hermanos.mx\/wp-content\/uploads\/2025\/08\/paidi1.jpeg\" \/>\n\t<meta property=\"og:image:width\" content=\"1600\" \/>\n\t<meta property=\"og:image:height\" content=\"1200\" \/>\n\t<meta property=\"og:image:type\" content=\"image\/jpeg\" \/>\n<meta name=\"author\" content=\"Jessica Iniestra Montoya\" \/>\n<meta name=\"twitter:card\" content=\"summary_large_image\" \/>\n<meta name=\"twitter:creator\" content=\"@Somos__Hermanos\" \/>\n<meta name=\"twitter:site\" content=\"@Somos__Hermanos\" \/>\n<meta name=\"twitter:label1\" content=\"Escrito por\" \/>\n\t<meta name=\"twitter:data1\" content=\"Jessica Iniestra Montoya\" \/>\n\t<meta name=\"twitter:label2\" content=\"Tiempo de lectura\" \/>\n\t<meta name=\"twitter:data2\" content=\"3 minutos\" \/>\n<script type=\"application\/ld+json\" class=\"yoast-schema-graph\">{\"@context\":\"https:\\\/\\\/schema.org\",\"@graph\":[{\"@type\":\"Article\",\"@id\":\"https:\\\/\\\/somos-hermanos.mx\\\/index.php\\\/2025\\\/08\\\/04\\\/paidi-una-oportunidad-para-transformar-vidas-desde-la-infancia\\\/#article\",\"isPartOf\":{\"@id\":\"https:\\\/\\\/somos-hermanos.mx\\\/index.php\\\/2025\\\/08\\\/04\\\/paidi-una-oportunidad-para-transformar-vidas-desde-la-infancia\\\/\"},\"author\":{\"name\":\"Jessica Iniestra Montoya\",\"@id\":\"https:\\\/\\\/somos-hermanos.mx\\\/#\\\/schema\\\/person\\\/556c08a8ffe5461f078f6d4ee7c7edc6\"},\"headline\":\"PAIDI: Una oportunidad para transformar vidas desde la infancia\",\"datePublished\":\"2025-08-04T11:01:40+00:00\",\"mainEntityOfPage\":{\"@id\":\"https:\\\/\\\/somos-hermanos.mx\\\/index.php\\\/2025\\\/08\\\/04\\\/paidi-una-oportunidad-para-transformar-vidas-desde-la-infancia\\\/\"},\"wordCount\":601,\"commentCount\":0,\"publisher\":{\"@id\":\"https:\\\/\\\/somos-hermanos.mx\\\/#organization\"},\"image\":{\"@id\":\"https:\\\/\\\/somos-hermanos.mx\\\/index.php\\\/2025\\\/08\\\/04\\\/paidi-una-oportunidad-para-transformar-vidas-desde-la-infancia\\\/#primaryimage\"},\"thumbnailUrl\":\"https:\\\/\\\/somos-hermanos.mx\\\/wp-content\\\/uploads\\\/2025\\\/08\\\/paidi1.jpeg\",\"articleSection\":[\"Noticias\"],\"inLanguage\":\"es\",\"potentialAction\":[{\"@type\":\"CommentAction\",\"name\":\"Comment\",\"target\":[\"https:\\\/\\\/somos-hermanos.mx\\\/index.php\\\/2025\\\/08\\\/04\\\/paidi-una-oportunidad-para-transformar-vidas-desde-la-infancia\\\/#respond\"]}]},{\"@type\":\"WebPage\",\"@id\":\"https:\\\/\\\/somos-hermanos.mx\\\/index.php\\\/2025\\\/08\\\/04\\\/paidi-una-oportunidad-para-transformar-vidas-desde-la-infancia\\\/\",\"url\":\"https:\\\/\\\/somos-hermanos.mx\\\/index.php\\\/2025\\\/08\\\/04\\\/paidi-una-oportunidad-para-transformar-vidas-desde-la-infancia\\\/\",\"name\":\"PAIDI: Una oportunidad para transformar vidas desde la infancia - Historias que inspiran...\",\"isPartOf\":{\"@id\":\"https:\\\/\\\/somos-hermanos.mx\\\/#website\"},\"primaryImageOfPage\":{\"@id\":\"https:\\\/\\\/somos-hermanos.mx\\\/index.php\\\/2025\\\/08\\\/04\\\/paidi-una-oportunidad-para-transformar-vidas-desde-la-infancia\\\/#primaryimage\"},\"image\":{\"@id\":\"https:\\\/\\\/somos-hermanos.mx\\\/index.php\\\/2025\\\/08\\\/04\\\/paidi-una-oportunidad-para-transformar-vidas-desde-la-infancia\\\/#primaryimage\"},\"thumbnailUrl\":\"https:\\\/\\\/somos-hermanos.mx\\\/wp-content\\\/uploads\\\/2025\\\/08\\\/paidi1.jpeg\",\"datePublished\":\"2025-08-04T11:01:40+00:00\",\"breadcrumb\":{\"@id\":\"https:\\\/\\\/somos-hermanos.mx\\\/index.php\\\/2025\\\/08\\\/04\\\/paidi-una-oportunidad-para-transformar-vidas-desde-la-infancia\\\/#breadcrumb\"},\"inLanguage\":\"es\",\"potentialAction\":[{\"@type\":\"ReadAction\",\"target\":[\"https:\\\/\\\/somos-hermanos.mx\\\/index.php\\\/2025\\\/08\\\/04\\\/paidi-una-oportunidad-para-transformar-vidas-desde-la-infancia\\\/\"]}]},{\"@type\":\"ImageObject\",\"inLanguage\":\"es\",\"@id\":\"https:\\\/\\\/somos-hermanos.mx\\\/index.php\\\/2025\\\/08\\\/04\\\/paidi-una-oportunidad-para-transformar-vidas-desde-la-infancia\\\/#primaryimage\",\"url\":\"https:\\\/\\\/somos-hermanos.mx\\\/wp-content\\\/uploads\\\/2025\\\/08\\\/paidi1.jpeg\",\"contentUrl\":\"https:\\\/\\\/somos-hermanos.mx\\\/wp-content\\\/uploads\\\/2025\\\/08\\\/paidi1.jpeg\",\"width\":1600,\"height\":1200},{\"@type\":\"BreadcrumbList\",\"@id\":\"https:\\\/\\\/somos-hermanos.mx\\\/index.php\\\/2025\\\/08\\\/04\\\/paidi-una-oportunidad-para-transformar-vidas-desde-la-infancia\\\/#breadcrumb\",\"itemListElement\":[{\"@type\":\"ListItem\",\"position\":1,\"name\":\"Inicio\",\"item\":\"https:\\\/\\\/somos-hermanos.mx\\\/\"},{\"@type\":\"ListItem\",\"position\":2,\"name\":\"PAIDI: Una oportunidad para transformar vidas desde la infancia\"}]},{\"@type\":\"WebSite\",\"@id\":\"https:\\\/\\\/somos-hermanos.mx\\\/#website\",\"url\":\"https:\\\/\\\/somos-hermanos.mx\\\/\",\"name\":\"Historias que inspiran...\",\"description\":\"Somos la voz del altruismo en M\u00e9xico\",\"publisher\":{\"@id\":\"https:\\\/\\\/somos-hermanos.mx\\\/#organization\"},\"potentialAction\":[{\"@type\":\"SearchAction\",\"target\":{\"@type\":\"EntryPoint\",\"urlTemplate\":\"https:\\\/\\\/somos-hermanos.mx\\\/?s={search_term_string}\"},\"query-input\":{\"@type\":\"PropertyValueSpecification\",\"valueRequired\":true,\"valueName\":\"search_term_string\"}}],\"inLanguage\":\"es\"},{\"@type\":\"Organization\",\"@id\":\"https:\\\/\\\/somos-hermanos.mx\\\/#organization\",\"name\":\"Somos Hermanos\",\"url\":\"https:\\\/\\\/somos-hermanos.mx\\\/\",\"logo\":{\"@type\":\"ImageObject\",\"inLanguage\":\"es\",\"@id\":\"https:\\\/\\\/somos-hermanos.mx\\\/#\\\/schema\\\/logo\\\/image\\\/\",\"url\":\"https:\\\/\\\/somos-hermanos.mx\\\/wp-content\\\/uploads\\\/2025\\\/08\\\/SH30-1.jpeg\",\"contentUrl\":\"https:\\\/\\\/somos-hermanos.mx\\\/wp-content\\\/uploads\\\/2025\\\/08\\\/SH30-1.jpeg\",\"width\":1600,\"height\":1142,\"caption\":\"Somos Hermanos\"},\"image\":{\"@id\":\"https:\\\/\\\/somos-hermanos.mx\\\/#\\\/schema\\\/logo\\\/image\\\/\"},\"sameAs\":[\"https:\\\/\\\/www.facebook.com\\\/SomosHermanosIAP\\\/\",\"https:\\\/\\\/x.com\\\/Somos__Hermanos\",\"https:\\\/\\\/www.instagram.com\\\/somos__hermanos\\\/#\",\"https:\\\/\\\/www.tiktok.com\\\/@somoshermanosiap\",\"https:\\\/\\\/www.youtube.com\\\/@somoshermanosiap1201\\\/videos\"]},{\"@type\":\"Person\",\"@id\":\"https:\\\/\\\/somos-hermanos.mx\\\/#\\\/schema\\\/person\\\/556c08a8ffe5461f078f6d4ee7c7edc6\",\"name\":\"Jessica Iniestra Montoya\",\"image\":{\"@type\":\"ImageObject\",\"inLanguage\":\"es\",\"@id\":\"https:\\\/\\\/secure.gravatar.com\\\/avatar\\\/106ac0d17a09f7597c4b7d5101b852538c07d5e73e903cb99fc44476e15e52aa?s=96&d=mm&r=g\",\"url\":\"https:\\\/\\\/secure.gravatar.com\\\/avatar\\\/106ac0d17a09f7597c4b7d5101b852538c07d5e73e903cb99fc44476e15e52aa?s=96&d=mm&r=g\",\"contentUrl\":\"https:\\\/\\\/secure.gravatar.com\\\/avatar\\\/106ac0d17a09f7597c4b7d5101b852538c07d5e73e903cb99fc44476e15e52aa?s=96&d=mm&r=g\",\"caption\":\"Jessica Iniestra Montoya\"},\"url\":\"https:\\\/\\\/somos-hermanos.mx\\\/index.php\\\/author\\\/jessica-iniestra-montoya\\\/\"}]}<\/script>\n<!-- \/ Yoast SEO plugin. -->","yoast_head_json":{"title":"PAIDI: Una oportunidad para transformar vidas desde la infancia - Historias que inspiran...","robots":{"index":"index","follow":"follow","max-snippet":"max-snippet:-1","max-image-preview":"max-image-preview:large","max-video-preview":"max-video-preview:-1"},"canonical":"https:\/\/somos-hermanos.mx\/index.php\/2025\/08\/04\/paidi-una-oportunidad-para-transformar-vidas-desde-la-infancia\/","og_locale":"es_MX","og_type":"article","og_title":"PAIDI: Una oportunidad para transformar vidas desde la infancia - Historias que inspiran...","og_description":"En un rinc\u00f3n de la alcald\u00eda Azcapotzalco, la Fundaci\u00f3n PAIDI IAP\u00a0trabaja con un enfoque claro y firme: acompa\u00f1ar a ni\u00f1as, ni\u00f1os y adolescentes de entre 2 y 17 a\u00f1os en situaci\u00f3n de vulnerabilidad, brind\u00e1ndoles atenci\u00f3n integral, estabilidad y una red de apoyo afectiva.\u00a0Su labor se centra en quienes han vivido la violencia o han crecido [&hellip;]","og_url":"https:\/\/somos-hermanos.mx\/index.php\/2025\/08\/04\/paidi-una-oportunidad-para-transformar-vidas-desde-la-infancia\/","og_site_name":"Historias que inspiran...","article_publisher":"https:\/\/www.facebook.com\/SomosHermanosIAP\/","article_published_time":"2025-08-04T11:01:40+00:00","og_image":[{"width":1600,"height":1200,"url":"https:\/\/somos-hermanos.mx\/wp-content\/uploads\/2025\/08\/paidi1.jpeg","type":"image\/jpeg"}],"author":"Jessica Iniestra Montoya","twitter_card":"summary_large_image","twitter_creator":"@Somos__Hermanos","twitter_site":"@Somos__Hermanos","twitter_misc":{"Escrito por":"Jessica Iniestra Montoya","Tiempo de lectura":"3 minutos"},"schema":{"@context":"https:\/\/schema.org","@graph":[{"@type":"Article","@id":"https:\/\/somos-hermanos.mx\/index.php\/2025\/08\/04\/paidi-una-oportunidad-para-transformar-vidas-desde-la-infancia\/#article","isPartOf":{"@id":"https:\/\/somos-hermanos.mx\/index.php\/2025\/08\/04\/paidi-una-oportunidad-para-transformar-vidas-desde-la-infancia\/"},"author":{"name":"Jessica Iniestra Montoya","@id":"https:\/\/somos-hermanos.mx\/#\/schema\/person\/556c08a8ffe5461f078f6d4ee7c7edc6"},"headline":"PAIDI: Una oportunidad para transformar vidas desde la infancia","datePublished":"2025-08-04T11:01:40+00:00","mainEntityOfPage":{"@id":"https:\/\/somos-hermanos.mx\/index.php\/2025\/08\/04\/paidi-una-oportunidad-para-transformar-vidas-desde-la-infancia\/"},"wordCount":601,"commentCount":0,"publisher":{"@id":"https:\/\/somos-hermanos.mx\/#organization"},"image":{"@id":"https:\/\/somos-hermanos.mx\/index.php\/2025\/08\/04\/paidi-una-oportunidad-para-transformar-vidas-desde-la-infancia\/#primaryimage"},"thumbnailUrl":"https:\/\/somos-hermanos.mx\/wp-content\/uploads\/2025\/08\/paidi1.jpeg","articleSection":["Noticias"],"inLanguage":"es","potentialAction":[{"@type":"CommentAction","name":"Comment","target":["https:\/\/somos-hermanos.mx\/index.php\/2025\/08\/04\/paidi-una-oportunidad-para-transformar-vidas-desde-la-infancia\/#respond"]}]},{"@type":"WebPage","@id":"https:\/\/somos-hermanos.mx\/index.php\/2025\/08\/04\/paidi-una-oportunidad-para-transformar-vidas-desde-la-infancia\/","url":"https:\/\/somos-hermanos.mx\/index.php\/2025\/08\/04\/paidi-una-oportunidad-para-transformar-vidas-desde-la-infancia\/","name":"PAIDI: Una oportunidad para transformar vidas desde la infancia - Historias que inspiran...","isPartOf":{"@id":"https:\/\/somos-hermanos.mx\/#website"},"primaryImageOfPage":{"@id":"https:\/\/somos-hermanos.mx\/index.php\/2025\/08\/04\/paidi-una-oportunidad-para-transformar-vidas-desde-la-infancia\/#primaryimage"},"image":{"@id":"https:\/\/somos-hermanos.mx\/index.php\/2025\/08\/04\/paidi-una-oportunidad-para-transformar-vidas-desde-la-infancia\/#primaryimage"},"thumbnailUrl":"https:\/\/somos-hermanos.mx\/wp-content\/uploads\/2025\/08\/paidi1.jpeg","datePublished":"2025-08-04T11:01:40+00:00","breadcrumb":{"@id":"https:\/\/somos-hermanos.mx\/index.php\/2025\/08\/04\/paidi-una-oportunidad-para-transformar-vidas-desde-la-infancia\/#breadcrumb"},"inLanguage":"es","potentialAction":[{"@type":"ReadAction","target":["https:\/\/somos-hermanos.mx\/index.php\/2025\/08\/04\/paidi-una-oportunidad-para-transformar-vidas-desde-la-infancia\/"]}]},{"@type":"ImageObject","inLanguage":"es","@id":"https:\/\/somos-hermanos.mx\/index.php\/2025\/08\/04\/paidi-una-oportunidad-para-transformar-vidas-desde-la-infancia\/#primaryimage","url":"https:\/\/somos-hermanos.mx\/wp-content\/uploads\/2025\/08\/paidi1.jpeg","contentUrl":"https:\/\/somos-hermanos.mx\/wp-content\/uploads\/2025\/08\/paidi1.jpeg","width":1600,"height":1200},{"@type":"BreadcrumbList","@id":"https:\/\/somos-hermanos.mx\/index.php\/2025\/08\/04\/paidi-una-oportunidad-para-transformar-vidas-desde-la-infancia\/#breadcrumb","itemListElement":[{"@type":"ListItem","position":1,"name":"Inicio","item":"https:\/\/somos-hermanos.mx\/"},{"@type":"ListItem","position":2,"name":"PAIDI: Una oportunidad para transformar vidas desde la infancia"}]},{"@type":"WebSite","@id":"https:\/\/somos-hermanos.mx\/#website","url":"https:\/\/somos-hermanos.mx\/","name":"Historias que inspiran...","description":"Somos la voz del altruismo en M\u00e9xico","publisher":{"@id":"https:\/\/somos-hermanos.mx\/#organization"},"potentialAction":[{"@type":"SearchAction","target":{"@type":"EntryPoint","urlTemplate":"https:\/\/somos-hermanos.mx\/?s={search_term_string}"},"query-input":{"@type":"PropertyValueSpecification","valueRequired":true,"valueName":"search_term_string"}}],"inLanguage":"es"},{"@type":"Organization","@id":"https:\/\/somos-hermanos.mx\/#organization","name":"Somos Hermanos","url":"https:\/\/somos-hermanos.mx\/","logo":{"@type":"ImageObject","inLanguage":"es","@id":"https:\/\/somos-hermanos.mx\/#\/schema\/logo\/image\/","url":"https:\/\/somos-hermanos.mx\/wp-content\/uploads\/2025\/08\/SH30-1.jpeg","contentUrl":"https:\/\/somos-hermanos.mx\/wp-content\/uploads\/2025\/08\/SH30-1.jpeg","width":1600,"height":1142,"caption":"Somos Hermanos"},"image":{"@id":"https:\/\/somos-hermanos.mx\/#\/schema\/logo\/image\/"},"sameAs":["https:\/\/www.facebook.com\/SomosHermanosIAP\/","https:\/\/x.com\/Somos__Hermanos","https:\/\/www.instagram.com\/somos__hermanos\/#","https:\/\/www.tiktok.com\/@somoshermanosiap","https:\/\/www.youtube.com\/@somoshermanosiap1201\/videos"]},{"@type":"Person","@id":"https:\/\/somos-hermanos.mx\/#\/schema\/person\/556c08a8ffe5461f078f6d4ee7c7edc6","name":"Jessica Iniestra Montoya","image":{"@type":"ImageObject","inLanguage":"es","@id":"https:\/\/secure.gravatar.com\/avatar\/106ac0d17a09f7597c4b7d5101b852538c07d5e73e903cb99fc44476e15e52aa?s=96&d=mm&r=g","url":"https:\/\/secure.gravatar.com\/avatar\/106ac0d17a09f7597c4b7d5101b852538c07d5e73e903cb99fc44476e15e52aa?s=96&d=mm&r=g","contentUrl":"https:\/\/secure.gravatar.com\/avatar\/106ac0d17a09f7597c4b7d5101b852538c07d5e73e903cb99fc44476e15e52aa?s=96&d=mm&r=g","caption":"Jessica Iniestra Montoya"},"url":"https:\/\/somos-hermanos.mx\/index.php\/author\/jessica-iniestra-montoya\/"}]}},"_links":{"self":[{"href":"https:\/\/somos-hermanos.mx\/index.php\/wp-json\/wp\/v2\/posts\/1153","targetHints":{"allow":["GET"]}}],"collection":[{"href":"https:\/\/somos-hermanos.mx\/index.php\/wp-json\/wp\/v2\/posts"}],"about":[{"href":"https:\/\/somos-hermanos.mx\/index.php\/wp-json\/wp\/v2\/types\/post"}],"author":[{"embeddable":true,"href":"https:\/\/somos-hermanos.mx\/index.php\/wp-json\/wp\/v2\/users\/6"}],"replies":[{"embeddable":true,"href":"https:\/\/somos-hermanos.mx\/index.php\/wp-json\/wp\/v2\/comments?post=1153"}],"version-history":[{"count":1,"href":"https:\/\/somos-hermanos.mx\/index.php\/wp-json\/wp\/v2\/posts\/1153\/revisions"}],"predecessor-version":[{"id":1155,"href":"https:\/\/somos-hermanos.mx\/index.php\/wp-json\/wp\/v2\/posts\/1153\/revisions\/1155"}],"wp:featuredmedia":[{"embeddable":true,"href":"https:\/\/somos-hermanos.mx\/index.php\/wp-json\/wp\/v2\/media\/1154"}],"wp:attachment":[{"href":"https:\/\/somos-hermanos.mx\/index.php\/wp-json\/wp\/v2\/media?parent=1153"}],"wp:term":[{"taxonomy":"category","embeddable":true,"href":"https:\/\/somos-hermanos.mx\/index.php\/wp-json\/wp\/v2\/categories?post=1153"},{"taxonomy":"post_tag","embeddable":true,"href":"https:\/\/somos-hermanos.mx\/index.php\/wp-json\/wp\/v2\/tags?post=1153"}],"curies":[{"name":"wp","href":"https:\/\/api.w.org\/{rel}","templated":true}]}}