{"id":1149,"date":"2025-08-04T05:00:32","date_gmt":"2025-08-04T11:00:32","guid":{"rendered":"https:\/\/somos-hermanos.mx\/?p=1149"},"modified":"2025-08-04T05:00:32","modified_gmt":"2025-08-04T11:00:32","slug":"transforman-frontera-de-tijuana-con-arte","status":"publish","type":"post","link":"https:\/\/somos-hermanos.mx\/index.php\/2025\/08\/04\/transforman-frontera-de-tijuana-con-arte\/","title":{"rendered":"Transforman frontera de Tijuana  con arte"},"content":{"rendered":"<p>El gris del concreto fronterizo comienza a llenarse de vida y color. Con brochas, rodillos y mucho coraz\u00f3n, artistas, vecinos y migrantes unen fuerzas en el <strong>\u201cMagno Proyecto de Imagen, Color y Cultura de Paz\u201d, <\/strong>una intervenci\u00f3n art\u00edstica de gran formato que est\u00e1 transformando el puente peatonal que conecta la l\u00ednea internacional con el Centro de Tijuana, a un costado del Parque Las Californias.<\/p>\n<p>Este ambicioso proyecto, coordinado por <strong>el reconocido artista y activista Enrique Chiu<\/strong>\u00a0\u2014<strong>famoso por liderar el &#8220;Muro de la Hermandad&#8221;, <\/strong>una de las mayores intervenciones art\u00edsticas en frontera a nivel mundial\u2014, busca resignificar uno de los espacios m\u00e1s transitados del pa\u00eds: el paso fronterizo de El Chaparral, que diariamente es cruzado por m\u00e1s de 15 mil personas.<\/p>\n<p>Con m\u00e1s de 2,000 metros cuadrados de pintura, <strong>se est\u00e1n creando murales, formas geom\u00e9tricas y mensajes de paz, esperanza y dignidad. <\/strong>La obra no s\u00f3lo embellece la ciudad, sino que tambi\u00e9n ofrece un mensaje contundente en una zona marcada por la movilidad humana, la vigilancia fronteriza y las tensiones sociales.<\/p>\n<p>\u201cQueremos que este puente deje de ser solo un cruce, y se convierta en un s\u00edmbolo de bienvenida, de cultura, de comunidad\u201d, expres\u00f3 Enrique Chiu en entrevista. \u201cAqu\u00ed se mezclan historias, acentos y sue\u00f1os. Qu\u00e9 mejor que el arte para representarlo\u201d.<\/p>\n<p>El proyecto es posible gracias al respaldo de la Secretar\u00eda de Turismo del Estado de Baja California, la Fundaci\u00f3n Internacional Enrique Chiu por una Ni\u00f1ez con Futuro AC, y la Delegaci\u00f3n Centro del XXIV Ayuntamiento de Tijuana. Pero m\u00e1s all\u00e1 del financiamiento, el alma de esta intervenci\u00f3n est\u00e1 en la participaci\u00f3n activa de la ciudadan\u00eda.<\/p>\n<p>Vecinos de colonias aleda\u00f1as, voluntarios, artistas locales, trabajadores del \u00e1rea y personas migrantes que se alojan en albergues cercanos, como el del Padre Chava o el Desayunador Salesiano, han tomado parte en la realizaci\u00f3n de la obra.<\/p>\n<p>Su labor, tanto en la pintura como en la limpieza del \u00e1rea, ha sido esencial para <strong>convertir este punto de paso en un punto de encuentro. <\/strong>Esta iniciativa no es un hecho aislado. Tijuana ha sido en los \u00faltimos a\u00f1os un semillero de propuestas de arte urbano con enfoque social.<\/p>\n<p>El proyecto se suma a un creciente movimiento de intervenci\u00f3n p\u00fablica que busca recuperar espacios, generar sentido de pertenencia y tejer redes de paz en una ciudad marcada por contrastes.<\/p>\n<p>El \u201cMagno Proyecto de Imagen, Color y Cultura de Paz\u201d no s\u00f3lo transforma un puente: <strong>transforma la percepci\u00f3n de una frontera que muchas veces ha sido sin\u00f3nimo de separaci\u00f3n. <\/strong>Hoy, ese mismo lugar se convierte en un lienzo colectivo, donde se pintan historias de resistencia, encuentro y humanidad.<\/p>\n<p>El avance del mural puede seguirse a trav\u00e9s de redes sociales bajo el perfil @enriquechiuarte, donde tambi\u00e9n se invita al p\u00fablico a sumarse como voluntarios o simplemente a disfrutar de esta colorida transformaci\u00f3n urbana.<\/p>\n","protected":false},"excerpt":{"rendered":"<p>El gris del concreto fronterizo comienza a llenarse de vida y color. Con brochas, rodillos y mucho coraz\u00f3n, artistas, vecinos y migrantes unen fuerzas en el \u201cMagno Proyecto de Imagen, Color y Cultura de Paz\u201d, una intervenci\u00f3n art\u00edstica de gran formato que est\u00e1 transformando el puente peatonal que conecta la l\u00ednea internacional con el Centro [&hellip;]<\/p>\n","protected":false},"author":28,"featured_media":1151,"comment_status":"open","ping_status":"closed","sticky":false,"template":"","format":"standard","meta":{"footnotes":""},"categories":[6],"tags":[],"class_list":["post-1149","post","type-post","status-publish","format-standard","has-post-thumbnail","hentry","category-noticias"],"yoast_head":"<!-- This site is optimized with the Yoast SEO plugin v27.5 - https:\/\/yoast.com\/product\/yoast-seo-wordpress\/ -->\n<title>Transforman frontera de Tijuana con arte - Historias que inspiran...<\/title>\n<meta name=\"robots\" content=\"index, follow, max-snippet:-1, max-image-preview:large, max-video-preview:-1\" \/>\n<link rel=\"canonical\" href=\"https:\/\/somos-hermanos.mx\/index.php\/2025\/08\/04\/transforman-frontera-de-tijuana-con-arte\/\" \/>\n<meta property=\"og:locale\" content=\"es_MX\" \/>\n<meta property=\"og:type\" content=\"article\" \/>\n<meta property=\"og:title\" content=\"Transforman frontera de Tijuana con arte - Historias que inspiran...\" \/>\n<meta property=\"og:description\" content=\"El gris del concreto fronterizo comienza a llenarse de vida y color. Con brochas, rodillos y mucho coraz\u00f3n, artistas, vecinos y migrantes unen fuerzas en el \u201cMagno Proyecto de Imagen, Color y Cultura de Paz\u201d, una intervenci\u00f3n art\u00edstica de gran formato que est\u00e1 transformando el puente peatonal que conecta la l\u00ednea internacional con el Centro [&hellip;]\" \/>\n<meta property=\"og:url\" content=\"https:\/\/somos-hermanos.mx\/index.php\/2025\/08\/04\/transforman-frontera-de-tijuana-con-arte\/\" \/>\n<meta property=\"og:site_name\" content=\"Historias que inspiran...\" \/>\n<meta property=\"article:publisher\" content=\"https:\/\/www.facebook.com\/SomosHermanosIAP\/\" \/>\n<meta property=\"article:published_time\" content=\"2025-08-04T11:00:32+00:00\" \/>\n<meta property=\"og:image\" content=\"https:\/\/somos-hermanos.mx\/wp-content\/uploads\/2025\/08\/chiu.jpeg\" \/>\n\t<meta property=\"og:image:width\" content=\"1600\" \/>\n\t<meta property=\"og:image:height\" content=\"1200\" \/>\n\t<meta property=\"og:image:type\" content=\"image\/jpeg\" \/>\n<meta name=\"author\" content=\"Jocelyn Guzm\u00e1n Mart\u00ednez\" \/>\n<meta name=\"twitter:card\" content=\"summary_large_image\" \/>\n<meta name=\"twitter:creator\" content=\"@Somos__Hermanos\" \/>\n<meta name=\"twitter:site\" content=\"@Somos__Hermanos\" \/>\n<meta name=\"twitter:label1\" content=\"Escrito por\" \/>\n\t<meta name=\"twitter:data1\" content=\"Jocelyn Guzm\u00e1n Mart\u00ednez\" \/>\n\t<meta name=\"twitter:label2\" content=\"Tiempo de lectura\" \/>\n\t<meta name=\"twitter:data2\" content=\"3 minutos\" \/>\n<script type=\"application\/ld+json\" class=\"yoast-schema-graph\">{\"@context\":\"https:\\\/\\\/schema.org\",\"@graph\":[{\"@type\":\"Article\",\"@id\":\"https:\\\/\\\/somos-hermanos.mx\\\/index.php\\\/2025\\\/08\\\/04\\\/transforman-frontera-de-tijuana-con-arte\\\/#article\",\"isPartOf\":{\"@id\":\"https:\\\/\\\/somos-hermanos.mx\\\/index.php\\\/2025\\\/08\\\/04\\\/transforman-frontera-de-tijuana-con-arte\\\/\"},\"author\":{\"name\":\"Jocelyn Guzm\u00e1n Mart\u00ednez\",\"@id\":\"https:\\\/\\\/somos-hermanos.mx\\\/#\\\/schema\\\/person\\\/0cd447ea54751f11595557ee49ac6f23\"},\"headline\":\"Transforman frontera de Tijuana con arte\",\"datePublished\":\"2025-08-04T11:00:32+00:00\",\"mainEntityOfPage\":{\"@id\":\"https:\\\/\\\/somos-hermanos.mx\\\/index.php\\\/2025\\\/08\\\/04\\\/transforman-frontera-de-tijuana-con-arte\\\/\"},\"wordCount\":506,\"commentCount\":0,\"publisher\":{\"@id\":\"https:\\\/\\\/somos-hermanos.mx\\\/#organization\"},\"image\":{\"@id\":\"https:\\\/\\\/somos-hermanos.mx\\\/index.php\\\/2025\\\/08\\\/04\\\/transforman-frontera-de-tijuana-con-arte\\\/#primaryimage\"},\"thumbnailUrl\":\"https:\\\/\\\/somos-hermanos.mx\\\/wp-content\\\/uploads\\\/2025\\\/08\\\/chiu.jpeg\",\"articleSection\":[\"Noticias\"],\"inLanguage\":\"es\",\"potentialAction\":[{\"@type\":\"CommentAction\",\"name\":\"Comment\",\"target\":[\"https:\\\/\\\/somos-hermanos.mx\\\/index.php\\\/2025\\\/08\\\/04\\\/transforman-frontera-de-tijuana-con-arte\\\/#respond\"]}]},{\"@type\":\"WebPage\",\"@id\":\"https:\\\/\\\/somos-hermanos.mx\\\/index.php\\\/2025\\\/08\\\/04\\\/transforman-frontera-de-tijuana-con-arte\\\/\",\"url\":\"https:\\\/\\\/somos-hermanos.mx\\\/index.php\\\/2025\\\/08\\\/04\\\/transforman-frontera-de-tijuana-con-arte\\\/\",\"name\":\"Transforman frontera de Tijuana con arte - Historias que inspiran...\",\"isPartOf\":{\"@id\":\"https:\\\/\\\/somos-hermanos.mx\\\/#website\"},\"primaryImageOfPage\":{\"@id\":\"https:\\\/\\\/somos-hermanos.mx\\\/index.php\\\/2025\\\/08\\\/04\\\/transforman-frontera-de-tijuana-con-arte\\\/#primaryimage\"},\"image\":{\"@id\":\"https:\\\/\\\/somos-hermanos.mx\\\/index.php\\\/2025\\\/08\\\/04\\\/transforman-frontera-de-tijuana-con-arte\\\/#primaryimage\"},\"thumbnailUrl\":\"https:\\\/\\\/somos-hermanos.mx\\\/wp-content\\\/uploads\\\/2025\\\/08\\\/chiu.jpeg\",\"datePublished\":\"2025-08-04T11:00:32+00:00\",\"breadcrumb\":{\"@id\":\"https:\\\/\\\/somos-hermanos.mx\\\/index.php\\\/2025\\\/08\\\/04\\\/transforman-frontera-de-tijuana-con-arte\\\/#breadcrumb\"},\"inLanguage\":\"es\",\"potentialAction\":[{\"@type\":\"ReadAction\",\"target\":[\"https:\\\/\\\/somos-hermanos.mx\\\/index.php\\\/2025\\\/08\\\/04\\\/transforman-frontera-de-tijuana-con-arte\\\/\"]}]},{\"@type\":\"ImageObject\",\"inLanguage\":\"es\",\"@id\":\"https:\\\/\\\/somos-hermanos.mx\\\/index.php\\\/2025\\\/08\\\/04\\\/transforman-frontera-de-tijuana-con-arte\\\/#primaryimage\",\"url\":\"https:\\\/\\\/somos-hermanos.mx\\\/wp-content\\\/uploads\\\/2025\\\/08\\\/chiu.jpeg\",\"contentUrl\":\"https:\\\/\\\/somos-hermanos.mx\\\/wp-content\\\/uploads\\\/2025\\\/08\\\/chiu.jpeg\",\"width\":1600,\"height\":1200},{\"@type\":\"BreadcrumbList\",\"@id\":\"https:\\\/\\\/somos-hermanos.mx\\\/index.php\\\/2025\\\/08\\\/04\\\/transforman-frontera-de-tijuana-con-arte\\\/#breadcrumb\",\"itemListElement\":[{\"@type\":\"ListItem\",\"position\":1,\"name\":\"Inicio\",\"item\":\"https:\\\/\\\/somos-hermanos.mx\\\/\"},{\"@type\":\"ListItem\",\"position\":2,\"name\":\"Transforman frontera de Tijuana con arte\"}]},{\"@type\":\"WebSite\",\"@id\":\"https:\\\/\\\/somos-hermanos.mx\\\/#website\",\"url\":\"https:\\\/\\\/somos-hermanos.mx\\\/\",\"name\":\"Historias que inspiran...\",\"description\":\"Somos la voz del altruismo en M\u00e9xico\",\"publisher\":{\"@id\":\"https:\\\/\\\/somos-hermanos.mx\\\/#organization\"},\"potentialAction\":[{\"@type\":\"SearchAction\",\"target\":{\"@type\":\"EntryPoint\",\"urlTemplate\":\"https:\\\/\\\/somos-hermanos.mx\\\/?s={search_term_string}\"},\"query-input\":{\"@type\":\"PropertyValueSpecification\",\"valueRequired\":true,\"valueName\":\"search_term_string\"}}],\"inLanguage\":\"es\"},{\"@type\":\"Organization\",\"@id\":\"https:\\\/\\\/somos-hermanos.mx\\\/#organization\",\"name\":\"Somos Hermanos\",\"url\":\"https:\\\/\\\/somos-hermanos.mx\\\/\",\"logo\":{\"@type\":\"ImageObject\",\"inLanguage\":\"es\",\"@id\":\"https:\\\/\\\/somos-hermanos.mx\\\/#\\\/schema\\\/logo\\\/image\\\/\",\"url\":\"https:\\\/\\\/somos-hermanos.mx\\\/wp-content\\\/uploads\\\/2025\\\/08\\\/SH30-1.jpeg\",\"contentUrl\":\"https:\\\/\\\/somos-hermanos.mx\\\/wp-content\\\/uploads\\\/2025\\\/08\\\/SH30-1.jpeg\",\"width\":1600,\"height\":1142,\"caption\":\"Somos Hermanos\"},\"image\":{\"@id\":\"https:\\\/\\\/somos-hermanos.mx\\\/#\\\/schema\\\/logo\\\/image\\\/\"},\"sameAs\":[\"https:\\\/\\\/www.facebook.com\\\/SomosHermanosIAP\\\/\",\"https:\\\/\\\/x.com\\\/Somos__Hermanos\",\"https:\\\/\\\/www.instagram.com\\\/somos__hermanos\\\/#\",\"https:\\\/\\\/www.tiktok.com\\\/@somoshermanosiap\",\"https:\\\/\\\/www.youtube.com\\\/@somoshermanosiap1201\\\/videos\"]},{\"@type\":\"Person\",\"@id\":\"https:\\\/\\\/somos-hermanos.mx\\\/#\\\/schema\\\/person\\\/0cd447ea54751f11595557ee49ac6f23\",\"name\":\"Jocelyn Guzm\u00e1n Mart\u00ednez\",\"image\":{\"@type\":\"ImageObject\",\"inLanguage\":\"es\",\"@id\":\"https:\\\/\\\/secure.gravatar.com\\\/avatar\\\/d5074038e8796d4eae4d9158911a66cce26c4f3f9e96ee6629aafc5c0638e08c?s=96&d=mm&r=g\",\"url\":\"https:\\\/\\\/secure.gravatar.com\\\/avatar\\\/d5074038e8796d4eae4d9158911a66cce26c4f3f9e96ee6629aafc5c0638e08c?s=96&d=mm&r=g\",\"contentUrl\":\"https:\\\/\\\/secure.gravatar.com\\\/avatar\\\/d5074038e8796d4eae4d9158911a66cce26c4f3f9e96ee6629aafc5c0638e08c?s=96&d=mm&r=g\",\"caption\":\"Jocelyn Guzm\u00e1n Mart\u00ednez\"},\"url\":\"https:\\\/\\\/somos-hermanos.mx\\\/index.php\\\/author\\\/jocelyn-guzman-martinez\\\/\"}]}<\/script>\n<!-- \/ Yoast SEO plugin. -->","yoast_head_json":{"title":"Transforman frontera de Tijuana con arte - Historias que inspiran...","robots":{"index":"index","follow":"follow","max-snippet":"max-snippet:-1","max-image-preview":"max-image-preview:large","max-video-preview":"max-video-preview:-1"},"canonical":"https:\/\/somos-hermanos.mx\/index.php\/2025\/08\/04\/transforman-frontera-de-tijuana-con-arte\/","og_locale":"es_MX","og_type":"article","og_title":"Transforman frontera de Tijuana con arte - Historias que inspiran...","og_description":"El gris del concreto fronterizo comienza a llenarse de vida y color. Con brochas, rodillos y mucho coraz\u00f3n, artistas, vecinos y migrantes unen fuerzas en el \u201cMagno Proyecto de Imagen, Color y Cultura de Paz\u201d, una intervenci\u00f3n art\u00edstica de gran formato que est\u00e1 transformando el puente peatonal que conecta la l\u00ednea internacional con el Centro [&hellip;]","og_url":"https:\/\/somos-hermanos.mx\/index.php\/2025\/08\/04\/transforman-frontera-de-tijuana-con-arte\/","og_site_name":"Historias que inspiran...","article_publisher":"https:\/\/www.facebook.com\/SomosHermanosIAP\/","article_published_time":"2025-08-04T11:00:32+00:00","og_image":[{"width":1600,"height":1200,"url":"https:\/\/somos-hermanos.mx\/wp-content\/uploads\/2025\/08\/chiu.jpeg","type":"image\/jpeg"}],"author":"Jocelyn Guzm\u00e1n Mart\u00ednez","twitter_card":"summary_large_image","twitter_creator":"@Somos__Hermanos","twitter_site":"@Somos__Hermanos","twitter_misc":{"Escrito por":"Jocelyn Guzm\u00e1n Mart\u00ednez","Tiempo de lectura":"3 minutos"},"schema":{"@context":"https:\/\/schema.org","@graph":[{"@type":"Article","@id":"https:\/\/somos-hermanos.mx\/index.php\/2025\/08\/04\/transforman-frontera-de-tijuana-con-arte\/#article","isPartOf":{"@id":"https:\/\/somos-hermanos.mx\/index.php\/2025\/08\/04\/transforman-frontera-de-tijuana-con-arte\/"},"author":{"name":"Jocelyn Guzm\u00e1n Mart\u00ednez","@id":"https:\/\/somos-hermanos.mx\/#\/schema\/person\/0cd447ea54751f11595557ee49ac6f23"},"headline":"Transforman frontera de Tijuana con arte","datePublished":"2025-08-04T11:00:32+00:00","mainEntityOfPage":{"@id":"https:\/\/somos-hermanos.mx\/index.php\/2025\/08\/04\/transforman-frontera-de-tijuana-con-arte\/"},"wordCount":506,"commentCount":0,"publisher":{"@id":"https:\/\/somos-hermanos.mx\/#organization"},"image":{"@id":"https:\/\/somos-hermanos.mx\/index.php\/2025\/08\/04\/transforman-frontera-de-tijuana-con-arte\/#primaryimage"},"thumbnailUrl":"https:\/\/somos-hermanos.mx\/wp-content\/uploads\/2025\/08\/chiu.jpeg","articleSection":["Noticias"],"inLanguage":"es","potentialAction":[{"@type":"CommentAction","name":"Comment","target":["https:\/\/somos-hermanos.mx\/index.php\/2025\/08\/04\/transforman-frontera-de-tijuana-con-arte\/#respond"]}]},{"@type":"WebPage","@id":"https:\/\/somos-hermanos.mx\/index.php\/2025\/08\/04\/transforman-frontera-de-tijuana-con-arte\/","url":"https:\/\/somos-hermanos.mx\/index.php\/2025\/08\/04\/transforman-frontera-de-tijuana-con-arte\/","name":"Transforman frontera de Tijuana con arte - Historias que inspiran...","isPartOf":{"@id":"https:\/\/somos-hermanos.mx\/#website"},"primaryImageOfPage":{"@id":"https:\/\/somos-hermanos.mx\/index.php\/2025\/08\/04\/transforman-frontera-de-tijuana-con-arte\/#primaryimage"},"image":{"@id":"https:\/\/somos-hermanos.mx\/index.php\/2025\/08\/04\/transforman-frontera-de-tijuana-con-arte\/#primaryimage"},"thumbnailUrl":"https:\/\/somos-hermanos.mx\/wp-content\/uploads\/2025\/08\/chiu.jpeg","datePublished":"2025-08-04T11:00:32+00:00","breadcrumb":{"@id":"https:\/\/somos-hermanos.mx\/index.php\/2025\/08\/04\/transforman-frontera-de-tijuana-con-arte\/#breadcrumb"},"inLanguage":"es","potentialAction":[{"@type":"ReadAction","target":["https:\/\/somos-hermanos.mx\/index.php\/2025\/08\/04\/transforman-frontera-de-tijuana-con-arte\/"]}]},{"@type":"ImageObject","inLanguage":"es","@id":"https:\/\/somos-hermanos.mx\/index.php\/2025\/08\/04\/transforman-frontera-de-tijuana-con-arte\/#primaryimage","url":"https:\/\/somos-hermanos.mx\/wp-content\/uploads\/2025\/08\/chiu.jpeg","contentUrl":"https:\/\/somos-hermanos.mx\/wp-content\/uploads\/2025\/08\/chiu.jpeg","width":1600,"height":1200},{"@type":"BreadcrumbList","@id":"https:\/\/somos-hermanos.mx\/index.php\/2025\/08\/04\/transforman-frontera-de-tijuana-con-arte\/#breadcrumb","itemListElement":[{"@type":"ListItem","position":1,"name":"Inicio","item":"https:\/\/somos-hermanos.mx\/"},{"@type":"ListItem","position":2,"name":"Transforman frontera de Tijuana con arte"}]},{"@type":"WebSite","@id":"https:\/\/somos-hermanos.mx\/#website","url":"https:\/\/somos-hermanos.mx\/","name":"Historias que inspiran...","description":"Somos la voz del altruismo en M\u00e9xico","publisher":{"@id":"https:\/\/somos-hermanos.mx\/#organization"},"potentialAction":[{"@type":"SearchAction","target":{"@type":"EntryPoint","urlTemplate":"https:\/\/somos-hermanos.mx\/?s={search_term_string}"},"query-input":{"@type":"PropertyValueSpecification","valueRequired":true,"valueName":"search_term_string"}}],"inLanguage":"es"},{"@type":"Organization","@id":"https:\/\/somos-hermanos.mx\/#organization","name":"Somos Hermanos","url":"https:\/\/somos-hermanos.mx\/","logo":{"@type":"ImageObject","inLanguage":"es","@id":"https:\/\/somos-hermanos.mx\/#\/schema\/logo\/image\/","url":"https:\/\/somos-hermanos.mx\/wp-content\/uploads\/2025\/08\/SH30-1.jpeg","contentUrl":"https:\/\/somos-hermanos.mx\/wp-content\/uploads\/2025\/08\/SH30-1.jpeg","width":1600,"height":1142,"caption":"Somos Hermanos"},"image":{"@id":"https:\/\/somos-hermanos.mx\/#\/schema\/logo\/image\/"},"sameAs":["https:\/\/www.facebook.com\/SomosHermanosIAP\/","https:\/\/x.com\/Somos__Hermanos","https:\/\/www.instagram.com\/somos__hermanos\/#","https:\/\/www.tiktok.com\/@somoshermanosiap","https:\/\/www.youtube.com\/@somoshermanosiap1201\/videos"]},{"@type":"Person","@id":"https:\/\/somos-hermanos.mx\/#\/schema\/person\/0cd447ea54751f11595557ee49ac6f23","name":"Jocelyn Guzm\u00e1n Mart\u00ednez","image":{"@type":"ImageObject","inLanguage":"es","@id":"https:\/\/secure.gravatar.com\/avatar\/d5074038e8796d4eae4d9158911a66cce26c4f3f9e96ee6629aafc5c0638e08c?s=96&d=mm&r=g","url":"https:\/\/secure.gravatar.com\/avatar\/d5074038e8796d4eae4d9158911a66cce26c4f3f9e96ee6629aafc5c0638e08c?s=96&d=mm&r=g","contentUrl":"https:\/\/secure.gravatar.com\/avatar\/d5074038e8796d4eae4d9158911a66cce26c4f3f9e96ee6629aafc5c0638e08c?s=96&d=mm&r=g","caption":"Jocelyn Guzm\u00e1n Mart\u00ednez"},"url":"https:\/\/somos-hermanos.mx\/index.php\/author\/jocelyn-guzman-martinez\/"}]}},"_links":{"self":[{"href":"https:\/\/somos-hermanos.mx\/index.php\/wp-json\/wp\/v2\/posts\/1149","targetHints":{"allow":["GET"]}}],"collection":[{"href":"https:\/\/somos-hermanos.mx\/index.php\/wp-json\/wp\/v2\/posts"}],"about":[{"href":"https:\/\/somos-hermanos.mx\/index.php\/wp-json\/wp\/v2\/types\/post"}],"author":[{"embeddable":true,"href":"https:\/\/somos-hermanos.mx\/index.php\/wp-json\/wp\/v2\/users\/28"}],"replies":[{"embeddable":true,"href":"https:\/\/somos-hermanos.mx\/index.php\/wp-json\/wp\/v2\/comments?post=1149"}],"version-history":[{"count":1,"href":"https:\/\/somos-hermanos.mx\/index.php\/wp-json\/wp\/v2\/posts\/1149\/revisions"}],"predecessor-version":[{"id":1152,"href":"https:\/\/somos-hermanos.mx\/index.php\/wp-json\/wp\/v2\/posts\/1149\/revisions\/1152"}],"wp:featuredmedia":[{"embeddable":true,"href":"https:\/\/somos-hermanos.mx\/index.php\/wp-json\/wp\/v2\/media\/1151"}],"wp:attachment":[{"href":"https:\/\/somos-hermanos.mx\/index.php\/wp-json\/wp\/v2\/media?parent=1149"}],"wp:term":[{"taxonomy":"category","embeddable":true,"href":"https:\/\/somos-hermanos.mx\/index.php\/wp-json\/wp\/v2\/categories?post=1149"},{"taxonomy":"post_tag","embeddable":true,"href":"https:\/\/somos-hermanos.mx\/index.php\/wp-json\/wp\/v2\/tags?post=1149"}],"curies":[{"name":"wp","href":"https:\/\/api.w.org\/{rel}","templated":true}]}}