{"id":1146,"date":"2025-08-04T04:59:01","date_gmt":"2025-08-04T10:59:01","guid":{"rendered":"https:\/\/somos-hermanos.mx\/?p=1146"},"modified":"2025-08-04T04:59:01","modified_gmt":"2025-08-04T10:59:01","slug":"la-transformacion-de-vidas-desde-la-accion-comunitaria-de-paco","status":"publish","type":"post","link":"https:\/\/somos-hermanos.mx\/index.php\/2025\/08\/04\/la-transformacion-de-vidas-desde-la-accion-comunitaria-de-paco\/","title":{"rendered":"La transformaci\u00f3n de vidas desde la acci\u00f3n comunitaria de Paco"},"content":{"rendered":"<p>La fundaci\u00f3n Promoci\u00f3n y Acci\u00f3n Comunitaria IAP (PACO IAP) es una organizaci\u00f3n que, durante m\u00e1s de seis d\u00e9cadas <strong>ha dedicado sus esfuerzos en apoyar a personas en situaci\u00f3n de vulnerabilidad en la Ciudad de M\u00e9xico,<\/strong>\u00a0por lo que han logrado consolidarse como un pilar asistencial.<\/p>\n<p>Su origen se remonta a 1956, cuando Sor Mar\u00eda del Carmen Fuentes Quesada la fund\u00f3 <strong>motivada por su interacci\u00f3n directa con la comunidad de la colonia Revoluci\u00f3n, ubicada en la alcald\u00eda Venustiano Carranza. <\/strong>Por m\u00e1s de 60 a\u00f1os, PACO IAP ha ofrecido apoyo integral a ni\u00f1os, j\u00f3venes y adultos, generando un impacto social significativo mediante programas que abarcan educaci\u00f3n, salud, alimentaci\u00f3n, vestimenta y protecci\u00f3n.<\/p>\n<p>Fundada bajo el nombre OSCAR AC y reorganizada en los a\u00f1os 90 como Promoci\u00f3n y Acci\u00f3n Comunitaria IAP, <strong>implementa un modelo de atenci\u00f3n centrado en el bienestar de sus beneficiarios. <\/strong>Su labor se basa en el respeto y la restituci\u00f3n de los derechos humanos especialmente enfocados en ni\u00f1os y adolescentes que han sufrido abandono, violencia o desintegraci\u00f3n familiar.<\/p>\n<p><strong>La Casa Hogar \u201cMoscas Ley&#8221; est\u00e1 destinada a menores que carecen de v\u00ednculos familiares o institucionales. <\/strong>Este programa ofrece servicios esenciales como una alimentaci\u00f3n balanceada, educaci\u00f3n formal, apoyo psicol\u00f3gico y m\u00e9dico, adem\u00e1s de fomentar el desarrollo personal a trav\u00e9s de actividades f\u00edsicas y de talleres vocacionales en \u00e1reas como la carpinter\u00eda, herrer\u00eda y panader\u00eda.<\/p>\n<p>Con todo esto el objetivo es no solo satisfacer necesidades b\u00e1sicas, sino tambi\u00e9n brindar herramientas que permitan a los beneficiarios romper con ciclos de violencia y exclusi\u00f3n.<\/p>\n<p>En 2021, la situaci\u00f3n de Brandon Luna, un ni\u00f1o diagnosticado con c\u00e1ncer, represent\u00f3 un desaf\u00edo significativo para la capacidad de respuesta de PACO, pues gracias a su Departamento de Trabajo Social, la fundaci\u00f3n brind\u00f3 acompa\u00f1amiento continuo a Brandon y a su familia durante todo el proceso m\u00e9dico, reafirmando su compromiso con el cuidado de la salud y el apoyo emocional.<\/p>\n<p>Gui\u00e1ndose por una filosof\u00eda centrada en valores como el amor, la comprensi\u00f3n, el respeto y la generosidad, <strong>PACO ejemplifica c\u00f3mo la asistencia social puede integrar dignidad, profesionalismo y transparencia, <\/strong>pues m\u00e1s all\u00e1 de ser una casa hogar, se ha convertido en un aut\u00e9ntico refugio para aquellos que m\u00e1s lo necesitan.<\/p>\n<p>Adem\u00e1s, la fundaci\u00f3n expande su labor hacia el \u00e1mbito comunitario ofreciendo servicios de salud accesibles, distribuci\u00f3n de despensas, pr\u00e9stamo de aparatos ortop\u00e9dicos y asistencia educativa para ni\u00f1os y j\u00f3venes en riesgo de abandono escolar. Estas iniciativas, junto con su participaci\u00f3n en redes como ENSAMBLE y FONSELP refuerzan su impacto y garantizan una atenci\u00f3n profesional fundamentada en pr\u00e1cticas basadas en evidencia.<\/p>\n<p>A lo largo de estos a\u00f1os PACO IAP contin\u00faa siendo un s\u00edmbolo de esperanza para aquellos que m\u00e1s lo requieren, mostrando que el trabajo comunitario, impulsado por el amor y la dedicaci\u00f3n, tiene el poder de cambiar vidas y fomentar un porvenir m\u00e1s equitativo.<\/p>\n","protected":false},"excerpt":{"rendered":"<p>La fundaci\u00f3n Promoci\u00f3n y Acci\u00f3n Comunitaria IAP (PACO IAP) es una organizaci\u00f3n que, durante m\u00e1s de seis d\u00e9cadas ha dedicado sus esfuerzos en apoyar a personas en situaci\u00f3n de vulnerabilidad en la Ciudad de M\u00e9xico,\u00a0por lo que han logrado consolidarse como un pilar asistencial. Su origen se remonta a 1956, cuando Sor Mar\u00eda del Carmen [&hellip;]<\/p>\n","protected":false},"author":4,"featured_media":1147,"comment_status":"open","ping_status":"closed","sticky":false,"template":"","format":"standard","meta":{"footnotes":""},"categories":[6],"tags":[],"class_list":["post-1146","post","type-post","status-publish","format-standard","has-post-thumbnail","hentry","category-noticias"],"yoast_head":"<!-- This site is optimized with the Yoast SEO plugin v27.5 - https:\/\/yoast.com\/product\/yoast-seo-wordpress\/ -->\n<title>La transformaci\u00f3n de vidas desde la acci\u00f3n comunitaria de Paco - Historias que inspiran...<\/title>\n<meta name=\"robots\" content=\"index, follow, max-snippet:-1, max-image-preview:large, max-video-preview:-1\" \/>\n<link rel=\"canonical\" href=\"https:\/\/somos-hermanos.mx\/index.php\/2025\/08\/04\/la-transformacion-de-vidas-desde-la-accion-comunitaria-de-paco\/\" \/>\n<meta property=\"og:locale\" content=\"es_MX\" \/>\n<meta property=\"og:type\" content=\"article\" \/>\n<meta property=\"og:title\" content=\"La transformaci\u00f3n de vidas desde la acci\u00f3n comunitaria de Paco - Historias que inspiran...\" \/>\n<meta property=\"og:description\" content=\"La fundaci\u00f3n Promoci\u00f3n y Acci\u00f3n Comunitaria IAP (PACO IAP) es una organizaci\u00f3n que, durante m\u00e1s de seis d\u00e9cadas ha dedicado sus esfuerzos en apoyar a personas en situaci\u00f3n de vulnerabilidad en la Ciudad de M\u00e9xico,\u00a0por lo que han logrado consolidarse como un pilar asistencial. Su origen se remonta a 1956, cuando Sor Mar\u00eda del Carmen [&hellip;]\" \/>\n<meta property=\"og:url\" content=\"https:\/\/somos-hermanos.mx\/index.php\/2025\/08\/04\/la-transformacion-de-vidas-desde-la-accion-comunitaria-de-paco\/\" \/>\n<meta property=\"og:site_name\" content=\"Historias que inspiran...\" \/>\n<meta property=\"article:publisher\" content=\"https:\/\/www.facebook.com\/SomosHermanosIAP\/\" \/>\n<meta property=\"article:published_time\" content=\"2025-08-04T10:59:01+00:00\" \/>\n<meta property=\"og:image\" content=\"https:\/\/somos-hermanos.mx\/wp-content\/uploads\/2025\/08\/paco2.jpeg\" \/>\n\t<meta property=\"og:image:width\" content=\"1080\" \/>\n\t<meta property=\"og:image:height\" content=\"1350\" \/>\n\t<meta property=\"og:image:type\" content=\"image\/jpeg\" \/>\n<meta name=\"author\" content=\"Diana D\u00edaz Cardoza\" \/>\n<meta name=\"twitter:card\" content=\"summary_large_image\" \/>\n<meta name=\"twitter:creator\" content=\"@Somos__Hermanos\" \/>\n<meta name=\"twitter:site\" content=\"@Somos__Hermanos\" \/>\n<meta name=\"twitter:label1\" content=\"Escrito por\" \/>\n\t<meta name=\"twitter:data1\" content=\"Diana D\u00edaz Cardoza\" \/>\n\t<meta name=\"twitter:label2\" content=\"Tiempo de lectura\" \/>\n\t<meta name=\"twitter:data2\" content=\"3 minutos\" \/>\n<script type=\"application\/ld+json\" class=\"yoast-schema-graph\">{\"@context\":\"https:\\\/\\\/schema.org\",\"@graph\":[{\"@type\":\"Article\",\"@id\":\"https:\\\/\\\/somos-hermanos.mx\\\/index.php\\\/2025\\\/08\\\/04\\\/la-transformacion-de-vidas-desde-la-accion-comunitaria-de-paco\\\/#article\",\"isPartOf\":{\"@id\":\"https:\\\/\\\/somos-hermanos.mx\\\/index.php\\\/2025\\\/08\\\/04\\\/la-transformacion-de-vidas-desde-la-accion-comunitaria-de-paco\\\/\"},\"author\":{\"name\":\"Diana D\u00edaz Cardoza\",\"@id\":\"https:\\\/\\\/somos-hermanos.mx\\\/#\\\/schema\\\/person\\\/410425922654f3768f310e5949e1d304\"},\"headline\":\"La transformaci\u00f3n de vidas desde la acci\u00f3n comunitaria de Paco\",\"datePublished\":\"2025-08-04T10:59:01+00:00\",\"mainEntityOfPage\":{\"@id\":\"https:\\\/\\\/somos-hermanos.mx\\\/index.php\\\/2025\\\/08\\\/04\\\/la-transformacion-de-vidas-desde-la-accion-comunitaria-de-paco\\\/\"},\"wordCount\":540,\"commentCount\":0,\"publisher\":{\"@id\":\"https:\\\/\\\/somos-hermanos.mx\\\/#organization\"},\"image\":{\"@id\":\"https:\\\/\\\/somos-hermanos.mx\\\/index.php\\\/2025\\\/08\\\/04\\\/la-transformacion-de-vidas-desde-la-accion-comunitaria-de-paco\\\/#primaryimage\"},\"thumbnailUrl\":\"https:\\\/\\\/somos-hermanos.mx\\\/wp-content\\\/uploads\\\/2025\\\/08\\\/paco2.jpeg\",\"articleSection\":[\"Noticias\"],\"inLanguage\":\"es\",\"potentialAction\":[{\"@type\":\"CommentAction\",\"name\":\"Comment\",\"target\":[\"https:\\\/\\\/somos-hermanos.mx\\\/index.php\\\/2025\\\/08\\\/04\\\/la-transformacion-de-vidas-desde-la-accion-comunitaria-de-paco\\\/#respond\"]}]},{\"@type\":\"WebPage\",\"@id\":\"https:\\\/\\\/somos-hermanos.mx\\\/index.php\\\/2025\\\/08\\\/04\\\/la-transformacion-de-vidas-desde-la-accion-comunitaria-de-paco\\\/\",\"url\":\"https:\\\/\\\/somos-hermanos.mx\\\/index.php\\\/2025\\\/08\\\/04\\\/la-transformacion-de-vidas-desde-la-accion-comunitaria-de-paco\\\/\",\"name\":\"La transformaci\u00f3n de vidas desde la acci\u00f3n comunitaria de Paco - Historias que inspiran...\",\"isPartOf\":{\"@id\":\"https:\\\/\\\/somos-hermanos.mx\\\/#website\"},\"primaryImageOfPage\":{\"@id\":\"https:\\\/\\\/somos-hermanos.mx\\\/index.php\\\/2025\\\/08\\\/04\\\/la-transformacion-de-vidas-desde-la-accion-comunitaria-de-paco\\\/#primaryimage\"},\"image\":{\"@id\":\"https:\\\/\\\/somos-hermanos.mx\\\/index.php\\\/2025\\\/08\\\/04\\\/la-transformacion-de-vidas-desde-la-accion-comunitaria-de-paco\\\/#primaryimage\"},\"thumbnailUrl\":\"https:\\\/\\\/somos-hermanos.mx\\\/wp-content\\\/uploads\\\/2025\\\/08\\\/paco2.jpeg\",\"datePublished\":\"2025-08-04T10:59:01+00:00\",\"breadcrumb\":{\"@id\":\"https:\\\/\\\/somos-hermanos.mx\\\/index.php\\\/2025\\\/08\\\/04\\\/la-transformacion-de-vidas-desde-la-accion-comunitaria-de-paco\\\/#breadcrumb\"},\"inLanguage\":\"es\",\"potentialAction\":[{\"@type\":\"ReadAction\",\"target\":[\"https:\\\/\\\/somos-hermanos.mx\\\/index.php\\\/2025\\\/08\\\/04\\\/la-transformacion-de-vidas-desde-la-accion-comunitaria-de-paco\\\/\"]}]},{\"@type\":\"ImageObject\",\"inLanguage\":\"es\",\"@id\":\"https:\\\/\\\/somos-hermanos.mx\\\/index.php\\\/2025\\\/08\\\/04\\\/la-transformacion-de-vidas-desde-la-accion-comunitaria-de-paco\\\/#primaryimage\",\"url\":\"https:\\\/\\\/somos-hermanos.mx\\\/wp-content\\\/uploads\\\/2025\\\/08\\\/paco2.jpeg\",\"contentUrl\":\"https:\\\/\\\/somos-hermanos.mx\\\/wp-content\\\/uploads\\\/2025\\\/08\\\/paco2.jpeg\",\"width\":1080,\"height\":1350},{\"@type\":\"BreadcrumbList\",\"@id\":\"https:\\\/\\\/somos-hermanos.mx\\\/index.php\\\/2025\\\/08\\\/04\\\/la-transformacion-de-vidas-desde-la-accion-comunitaria-de-paco\\\/#breadcrumb\",\"itemListElement\":[{\"@type\":\"ListItem\",\"position\":1,\"name\":\"Inicio\",\"item\":\"https:\\\/\\\/somos-hermanos.mx\\\/\"},{\"@type\":\"ListItem\",\"position\":2,\"name\":\"La transformaci\u00f3n de vidas desde la acci\u00f3n comunitaria de Paco\"}]},{\"@type\":\"WebSite\",\"@id\":\"https:\\\/\\\/somos-hermanos.mx\\\/#website\",\"url\":\"https:\\\/\\\/somos-hermanos.mx\\\/\",\"name\":\"Historias que inspiran...\",\"description\":\"Somos la voz del altruismo en M\u00e9xico\",\"publisher\":{\"@id\":\"https:\\\/\\\/somos-hermanos.mx\\\/#organization\"},\"potentialAction\":[{\"@type\":\"SearchAction\",\"target\":{\"@type\":\"EntryPoint\",\"urlTemplate\":\"https:\\\/\\\/somos-hermanos.mx\\\/?s={search_term_string}\"},\"query-input\":{\"@type\":\"PropertyValueSpecification\",\"valueRequired\":true,\"valueName\":\"search_term_string\"}}],\"inLanguage\":\"es\"},{\"@type\":\"Organization\",\"@id\":\"https:\\\/\\\/somos-hermanos.mx\\\/#organization\",\"name\":\"Somos Hermanos\",\"url\":\"https:\\\/\\\/somos-hermanos.mx\\\/\",\"logo\":{\"@type\":\"ImageObject\",\"inLanguage\":\"es\",\"@id\":\"https:\\\/\\\/somos-hermanos.mx\\\/#\\\/schema\\\/logo\\\/image\\\/\",\"url\":\"https:\\\/\\\/somos-hermanos.mx\\\/wp-content\\\/uploads\\\/2025\\\/08\\\/SH30-1.jpeg\",\"contentUrl\":\"https:\\\/\\\/somos-hermanos.mx\\\/wp-content\\\/uploads\\\/2025\\\/08\\\/SH30-1.jpeg\",\"width\":1600,\"height\":1142,\"caption\":\"Somos Hermanos\"},\"image\":{\"@id\":\"https:\\\/\\\/somos-hermanos.mx\\\/#\\\/schema\\\/logo\\\/image\\\/\"},\"sameAs\":[\"https:\\\/\\\/www.facebook.com\\\/SomosHermanosIAP\\\/\",\"https:\\\/\\\/x.com\\\/Somos__Hermanos\",\"https:\\\/\\\/www.instagram.com\\\/somos__hermanos\\\/#\",\"https:\\\/\\\/www.tiktok.com\\\/@somoshermanosiap\",\"https:\\\/\\\/www.youtube.com\\\/@somoshermanosiap1201\\\/videos\"]},{\"@type\":\"Person\",\"@id\":\"https:\\\/\\\/somos-hermanos.mx\\\/#\\\/schema\\\/person\\\/410425922654f3768f310e5949e1d304\",\"name\":\"Diana D\u00edaz Cardoza\",\"image\":{\"@type\":\"ImageObject\",\"inLanguage\":\"es\",\"@id\":\"https:\\\/\\\/secure.gravatar.com\\\/avatar\\\/f80bf4377c9bc6108877fbe8e6e6a08647dd8a628846d62be4318348e3a367f7?s=96&d=mm&r=g\",\"url\":\"https:\\\/\\\/secure.gravatar.com\\\/avatar\\\/f80bf4377c9bc6108877fbe8e6e6a08647dd8a628846d62be4318348e3a367f7?s=96&d=mm&r=g\",\"contentUrl\":\"https:\\\/\\\/secure.gravatar.com\\\/avatar\\\/f80bf4377c9bc6108877fbe8e6e6a08647dd8a628846d62be4318348e3a367f7?s=96&d=mm&r=g\",\"caption\":\"Diana D\u00edaz Cardoza\"},\"url\":\"https:\\\/\\\/somos-hermanos.mx\\\/index.php\\\/author\\\/diana-diaz-cardoza\\\/\"}]}<\/script>\n<!-- \/ Yoast SEO plugin. -->","yoast_head_json":{"title":"La transformaci\u00f3n de vidas desde la acci\u00f3n comunitaria de Paco - Historias que inspiran...","robots":{"index":"index","follow":"follow","max-snippet":"max-snippet:-1","max-image-preview":"max-image-preview:large","max-video-preview":"max-video-preview:-1"},"canonical":"https:\/\/somos-hermanos.mx\/index.php\/2025\/08\/04\/la-transformacion-de-vidas-desde-la-accion-comunitaria-de-paco\/","og_locale":"es_MX","og_type":"article","og_title":"La transformaci\u00f3n de vidas desde la acci\u00f3n comunitaria de Paco - Historias que inspiran...","og_description":"La fundaci\u00f3n Promoci\u00f3n y Acci\u00f3n Comunitaria IAP (PACO IAP) es una organizaci\u00f3n que, durante m\u00e1s de seis d\u00e9cadas ha dedicado sus esfuerzos en apoyar a personas en situaci\u00f3n de vulnerabilidad en la Ciudad de M\u00e9xico,\u00a0por lo que han logrado consolidarse como un pilar asistencial. Su origen se remonta a 1956, cuando Sor Mar\u00eda del Carmen [&hellip;]","og_url":"https:\/\/somos-hermanos.mx\/index.php\/2025\/08\/04\/la-transformacion-de-vidas-desde-la-accion-comunitaria-de-paco\/","og_site_name":"Historias que inspiran...","article_publisher":"https:\/\/www.facebook.com\/SomosHermanosIAP\/","article_published_time":"2025-08-04T10:59:01+00:00","og_image":[{"width":1080,"height":1350,"url":"https:\/\/somos-hermanos.mx\/wp-content\/uploads\/2025\/08\/paco2.jpeg","type":"image\/jpeg"}],"author":"Diana D\u00edaz Cardoza","twitter_card":"summary_large_image","twitter_creator":"@Somos__Hermanos","twitter_site":"@Somos__Hermanos","twitter_misc":{"Escrito por":"Diana D\u00edaz Cardoza","Tiempo de lectura":"3 minutos"},"schema":{"@context":"https:\/\/schema.org","@graph":[{"@type":"Article","@id":"https:\/\/somos-hermanos.mx\/index.php\/2025\/08\/04\/la-transformacion-de-vidas-desde-la-accion-comunitaria-de-paco\/#article","isPartOf":{"@id":"https:\/\/somos-hermanos.mx\/index.php\/2025\/08\/04\/la-transformacion-de-vidas-desde-la-accion-comunitaria-de-paco\/"},"author":{"name":"Diana D\u00edaz Cardoza","@id":"https:\/\/somos-hermanos.mx\/#\/schema\/person\/410425922654f3768f310e5949e1d304"},"headline":"La transformaci\u00f3n de vidas desde la acci\u00f3n comunitaria de Paco","datePublished":"2025-08-04T10:59:01+00:00","mainEntityOfPage":{"@id":"https:\/\/somos-hermanos.mx\/index.php\/2025\/08\/04\/la-transformacion-de-vidas-desde-la-accion-comunitaria-de-paco\/"},"wordCount":540,"commentCount":0,"publisher":{"@id":"https:\/\/somos-hermanos.mx\/#organization"},"image":{"@id":"https:\/\/somos-hermanos.mx\/index.php\/2025\/08\/04\/la-transformacion-de-vidas-desde-la-accion-comunitaria-de-paco\/#primaryimage"},"thumbnailUrl":"https:\/\/somos-hermanos.mx\/wp-content\/uploads\/2025\/08\/paco2.jpeg","articleSection":["Noticias"],"inLanguage":"es","potentialAction":[{"@type":"CommentAction","name":"Comment","target":["https:\/\/somos-hermanos.mx\/index.php\/2025\/08\/04\/la-transformacion-de-vidas-desde-la-accion-comunitaria-de-paco\/#respond"]}]},{"@type":"WebPage","@id":"https:\/\/somos-hermanos.mx\/index.php\/2025\/08\/04\/la-transformacion-de-vidas-desde-la-accion-comunitaria-de-paco\/","url":"https:\/\/somos-hermanos.mx\/index.php\/2025\/08\/04\/la-transformacion-de-vidas-desde-la-accion-comunitaria-de-paco\/","name":"La transformaci\u00f3n de vidas desde la acci\u00f3n comunitaria de Paco - Historias que inspiran...","isPartOf":{"@id":"https:\/\/somos-hermanos.mx\/#website"},"primaryImageOfPage":{"@id":"https:\/\/somos-hermanos.mx\/index.php\/2025\/08\/04\/la-transformacion-de-vidas-desde-la-accion-comunitaria-de-paco\/#primaryimage"},"image":{"@id":"https:\/\/somos-hermanos.mx\/index.php\/2025\/08\/04\/la-transformacion-de-vidas-desde-la-accion-comunitaria-de-paco\/#primaryimage"},"thumbnailUrl":"https:\/\/somos-hermanos.mx\/wp-content\/uploads\/2025\/08\/paco2.jpeg","datePublished":"2025-08-04T10:59:01+00:00","breadcrumb":{"@id":"https:\/\/somos-hermanos.mx\/index.php\/2025\/08\/04\/la-transformacion-de-vidas-desde-la-accion-comunitaria-de-paco\/#breadcrumb"},"inLanguage":"es","potentialAction":[{"@type":"ReadAction","target":["https:\/\/somos-hermanos.mx\/index.php\/2025\/08\/04\/la-transformacion-de-vidas-desde-la-accion-comunitaria-de-paco\/"]}]},{"@type":"ImageObject","inLanguage":"es","@id":"https:\/\/somos-hermanos.mx\/index.php\/2025\/08\/04\/la-transformacion-de-vidas-desde-la-accion-comunitaria-de-paco\/#primaryimage","url":"https:\/\/somos-hermanos.mx\/wp-content\/uploads\/2025\/08\/paco2.jpeg","contentUrl":"https:\/\/somos-hermanos.mx\/wp-content\/uploads\/2025\/08\/paco2.jpeg","width":1080,"height":1350},{"@type":"BreadcrumbList","@id":"https:\/\/somos-hermanos.mx\/index.php\/2025\/08\/04\/la-transformacion-de-vidas-desde-la-accion-comunitaria-de-paco\/#breadcrumb","itemListElement":[{"@type":"ListItem","position":1,"name":"Inicio","item":"https:\/\/somos-hermanos.mx\/"},{"@type":"ListItem","position":2,"name":"La transformaci\u00f3n de vidas desde la acci\u00f3n comunitaria de Paco"}]},{"@type":"WebSite","@id":"https:\/\/somos-hermanos.mx\/#website","url":"https:\/\/somos-hermanos.mx\/","name":"Historias que inspiran...","description":"Somos la voz del altruismo en M\u00e9xico","publisher":{"@id":"https:\/\/somos-hermanos.mx\/#organization"},"potentialAction":[{"@type":"SearchAction","target":{"@type":"EntryPoint","urlTemplate":"https:\/\/somos-hermanos.mx\/?s={search_term_string}"},"query-input":{"@type":"PropertyValueSpecification","valueRequired":true,"valueName":"search_term_string"}}],"inLanguage":"es"},{"@type":"Organization","@id":"https:\/\/somos-hermanos.mx\/#organization","name":"Somos Hermanos","url":"https:\/\/somos-hermanos.mx\/","logo":{"@type":"ImageObject","inLanguage":"es","@id":"https:\/\/somos-hermanos.mx\/#\/schema\/logo\/image\/","url":"https:\/\/somos-hermanos.mx\/wp-content\/uploads\/2025\/08\/SH30-1.jpeg","contentUrl":"https:\/\/somos-hermanos.mx\/wp-content\/uploads\/2025\/08\/SH30-1.jpeg","width":1600,"height":1142,"caption":"Somos Hermanos"},"image":{"@id":"https:\/\/somos-hermanos.mx\/#\/schema\/logo\/image\/"},"sameAs":["https:\/\/www.facebook.com\/SomosHermanosIAP\/","https:\/\/x.com\/Somos__Hermanos","https:\/\/www.instagram.com\/somos__hermanos\/#","https:\/\/www.tiktok.com\/@somoshermanosiap","https:\/\/www.youtube.com\/@somoshermanosiap1201\/videos"]},{"@type":"Person","@id":"https:\/\/somos-hermanos.mx\/#\/schema\/person\/410425922654f3768f310e5949e1d304","name":"Diana D\u00edaz Cardoza","image":{"@type":"ImageObject","inLanguage":"es","@id":"https:\/\/secure.gravatar.com\/avatar\/f80bf4377c9bc6108877fbe8e6e6a08647dd8a628846d62be4318348e3a367f7?s=96&d=mm&r=g","url":"https:\/\/secure.gravatar.com\/avatar\/f80bf4377c9bc6108877fbe8e6e6a08647dd8a628846d62be4318348e3a367f7?s=96&d=mm&r=g","contentUrl":"https:\/\/secure.gravatar.com\/avatar\/f80bf4377c9bc6108877fbe8e6e6a08647dd8a628846d62be4318348e3a367f7?s=96&d=mm&r=g","caption":"Diana D\u00edaz Cardoza"},"url":"https:\/\/somos-hermanos.mx\/index.php\/author\/diana-diaz-cardoza\/"}]}},"_links":{"self":[{"href":"https:\/\/somos-hermanos.mx\/index.php\/wp-json\/wp\/v2\/posts\/1146","targetHints":{"allow":["GET"]}}],"collection":[{"href":"https:\/\/somos-hermanos.mx\/index.php\/wp-json\/wp\/v2\/posts"}],"about":[{"href":"https:\/\/somos-hermanos.mx\/index.php\/wp-json\/wp\/v2\/types\/post"}],"author":[{"embeddable":true,"href":"https:\/\/somos-hermanos.mx\/index.php\/wp-json\/wp\/v2\/users\/4"}],"replies":[{"embeddable":true,"href":"https:\/\/somos-hermanos.mx\/index.php\/wp-json\/wp\/v2\/comments?post=1146"}],"version-history":[{"count":1,"href":"https:\/\/somos-hermanos.mx\/index.php\/wp-json\/wp\/v2\/posts\/1146\/revisions"}],"predecessor-version":[{"id":1148,"href":"https:\/\/somos-hermanos.mx\/index.php\/wp-json\/wp\/v2\/posts\/1146\/revisions\/1148"}],"wp:featuredmedia":[{"embeddable":true,"href":"https:\/\/somos-hermanos.mx\/index.php\/wp-json\/wp\/v2\/media\/1147"}],"wp:attachment":[{"href":"https:\/\/somos-hermanos.mx\/index.php\/wp-json\/wp\/v2\/media?parent=1146"}],"wp:term":[{"taxonomy":"category","embeddable":true,"href":"https:\/\/somos-hermanos.mx\/index.php\/wp-json\/wp\/v2\/categories?post=1146"},{"taxonomy":"post_tag","embeddable":true,"href":"https:\/\/somos-hermanos.mx\/index.php\/wp-json\/wp\/v2\/tags?post=1146"}],"curies":[{"name":"wp","href":"https:\/\/api.w.org\/{rel}","templated":true}]}}