{"id":1143,"date":"2025-08-04T04:57:59","date_gmt":"2025-08-04T10:57:59","guid":{"rendered":"https:\/\/somos-hermanos.mx\/?p=1143"},"modified":"2025-08-04T04:57:59","modified_gmt":"2025-08-04T10:57:59","slug":"fundacion-fleishman-50-anos-impulsando-lo-extraordinario-en-tamaulipas","status":"publish","type":"post","link":"https:\/\/somos-hermanos.mx\/index.php\/2025\/08\/04\/fundacion-fleishman-50-anos-impulsando-lo-extraordinario-en-tamaulipas\/","title":{"rendered":"Fundaci\u00f3n Fleishman: 50 a\u00f1os impulsando lo extraordinario en Tamaulipas"},"content":{"rendered":"<p>La Fundaci\u00f3n Fleishman AC, con sede en Tampico, <strong>celebra m\u00e1<\/strong><strong>s de cinco d<\/strong><strong>\u00e9<\/strong><strong>cadas de labor filantr\u00f3pica al servicio de la comunidad del sur de Tamaulipas. <\/strong>Su enfoque integral en educaci\u00f3n, salud, cultura y fortalecimiento social ha beneficiado a m\u00e1s de 800,000 personas y apoyado a m\u00e1s de 100 asociaciones civiles desde su fundaci\u00f3n en 1973.<\/p>\n<p>Uno de sus programas m\u00e1s recientes y ambiciosos es <strong><b>\u201c<\/b><\/strong><strong><b>Regalo Extraordinario<\/b><\/strong><strong><b>\u201d<\/b><\/strong>, que brinda atenci\u00f3n visual a ni\u00f1os de escasos recursos. Tan solo en 2025, atender\u00e1n a casi 20,000 alumnos de escuelas p\u00fablicas en Tampico, Madero y Altamira, gracias a alianzas con Fundaci\u00f3n Ver Bien y Devlyn.<\/p>\n<p>En el \u00e1mbito educativo, Fundaci\u00f3n Fleishman colabora con organizaciones como <strong><b>Ense\u00f1a por M<\/b><\/strong><strong><b>\u00e9<\/b><\/strong><strong><b>xico<\/b><\/strong>, impactando a m\u00e1s de 3,000 estudiantes en la regi\u00f3n, y otorga la <strong><b>Beca Fundaci\u00f3<\/b><\/strong><strong><b>n Fleishman<\/b><\/strong>\u00a0para el programa &#8220;L\u00edderes del Ma\u00f1ana&#8221; del Tecnol\u00f3gico de Monterrey.<\/p>\n<p>Adem\u00e1s, impulsan la profesionalizaci\u00f3n del sector social mediante un diplomado en sostenibilidad y liderazgo estrat\u00e9gico para asociaciones civiles, y premian a quienes logran impacto comunitario con el reconocimiento <strong><b>\u201c<\/b><\/strong><strong><b>H<\/b><\/strong><strong><b>\u00e9<\/b><\/strong><strong><b>roes Extraordinarios\u201d<\/b><\/strong>.<\/p>\n<p><strong><b>Contacto y participaci\u00f3n<\/b><\/strong><\/p>\n<ul>\n<li><b><\/b><strong><b>Sitio web<\/b><\/strong>: <a href=\"https:\/\/fundacionfleishman.org\/\"><u>fundacionfleishman.org<\/u><\/a><\/li>\n<li><b><\/b><strong><b>Ubicaci\u00f3n<\/b><\/strong>: Tampico, Tamaulipas<\/li>\n<li><b><\/b><strong><b>Redes sociales<\/b><\/strong>:\n<ul>\n<li>Facebook: <a href=\"https:\/\/www.facebook.com\/FundacionFleishman\"><u>Fundaci\u00f3<\/u><u>n Fleishman<\/u><\/a><\/li>\n<li>Instagram: <a href=\"https:\/\/www.instagram.com\/fundacionfleishman\/\"><u>@fundacionfleishman<\/u><\/a><\/li>\n<\/ul>\n<\/li>\n<li><b><\/b><strong><b>Colabora<\/b><\/strong>: Puedes apoyar como donador, aliado institucional o nominar a un \u201cH\u00e9roe Extraordinario\u201d desde su sitio oficial.<\/li>\n<\/ul>\n<p><strong><b>Una comunidad fortalecida desde la ra\u00edz<\/b><\/strong><\/p>\n<p>Con una visi\u00f3n de largo plazo, Fundaci\u00f3n Fleishman busca continuar siendo un referente filantr\u00f3pico en el pa\u00eds, trabajando mano a mano con ciudadanos, empresas y organizaciones para <strong><b>\u201c<\/b><\/strong><strong><b>impulsar lo extraordinario\u201d<\/b><\/strong>\u00a0en cada rinc\u00f3n de Tamaulipas.<\/p>\n","protected":false},"excerpt":{"rendered":"<p>La Fundaci\u00f3n Fleishman AC, con sede en Tampico, celebra m\u00e1s de cinco d\u00e9cadas de labor filantr\u00f3pica al servicio de la comunidad del sur de Tamaulipas. Su enfoque integral en educaci\u00f3n, salud, cultura y fortalecimiento social ha beneficiado a m\u00e1s de 800,000 personas y apoyado a m\u00e1s de 100 asociaciones civiles desde su fundaci\u00f3n en 1973. [&hellip;]<\/p>\n","protected":false},"author":18,"featured_media":1144,"comment_status":"open","ping_status":"closed","sticky":false,"template":"","format":"standard","meta":{"footnotes":""},"categories":[6],"tags":[],"class_list":["post-1143","post","type-post","status-publish","format-standard","has-post-thumbnail","hentry","category-noticias"],"yoast_head":"<!-- This site is optimized with the Yoast SEO plugin v27.5 - https:\/\/yoast.com\/product\/yoast-seo-wordpress\/ -->\n<title>Fundaci\u00f3n Fleishman: 50 a\u00f1os impulsando lo extraordinario en Tamaulipas - Historias que inspiran...<\/title>\n<meta name=\"robots\" content=\"index, follow, max-snippet:-1, max-image-preview:large, max-video-preview:-1\" \/>\n<link rel=\"canonical\" href=\"https:\/\/somos-hermanos.mx\/index.php\/2025\/08\/04\/fundacion-fleishman-50-anos-impulsando-lo-extraordinario-en-tamaulipas\/\" \/>\n<meta property=\"og:locale\" content=\"es_MX\" \/>\n<meta property=\"og:type\" content=\"article\" \/>\n<meta property=\"og:title\" content=\"Fundaci\u00f3n Fleishman: 50 a\u00f1os impulsando lo extraordinario en Tamaulipas - Historias que inspiran...\" \/>\n<meta property=\"og:description\" content=\"La Fundaci\u00f3n Fleishman AC, con sede en Tampico, celebra m\u00e1s de cinco d\u00e9cadas de labor filantr\u00f3pica al servicio de la comunidad del sur de Tamaulipas. Su enfoque integral en educaci\u00f3n, salud, cultura y fortalecimiento social ha beneficiado a m\u00e1s de 800,000 personas y apoyado a m\u00e1s de 100 asociaciones civiles desde su fundaci\u00f3n en 1973. [&hellip;]\" \/>\n<meta property=\"og:url\" content=\"https:\/\/somos-hermanos.mx\/index.php\/2025\/08\/04\/fundacion-fleishman-50-anos-impulsando-lo-extraordinario-en-tamaulipas\/\" \/>\n<meta property=\"og:site_name\" content=\"Historias que inspiran...\" \/>\n<meta property=\"article:publisher\" content=\"https:\/\/www.facebook.com\/SomosHermanosIAP\/\" \/>\n<meta property=\"article:published_time\" content=\"2025-08-04T10:57:59+00:00\" \/>\n<meta property=\"og:image\" content=\"https:\/\/somos-hermanos.mx\/wp-content\/uploads\/2025\/08\/fleis1.jpeg\" \/>\n\t<meta property=\"og:image:width\" content=\"960\" \/>\n\t<meta property=\"og:image:height\" content=\"1200\" \/>\n\t<meta property=\"og:image:type\" content=\"image\/jpeg\" \/>\n<meta name=\"author\" content=\"Tabatha Pati\u00f1o Massironi\" \/>\n<meta name=\"twitter:card\" content=\"summary_large_image\" \/>\n<meta name=\"twitter:creator\" content=\"@Somos__Hermanos\" \/>\n<meta name=\"twitter:site\" content=\"@Somos__Hermanos\" \/>\n<meta name=\"twitter:label1\" content=\"Escrito por\" \/>\n\t<meta name=\"twitter:data1\" content=\"Tabatha Pati\u00f1o Massironi\" \/>\n\t<meta name=\"twitter:label2\" content=\"Tiempo de lectura\" \/>\n\t<meta name=\"twitter:data2\" content=\"2 minutos\" \/>\n<script type=\"application\/ld+json\" class=\"yoast-schema-graph\">{\"@context\":\"https:\\\/\\\/schema.org\",\"@graph\":[{\"@type\":\"Article\",\"@id\":\"https:\\\/\\\/somos-hermanos.mx\\\/index.php\\\/2025\\\/08\\\/04\\\/fundacion-fleishman-50-anos-impulsando-lo-extraordinario-en-tamaulipas\\\/#article\",\"isPartOf\":{\"@id\":\"https:\\\/\\\/somos-hermanos.mx\\\/index.php\\\/2025\\\/08\\\/04\\\/fundacion-fleishman-50-anos-impulsando-lo-extraordinario-en-tamaulipas\\\/\"},\"author\":{\"name\":\"Tabatha Pati\u00f1o Massironi\",\"@id\":\"https:\\\/\\\/somos-hermanos.mx\\\/#\\\/schema\\\/person\\\/178d9721d010404cc8e0146f75955e7d\"},\"headline\":\"Fundaci\u00f3n Fleishman: 50 a\u00f1os impulsando lo extraordinario en Tamaulipas\",\"datePublished\":\"2025-08-04T10:57:59+00:00\",\"mainEntityOfPage\":{\"@id\":\"https:\\\/\\\/somos-hermanos.mx\\\/index.php\\\/2025\\\/08\\\/04\\\/fundacion-fleishman-50-anos-impulsando-lo-extraordinario-en-tamaulipas\\\/\"},\"wordCount\":285,\"commentCount\":0,\"publisher\":{\"@id\":\"https:\\\/\\\/somos-hermanos.mx\\\/#organization\"},\"image\":{\"@id\":\"https:\\\/\\\/somos-hermanos.mx\\\/index.php\\\/2025\\\/08\\\/04\\\/fundacion-fleishman-50-anos-impulsando-lo-extraordinario-en-tamaulipas\\\/#primaryimage\"},\"thumbnailUrl\":\"https:\\\/\\\/somos-hermanos.mx\\\/wp-content\\\/uploads\\\/2025\\\/08\\\/fleis1.jpeg\",\"articleSection\":[\"Noticias\"],\"inLanguage\":\"es\",\"potentialAction\":[{\"@type\":\"CommentAction\",\"name\":\"Comment\",\"target\":[\"https:\\\/\\\/somos-hermanos.mx\\\/index.php\\\/2025\\\/08\\\/04\\\/fundacion-fleishman-50-anos-impulsando-lo-extraordinario-en-tamaulipas\\\/#respond\"]}]},{\"@type\":\"WebPage\",\"@id\":\"https:\\\/\\\/somos-hermanos.mx\\\/index.php\\\/2025\\\/08\\\/04\\\/fundacion-fleishman-50-anos-impulsando-lo-extraordinario-en-tamaulipas\\\/\",\"url\":\"https:\\\/\\\/somos-hermanos.mx\\\/index.php\\\/2025\\\/08\\\/04\\\/fundacion-fleishman-50-anos-impulsando-lo-extraordinario-en-tamaulipas\\\/\",\"name\":\"Fundaci\u00f3n Fleishman: 50 a\u00f1os impulsando lo extraordinario en Tamaulipas - Historias que inspiran...\",\"isPartOf\":{\"@id\":\"https:\\\/\\\/somos-hermanos.mx\\\/#website\"},\"primaryImageOfPage\":{\"@id\":\"https:\\\/\\\/somos-hermanos.mx\\\/index.php\\\/2025\\\/08\\\/04\\\/fundacion-fleishman-50-anos-impulsando-lo-extraordinario-en-tamaulipas\\\/#primaryimage\"},\"image\":{\"@id\":\"https:\\\/\\\/somos-hermanos.mx\\\/index.php\\\/2025\\\/08\\\/04\\\/fundacion-fleishman-50-anos-impulsando-lo-extraordinario-en-tamaulipas\\\/#primaryimage\"},\"thumbnailUrl\":\"https:\\\/\\\/somos-hermanos.mx\\\/wp-content\\\/uploads\\\/2025\\\/08\\\/fleis1.jpeg\",\"datePublished\":\"2025-08-04T10:57:59+00:00\",\"breadcrumb\":{\"@id\":\"https:\\\/\\\/somos-hermanos.mx\\\/index.php\\\/2025\\\/08\\\/04\\\/fundacion-fleishman-50-anos-impulsando-lo-extraordinario-en-tamaulipas\\\/#breadcrumb\"},\"inLanguage\":\"es\",\"potentialAction\":[{\"@type\":\"ReadAction\",\"target\":[\"https:\\\/\\\/somos-hermanos.mx\\\/index.php\\\/2025\\\/08\\\/04\\\/fundacion-fleishman-50-anos-impulsando-lo-extraordinario-en-tamaulipas\\\/\"]}]},{\"@type\":\"ImageObject\",\"inLanguage\":\"es\",\"@id\":\"https:\\\/\\\/somos-hermanos.mx\\\/index.php\\\/2025\\\/08\\\/04\\\/fundacion-fleishman-50-anos-impulsando-lo-extraordinario-en-tamaulipas\\\/#primaryimage\",\"url\":\"https:\\\/\\\/somos-hermanos.mx\\\/wp-content\\\/uploads\\\/2025\\\/08\\\/fleis1.jpeg\",\"contentUrl\":\"https:\\\/\\\/somos-hermanos.mx\\\/wp-content\\\/uploads\\\/2025\\\/08\\\/fleis1.jpeg\",\"width\":960,\"height\":1200},{\"@type\":\"BreadcrumbList\",\"@id\":\"https:\\\/\\\/somos-hermanos.mx\\\/index.php\\\/2025\\\/08\\\/04\\\/fundacion-fleishman-50-anos-impulsando-lo-extraordinario-en-tamaulipas\\\/#breadcrumb\",\"itemListElement\":[{\"@type\":\"ListItem\",\"position\":1,\"name\":\"Inicio\",\"item\":\"https:\\\/\\\/somos-hermanos.mx\\\/\"},{\"@type\":\"ListItem\",\"position\":2,\"name\":\"Fundaci\u00f3n Fleishman: 50 a\u00f1os impulsando lo extraordinario en Tamaulipas\"}]},{\"@type\":\"WebSite\",\"@id\":\"https:\\\/\\\/somos-hermanos.mx\\\/#website\",\"url\":\"https:\\\/\\\/somos-hermanos.mx\\\/\",\"name\":\"Historias que inspiran...\",\"description\":\"Somos la voz del altruismo en M\u00e9xico\",\"publisher\":{\"@id\":\"https:\\\/\\\/somos-hermanos.mx\\\/#organization\"},\"potentialAction\":[{\"@type\":\"SearchAction\",\"target\":{\"@type\":\"EntryPoint\",\"urlTemplate\":\"https:\\\/\\\/somos-hermanos.mx\\\/?s={search_term_string}\"},\"query-input\":{\"@type\":\"PropertyValueSpecification\",\"valueRequired\":true,\"valueName\":\"search_term_string\"}}],\"inLanguage\":\"es\"},{\"@type\":\"Organization\",\"@id\":\"https:\\\/\\\/somos-hermanos.mx\\\/#organization\",\"name\":\"Somos Hermanos\",\"url\":\"https:\\\/\\\/somos-hermanos.mx\\\/\",\"logo\":{\"@type\":\"ImageObject\",\"inLanguage\":\"es\",\"@id\":\"https:\\\/\\\/somos-hermanos.mx\\\/#\\\/schema\\\/logo\\\/image\\\/\",\"url\":\"https:\\\/\\\/somos-hermanos.mx\\\/wp-content\\\/uploads\\\/2025\\\/08\\\/SH30-1.jpeg\",\"contentUrl\":\"https:\\\/\\\/somos-hermanos.mx\\\/wp-content\\\/uploads\\\/2025\\\/08\\\/SH30-1.jpeg\",\"width\":1600,\"height\":1142,\"caption\":\"Somos Hermanos\"},\"image\":{\"@id\":\"https:\\\/\\\/somos-hermanos.mx\\\/#\\\/schema\\\/logo\\\/image\\\/\"},\"sameAs\":[\"https:\\\/\\\/www.facebook.com\\\/SomosHermanosIAP\\\/\",\"https:\\\/\\\/x.com\\\/Somos__Hermanos\",\"https:\\\/\\\/www.instagram.com\\\/somos__hermanos\\\/#\",\"https:\\\/\\\/www.tiktok.com\\\/@somoshermanosiap\",\"https:\\\/\\\/www.youtube.com\\\/@somoshermanosiap1201\\\/videos\"]},{\"@type\":\"Person\",\"@id\":\"https:\\\/\\\/somos-hermanos.mx\\\/#\\\/schema\\\/person\\\/178d9721d010404cc8e0146f75955e7d\",\"name\":\"Tabatha Pati\u00f1o Massironi\",\"image\":{\"@type\":\"ImageObject\",\"inLanguage\":\"es\",\"@id\":\"https:\\\/\\\/secure.gravatar.com\\\/avatar\\\/68bce6e78f4468fa0b12fce36d08cab74baeb59e9fe1c39db5624f9fb2e5af08?s=96&d=mm&r=g\",\"url\":\"https:\\\/\\\/secure.gravatar.com\\\/avatar\\\/68bce6e78f4468fa0b12fce36d08cab74baeb59e9fe1c39db5624f9fb2e5af08?s=96&d=mm&r=g\",\"contentUrl\":\"https:\\\/\\\/secure.gravatar.com\\\/avatar\\\/68bce6e78f4468fa0b12fce36d08cab74baeb59e9fe1c39db5624f9fb2e5af08?s=96&d=mm&r=g\",\"caption\":\"Tabatha Pati\u00f1o Massironi\"},\"url\":\"https:\\\/\\\/somos-hermanos.mx\\\/index.php\\\/author\\\/tabatha-patino-massironi\\\/\"}]}<\/script>\n<!-- \/ Yoast SEO plugin. -->","yoast_head_json":{"title":"Fundaci\u00f3n Fleishman: 50 a\u00f1os impulsando lo extraordinario en Tamaulipas - Historias que inspiran...","robots":{"index":"index","follow":"follow","max-snippet":"max-snippet:-1","max-image-preview":"max-image-preview:large","max-video-preview":"max-video-preview:-1"},"canonical":"https:\/\/somos-hermanos.mx\/index.php\/2025\/08\/04\/fundacion-fleishman-50-anos-impulsando-lo-extraordinario-en-tamaulipas\/","og_locale":"es_MX","og_type":"article","og_title":"Fundaci\u00f3n Fleishman: 50 a\u00f1os impulsando lo extraordinario en Tamaulipas - Historias que inspiran...","og_description":"La Fundaci\u00f3n Fleishman AC, con sede en Tampico, celebra m\u00e1s de cinco d\u00e9cadas de labor filantr\u00f3pica al servicio de la comunidad del sur de Tamaulipas. Su enfoque integral en educaci\u00f3n, salud, cultura y fortalecimiento social ha beneficiado a m\u00e1s de 800,000 personas y apoyado a m\u00e1s de 100 asociaciones civiles desde su fundaci\u00f3n en 1973. [&hellip;]","og_url":"https:\/\/somos-hermanos.mx\/index.php\/2025\/08\/04\/fundacion-fleishman-50-anos-impulsando-lo-extraordinario-en-tamaulipas\/","og_site_name":"Historias que inspiran...","article_publisher":"https:\/\/www.facebook.com\/SomosHermanosIAP\/","article_published_time":"2025-08-04T10:57:59+00:00","og_image":[{"width":960,"height":1200,"url":"https:\/\/somos-hermanos.mx\/wp-content\/uploads\/2025\/08\/fleis1.jpeg","type":"image\/jpeg"}],"author":"Tabatha Pati\u00f1o Massironi","twitter_card":"summary_large_image","twitter_creator":"@Somos__Hermanos","twitter_site":"@Somos__Hermanos","twitter_misc":{"Escrito por":"Tabatha Pati\u00f1o Massironi","Tiempo de lectura":"2 minutos"},"schema":{"@context":"https:\/\/schema.org","@graph":[{"@type":"Article","@id":"https:\/\/somos-hermanos.mx\/index.php\/2025\/08\/04\/fundacion-fleishman-50-anos-impulsando-lo-extraordinario-en-tamaulipas\/#article","isPartOf":{"@id":"https:\/\/somos-hermanos.mx\/index.php\/2025\/08\/04\/fundacion-fleishman-50-anos-impulsando-lo-extraordinario-en-tamaulipas\/"},"author":{"name":"Tabatha Pati\u00f1o Massironi","@id":"https:\/\/somos-hermanos.mx\/#\/schema\/person\/178d9721d010404cc8e0146f75955e7d"},"headline":"Fundaci\u00f3n Fleishman: 50 a\u00f1os impulsando lo extraordinario en Tamaulipas","datePublished":"2025-08-04T10:57:59+00:00","mainEntityOfPage":{"@id":"https:\/\/somos-hermanos.mx\/index.php\/2025\/08\/04\/fundacion-fleishman-50-anos-impulsando-lo-extraordinario-en-tamaulipas\/"},"wordCount":285,"commentCount":0,"publisher":{"@id":"https:\/\/somos-hermanos.mx\/#organization"},"image":{"@id":"https:\/\/somos-hermanos.mx\/index.php\/2025\/08\/04\/fundacion-fleishman-50-anos-impulsando-lo-extraordinario-en-tamaulipas\/#primaryimage"},"thumbnailUrl":"https:\/\/somos-hermanos.mx\/wp-content\/uploads\/2025\/08\/fleis1.jpeg","articleSection":["Noticias"],"inLanguage":"es","potentialAction":[{"@type":"CommentAction","name":"Comment","target":["https:\/\/somos-hermanos.mx\/index.php\/2025\/08\/04\/fundacion-fleishman-50-anos-impulsando-lo-extraordinario-en-tamaulipas\/#respond"]}]},{"@type":"WebPage","@id":"https:\/\/somos-hermanos.mx\/index.php\/2025\/08\/04\/fundacion-fleishman-50-anos-impulsando-lo-extraordinario-en-tamaulipas\/","url":"https:\/\/somos-hermanos.mx\/index.php\/2025\/08\/04\/fundacion-fleishman-50-anos-impulsando-lo-extraordinario-en-tamaulipas\/","name":"Fundaci\u00f3n Fleishman: 50 a\u00f1os impulsando lo extraordinario en Tamaulipas - Historias que inspiran...","isPartOf":{"@id":"https:\/\/somos-hermanos.mx\/#website"},"primaryImageOfPage":{"@id":"https:\/\/somos-hermanos.mx\/index.php\/2025\/08\/04\/fundacion-fleishman-50-anos-impulsando-lo-extraordinario-en-tamaulipas\/#primaryimage"},"image":{"@id":"https:\/\/somos-hermanos.mx\/index.php\/2025\/08\/04\/fundacion-fleishman-50-anos-impulsando-lo-extraordinario-en-tamaulipas\/#primaryimage"},"thumbnailUrl":"https:\/\/somos-hermanos.mx\/wp-content\/uploads\/2025\/08\/fleis1.jpeg","datePublished":"2025-08-04T10:57:59+00:00","breadcrumb":{"@id":"https:\/\/somos-hermanos.mx\/index.php\/2025\/08\/04\/fundacion-fleishman-50-anos-impulsando-lo-extraordinario-en-tamaulipas\/#breadcrumb"},"inLanguage":"es","potentialAction":[{"@type":"ReadAction","target":["https:\/\/somos-hermanos.mx\/index.php\/2025\/08\/04\/fundacion-fleishman-50-anos-impulsando-lo-extraordinario-en-tamaulipas\/"]}]},{"@type":"ImageObject","inLanguage":"es","@id":"https:\/\/somos-hermanos.mx\/index.php\/2025\/08\/04\/fundacion-fleishman-50-anos-impulsando-lo-extraordinario-en-tamaulipas\/#primaryimage","url":"https:\/\/somos-hermanos.mx\/wp-content\/uploads\/2025\/08\/fleis1.jpeg","contentUrl":"https:\/\/somos-hermanos.mx\/wp-content\/uploads\/2025\/08\/fleis1.jpeg","width":960,"height":1200},{"@type":"BreadcrumbList","@id":"https:\/\/somos-hermanos.mx\/index.php\/2025\/08\/04\/fundacion-fleishman-50-anos-impulsando-lo-extraordinario-en-tamaulipas\/#breadcrumb","itemListElement":[{"@type":"ListItem","position":1,"name":"Inicio","item":"https:\/\/somos-hermanos.mx\/"},{"@type":"ListItem","position":2,"name":"Fundaci\u00f3n Fleishman: 50 a\u00f1os impulsando lo extraordinario en Tamaulipas"}]},{"@type":"WebSite","@id":"https:\/\/somos-hermanos.mx\/#website","url":"https:\/\/somos-hermanos.mx\/","name":"Historias que inspiran...","description":"Somos la voz del altruismo en M\u00e9xico","publisher":{"@id":"https:\/\/somos-hermanos.mx\/#organization"},"potentialAction":[{"@type":"SearchAction","target":{"@type":"EntryPoint","urlTemplate":"https:\/\/somos-hermanos.mx\/?s={search_term_string}"},"query-input":{"@type":"PropertyValueSpecification","valueRequired":true,"valueName":"search_term_string"}}],"inLanguage":"es"},{"@type":"Organization","@id":"https:\/\/somos-hermanos.mx\/#organization","name":"Somos Hermanos","url":"https:\/\/somos-hermanos.mx\/","logo":{"@type":"ImageObject","inLanguage":"es","@id":"https:\/\/somos-hermanos.mx\/#\/schema\/logo\/image\/","url":"https:\/\/somos-hermanos.mx\/wp-content\/uploads\/2025\/08\/SH30-1.jpeg","contentUrl":"https:\/\/somos-hermanos.mx\/wp-content\/uploads\/2025\/08\/SH30-1.jpeg","width":1600,"height":1142,"caption":"Somos Hermanos"},"image":{"@id":"https:\/\/somos-hermanos.mx\/#\/schema\/logo\/image\/"},"sameAs":["https:\/\/www.facebook.com\/SomosHermanosIAP\/","https:\/\/x.com\/Somos__Hermanos","https:\/\/www.instagram.com\/somos__hermanos\/#","https:\/\/www.tiktok.com\/@somoshermanosiap","https:\/\/www.youtube.com\/@somoshermanosiap1201\/videos"]},{"@type":"Person","@id":"https:\/\/somos-hermanos.mx\/#\/schema\/person\/178d9721d010404cc8e0146f75955e7d","name":"Tabatha Pati\u00f1o Massironi","image":{"@type":"ImageObject","inLanguage":"es","@id":"https:\/\/secure.gravatar.com\/avatar\/68bce6e78f4468fa0b12fce36d08cab74baeb59e9fe1c39db5624f9fb2e5af08?s=96&d=mm&r=g","url":"https:\/\/secure.gravatar.com\/avatar\/68bce6e78f4468fa0b12fce36d08cab74baeb59e9fe1c39db5624f9fb2e5af08?s=96&d=mm&r=g","contentUrl":"https:\/\/secure.gravatar.com\/avatar\/68bce6e78f4468fa0b12fce36d08cab74baeb59e9fe1c39db5624f9fb2e5af08?s=96&d=mm&r=g","caption":"Tabatha Pati\u00f1o Massironi"},"url":"https:\/\/somos-hermanos.mx\/index.php\/author\/tabatha-patino-massironi\/"}]}},"_links":{"self":[{"href":"https:\/\/somos-hermanos.mx\/index.php\/wp-json\/wp\/v2\/posts\/1143","targetHints":{"allow":["GET"]}}],"collection":[{"href":"https:\/\/somos-hermanos.mx\/index.php\/wp-json\/wp\/v2\/posts"}],"about":[{"href":"https:\/\/somos-hermanos.mx\/index.php\/wp-json\/wp\/v2\/types\/post"}],"author":[{"embeddable":true,"href":"https:\/\/somos-hermanos.mx\/index.php\/wp-json\/wp\/v2\/users\/18"}],"replies":[{"embeddable":true,"href":"https:\/\/somos-hermanos.mx\/index.php\/wp-json\/wp\/v2\/comments?post=1143"}],"version-history":[{"count":1,"href":"https:\/\/somos-hermanos.mx\/index.php\/wp-json\/wp\/v2\/posts\/1143\/revisions"}],"predecessor-version":[{"id":1145,"href":"https:\/\/somos-hermanos.mx\/index.php\/wp-json\/wp\/v2\/posts\/1143\/revisions\/1145"}],"wp:featuredmedia":[{"embeddable":true,"href":"https:\/\/somos-hermanos.mx\/index.php\/wp-json\/wp\/v2\/media\/1144"}],"wp:attachment":[{"href":"https:\/\/somos-hermanos.mx\/index.php\/wp-json\/wp\/v2\/media?parent=1143"}],"wp:term":[{"taxonomy":"category","embeddable":true,"href":"https:\/\/somos-hermanos.mx\/index.php\/wp-json\/wp\/v2\/categories?post=1143"},{"taxonomy":"post_tag","embeddable":true,"href":"https:\/\/somos-hermanos.mx\/index.php\/wp-json\/wp\/v2\/tags?post=1143"}],"curies":[{"name":"wp","href":"https:\/\/api.w.org\/{rel}","templated":true}]}}