{"id":1137,"date":"2025-08-04T04:55:39","date_gmt":"2025-08-04T10:55:39","guid":{"rendered":"https:\/\/somos-hermanos.mx\/?p=1137"},"modified":"2025-08-04T04:55:39","modified_gmt":"2025-08-04T10:55:39","slug":"eugenia-mejora-la-calidad-de-vida-de-ninos-y-ninas-vulnerables-de-morelos","status":"publish","type":"post","link":"https:\/\/somos-hermanos.mx\/index.php\/2025\/08\/04\/eugenia-mejora-la-calidad-de-vida-de-ninos-y-ninas-vulnerables-de-morelos\/","title":{"rendered":"Eugenia mejora la calidad de vida de ni\u00f1os y ni\u00f1as vulnerables de Morelos"},"content":{"rendered":"<p><em>Estar solo, no es igual a sentirse solo. Con un abrazo florece el coraz\u00f3n. Porque hacerlos crecer, nos hace crecer. Haz que el amor florezca<\/em>. <strong>Esas son las palabras que palpitan en el coraz\u00f3n de una asociaci\u00f3n civil creada para brindarles espacios seguros a los ni\u00f1os y las ni\u00f1as que viven en situaci\u00f3n de vulnerabilidad.<\/strong><\/p>\n<p>Se trata de Fundaci\u00f3n Ni\u00f1os de Eugenia (<a href=\"https:\/\/www.fundacioneugenia.org.mx\"><u>https:\/\/www.fundacioneugenia.org.mx<\/u><\/a>), la cual <strong>fue creada en 2002 con la idea de acoger a los infantes cuya calidad de vida se encuentra en riesgo. <\/strong>De hecho, uno de los objetivos principales de esta asociaci\u00f3n sin fines de lucro es cubrir las necesidades b\u00e1sicas de los beneficiarios, as\u00ed como otorgarles una educaci\u00f3n integral, atenci\u00f3n personalizada y, sobre todo, un ambiente de amor.<\/p>\n<p>Para cumplir con sus metas, <strong>la fundaci\u00f3n cuenta con dos casas ubicadas en el estado de Morelos. La primera es la Casa Hogar Ni\u00f1as de Eugenia en Tepoztl\u00e1n y la segunda es Casa Hogar Ni\u00f1os de Eugenia en Yautepec. <\/strong>Dentro de ambos recintos reciben a ni\u00f1os y ni\u00f1as peque\u00f1os de entre 2 y 6 a\u00f1os, quienes son atendidos por las religiosas del Instituto Santa Mariana de Jes\u00fas y por personal laico. En general, la gente encargada de cuidar en las casas sigue una l\u00ednea de cuidados espec\u00edficos para sus beneficiarios.<\/p>\n<p>Dentro de las casas hogar no solo se les cubre las necesidades b\u00e1sicas a los menores que son atendidos, sino que tambi\u00e9n se les brindan las herramientas necesarias para que, al salir al mundo, se conviertan en adultos felices y capaces de dar lo mejor de s\u00ed mismos para la comunidad.<\/p>\n<p>De hecho, la visi\u00f3n de Fundaci\u00f3n Ni\u00f1os de Eugenia, es <strong>formar a ni\u00f1os \u201cegresados como personas de bien que cuenten con estabilidad emocional, educaci\u00f3n y formaci\u00f3n <\/strong>que les permita llevar una vida feliz y aumentar la calidad de vida de quienes los rodean\u201d.<\/p>\n<p>Algunas de las necesidades cubiertas dentro de los servicios que ofrecen ambas Casas Hogar son: alimentaci\u00f3n, vivienda y vestido, educaci\u00f3n acad\u00e9mica fuera de nuestras instalaciones, atenci\u00f3n m\u00e9dica y psicol\u00f3gica, educaci\u00f3n religiosa y actividades culturales y recreativas.<\/p>\n<p>A lo largo de los m\u00e1s de 20 a\u00f1os de actividades en favor de los ni\u00f1os y ni\u00f1as m\u00e1s vulnerables, la asociaci\u00f3n civil ha atendido a alrededor de 500 beneficiarios.<\/p>\n<p>Adem\u00e1s, Fundaci\u00f3n Ni\u00f1os de Eugenia cuenta con un portal de noticias dentro de su p\u00e1gina web (<a href=\"https:\/\/www.fundacioneugenia.org.mx\/noticias\"><u>https:\/\/www.fundacioneugenia.org.mx\/noticias<\/u><\/a>), el cual es un espacio dedicado a difundir las actividades que se realizan a lo largo del a\u00f1o dentro de la asociaci\u00f3n. Por ejemplo, hay noticias dedicadas a las celebraciones del mes de diciembre, en donde los ni\u00f1os reciben regalos, cantan villancicos, realizan posadas, bailan, cantan y dem\u00e1s.<\/p>\n<p>Finalmente, la fundaci\u00f3n cuenta con un programa de donativos, cuyos fondos se destinan directamente a mantener y mejorar los servicios ofrecidos en las dos Casas Hogar. Hay distintas formas de apoyar a los ni\u00f1os y ni\u00f1as que son atendidos.<\/p>\n<p>Una de las maneras de apoyo es con donaciones en efectivo, en donde el donatario elige libremente la cantidad de dinero que desea aportar. Por otro lado, <strong>el programa \u201cApadrina un ni\u00f1o\u201d invita a la gente a donar mensualmente por lo menos 300 pesos, con la idea de que ese recurso solvente los gastos de alg\u00fan ni\u00f1o o ni\u00f1a en concreto.<\/strong><\/p>\n<p>El voluntariado es otra forma de que las personas puedan aportar a Fundaci\u00f3n Ni\u00f1os de Eugenia, ya que se atienden las necesidades de los beneficiarios desde distintas actividades a realizar.<\/p>\n<p><em>Para conocer las otras modalidades de apoyo a la asociaci\u00f3n, ingresar al siguiente enlace: <\/em><a href=\"https:\/\/www.fundacioneugenia.org.mx\/como-colaborar\"><em><u>https:\/\/www.fundacioneugenia.org.mx\/como-colaborar<\/u><\/em><\/a><\/p>\n<p><em>Si desea contactarse con Fundaci\u00f3n Ni\u00f1os de Eugenia, hacerlo a trav\u00e9s de la liga siguiente: <\/em><a href=\"https:\/\/www.fundacioneugenia.org.mx\/contactanos\"><em><u>https:\/\/www.fundacioneugenia.org.mx\/contactanos<\/u><\/em><\/a><em>\u00a0<\/em><\/p>\n","protected":false},"excerpt":{"rendered":"<p>Estar solo, no es igual a sentirse solo. Con un abrazo florece el coraz\u00f3n. Porque hacerlos crecer, nos hace crecer. Haz que el amor florezca. Esas son las palabras que palpitan en el coraz\u00f3n de una asociaci\u00f3n civil creada para brindarles espacios seguros a los ni\u00f1os y las ni\u00f1as que viven en situaci\u00f3n de vulnerabilidad. [&hellip;]<\/p>\n","protected":false},"author":5,"featured_media":1138,"comment_status":"open","ping_status":"closed","sticky":false,"template":"","format":"standard","meta":{"footnotes":""},"categories":[6],"tags":[],"class_list":["post-1137","post","type-post","status-publish","format-standard","has-post-thumbnail","hentry","category-noticias"],"yoast_head":"<!-- This site is optimized with the Yoast SEO plugin v27.5 - https:\/\/yoast.com\/product\/yoast-seo-wordpress\/ -->\n<title>Eugenia mejora la calidad de vida de ni\u00f1os y ni\u00f1as vulnerables de Morelos - Historias que inspiran...<\/title>\n<meta name=\"robots\" content=\"index, follow, max-snippet:-1, max-image-preview:large, max-video-preview:-1\" \/>\n<link rel=\"canonical\" href=\"https:\/\/somos-hermanos.mx\/index.php\/2025\/08\/04\/eugenia-mejora-la-calidad-de-vida-de-ninos-y-ninas-vulnerables-de-morelos\/\" \/>\n<meta property=\"og:locale\" content=\"es_MX\" \/>\n<meta property=\"og:type\" content=\"article\" \/>\n<meta property=\"og:title\" content=\"Eugenia mejora la calidad de vida de ni\u00f1os y ni\u00f1as vulnerables de Morelos - Historias que inspiran...\" \/>\n<meta property=\"og:description\" content=\"Estar solo, no es igual a sentirse solo. Con un abrazo florece el coraz\u00f3n. Porque hacerlos crecer, nos hace crecer. Haz que el amor florezca. Esas son las palabras que palpitan en el coraz\u00f3n de una asociaci\u00f3n civil creada para brindarles espacios seguros a los ni\u00f1os y las ni\u00f1as que viven en situaci\u00f3n de vulnerabilidad. [&hellip;]\" \/>\n<meta property=\"og:url\" content=\"https:\/\/somos-hermanos.mx\/index.php\/2025\/08\/04\/eugenia-mejora-la-calidad-de-vida-de-ninos-y-ninas-vulnerables-de-morelos\/\" \/>\n<meta property=\"og:site_name\" content=\"Historias que inspiran...\" \/>\n<meta property=\"article:publisher\" content=\"https:\/\/www.facebook.com\/SomosHermanosIAP\/\" \/>\n<meta property=\"article:published_time\" content=\"2025-08-04T10:55:39+00:00\" \/>\n<meta property=\"og:image\" content=\"https:\/\/somos-hermanos.mx\/wp-content\/uploads\/2025\/08\/euge2.jpeg\" \/>\n\t<meta property=\"og:image:width\" content=\"1080\" \/>\n\t<meta property=\"og:image:height\" content=\"1080\" \/>\n\t<meta property=\"og:image:type\" content=\"image\/jpeg\" \/>\n<meta name=\"author\" content=\"Ian Castelo Espinoza\" \/>\n<meta name=\"twitter:card\" content=\"summary_large_image\" \/>\n<meta name=\"twitter:creator\" content=\"@Somos__Hermanos\" \/>\n<meta name=\"twitter:site\" content=\"@Somos__Hermanos\" \/>\n<meta name=\"twitter:label1\" content=\"Escrito por\" \/>\n\t<meta name=\"twitter:data1\" content=\"Ian Castelo Espinoza\" \/>\n\t<meta name=\"twitter:label2\" content=\"Tiempo de lectura\" \/>\n\t<meta name=\"twitter:data2\" content=\"3 minutos\" \/>\n<script type=\"application\/ld+json\" class=\"yoast-schema-graph\">{\"@context\":\"https:\\\/\\\/schema.org\",\"@graph\":[{\"@type\":\"Article\",\"@id\":\"https:\\\/\\\/somos-hermanos.mx\\\/index.php\\\/2025\\\/08\\\/04\\\/eugenia-mejora-la-calidad-de-vida-de-ninos-y-ninas-vulnerables-de-morelos\\\/#article\",\"isPartOf\":{\"@id\":\"https:\\\/\\\/somos-hermanos.mx\\\/index.php\\\/2025\\\/08\\\/04\\\/eugenia-mejora-la-calidad-de-vida-de-ninos-y-ninas-vulnerables-de-morelos\\\/\"},\"author\":{\"name\":\"Ian Castelo Espinoza\",\"@id\":\"https:\\\/\\\/somos-hermanos.mx\\\/#\\\/schema\\\/person\\\/a23e73fa301c31e448c416ffef691a79\"},\"headline\":\"Eugenia mejora la calidad de vida de ni\u00f1os y ni\u00f1as vulnerables de Morelos\",\"datePublished\":\"2025-08-04T10:55:39+00:00\",\"mainEntityOfPage\":{\"@id\":\"https:\\\/\\\/somos-hermanos.mx\\\/index.php\\\/2025\\\/08\\\/04\\\/eugenia-mejora-la-calidad-de-vida-de-ninos-y-ninas-vulnerables-de-morelos\\\/\"},\"wordCount\":691,\"commentCount\":0,\"publisher\":{\"@id\":\"https:\\\/\\\/somos-hermanos.mx\\\/#organization\"},\"image\":{\"@id\":\"https:\\\/\\\/somos-hermanos.mx\\\/index.php\\\/2025\\\/08\\\/04\\\/eugenia-mejora-la-calidad-de-vida-de-ninos-y-ninas-vulnerables-de-morelos\\\/#primaryimage\"},\"thumbnailUrl\":\"https:\\\/\\\/somos-hermanos.mx\\\/wp-content\\\/uploads\\\/2025\\\/08\\\/euge2.jpeg\",\"articleSection\":[\"Noticias\"],\"inLanguage\":\"es\",\"potentialAction\":[{\"@type\":\"CommentAction\",\"name\":\"Comment\",\"target\":[\"https:\\\/\\\/somos-hermanos.mx\\\/index.php\\\/2025\\\/08\\\/04\\\/eugenia-mejora-la-calidad-de-vida-de-ninos-y-ninas-vulnerables-de-morelos\\\/#respond\"]}]},{\"@type\":\"WebPage\",\"@id\":\"https:\\\/\\\/somos-hermanos.mx\\\/index.php\\\/2025\\\/08\\\/04\\\/eugenia-mejora-la-calidad-de-vida-de-ninos-y-ninas-vulnerables-de-morelos\\\/\",\"url\":\"https:\\\/\\\/somos-hermanos.mx\\\/index.php\\\/2025\\\/08\\\/04\\\/eugenia-mejora-la-calidad-de-vida-de-ninos-y-ninas-vulnerables-de-morelos\\\/\",\"name\":\"Eugenia mejora la calidad de vida de ni\u00f1os y ni\u00f1as vulnerables de Morelos - Historias que inspiran...\",\"isPartOf\":{\"@id\":\"https:\\\/\\\/somos-hermanos.mx\\\/#website\"},\"primaryImageOfPage\":{\"@id\":\"https:\\\/\\\/somos-hermanos.mx\\\/index.php\\\/2025\\\/08\\\/04\\\/eugenia-mejora-la-calidad-de-vida-de-ninos-y-ninas-vulnerables-de-morelos\\\/#primaryimage\"},\"image\":{\"@id\":\"https:\\\/\\\/somos-hermanos.mx\\\/index.php\\\/2025\\\/08\\\/04\\\/eugenia-mejora-la-calidad-de-vida-de-ninos-y-ninas-vulnerables-de-morelos\\\/#primaryimage\"},\"thumbnailUrl\":\"https:\\\/\\\/somos-hermanos.mx\\\/wp-content\\\/uploads\\\/2025\\\/08\\\/euge2.jpeg\",\"datePublished\":\"2025-08-04T10:55:39+00:00\",\"breadcrumb\":{\"@id\":\"https:\\\/\\\/somos-hermanos.mx\\\/index.php\\\/2025\\\/08\\\/04\\\/eugenia-mejora-la-calidad-de-vida-de-ninos-y-ninas-vulnerables-de-morelos\\\/#breadcrumb\"},\"inLanguage\":\"es\",\"potentialAction\":[{\"@type\":\"ReadAction\",\"target\":[\"https:\\\/\\\/somos-hermanos.mx\\\/index.php\\\/2025\\\/08\\\/04\\\/eugenia-mejora-la-calidad-de-vida-de-ninos-y-ninas-vulnerables-de-morelos\\\/\"]}]},{\"@type\":\"ImageObject\",\"inLanguage\":\"es\",\"@id\":\"https:\\\/\\\/somos-hermanos.mx\\\/index.php\\\/2025\\\/08\\\/04\\\/eugenia-mejora-la-calidad-de-vida-de-ninos-y-ninas-vulnerables-de-morelos\\\/#primaryimage\",\"url\":\"https:\\\/\\\/somos-hermanos.mx\\\/wp-content\\\/uploads\\\/2025\\\/08\\\/euge2.jpeg\",\"contentUrl\":\"https:\\\/\\\/somos-hermanos.mx\\\/wp-content\\\/uploads\\\/2025\\\/08\\\/euge2.jpeg\",\"width\":1080,\"height\":1080},{\"@type\":\"BreadcrumbList\",\"@id\":\"https:\\\/\\\/somos-hermanos.mx\\\/index.php\\\/2025\\\/08\\\/04\\\/eugenia-mejora-la-calidad-de-vida-de-ninos-y-ninas-vulnerables-de-morelos\\\/#breadcrumb\",\"itemListElement\":[{\"@type\":\"ListItem\",\"position\":1,\"name\":\"Inicio\",\"item\":\"https:\\\/\\\/somos-hermanos.mx\\\/\"},{\"@type\":\"ListItem\",\"position\":2,\"name\":\"Eugenia mejora la calidad de vida de ni\u00f1os y ni\u00f1as vulnerables de Morelos\"}]},{\"@type\":\"WebSite\",\"@id\":\"https:\\\/\\\/somos-hermanos.mx\\\/#website\",\"url\":\"https:\\\/\\\/somos-hermanos.mx\\\/\",\"name\":\"Historias que inspiran...\",\"description\":\"Somos la voz del altruismo en M\u00e9xico\",\"publisher\":{\"@id\":\"https:\\\/\\\/somos-hermanos.mx\\\/#organization\"},\"potentialAction\":[{\"@type\":\"SearchAction\",\"target\":{\"@type\":\"EntryPoint\",\"urlTemplate\":\"https:\\\/\\\/somos-hermanos.mx\\\/?s={search_term_string}\"},\"query-input\":{\"@type\":\"PropertyValueSpecification\",\"valueRequired\":true,\"valueName\":\"search_term_string\"}}],\"inLanguage\":\"es\"},{\"@type\":\"Organization\",\"@id\":\"https:\\\/\\\/somos-hermanos.mx\\\/#organization\",\"name\":\"Somos Hermanos\",\"url\":\"https:\\\/\\\/somos-hermanos.mx\\\/\",\"logo\":{\"@type\":\"ImageObject\",\"inLanguage\":\"es\",\"@id\":\"https:\\\/\\\/somos-hermanos.mx\\\/#\\\/schema\\\/logo\\\/image\\\/\",\"url\":\"https:\\\/\\\/somos-hermanos.mx\\\/wp-content\\\/uploads\\\/2025\\\/08\\\/SH30-1.jpeg\",\"contentUrl\":\"https:\\\/\\\/somos-hermanos.mx\\\/wp-content\\\/uploads\\\/2025\\\/08\\\/SH30-1.jpeg\",\"width\":1600,\"height\":1142,\"caption\":\"Somos Hermanos\"},\"image\":{\"@id\":\"https:\\\/\\\/somos-hermanos.mx\\\/#\\\/schema\\\/logo\\\/image\\\/\"},\"sameAs\":[\"https:\\\/\\\/www.facebook.com\\\/SomosHermanosIAP\\\/\",\"https:\\\/\\\/x.com\\\/Somos__Hermanos\",\"https:\\\/\\\/www.instagram.com\\\/somos__hermanos\\\/#\",\"https:\\\/\\\/www.tiktok.com\\\/@somoshermanosiap\",\"https:\\\/\\\/www.youtube.com\\\/@somoshermanosiap1201\\\/videos\"]},{\"@type\":\"Person\",\"@id\":\"https:\\\/\\\/somos-hermanos.mx\\\/#\\\/schema\\\/person\\\/a23e73fa301c31e448c416ffef691a79\",\"name\":\"Ian Castelo Espinoza\",\"image\":{\"@type\":\"ImageObject\",\"inLanguage\":\"es\",\"@id\":\"https:\\\/\\\/secure.gravatar.com\\\/avatar\\\/f6d3daeb57e01d563e3f3a1d9b44389ba979de308271e31fe81ed15d473ce852?s=96&d=mm&r=g\",\"url\":\"https:\\\/\\\/secure.gravatar.com\\\/avatar\\\/f6d3daeb57e01d563e3f3a1d9b44389ba979de308271e31fe81ed15d473ce852?s=96&d=mm&r=g\",\"contentUrl\":\"https:\\\/\\\/secure.gravatar.com\\\/avatar\\\/f6d3daeb57e01d563e3f3a1d9b44389ba979de308271e31fe81ed15d473ce852?s=96&d=mm&r=g\",\"caption\":\"Ian Castelo Espinoza\"},\"url\":\"https:\\\/\\\/somos-hermanos.mx\\\/index.php\\\/author\\\/ian-castelo-espinoza\\\/\"}]}<\/script>\n<!-- \/ Yoast SEO plugin. -->","yoast_head_json":{"title":"Eugenia mejora la calidad de vida de ni\u00f1os y ni\u00f1as vulnerables de Morelos - Historias que inspiran...","robots":{"index":"index","follow":"follow","max-snippet":"max-snippet:-1","max-image-preview":"max-image-preview:large","max-video-preview":"max-video-preview:-1"},"canonical":"https:\/\/somos-hermanos.mx\/index.php\/2025\/08\/04\/eugenia-mejora-la-calidad-de-vida-de-ninos-y-ninas-vulnerables-de-morelos\/","og_locale":"es_MX","og_type":"article","og_title":"Eugenia mejora la calidad de vida de ni\u00f1os y ni\u00f1as vulnerables de Morelos - Historias que inspiran...","og_description":"Estar solo, no es igual a sentirse solo. Con un abrazo florece el coraz\u00f3n. Porque hacerlos crecer, nos hace crecer. Haz que el amor florezca. Esas son las palabras que palpitan en el coraz\u00f3n de una asociaci\u00f3n civil creada para brindarles espacios seguros a los ni\u00f1os y las ni\u00f1as que viven en situaci\u00f3n de vulnerabilidad. [&hellip;]","og_url":"https:\/\/somos-hermanos.mx\/index.php\/2025\/08\/04\/eugenia-mejora-la-calidad-de-vida-de-ninos-y-ninas-vulnerables-de-morelos\/","og_site_name":"Historias que inspiran...","article_publisher":"https:\/\/www.facebook.com\/SomosHermanosIAP\/","article_published_time":"2025-08-04T10:55:39+00:00","og_image":[{"width":1080,"height":1080,"url":"https:\/\/somos-hermanos.mx\/wp-content\/uploads\/2025\/08\/euge2.jpeg","type":"image\/jpeg"}],"author":"Ian Castelo Espinoza","twitter_card":"summary_large_image","twitter_creator":"@Somos__Hermanos","twitter_site":"@Somos__Hermanos","twitter_misc":{"Escrito por":"Ian Castelo Espinoza","Tiempo de lectura":"3 minutos"},"schema":{"@context":"https:\/\/schema.org","@graph":[{"@type":"Article","@id":"https:\/\/somos-hermanos.mx\/index.php\/2025\/08\/04\/eugenia-mejora-la-calidad-de-vida-de-ninos-y-ninas-vulnerables-de-morelos\/#article","isPartOf":{"@id":"https:\/\/somos-hermanos.mx\/index.php\/2025\/08\/04\/eugenia-mejora-la-calidad-de-vida-de-ninos-y-ninas-vulnerables-de-morelos\/"},"author":{"name":"Ian Castelo Espinoza","@id":"https:\/\/somos-hermanos.mx\/#\/schema\/person\/a23e73fa301c31e448c416ffef691a79"},"headline":"Eugenia mejora la calidad de vida de ni\u00f1os y ni\u00f1as vulnerables de Morelos","datePublished":"2025-08-04T10:55:39+00:00","mainEntityOfPage":{"@id":"https:\/\/somos-hermanos.mx\/index.php\/2025\/08\/04\/eugenia-mejora-la-calidad-de-vida-de-ninos-y-ninas-vulnerables-de-morelos\/"},"wordCount":691,"commentCount":0,"publisher":{"@id":"https:\/\/somos-hermanos.mx\/#organization"},"image":{"@id":"https:\/\/somos-hermanos.mx\/index.php\/2025\/08\/04\/eugenia-mejora-la-calidad-de-vida-de-ninos-y-ninas-vulnerables-de-morelos\/#primaryimage"},"thumbnailUrl":"https:\/\/somos-hermanos.mx\/wp-content\/uploads\/2025\/08\/euge2.jpeg","articleSection":["Noticias"],"inLanguage":"es","potentialAction":[{"@type":"CommentAction","name":"Comment","target":["https:\/\/somos-hermanos.mx\/index.php\/2025\/08\/04\/eugenia-mejora-la-calidad-de-vida-de-ninos-y-ninas-vulnerables-de-morelos\/#respond"]}]},{"@type":"WebPage","@id":"https:\/\/somos-hermanos.mx\/index.php\/2025\/08\/04\/eugenia-mejora-la-calidad-de-vida-de-ninos-y-ninas-vulnerables-de-morelos\/","url":"https:\/\/somos-hermanos.mx\/index.php\/2025\/08\/04\/eugenia-mejora-la-calidad-de-vida-de-ninos-y-ninas-vulnerables-de-morelos\/","name":"Eugenia mejora la calidad de vida de ni\u00f1os y ni\u00f1as vulnerables de Morelos - Historias que inspiran...","isPartOf":{"@id":"https:\/\/somos-hermanos.mx\/#website"},"primaryImageOfPage":{"@id":"https:\/\/somos-hermanos.mx\/index.php\/2025\/08\/04\/eugenia-mejora-la-calidad-de-vida-de-ninos-y-ninas-vulnerables-de-morelos\/#primaryimage"},"image":{"@id":"https:\/\/somos-hermanos.mx\/index.php\/2025\/08\/04\/eugenia-mejora-la-calidad-de-vida-de-ninos-y-ninas-vulnerables-de-morelos\/#primaryimage"},"thumbnailUrl":"https:\/\/somos-hermanos.mx\/wp-content\/uploads\/2025\/08\/euge2.jpeg","datePublished":"2025-08-04T10:55:39+00:00","breadcrumb":{"@id":"https:\/\/somos-hermanos.mx\/index.php\/2025\/08\/04\/eugenia-mejora-la-calidad-de-vida-de-ninos-y-ninas-vulnerables-de-morelos\/#breadcrumb"},"inLanguage":"es","potentialAction":[{"@type":"ReadAction","target":["https:\/\/somos-hermanos.mx\/index.php\/2025\/08\/04\/eugenia-mejora-la-calidad-de-vida-de-ninos-y-ninas-vulnerables-de-morelos\/"]}]},{"@type":"ImageObject","inLanguage":"es","@id":"https:\/\/somos-hermanos.mx\/index.php\/2025\/08\/04\/eugenia-mejora-la-calidad-de-vida-de-ninos-y-ninas-vulnerables-de-morelos\/#primaryimage","url":"https:\/\/somos-hermanos.mx\/wp-content\/uploads\/2025\/08\/euge2.jpeg","contentUrl":"https:\/\/somos-hermanos.mx\/wp-content\/uploads\/2025\/08\/euge2.jpeg","width":1080,"height":1080},{"@type":"BreadcrumbList","@id":"https:\/\/somos-hermanos.mx\/index.php\/2025\/08\/04\/eugenia-mejora-la-calidad-de-vida-de-ninos-y-ninas-vulnerables-de-morelos\/#breadcrumb","itemListElement":[{"@type":"ListItem","position":1,"name":"Inicio","item":"https:\/\/somos-hermanos.mx\/"},{"@type":"ListItem","position":2,"name":"Eugenia mejora la calidad de vida de ni\u00f1os y ni\u00f1as vulnerables de Morelos"}]},{"@type":"WebSite","@id":"https:\/\/somos-hermanos.mx\/#website","url":"https:\/\/somos-hermanos.mx\/","name":"Historias que inspiran...","description":"Somos la voz del altruismo en M\u00e9xico","publisher":{"@id":"https:\/\/somos-hermanos.mx\/#organization"},"potentialAction":[{"@type":"SearchAction","target":{"@type":"EntryPoint","urlTemplate":"https:\/\/somos-hermanos.mx\/?s={search_term_string}"},"query-input":{"@type":"PropertyValueSpecification","valueRequired":true,"valueName":"search_term_string"}}],"inLanguage":"es"},{"@type":"Organization","@id":"https:\/\/somos-hermanos.mx\/#organization","name":"Somos Hermanos","url":"https:\/\/somos-hermanos.mx\/","logo":{"@type":"ImageObject","inLanguage":"es","@id":"https:\/\/somos-hermanos.mx\/#\/schema\/logo\/image\/","url":"https:\/\/somos-hermanos.mx\/wp-content\/uploads\/2025\/08\/SH30-1.jpeg","contentUrl":"https:\/\/somos-hermanos.mx\/wp-content\/uploads\/2025\/08\/SH30-1.jpeg","width":1600,"height":1142,"caption":"Somos Hermanos"},"image":{"@id":"https:\/\/somos-hermanos.mx\/#\/schema\/logo\/image\/"},"sameAs":["https:\/\/www.facebook.com\/SomosHermanosIAP\/","https:\/\/x.com\/Somos__Hermanos","https:\/\/www.instagram.com\/somos__hermanos\/#","https:\/\/www.tiktok.com\/@somoshermanosiap","https:\/\/www.youtube.com\/@somoshermanosiap1201\/videos"]},{"@type":"Person","@id":"https:\/\/somos-hermanos.mx\/#\/schema\/person\/a23e73fa301c31e448c416ffef691a79","name":"Ian Castelo Espinoza","image":{"@type":"ImageObject","inLanguage":"es","@id":"https:\/\/secure.gravatar.com\/avatar\/f6d3daeb57e01d563e3f3a1d9b44389ba979de308271e31fe81ed15d473ce852?s=96&d=mm&r=g","url":"https:\/\/secure.gravatar.com\/avatar\/f6d3daeb57e01d563e3f3a1d9b44389ba979de308271e31fe81ed15d473ce852?s=96&d=mm&r=g","contentUrl":"https:\/\/secure.gravatar.com\/avatar\/f6d3daeb57e01d563e3f3a1d9b44389ba979de308271e31fe81ed15d473ce852?s=96&d=mm&r=g","caption":"Ian Castelo Espinoza"},"url":"https:\/\/somos-hermanos.mx\/index.php\/author\/ian-castelo-espinoza\/"}]}},"_links":{"self":[{"href":"https:\/\/somos-hermanos.mx\/index.php\/wp-json\/wp\/v2\/posts\/1137","targetHints":{"allow":["GET"]}}],"collection":[{"href":"https:\/\/somos-hermanos.mx\/index.php\/wp-json\/wp\/v2\/posts"}],"about":[{"href":"https:\/\/somos-hermanos.mx\/index.php\/wp-json\/wp\/v2\/types\/post"}],"author":[{"embeddable":true,"href":"https:\/\/somos-hermanos.mx\/index.php\/wp-json\/wp\/v2\/users\/5"}],"replies":[{"embeddable":true,"href":"https:\/\/somos-hermanos.mx\/index.php\/wp-json\/wp\/v2\/comments?post=1137"}],"version-history":[{"count":1,"href":"https:\/\/somos-hermanos.mx\/index.php\/wp-json\/wp\/v2\/posts\/1137\/revisions"}],"predecessor-version":[{"id":1139,"href":"https:\/\/somos-hermanos.mx\/index.php\/wp-json\/wp\/v2\/posts\/1137\/revisions\/1139"}],"wp:featuredmedia":[{"embeddable":true,"href":"https:\/\/somos-hermanos.mx\/index.php\/wp-json\/wp\/v2\/media\/1138"}],"wp:attachment":[{"href":"https:\/\/somos-hermanos.mx\/index.php\/wp-json\/wp\/v2\/media?parent=1137"}],"wp:term":[{"taxonomy":"category","embeddable":true,"href":"https:\/\/somos-hermanos.mx\/index.php\/wp-json\/wp\/v2\/categories?post=1137"},{"taxonomy":"post_tag","embeddable":true,"href":"https:\/\/somos-hermanos.mx\/index.php\/wp-json\/wp\/v2\/tags?post=1137"}],"curies":[{"name":"wp","href":"https:\/\/api.w.org\/{rel}","templated":true}]}}