{"id":1131,"date":"2025-08-04T04:53:24","date_gmt":"2025-08-04T10:53:24","guid":{"rendered":"https:\/\/somos-hermanos.mx\/?p=1131"},"modified":"2025-08-04T04:53:24","modified_gmt":"2025-08-04T10:53:24","slug":"mas-de-170-millones-de-personas-portan-el-virus-de-la-hepatitis-c","status":"publish","type":"post","link":"https:\/\/somos-hermanos.mx\/index.php\/2025\/08\/04\/mas-de-170-millones-de-personas-portan-el-virus-de-la-hepatitis-c\/","title":{"rendered":"M\u00e1s de 170 millones de personas portan el Virus de la Hepatitis C"},"content":{"rendered":"<p>En el marco del D\u00eda Mundial Contra la Hepatitis <strong>que se conmemora el 28 de julio, especialistas e integrantes de la Fundaci\u00f3n Mexicana para la Salud Hep\u00e1tica (Fundhepa), advirtieron sobre la necesidad de unir esfuerzos para lograr la eliminaci\u00f3n del virus de la hepatitis C (VHC), <\/strong>como parte de las metas del Centro Nacional para la Prevenci\u00f3n y Control del VIH\/SIDA y Hepatitis (Censida).<\/p>\n<p>\u201cFue hace 10 a\u00f1os que llegaron a M\u00e9xico los tratamientos de \u00faltima generaci\u00f3n para la cura definitiva del VHC como una herramienta que ayudar\u00eda a la eliminaci\u00f3n, ante lo cual, <strong>las Organizaciones de la Sociedad Civil, colaboramos con el Censida para la implementaci\u00f3n de estrategias que ayuden a lograr esta meta\u201d, <\/strong>asegur\u00f3 la doctora Nayelli Flores Garc\u00eda, gastroenter\u00f3loga y vicepresidenta del Comit\u00e9 Cient\u00edfico de Fundhepa.<\/p>\n<p>El VHC es un problema de salud p\u00fablica, toda vez que m\u00e1s de 170 millones de personas lo portan en el mundo y 75% de ellas no lo sabe. Su prevalencia global total se estima en 2.5%, y la prevalencia del VHC en M\u00e9xico se reporta en 1.4% con una tasa de viremia entre el 0.27% y 1%, de acuerdo con datos de la Gu\u00eda para la prevenci\u00f3n y atenci\u00f3n de las hepatitis virales en M\u00e9xico (a\u00f1o 2023).<\/p>\n<p>\u201cNuestro h\u00edgado es tan necesario, como complejo, al grado que lo conocemos como el laboratorio de nuestro cuerpo, que ayuda a depurar y eliminar sustancias t\u00f3xicas tanto de alimentos como de medicamentos, adem\u00e1s de funcionar como el principal reservorio de vitaminas\u201d, afirm\u00f3 la especialista.<\/p>\n<p>\u201cLa hepatitis C es una enfermedad silenciosa, cuyos s\u00edntomas suelen no manifestarse durante d\u00e9cadas hasta que surge una complicaci\u00f3n grave como la cirrosis hep\u00e1tica y c\u00e1ncer de h\u00edgado, por ello, se recomienda acudir a realizarse una prueba en caso de sospechar la enfermedad, o en casos de transfusi\u00f3n sangu\u00ednea antes del a\u00f1o 1994, para curar a tiempo y prevenir\u201d, recomend\u00f3.<\/p>\n<p>La Fundaci\u00f3n Mexicana para la Salud Hep\u00e1tica (http:\/\/www.fundhepa.org), ofrece acompa\u00f1amiento a personas interesadas en conocer su diagn\u00f3stico que, en caso de ser positivo, reciben asesor\u00eda para obtener su tratamiento y prevenir complicaciones de salud.<\/p>\n<p>En su oportunidad, el doctor Juan Luis Mosqueda G\u00f3mez, director general del Censida, asegur\u00f3 que \u201ccomo parte del Programa Nacional de la Hepatitis C, actualmente es posible acceder a la prueba de VHC, adem\u00e1s del acceso a tratamientos seguros y gratuitos que curan la infecci\u00f3n de hepatitis C en tan solo unas semanas y previenen las complicaciones por lo que es fundamental que se acerquen a Censida para mayor informaci\u00f3n\u201d.<\/p>\n<p>De acuerdo con la Organizaci\u00f3n Mundial de la Salud (OMS), en 2022, 304 millones de personas viv\u00edan con hepatitis \u201cB\u201d y \u201cC\u201d cr\u00f3nicas y se registraron 1,3 millones de personas fallecidas por esta infecci\u00f3n, sobre todo por cirrosis y carcinoma hepatocelular (c\u00e1ncer primario de h\u00edgado). M\u00e9xico ocupa el cuarto lugar en el mundo en mortalidad por cirrosis por el VHC.<\/p>\n<p>La hepatitis \u201cC\u201d se transmite por contacto con sangre contaminada, pr\u00e1cticas sexuales sin cond\u00f3n, compartir agujas, equipo o dispositivos para el consumo de sustancias psicoactivas, transfusiones sangu\u00edneas o trasplantes realizados antes de 1994, as\u00ed como por aplicaci\u00f3n de tatuajes o perforaciones con materiales no esterilizados, entre otros.<\/p>\n<p>\u201cA\u00fan cuando no se presenten s\u00edntomas, la hepatitis C sin tratamiento puede provocar cirrosis o c\u00e1ncer de h\u00edgado, por lo que se invita a la poblaci\u00f3n a realizarse la prueba r\u00e1pida para detectarla\u201d, finaliz\u00f3 el doctor Juan Luis Mosqueda G\u00f3mez, y record\u00f3 que para mayor informaci\u00f3n se puede escribir al correo hepatitisc@salud.gob.mx y\/o a tel\u00e9fono 55 1946 9772.<\/p>\n","protected":false},"excerpt":{"rendered":"<p>En el marco del D\u00eda Mundial Contra la Hepatitis que se conmemora el 28 de julio, especialistas e integrantes de la Fundaci\u00f3n Mexicana para la Salud Hep\u00e1tica (Fundhepa), advirtieron sobre la necesidad de unir esfuerzos para lograr la eliminaci\u00f3n del virus de la hepatitis C (VHC), como parte de las metas del Centro Nacional para [&hellip;]<\/p>\n","protected":false},"author":8,"featured_media":1132,"comment_status":"open","ping_status":"closed","sticky":false,"template":"","format":"standard","meta":{"footnotes":""},"categories":[6],"tags":[],"class_list":["post-1131","post","type-post","status-publish","format-standard","has-post-thumbnail","hentry","category-noticias"],"yoast_head":"<!-- This site is optimized with the Yoast SEO plugin v27.5 - https:\/\/yoast.com\/product\/yoast-seo-wordpress\/ -->\n<title>M\u00e1s de 170 millones de personas portan el Virus de la Hepatitis C - Historias que inspiran...<\/title>\n<meta name=\"robots\" content=\"index, follow, max-snippet:-1, max-image-preview:large, max-video-preview:-1\" \/>\n<link rel=\"canonical\" href=\"https:\/\/somos-hermanos.mx\/index.php\/2025\/08\/04\/mas-de-170-millones-de-personas-portan-el-virus-de-la-hepatitis-c\/\" \/>\n<meta property=\"og:locale\" content=\"es_MX\" \/>\n<meta property=\"og:type\" content=\"article\" \/>\n<meta property=\"og:title\" content=\"M\u00e1s de 170 millones de personas portan el Virus de la Hepatitis C - Historias que inspiran...\" \/>\n<meta property=\"og:description\" content=\"En el marco del D\u00eda Mundial Contra la Hepatitis que se conmemora el 28 de julio, especialistas e integrantes de la Fundaci\u00f3n Mexicana para la Salud Hep\u00e1tica (Fundhepa), advirtieron sobre la necesidad de unir esfuerzos para lograr la eliminaci\u00f3n del virus de la hepatitis C (VHC), como parte de las metas del Centro Nacional para [&hellip;]\" \/>\n<meta property=\"og:url\" content=\"https:\/\/somos-hermanos.mx\/index.php\/2025\/08\/04\/mas-de-170-millones-de-personas-portan-el-virus-de-la-hepatitis-c\/\" \/>\n<meta property=\"og:site_name\" content=\"Historias que inspiran...\" \/>\n<meta property=\"article:publisher\" content=\"https:\/\/www.facebook.com\/SomosHermanosIAP\/\" \/>\n<meta property=\"article:published_time\" content=\"2025-08-04T10:53:24+00:00\" \/>\n<meta property=\"og:image\" content=\"https:\/\/somos-hermanos.mx\/wp-content\/uploads\/2025\/08\/hepa.jpeg\" \/>\n\t<meta property=\"og:image:width\" content=\"1600\" \/>\n\t<meta property=\"og:image:height\" content=\"1068\" \/>\n\t<meta property=\"og:image:type\" content=\"image\/jpeg\" \/>\n<meta name=\"author\" content=\"Jes\u00fas Arizmendi\" \/>\n<meta name=\"twitter:card\" content=\"summary_large_image\" \/>\n<meta name=\"twitter:creator\" content=\"@Somos__Hermanos\" \/>\n<meta name=\"twitter:site\" content=\"@Somos__Hermanos\" \/>\n<meta name=\"twitter:label1\" content=\"Escrito por\" \/>\n\t<meta name=\"twitter:data1\" content=\"Jes\u00fas Arizmendi\" \/>\n\t<meta name=\"twitter:label2\" content=\"Tiempo de lectura\" \/>\n\t<meta name=\"twitter:data2\" content=\"3 minutos\" \/>\n<script type=\"application\/ld+json\" class=\"yoast-schema-graph\">{\"@context\":\"https:\\\/\\\/schema.org\",\"@graph\":[{\"@type\":\"Article\",\"@id\":\"https:\\\/\\\/somos-hermanos.mx\\\/index.php\\\/2025\\\/08\\\/04\\\/mas-de-170-millones-de-personas-portan-el-virus-de-la-hepatitis-c\\\/#article\",\"isPartOf\":{\"@id\":\"https:\\\/\\\/somos-hermanos.mx\\\/index.php\\\/2025\\\/08\\\/04\\\/mas-de-170-millones-de-personas-portan-el-virus-de-la-hepatitis-c\\\/\"},\"author\":{\"name\":\"Jes\u00fas Arizmendi\",\"@id\":\"https:\\\/\\\/somos-hermanos.mx\\\/#\\\/schema\\\/person\\\/945cdfed39314d9db1242f593aecb908\"},\"headline\":\"M\u00e1s de 170 millones de personas portan el Virus de la Hepatitis C\",\"datePublished\":\"2025-08-04T10:53:24+00:00\",\"mainEntityOfPage\":{\"@id\":\"https:\\\/\\\/somos-hermanos.mx\\\/index.php\\\/2025\\\/08\\\/04\\\/mas-de-170-millones-de-personas-portan-el-virus-de-la-hepatitis-c\\\/\"},\"wordCount\":647,\"commentCount\":0,\"publisher\":{\"@id\":\"https:\\\/\\\/somos-hermanos.mx\\\/#organization\"},\"image\":{\"@id\":\"https:\\\/\\\/somos-hermanos.mx\\\/index.php\\\/2025\\\/08\\\/04\\\/mas-de-170-millones-de-personas-portan-el-virus-de-la-hepatitis-c\\\/#primaryimage\"},\"thumbnailUrl\":\"https:\\\/\\\/somos-hermanos.mx\\\/wp-content\\\/uploads\\\/2025\\\/08\\\/hepa.jpeg\",\"articleSection\":[\"Noticias\"],\"inLanguage\":\"es\",\"potentialAction\":[{\"@type\":\"CommentAction\",\"name\":\"Comment\",\"target\":[\"https:\\\/\\\/somos-hermanos.mx\\\/index.php\\\/2025\\\/08\\\/04\\\/mas-de-170-millones-de-personas-portan-el-virus-de-la-hepatitis-c\\\/#respond\"]}]},{\"@type\":\"WebPage\",\"@id\":\"https:\\\/\\\/somos-hermanos.mx\\\/index.php\\\/2025\\\/08\\\/04\\\/mas-de-170-millones-de-personas-portan-el-virus-de-la-hepatitis-c\\\/\",\"url\":\"https:\\\/\\\/somos-hermanos.mx\\\/index.php\\\/2025\\\/08\\\/04\\\/mas-de-170-millones-de-personas-portan-el-virus-de-la-hepatitis-c\\\/\",\"name\":\"M\u00e1s de 170 millones de personas portan el Virus de la Hepatitis C - Historias que inspiran...\",\"isPartOf\":{\"@id\":\"https:\\\/\\\/somos-hermanos.mx\\\/#website\"},\"primaryImageOfPage\":{\"@id\":\"https:\\\/\\\/somos-hermanos.mx\\\/index.php\\\/2025\\\/08\\\/04\\\/mas-de-170-millones-de-personas-portan-el-virus-de-la-hepatitis-c\\\/#primaryimage\"},\"image\":{\"@id\":\"https:\\\/\\\/somos-hermanos.mx\\\/index.php\\\/2025\\\/08\\\/04\\\/mas-de-170-millones-de-personas-portan-el-virus-de-la-hepatitis-c\\\/#primaryimage\"},\"thumbnailUrl\":\"https:\\\/\\\/somos-hermanos.mx\\\/wp-content\\\/uploads\\\/2025\\\/08\\\/hepa.jpeg\",\"datePublished\":\"2025-08-04T10:53:24+00:00\",\"breadcrumb\":{\"@id\":\"https:\\\/\\\/somos-hermanos.mx\\\/index.php\\\/2025\\\/08\\\/04\\\/mas-de-170-millones-de-personas-portan-el-virus-de-la-hepatitis-c\\\/#breadcrumb\"},\"inLanguage\":\"es\",\"potentialAction\":[{\"@type\":\"ReadAction\",\"target\":[\"https:\\\/\\\/somos-hermanos.mx\\\/index.php\\\/2025\\\/08\\\/04\\\/mas-de-170-millones-de-personas-portan-el-virus-de-la-hepatitis-c\\\/\"]}]},{\"@type\":\"ImageObject\",\"inLanguage\":\"es\",\"@id\":\"https:\\\/\\\/somos-hermanos.mx\\\/index.php\\\/2025\\\/08\\\/04\\\/mas-de-170-millones-de-personas-portan-el-virus-de-la-hepatitis-c\\\/#primaryimage\",\"url\":\"https:\\\/\\\/somos-hermanos.mx\\\/wp-content\\\/uploads\\\/2025\\\/08\\\/hepa.jpeg\",\"contentUrl\":\"https:\\\/\\\/somos-hermanos.mx\\\/wp-content\\\/uploads\\\/2025\\\/08\\\/hepa.jpeg\",\"width\":1600,\"height\":1068},{\"@type\":\"BreadcrumbList\",\"@id\":\"https:\\\/\\\/somos-hermanos.mx\\\/index.php\\\/2025\\\/08\\\/04\\\/mas-de-170-millones-de-personas-portan-el-virus-de-la-hepatitis-c\\\/#breadcrumb\",\"itemListElement\":[{\"@type\":\"ListItem\",\"position\":1,\"name\":\"Inicio\",\"item\":\"https:\\\/\\\/somos-hermanos.mx\\\/\"},{\"@type\":\"ListItem\",\"position\":2,\"name\":\"M\u00e1s de 170 millones de personas portan el Virus de la Hepatitis C\"}]},{\"@type\":\"WebSite\",\"@id\":\"https:\\\/\\\/somos-hermanos.mx\\\/#website\",\"url\":\"https:\\\/\\\/somos-hermanos.mx\\\/\",\"name\":\"Historias que inspiran...\",\"description\":\"Somos la voz del altruismo en M\u00e9xico\",\"publisher\":{\"@id\":\"https:\\\/\\\/somos-hermanos.mx\\\/#organization\"},\"potentialAction\":[{\"@type\":\"SearchAction\",\"target\":{\"@type\":\"EntryPoint\",\"urlTemplate\":\"https:\\\/\\\/somos-hermanos.mx\\\/?s={search_term_string}\"},\"query-input\":{\"@type\":\"PropertyValueSpecification\",\"valueRequired\":true,\"valueName\":\"search_term_string\"}}],\"inLanguage\":\"es\"},{\"@type\":\"Organization\",\"@id\":\"https:\\\/\\\/somos-hermanos.mx\\\/#organization\",\"name\":\"Somos Hermanos\",\"url\":\"https:\\\/\\\/somos-hermanos.mx\\\/\",\"logo\":{\"@type\":\"ImageObject\",\"inLanguage\":\"es\",\"@id\":\"https:\\\/\\\/somos-hermanos.mx\\\/#\\\/schema\\\/logo\\\/image\\\/\",\"url\":\"https:\\\/\\\/somos-hermanos.mx\\\/wp-content\\\/uploads\\\/2025\\\/08\\\/SH30-1.jpeg\",\"contentUrl\":\"https:\\\/\\\/somos-hermanos.mx\\\/wp-content\\\/uploads\\\/2025\\\/08\\\/SH30-1.jpeg\",\"width\":1600,\"height\":1142,\"caption\":\"Somos Hermanos\"},\"image\":{\"@id\":\"https:\\\/\\\/somos-hermanos.mx\\\/#\\\/schema\\\/logo\\\/image\\\/\"},\"sameAs\":[\"https:\\\/\\\/www.facebook.com\\\/SomosHermanosIAP\\\/\",\"https:\\\/\\\/x.com\\\/Somos__Hermanos\",\"https:\\\/\\\/www.instagram.com\\\/somos__hermanos\\\/#\",\"https:\\\/\\\/www.tiktok.com\\\/@somoshermanosiap\",\"https:\\\/\\\/www.youtube.com\\\/@somoshermanosiap1201\\\/videos\"]},{\"@type\":\"Person\",\"@id\":\"https:\\\/\\\/somos-hermanos.mx\\\/#\\\/schema\\\/person\\\/945cdfed39314d9db1242f593aecb908\",\"name\":\"Jes\u00fas Arizmendi\",\"image\":{\"@type\":\"ImageObject\",\"inLanguage\":\"es\",\"@id\":\"https:\\\/\\\/secure.gravatar.com\\\/avatar\\\/9d2f2284f2cc108aae42b8fdb13afa29b801f64001b731516b830e4926cc1b4b?s=96&d=mm&r=g\",\"url\":\"https:\\\/\\\/secure.gravatar.com\\\/avatar\\\/9d2f2284f2cc108aae42b8fdb13afa29b801f64001b731516b830e4926cc1b4b?s=96&d=mm&r=g\",\"contentUrl\":\"https:\\\/\\\/secure.gravatar.com\\\/avatar\\\/9d2f2284f2cc108aae42b8fdb13afa29b801f64001b731516b830e4926cc1b4b?s=96&d=mm&r=g\",\"caption\":\"Jes\u00fas Arizmendi\"},\"url\":\"https:\\\/\\\/somos-hermanos.mx\\\/index.php\\\/author\\\/jesus-arizmendi\\\/\"}]}<\/script>\n<!-- \/ Yoast SEO plugin. -->","yoast_head_json":{"title":"M\u00e1s de 170 millones de personas portan el Virus de la Hepatitis C - Historias que inspiran...","robots":{"index":"index","follow":"follow","max-snippet":"max-snippet:-1","max-image-preview":"max-image-preview:large","max-video-preview":"max-video-preview:-1"},"canonical":"https:\/\/somos-hermanos.mx\/index.php\/2025\/08\/04\/mas-de-170-millones-de-personas-portan-el-virus-de-la-hepatitis-c\/","og_locale":"es_MX","og_type":"article","og_title":"M\u00e1s de 170 millones de personas portan el Virus de la Hepatitis C - Historias que inspiran...","og_description":"En el marco del D\u00eda Mundial Contra la Hepatitis que se conmemora el 28 de julio, especialistas e integrantes de la Fundaci\u00f3n Mexicana para la Salud Hep\u00e1tica (Fundhepa), advirtieron sobre la necesidad de unir esfuerzos para lograr la eliminaci\u00f3n del virus de la hepatitis C (VHC), como parte de las metas del Centro Nacional para [&hellip;]","og_url":"https:\/\/somos-hermanos.mx\/index.php\/2025\/08\/04\/mas-de-170-millones-de-personas-portan-el-virus-de-la-hepatitis-c\/","og_site_name":"Historias que inspiran...","article_publisher":"https:\/\/www.facebook.com\/SomosHermanosIAP\/","article_published_time":"2025-08-04T10:53:24+00:00","og_image":[{"width":1600,"height":1068,"url":"https:\/\/somos-hermanos.mx\/wp-content\/uploads\/2025\/08\/hepa.jpeg","type":"image\/jpeg"}],"author":"Jes\u00fas Arizmendi","twitter_card":"summary_large_image","twitter_creator":"@Somos__Hermanos","twitter_site":"@Somos__Hermanos","twitter_misc":{"Escrito por":"Jes\u00fas Arizmendi","Tiempo de lectura":"3 minutos"},"schema":{"@context":"https:\/\/schema.org","@graph":[{"@type":"Article","@id":"https:\/\/somos-hermanos.mx\/index.php\/2025\/08\/04\/mas-de-170-millones-de-personas-portan-el-virus-de-la-hepatitis-c\/#article","isPartOf":{"@id":"https:\/\/somos-hermanos.mx\/index.php\/2025\/08\/04\/mas-de-170-millones-de-personas-portan-el-virus-de-la-hepatitis-c\/"},"author":{"name":"Jes\u00fas Arizmendi","@id":"https:\/\/somos-hermanos.mx\/#\/schema\/person\/945cdfed39314d9db1242f593aecb908"},"headline":"M\u00e1s de 170 millones de personas portan el Virus de la Hepatitis C","datePublished":"2025-08-04T10:53:24+00:00","mainEntityOfPage":{"@id":"https:\/\/somos-hermanos.mx\/index.php\/2025\/08\/04\/mas-de-170-millones-de-personas-portan-el-virus-de-la-hepatitis-c\/"},"wordCount":647,"commentCount":0,"publisher":{"@id":"https:\/\/somos-hermanos.mx\/#organization"},"image":{"@id":"https:\/\/somos-hermanos.mx\/index.php\/2025\/08\/04\/mas-de-170-millones-de-personas-portan-el-virus-de-la-hepatitis-c\/#primaryimage"},"thumbnailUrl":"https:\/\/somos-hermanos.mx\/wp-content\/uploads\/2025\/08\/hepa.jpeg","articleSection":["Noticias"],"inLanguage":"es","potentialAction":[{"@type":"CommentAction","name":"Comment","target":["https:\/\/somos-hermanos.mx\/index.php\/2025\/08\/04\/mas-de-170-millones-de-personas-portan-el-virus-de-la-hepatitis-c\/#respond"]}]},{"@type":"WebPage","@id":"https:\/\/somos-hermanos.mx\/index.php\/2025\/08\/04\/mas-de-170-millones-de-personas-portan-el-virus-de-la-hepatitis-c\/","url":"https:\/\/somos-hermanos.mx\/index.php\/2025\/08\/04\/mas-de-170-millones-de-personas-portan-el-virus-de-la-hepatitis-c\/","name":"M\u00e1s de 170 millones de personas portan el Virus de la Hepatitis C - Historias que inspiran...","isPartOf":{"@id":"https:\/\/somos-hermanos.mx\/#website"},"primaryImageOfPage":{"@id":"https:\/\/somos-hermanos.mx\/index.php\/2025\/08\/04\/mas-de-170-millones-de-personas-portan-el-virus-de-la-hepatitis-c\/#primaryimage"},"image":{"@id":"https:\/\/somos-hermanos.mx\/index.php\/2025\/08\/04\/mas-de-170-millones-de-personas-portan-el-virus-de-la-hepatitis-c\/#primaryimage"},"thumbnailUrl":"https:\/\/somos-hermanos.mx\/wp-content\/uploads\/2025\/08\/hepa.jpeg","datePublished":"2025-08-04T10:53:24+00:00","breadcrumb":{"@id":"https:\/\/somos-hermanos.mx\/index.php\/2025\/08\/04\/mas-de-170-millones-de-personas-portan-el-virus-de-la-hepatitis-c\/#breadcrumb"},"inLanguage":"es","potentialAction":[{"@type":"ReadAction","target":["https:\/\/somos-hermanos.mx\/index.php\/2025\/08\/04\/mas-de-170-millones-de-personas-portan-el-virus-de-la-hepatitis-c\/"]}]},{"@type":"ImageObject","inLanguage":"es","@id":"https:\/\/somos-hermanos.mx\/index.php\/2025\/08\/04\/mas-de-170-millones-de-personas-portan-el-virus-de-la-hepatitis-c\/#primaryimage","url":"https:\/\/somos-hermanos.mx\/wp-content\/uploads\/2025\/08\/hepa.jpeg","contentUrl":"https:\/\/somos-hermanos.mx\/wp-content\/uploads\/2025\/08\/hepa.jpeg","width":1600,"height":1068},{"@type":"BreadcrumbList","@id":"https:\/\/somos-hermanos.mx\/index.php\/2025\/08\/04\/mas-de-170-millones-de-personas-portan-el-virus-de-la-hepatitis-c\/#breadcrumb","itemListElement":[{"@type":"ListItem","position":1,"name":"Inicio","item":"https:\/\/somos-hermanos.mx\/"},{"@type":"ListItem","position":2,"name":"M\u00e1s de 170 millones de personas portan el Virus de la Hepatitis C"}]},{"@type":"WebSite","@id":"https:\/\/somos-hermanos.mx\/#website","url":"https:\/\/somos-hermanos.mx\/","name":"Historias que inspiran...","description":"Somos la voz del altruismo en M\u00e9xico","publisher":{"@id":"https:\/\/somos-hermanos.mx\/#organization"},"potentialAction":[{"@type":"SearchAction","target":{"@type":"EntryPoint","urlTemplate":"https:\/\/somos-hermanos.mx\/?s={search_term_string}"},"query-input":{"@type":"PropertyValueSpecification","valueRequired":true,"valueName":"search_term_string"}}],"inLanguage":"es"},{"@type":"Organization","@id":"https:\/\/somos-hermanos.mx\/#organization","name":"Somos Hermanos","url":"https:\/\/somos-hermanos.mx\/","logo":{"@type":"ImageObject","inLanguage":"es","@id":"https:\/\/somos-hermanos.mx\/#\/schema\/logo\/image\/","url":"https:\/\/somos-hermanos.mx\/wp-content\/uploads\/2025\/08\/SH30-1.jpeg","contentUrl":"https:\/\/somos-hermanos.mx\/wp-content\/uploads\/2025\/08\/SH30-1.jpeg","width":1600,"height":1142,"caption":"Somos Hermanos"},"image":{"@id":"https:\/\/somos-hermanos.mx\/#\/schema\/logo\/image\/"},"sameAs":["https:\/\/www.facebook.com\/SomosHermanosIAP\/","https:\/\/x.com\/Somos__Hermanos","https:\/\/www.instagram.com\/somos__hermanos\/#","https:\/\/www.tiktok.com\/@somoshermanosiap","https:\/\/www.youtube.com\/@somoshermanosiap1201\/videos"]},{"@type":"Person","@id":"https:\/\/somos-hermanos.mx\/#\/schema\/person\/945cdfed39314d9db1242f593aecb908","name":"Jes\u00fas Arizmendi","image":{"@type":"ImageObject","inLanguage":"es","@id":"https:\/\/secure.gravatar.com\/avatar\/9d2f2284f2cc108aae42b8fdb13afa29b801f64001b731516b830e4926cc1b4b?s=96&d=mm&r=g","url":"https:\/\/secure.gravatar.com\/avatar\/9d2f2284f2cc108aae42b8fdb13afa29b801f64001b731516b830e4926cc1b4b?s=96&d=mm&r=g","contentUrl":"https:\/\/secure.gravatar.com\/avatar\/9d2f2284f2cc108aae42b8fdb13afa29b801f64001b731516b830e4926cc1b4b?s=96&d=mm&r=g","caption":"Jes\u00fas Arizmendi"},"url":"https:\/\/somos-hermanos.mx\/index.php\/author\/jesus-arizmendi\/"}]}},"_links":{"self":[{"href":"https:\/\/somos-hermanos.mx\/index.php\/wp-json\/wp\/v2\/posts\/1131","targetHints":{"allow":["GET"]}}],"collection":[{"href":"https:\/\/somos-hermanos.mx\/index.php\/wp-json\/wp\/v2\/posts"}],"about":[{"href":"https:\/\/somos-hermanos.mx\/index.php\/wp-json\/wp\/v2\/types\/post"}],"author":[{"embeddable":true,"href":"https:\/\/somos-hermanos.mx\/index.php\/wp-json\/wp\/v2\/users\/8"}],"replies":[{"embeddable":true,"href":"https:\/\/somos-hermanos.mx\/index.php\/wp-json\/wp\/v2\/comments?post=1131"}],"version-history":[{"count":1,"href":"https:\/\/somos-hermanos.mx\/index.php\/wp-json\/wp\/v2\/posts\/1131\/revisions"}],"predecessor-version":[{"id":1133,"href":"https:\/\/somos-hermanos.mx\/index.php\/wp-json\/wp\/v2\/posts\/1131\/revisions\/1133"}],"wp:featuredmedia":[{"embeddable":true,"href":"https:\/\/somos-hermanos.mx\/index.php\/wp-json\/wp\/v2\/media\/1132"}],"wp:attachment":[{"href":"https:\/\/somos-hermanos.mx\/index.php\/wp-json\/wp\/v2\/media?parent=1131"}],"wp:term":[{"taxonomy":"category","embeddable":true,"href":"https:\/\/somos-hermanos.mx\/index.php\/wp-json\/wp\/v2\/categories?post=1131"},{"taxonomy":"post_tag","embeddable":true,"href":"https:\/\/somos-hermanos.mx\/index.php\/wp-json\/wp\/v2\/tags?post=1131"}],"curies":[{"name":"wp","href":"https:\/\/api.w.org\/{rel}","templated":true}]}}