{"id":1122,"date":"2025-08-04T04:49:34","date_gmt":"2025-08-04T10:49:34","guid":{"rendered":"https:\/\/somos-hermanos.mx\/?p=1122"},"modified":"2025-08-04T04:49:34","modified_gmt":"2025-08-04T10:49:34","slug":"forman-ninos-de-familias-pobres-para-tener-un-mejor-futuro","status":"publish","type":"post","link":"https:\/\/somos-hermanos.mx\/index.php\/2025\/08\/04\/forman-ninos-de-familias-pobres-para-tener-un-mejor-futuro\/","title":{"rendered":"Forman ni\u00f1os de familias pobres para tener un mejor futuro"},"content":{"rendered":"<p>El <strong><b>Asilo Primavera, IAP <\/b><\/strong>es una instituci\u00f3n sin fines de lucro, cuya misi\u00f3n es la de <strong>dar un hogar, confianza y disminuir los riegos de que ni\u00f1os de 6 a 13 a\u00f1os, en condici\u00f3n de pobreza y de orfandad,<\/strong>\u00a0tengan un lugar donde sean tratados con amor, respeto y recibir educaci\u00f3n escolar para que en el futuro sean hombres de bien.<\/p>\n<p>Adem\u00e1s, apoyan a las mujeres jefas de familia para que salgan a trabajar y que sus hijos tengan la oportunidad de contar con alojamiento, alimentaci\u00f3n, educci\u00f3n y as\u00ed evitar, que pueden caer en situaciones de riesgo de calle.<\/p>\n<p>En M\u00e9xico <strong>el trabajo que realizan las instituciones es muy importante para reducir los problemas a los que se enfrentan las familias en condici\u00f3n de pobreza. <\/strong>Seg\u00fan datos del INEGI, en el pa\u00eds, 33 de cada 100 hogares, las mujeres son las jefas de familia, esto es, que 11.5 millones de hogares son encabezados por mujeres.<\/p>\n<p>Dado que el mayor porcentaje de atenci\u00f3n de ni\u00f1os en esta instituci\u00f3n, provienen del Estado de M\u00e9xico, algunos datos para entender la problem\u00e1tica a la que se enfrentan las mujeres jefas de familia, seg\u00fan CONVAL, la poblaci\u00f3n en esta entidad en el 2022 era de 7,427.2 miles de personas.<\/p>\n<p>Asilo Primavera, realiza un trabajo muy importante en la sociedad mexicana, cambia la vida de ni\u00f1os en vulnerabilidad, haciendo que crezcan en un ambiente m\u00e1s sano y en el futuro se convierta en personas con mejor vida y que sumar\u00e1n a la sociedad mexicana.<\/p>\n<p>La instituci\u00f3n <strong>les provee de estancia alimentaci\u00f3n, educaci\u00f3n escolar, ense\u00f1anza de ingl\u00e9s, adquisici\u00f3n de buenos h\u00e1bitos para la vida, desarrollo de su espiritualidad y salud emocional,<\/strong>\u00a0en el \u00e1rea deportiva, practican el futbol para desarrollar el trabajo en equipo de una forma l\u00fadica. Dentro de las actividades est\u00e1 el apoyo pedag\u00f3gico y formaci\u00f3n de h\u00e1bitos de estudio.<\/p>\n<p>Los ni\u00f1os, permanecen en la instituci\u00f3n de lunes a viernes, y\u00e9ndose a su casa los fines de semana y vacaciones, seg\u00fan el calendario de la SEP, para no perder la convivencia familiar.<\/p>\n<p>Los requisitos que la instituci\u00f3n pide es que necesiten la ayuda, que tenga un tutor corresponsable. Trabajo Social se encarga de verificar la necesidad, la tutorialidad y realizar\u00e1 el estudio sociecon\u00f3mico para determinar la cuota de recuperaci\u00f3n.<\/p>\n<p>Al terminar la primaria, ah\u00ed se termina el compromiso de la instituci\u00f3n, sin embargo, si el tutor lo pide los pueden apoyarlos para canalizarlos a la secundaria<\/p>\n<p>La Congregaci\u00f3n Madres de desamparados y San Jos\u00e9 de la Monta\u00f1a, llegaron a M\u00e9xico cinco religiosas el 19 de junio de 1908 \u00a0\u00a0\u00a0procedentes de Barcelona, Espa\u00f1a para su primera fundaci\u00f3n en Am\u00e9rica.<\/p>\n<p>Al principio se instalaron en Tacubaya en la que albergaron a ni\u00f1os hu\u00e9rfanos, pobres, convirti\u00e9ndose despu\u00e9s en Asilo Primavera, inaugurado en 1911, de 19 ni\u00f1os que ten\u00edan, han aumentado hasta 200 que es su capacidad de operaci\u00f3n.<\/p>\n","protected":false},"excerpt":{"rendered":"<p>El Asilo Primavera, IAP es una instituci\u00f3n sin fines de lucro, cuya misi\u00f3n es la de dar un hogar, confianza y disminuir los riegos de que ni\u00f1os de 6 a 13 a\u00f1os, en condici\u00f3n de pobreza y de orfandad,\u00a0tengan un lugar donde sean tratados con amor, respeto y recibir educaci\u00f3n escolar para que en el [&hellip;]<\/p>\n","protected":false},"author":27,"featured_media":1123,"comment_status":"open","ping_status":"closed","sticky":false,"template":"","format":"standard","meta":{"footnotes":""},"categories":[6],"tags":[],"class_list":["post-1122","post","type-post","status-publish","format-standard","has-post-thumbnail","hentry","category-noticias"],"yoast_head":"<!-- This site is optimized with the Yoast SEO plugin v27.5 - https:\/\/yoast.com\/product\/yoast-seo-wordpress\/ -->\n<title>Forman ni\u00f1os de familias pobres para tener un mejor futuro - Historias que inspiran...<\/title>\n<meta name=\"robots\" content=\"index, follow, max-snippet:-1, max-image-preview:large, max-video-preview:-1\" \/>\n<link rel=\"canonical\" href=\"https:\/\/somos-hermanos.mx\/index.php\/2025\/08\/04\/forman-ninos-de-familias-pobres-para-tener-un-mejor-futuro\/\" \/>\n<meta property=\"og:locale\" content=\"es_MX\" \/>\n<meta property=\"og:type\" content=\"article\" \/>\n<meta property=\"og:title\" content=\"Forman ni\u00f1os de familias pobres para tener un mejor futuro - Historias que inspiran...\" \/>\n<meta property=\"og:description\" content=\"El Asilo Primavera, IAP es una instituci\u00f3n sin fines de lucro, cuya misi\u00f3n es la de dar un hogar, confianza y disminuir los riegos de que ni\u00f1os de 6 a 13 a\u00f1os, en condici\u00f3n de pobreza y de orfandad,\u00a0tengan un lugar donde sean tratados con amor, respeto y recibir educaci\u00f3n escolar para que en el [&hellip;]\" \/>\n<meta property=\"og:url\" content=\"https:\/\/somos-hermanos.mx\/index.php\/2025\/08\/04\/forman-ninos-de-familias-pobres-para-tener-un-mejor-futuro\/\" \/>\n<meta property=\"og:site_name\" content=\"Historias que inspiran...\" \/>\n<meta property=\"article:publisher\" content=\"https:\/\/www.facebook.com\/SomosHermanosIAP\/\" \/>\n<meta property=\"article:published_time\" content=\"2025-08-04T10:49:34+00:00\" \/>\n<meta property=\"og:image\" content=\"https:\/\/somos-hermanos.mx\/wp-content\/uploads\/2025\/08\/prima1.jpeg\" \/>\n\t<meta property=\"og:image:width\" content=\"1600\" \/>\n\t<meta property=\"og:image:height\" content=\"1066\" \/>\n\t<meta property=\"og:image:type\" content=\"image\/jpeg\" \/>\n<meta name=\"author\" content=\"Beatriz Chora Guzm\u00e1n\" \/>\n<meta name=\"twitter:card\" content=\"summary_large_image\" \/>\n<meta name=\"twitter:creator\" content=\"@Somos__Hermanos\" \/>\n<meta name=\"twitter:site\" content=\"@Somos__Hermanos\" \/>\n<meta name=\"twitter:label1\" content=\"Escrito por\" \/>\n\t<meta name=\"twitter:data1\" content=\"Beatriz Chora Guzm\u00e1n\" \/>\n\t<meta name=\"twitter:label2\" content=\"Tiempo de lectura\" \/>\n\t<meta name=\"twitter:data2\" content=\"3 minutos\" \/>\n<script type=\"application\/ld+json\" class=\"yoast-schema-graph\">{\"@context\":\"https:\\\/\\\/schema.org\",\"@graph\":[{\"@type\":\"Article\",\"@id\":\"https:\\\/\\\/somos-hermanos.mx\\\/index.php\\\/2025\\\/08\\\/04\\\/forman-ninos-de-familias-pobres-para-tener-un-mejor-futuro\\\/#article\",\"isPartOf\":{\"@id\":\"https:\\\/\\\/somos-hermanos.mx\\\/index.php\\\/2025\\\/08\\\/04\\\/forman-ninos-de-familias-pobres-para-tener-un-mejor-futuro\\\/\"},\"author\":{\"name\":\"Beatriz Chora Guzm\u00e1n\",\"@id\":\"https:\\\/\\\/somos-hermanos.mx\\\/#\\\/schema\\\/person\\\/b19b77952ccfcc29216b64875087fd1d\"},\"headline\":\"Forman ni\u00f1os de familias pobres para tener un mejor futuro\",\"datePublished\":\"2025-08-04T10:49:34+00:00\",\"mainEntityOfPage\":{\"@id\":\"https:\\\/\\\/somos-hermanos.mx\\\/index.php\\\/2025\\\/08\\\/04\\\/forman-ninos-de-familias-pobres-para-tener-un-mejor-futuro\\\/\"},\"wordCount\":524,\"commentCount\":0,\"publisher\":{\"@id\":\"https:\\\/\\\/somos-hermanos.mx\\\/#organization\"},\"image\":{\"@id\":\"https:\\\/\\\/somos-hermanos.mx\\\/index.php\\\/2025\\\/08\\\/04\\\/forman-ninos-de-familias-pobres-para-tener-un-mejor-futuro\\\/#primaryimage\"},\"thumbnailUrl\":\"https:\\\/\\\/somos-hermanos.mx\\\/wp-content\\\/uploads\\\/2025\\\/08\\\/prima1.jpeg\",\"articleSection\":[\"Noticias\"],\"inLanguage\":\"es\",\"potentialAction\":[{\"@type\":\"CommentAction\",\"name\":\"Comment\",\"target\":[\"https:\\\/\\\/somos-hermanos.mx\\\/index.php\\\/2025\\\/08\\\/04\\\/forman-ninos-de-familias-pobres-para-tener-un-mejor-futuro\\\/#respond\"]}]},{\"@type\":\"WebPage\",\"@id\":\"https:\\\/\\\/somos-hermanos.mx\\\/index.php\\\/2025\\\/08\\\/04\\\/forman-ninos-de-familias-pobres-para-tener-un-mejor-futuro\\\/\",\"url\":\"https:\\\/\\\/somos-hermanos.mx\\\/index.php\\\/2025\\\/08\\\/04\\\/forman-ninos-de-familias-pobres-para-tener-un-mejor-futuro\\\/\",\"name\":\"Forman ni\u00f1os de familias pobres para tener un mejor futuro - Historias que inspiran...\",\"isPartOf\":{\"@id\":\"https:\\\/\\\/somos-hermanos.mx\\\/#website\"},\"primaryImageOfPage\":{\"@id\":\"https:\\\/\\\/somos-hermanos.mx\\\/index.php\\\/2025\\\/08\\\/04\\\/forman-ninos-de-familias-pobres-para-tener-un-mejor-futuro\\\/#primaryimage\"},\"image\":{\"@id\":\"https:\\\/\\\/somos-hermanos.mx\\\/index.php\\\/2025\\\/08\\\/04\\\/forman-ninos-de-familias-pobres-para-tener-un-mejor-futuro\\\/#primaryimage\"},\"thumbnailUrl\":\"https:\\\/\\\/somos-hermanos.mx\\\/wp-content\\\/uploads\\\/2025\\\/08\\\/prima1.jpeg\",\"datePublished\":\"2025-08-04T10:49:34+00:00\",\"breadcrumb\":{\"@id\":\"https:\\\/\\\/somos-hermanos.mx\\\/index.php\\\/2025\\\/08\\\/04\\\/forman-ninos-de-familias-pobres-para-tener-un-mejor-futuro\\\/#breadcrumb\"},\"inLanguage\":\"es\",\"potentialAction\":[{\"@type\":\"ReadAction\",\"target\":[\"https:\\\/\\\/somos-hermanos.mx\\\/index.php\\\/2025\\\/08\\\/04\\\/forman-ninos-de-familias-pobres-para-tener-un-mejor-futuro\\\/\"]}]},{\"@type\":\"ImageObject\",\"inLanguage\":\"es\",\"@id\":\"https:\\\/\\\/somos-hermanos.mx\\\/index.php\\\/2025\\\/08\\\/04\\\/forman-ninos-de-familias-pobres-para-tener-un-mejor-futuro\\\/#primaryimage\",\"url\":\"https:\\\/\\\/somos-hermanos.mx\\\/wp-content\\\/uploads\\\/2025\\\/08\\\/prima1.jpeg\",\"contentUrl\":\"https:\\\/\\\/somos-hermanos.mx\\\/wp-content\\\/uploads\\\/2025\\\/08\\\/prima1.jpeg\",\"width\":1600,\"height\":1066},{\"@type\":\"BreadcrumbList\",\"@id\":\"https:\\\/\\\/somos-hermanos.mx\\\/index.php\\\/2025\\\/08\\\/04\\\/forman-ninos-de-familias-pobres-para-tener-un-mejor-futuro\\\/#breadcrumb\",\"itemListElement\":[{\"@type\":\"ListItem\",\"position\":1,\"name\":\"Inicio\",\"item\":\"https:\\\/\\\/somos-hermanos.mx\\\/\"},{\"@type\":\"ListItem\",\"position\":2,\"name\":\"Forman ni\u00f1os de familias pobres para tener un mejor futuro\"}]},{\"@type\":\"WebSite\",\"@id\":\"https:\\\/\\\/somos-hermanos.mx\\\/#website\",\"url\":\"https:\\\/\\\/somos-hermanos.mx\\\/\",\"name\":\"Historias que inspiran...\",\"description\":\"Somos la voz del altruismo en M\u00e9xico\",\"publisher\":{\"@id\":\"https:\\\/\\\/somos-hermanos.mx\\\/#organization\"},\"potentialAction\":[{\"@type\":\"SearchAction\",\"target\":{\"@type\":\"EntryPoint\",\"urlTemplate\":\"https:\\\/\\\/somos-hermanos.mx\\\/?s={search_term_string}\"},\"query-input\":{\"@type\":\"PropertyValueSpecification\",\"valueRequired\":true,\"valueName\":\"search_term_string\"}}],\"inLanguage\":\"es\"},{\"@type\":\"Organization\",\"@id\":\"https:\\\/\\\/somos-hermanos.mx\\\/#organization\",\"name\":\"Somos Hermanos\",\"url\":\"https:\\\/\\\/somos-hermanos.mx\\\/\",\"logo\":{\"@type\":\"ImageObject\",\"inLanguage\":\"es\",\"@id\":\"https:\\\/\\\/somos-hermanos.mx\\\/#\\\/schema\\\/logo\\\/image\\\/\",\"url\":\"https:\\\/\\\/somos-hermanos.mx\\\/wp-content\\\/uploads\\\/2025\\\/08\\\/SH30-1.jpeg\",\"contentUrl\":\"https:\\\/\\\/somos-hermanos.mx\\\/wp-content\\\/uploads\\\/2025\\\/08\\\/SH30-1.jpeg\",\"width\":1600,\"height\":1142,\"caption\":\"Somos Hermanos\"},\"image\":{\"@id\":\"https:\\\/\\\/somos-hermanos.mx\\\/#\\\/schema\\\/logo\\\/image\\\/\"},\"sameAs\":[\"https:\\\/\\\/www.facebook.com\\\/SomosHermanosIAP\\\/\",\"https:\\\/\\\/x.com\\\/Somos__Hermanos\",\"https:\\\/\\\/www.instagram.com\\\/somos__hermanos\\\/#\",\"https:\\\/\\\/www.tiktok.com\\\/@somoshermanosiap\",\"https:\\\/\\\/www.youtube.com\\\/@somoshermanosiap1201\\\/videos\"]},{\"@type\":\"Person\",\"@id\":\"https:\\\/\\\/somos-hermanos.mx\\\/#\\\/schema\\\/person\\\/b19b77952ccfcc29216b64875087fd1d\",\"name\":\"Beatriz Chora Guzm\u00e1n\",\"image\":{\"@type\":\"ImageObject\",\"inLanguage\":\"es\",\"@id\":\"https:\\\/\\\/secure.gravatar.com\\\/avatar\\\/989d787ee1763c8a47386fa8fc7a28b2ca0543ace37e917230a50f8165df7e6c?s=96&d=mm&r=g\",\"url\":\"https:\\\/\\\/secure.gravatar.com\\\/avatar\\\/989d787ee1763c8a47386fa8fc7a28b2ca0543ace37e917230a50f8165df7e6c?s=96&d=mm&r=g\",\"contentUrl\":\"https:\\\/\\\/secure.gravatar.com\\\/avatar\\\/989d787ee1763c8a47386fa8fc7a28b2ca0543ace37e917230a50f8165df7e6c?s=96&d=mm&r=g\",\"caption\":\"Beatriz Chora Guzm\u00e1n\"},\"url\":\"https:\\\/\\\/somos-hermanos.mx\\\/index.php\\\/author\\\/beatriz-chora-guzman\\\/\"}]}<\/script>\n<!-- \/ Yoast SEO plugin. -->","yoast_head_json":{"title":"Forman ni\u00f1os de familias pobres para tener un mejor futuro - Historias que inspiran...","robots":{"index":"index","follow":"follow","max-snippet":"max-snippet:-1","max-image-preview":"max-image-preview:large","max-video-preview":"max-video-preview:-1"},"canonical":"https:\/\/somos-hermanos.mx\/index.php\/2025\/08\/04\/forman-ninos-de-familias-pobres-para-tener-un-mejor-futuro\/","og_locale":"es_MX","og_type":"article","og_title":"Forman ni\u00f1os de familias pobres para tener un mejor futuro - Historias que inspiran...","og_description":"El Asilo Primavera, IAP es una instituci\u00f3n sin fines de lucro, cuya misi\u00f3n es la de dar un hogar, confianza y disminuir los riegos de que ni\u00f1os de 6 a 13 a\u00f1os, en condici\u00f3n de pobreza y de orfandad,\u00a0tengan un lugar donde sean tratados con amor, respeto y recibir educaci\u00f3n escolar para que en el [&hellip;]","og_url":"https:\/\/somos-hermanos.mx\/index.php\/2025\/08\/04\/forman-ninos-de-familias-pobres-para-tener-un-mejor-futuro\/","og_site_name":"Historias que inspiran...","article_publisher":"https:\/\/www.facebook.com\/SomosHermanosIAP\/","article_published_time":"2025-08-04T10:49:34+00:00","og_image":[{"width":1600,"height":1066,"url":"https:\/\/somos-hermanos.mx\/wp-content\/uploads\/2025\/08\/prima1.jpeg","type":"image\/jpeg"}],"author":"Beatriz Chora Guzm\u00e1n","twitter_card":"summary_large_image","twitter_creator":"@Somos__Hermanos","twitter_site":"@Somos__Hermanos","twitter_misc":{"Escrito por":"Beatriz Chora Guzm\u00e1n","Tiempo de lectura":"3 minutos"},"schema":{"@context":"https:\/\/schema.org","@graph":[{"@type":"Article","@id":"https:\/\/somos-hermanos.mx\/index.php\/2025\/08\/04\/forman-ninos-de-familias-pobres-para-tener-un-mejor-futuro\/#article","isPartOf":{"@id":"https:\/\/somos-hermanos.mx\/index.php\/2025\/08\/04\/forman-ninos-de-familias-pobres-para-tener-un-mejor-futuro\/"},"author":{"name":"Beatriz Chora Guzm\u00e1n","@id":"https:\/\/somos-hermanos.mx\/#\/schema\/person\/b19b77952ccfcc29216b64875087fd1d"},"headline":"Forman ni\u00f1os de familias pobres para tener un mejor futuro","datePublished":"2025-08-04T10:49:34+00:00","mainEntityOfPage":{"@id":"https:\/\/somos-hermanos.mx\/index.php\/2025\/08\/04\/forman-ninos-de-familias-pobres-para-tener-un-mejor-futuro\/"},"wordCount":524,"commentCount":0,"publisher":{"@id":"https:\/\/somos-hermanos.mx\/#organization"},"image":{"@id":"https:\/\/somos-hermanos.mx\/index.php\/2025\/08\/04\/forman-ninos-de-familias-pobres-para-tener-un-mejor-futuro\/#primaryimage"},"thumbnailUrl":"https:\/\/somos-hermanos.mx\/wp-content\/uploads\/2025\/08\/prima1.jpeg","articleSection":["Noticias"],"inLanguage":"es","potentialAction":[{"@type":"CommentAction","name":"Comment","target":["https:\/\/somos-hermanos.mx\/index.php\/2025\/08\/04\/forman-ninos-de-familias-pobres-para-tener-un-mejor-futuro\/#respond"]}]},{"@type":"WebPage","@id":"https:\/\/somos-hermanos.mx\/index.php\/2025\/08\/04\/forman-ninos-de-familias-pobres-para-tener-un-mejor-futuro\/","url":"https:\/\/somos-hermanos.mx\/index.php\/2025\/08\/04\/forman-ninos-de-familias-pobres-para-tener-un-mejor-futuro\/","name":"Forman ni\u00f1os de familias pobres para tener un mejor futuro - Historias que inspiran...","isPartOf":{"@id":"https:\/\/somos-hermanos.mx\/#website"},"primaryImageOfPage":{"@id":"https:\/\/somos-hermanos.mx\/index.php\/2025\/08\/04\/forman-ninos-de-familias-pobres-para-tener-un-mejor-futuro\/#primaryimage"},"image":{"@id":"https:\/\/somos-hermanos.mx\/index.php\/2025\/08\/04\/forman-ninos-de-familias-pobres-para-tener-un-mejor-futuro\/#primaryimage"},"thumbnailUrl":"https:\/\/somos-hermanos.mx\/wp-content\/uploads\/2025\/08\/prima1.jpeg","datePublished":"2025-08-04T10:49:34+00:00","breadcrumb":{"@id":"https:\/\/somos-hermanos.mx\/index.php\/2025\/08\/04\/forman-ninos-de-familias-pobres-para-tener-un-mejor-futuro\/#breadcrumb"},"inLanguage":"es","potentialAction":[{"@type":"ReadAction","target":["https:\/\/somos-hermanos.mx\/index.php\/2025\/08\/04\/forman-ninos-de-familias-pobres-para-tener-un-mejor-futuro\/"]}]},{"@type":"ImageObject","inLanguage":"es","@id":"https:\/\/somos-hermanos.mx\/index.php\/2025\/08\/04\/forman-ninos-de-familias-pobres-para-tener-un-mejor-futuro\/#primaryimage","url":"https:\/\/somos-hermanos.mx\/wp-content\/uploads\/2025\/08\/prima1.jpeg","contentUrl":"https:\/\/somos-hermanos.mx\/wp-content\/uploads\/2025\/08\/prima1.jpeg","width":1600,"height":1066},{"@type":"BreadcrumbList","@id":"https:\/\/somos-hermanos.mx\/index.php\/2025\/08\/04\/forman-ninos-de-familias-pobres-para-tener-un-mejor-futuro\/#breadcrumb","itemListElement":[{"@type":"ListItem","position":1,"name":"Inicio","item":"https:\/\/somos-hermanos.mx\/"},{"@type":"ListItem","position":2,"name":"Forman ni\u00f1os de familias pobres para tener un mejor futuro"}]},{"@type":"WebSite","@id":"https:\/\/somos-hermanos.mx\/#website","url":"https:\/\/somos-hermanos.mx\/","name":"Historias que inspiran...","description":"Somos la voz del altruismo en M\u00e9xico","publisher":{"@id":"https:\/\/somos-hermanos.mx\/#organization"},"potentialAction":[{"@type":"SearchAction","target":{"@type":"EntryPoint","urlTemplate":"https:\/\/somos-hermanos.mx\/?s={search_term_string}"},"query-input":{"@type":"PropertyValueSpecification","valueRequired":true,"valueName":"search_term_string"}}],"inLanguage":"es"},{"@type":"Organization","@id":"https:\/\/somos-hermanos.mx\/#organization","name":"Somos Hermanos","url":"https:\/\/somos-hermanos.mx\/","logo":{"@type":"ImageObject","inLanguage":"es","@id":"https:\/\/somos-hermanos.mx\/#\/schema\/logo\/image\/","url":"https:\/\/somos-hermanos.mx\/wp-content\/uploads\/2025\/08\/SH30-1.jpeg","contentUrl":"https:\/\/somos-hermanos.mx\/wp-content\/uploads\/2025\/08\/SH30-1.jpeg","width":1600,"height":1142,"caption":"Somos Hermanos"},"image":{"@id":"https:\/\/somos-hermanos.mx\/#\/schema\/logo\/image\/"},"sameAs":["https:\/\/www.facebook.com\/SomosHermanosIAP\/","https:\/\/x.com\/Somos__Hermanos","https:\/\/www.instagram.com\/somos__hermanos\/#","https:\/\/www.tiktok.com\/@somoshermanosiap","https:\/\/www.youtube.com\/@somoshermanosiap1201\/videos"]},{"@type":"Person","@id":"https:\/\/somos-hermanos.mx\/#\/schema\/person\/b19b77952ccfcc29216b64875087fd1d","name":"Beatriz Chora Guzm\u00e1n","image":{"@type":"ImageObject","inLanguage":"es","@id":"https:\/\/secure.gravatar.com\/avatar\/989d787ee1763c8a47386fa8fc7a28b2ca0543ace37e917230a50f8165df7e6c?s=96&d=mm&r=g","url":"https:\/\/secure.gravatar.com\/avatar\/989d787ee1763c8a47386fa8fc7a28b2ca0543ace37e917230a50f8165df7e6c?s=96&d=mm&r=g","contentUrl":"https:\/\/secure.gravatar.com\/avatar\/989d787ee1763c8a47386fa8fc7a28b2ca0543ace37e917230a50f8165df7e6c?s=96&d=mm&r=g","caption":"Beatriz Chora Guzm\u00e1n"},"url":"https:\/\/somos-hermanos.mx\/index.php\/author\/beatriz-chora-guzman\/"}]}},"_links":{"self":[{"href":"https:\/\/somos-hermanos.mx\/index.php\/wp-json\/wp\/v2\/posts\/1122","targetHints":{"allow":["GET"]}}],"collection":[{"href":"https:\/\/somos-hermanos.mx\/index.php\/wp-json\/wp\/v2\/posts"}],"about":[{"href":"https:\/\/somos-hermanos.mx\/index.php\/wp-json\/wp\/v2\/types\/post"}],"author":[{"embeddable":true,"href":"https:\/\/somos-hermanos.mx\/index.php\/wp-json\/wp\/v2\/users\/27"}],"replies":[{"embeddable":true,"href":"https:\/\/somos-hermanos.mx\/index.php\/wp-json\/wp\/v2\/comments?post=1122"}],"version-history":[{"count":1,"href":"https:\/\/somos-hermanos.mx\/index.php\/wp-json\/wp\/v2\/posts\/1122\/revisions"}],"predecessor-version":[{"id":1124,"href":"https:\/\/somos-hermanos.mx\/index.php\/wp-json\/wp\/v2\/posts\/1122\/revisions\/1124"}],"wp:featuredmedia":[{"embeddable":true,"href":"https:\/\/somos-hermanos.mx\/index.php\/wp-json\/wp\/v2\/media\/1123"}],"wp:attachment":[{"href":"https:\/\/somos-hermanos.mx\/index.php\/wp-json\/wp\/v2\/media?parent=1122"}],"wp:term":[{"taxonomy":"category","embeddable":true,"href":"https:\/\/somos-hermanos.mx\/index.php\/wp-json\/wp\/v2\/categories?post=1122"},{"taxonomy":"post_tag","embeddable":true,"href":"https:\/\/somos-hermanos.mx\/index.php\/wp-json\/wp\/v2\/tags?post=1122"}],"curies":[{"name":"wp","href":"https:\/\/api.w.org\/{rel}","templated":true}]}}