{"id":1119,"date":"2025-08-04T04:48:20","date_gmt":"2025-08-04T10:48:20","guid":{"rendered":"https:\/\/somos-hermanos.mx\/?p=1119"},"modified":"2025-08-04T04:48:20","modified_gmt":"2025-08-04T10:48:20","slug":"fundacion-barrio-unido-nacida-del-dolor-que-apuesta-por-la-esperanza","status":"publish","type":"post","link":"https:\/\/somos-hermanos.mx\/index.php\/2025\/08\/04\/fundacion-barrio-unido-nacida-del-dolor-que-apuesta-por-la-esperanza\/","title":{"rendered":"Fundaci\u00f3n Barrio Unido: nacida del dolor que apuesta por la esperanza"},"content":{"rendered":"<p>La <strong>Fundaci\u00f3n <\/strong><strong>Barrio Unido IAP surge tras los sismos de septiembre de 1985 como una respuesta solidaria a la devastaci\u00f3n. <\/strong>La organizaci\u00f3n naci\u00f3 cuando la asociaci\u00f3n civil Uni\u00f3n Popular Centro Morelos logr\u00f3 coordinar la reconstrucci\u00f3n de m\u00e1s de 600 viviendas en las colonias Centro y Morelos, colocando desde entonces los derechos humanos y la perspectiva de g\u00e9nero en el centro de su labor.<\/p>\n<p>Ubicada en la intersecci\u00f3n de cuatro de las zonas m\u00e1s vulnerables de la Ciudad de M\u00e9xico como <strong>Tepito, Morelos, Centro y La Merced. <\/strong>Barrio Unido <strong>trabaja en contextos de pobreza, marginaci\u00f3n, violencia y falta de oportunidades.<\/strong>\u00a0En estas comunidades, el acceso a servicios b\u00e1sicos, educaci\u00f3n y empleo suele ser limitado, y las condiciones de vida adversas.<\/p>\n<p>La organizaci\u00f3n se gu\u00eda por valores como la <strong>solidaridad, la no discriminaci\u00f3n, la honestidad y la libertad. <\/strong>Su labor se distingue por ser transparente, comprometida y humana, con un enfoque claro en transformar el entorno de quienes m\u00e1s lo necesitan.<\/p>\n<p>Entre sus principales proyectos destaca el <strong>Comedor Comunitario, que brinda alimentaci\u00f3n balanceada y de calidad durante la semana a personas en situaci\u00f3n vulnerable. <\/strong>M\u00e1s all\u00e1 de cubrir una necesidad b\u00e1sica, el comedor promueve la convivencia y fortalece el tejido social.<\/p>\n<p>Asimismo, Barrio Unido impulsa programas dirigidos al desarrollo integral de las mujeres, ofreci\u00e9ndoles capacitaci\u00f3n laboral, talleres, apoyo psicol\u00f3gico y formaci\u00f3n en igualdad de g\u00e9nero. Estas acciones buscan empoderar a las mujeres para que enfrenten sus circunstancias con m\u00e1s herramientas y oportunidades.<\/p>\n<p>Barrio Unido es un ejemplo de c\u00f3mo la organizaci\u00f3n social y la empat\u00eda pueden transformar realidades complejas y sembrar esperanza donde m\u00e1s se necesita.<\/p>\n","protected":false},"excerpt":{"rendered":"<p>La Fundaci\u00f3n Barrio Unido IAP surge tras los sismos de septiembre de 1985 como una respuesta solidaria a la devastaci\u00f3n. La organizaci\u00f3n naci\u00f3 cuando la asociaci\u00f3n civil Uni\u00f3n Popular Centro Morelos logr\u00f3 coordinar la reconstrucci\u00f3n de m\u00e1s de 600 viviendas en las colonias Centro y Morelos, colocando desde entonces los derechos humanos y la perspectiva [&hellip;]<\/p>\n","protected":false},"author":24,"featured_media":1120,"comment_status":"open","ping_status":"closed","sticky":false,"template":"","format":"standard","meta":{"footnotes":""},"categories":[6],"tags":[],"class_list":["post-1119","post","type-post","status-publish","format-standard","has-post-thumbnail","hentry","category-noticias"],"yoast_head":"<!-- This site is optimized with the Yoast SEO plugin v27.5 - https:\/\/yoast.com\/product\/yoast-seo-wordpress\/ -->\n<title>Fundaci\u00f3n Barrio Unido: nacida del dolor que apuesta por la esperanza - Historias que inspiran...<\/title>\n<meta name=\"robots\" content=\"index, follow, max-snippet:-1, max-image-preview:large, max-video-preview:-1\" \/>\n<link rel=\"canonical\" href=\"https:\/\/somos-hermanos.mx\/index.php\/2025\/08\/04\/fundacion-barrio-unido-nacida-del-dolor-que-apuesta-por-la-esperanza\/\" \/>\n<meta property=\"og:locale\" content=\"es_MX\" \/>\n<meta property=\"og:type\" content=\"article\" \/>\n<meta property=\"og:title\" content=\"Fundaci\u00f3n Barrio Unido: nacida del dolor que apuesta por la esperanza - Historias que inspiran...\" \/>\n<meta property=\"og:description\" content=\"La Fundaci\u00f3n Barrio Unido IAP surge tras los sismos de septiembre de 1985 como una respuesta solidaria a la devastaci\u00f3n. La organizaci\u00f3n naci\u00f3 cuando la asociaci\u00f3n civil Uni\u00f3n Popular Centro Morelos logr\u00f3 coordinar la reconstrucci\u00f3n de m\u00e1s de 600 viviendas en las colonias Centro y Morelos, colocando desde entonces los derechos humanos y la perspectiva [&hellip;]\" \/>\n<meta property=\"og:url\" content=\"https:\/\/somos-hermanos.mx\/index.php\/2025\/08\/04\/fundacion-barrio-unido-nacida-del-dolor-que-apuesta-por-la-esperanza\/\" \/>\n<meta property=\"og:site_name\" content=\"Historias que inspiran...\" \/>\n<meta property=\"article:publisher\" content=\"https:\/\/www.facebook.com\/SomosHermanosIAP\/\" \/>\n<meta property=\"article:published_time\" content=\"2025-08-04T10:48:20+00:00\" \/>\n<meta property=\"og:image\" content=\"https:\/\/somos-hermanos.mx\/wp-content\/uploads\/2025\/08\/barrio2.jpeg\" \/>\n\t<meta property=\"og:image:width\" content=\"604\" \/>\n\t<meta property=\"og:image:height\" content=\"926\" \/>\n\t<meta property=\"og:image:type\" content=\"image\/jpeg\" \/>\n<meta name=\"author\" content=\"Joaquin Samano Rodriguez\" \/>\n<meta name=\"twitter:card\" content=\"summary_large_image\" \/>\n<meta name=\"twitter:creator\" content=\"@Somos__Hermanos\" \/>\n<meta name=\"twitter:site\" content=\"@Somos__Hermanos\" \/>\n<meta name=\"twitter:label1\" content=\"Escrito por\" \/>\n\t<meta name=\"twitter:data1\" content=\"Joaquin Samano Rodriguez\" \/>\n\t<meta name=\"twitter:label2\" content=\"Tiempo de lectura\" \/>\n\t<meta name=\"twitter:data2\" content=\"2 minutos\" \/>\n<script type=\"application\/ld+json\" class=\"yoast-schema-graph\">{\"@context\":\"https:\\\/\\\/schema.org\",\"@graph\":[{\"@type\":\"Article\",\"@id\":\"https:\\\/\\\/somos-hermanos.mx\\\/index.php\\\/2025\\\/08\\\/04\\\/fundacion-barrio-unido-nacida-del-dolor-que-apuesta-por-la-esperanza\\\/#article\",\"isPartOf\":{\"@id\":\"https:\\\/\\\/somos-hermanos.mx\\\/index.php\\\/2025\\\/08\\\/04\\\/fundacion-barrio-unido-nacida-del-dolor-que-apuesta-por-la-esperanza\\\/\"},\"author\":{\"name\":\"Joaquin Samano Rodriguez\",\"@id\":\"https:\\\/\\\/somos-hermanos.mx\\\/#\\\/schema\\\/person\\\/5b3557797474582d21f3cc36320a00fb\"},\"headline\":\"Fundaci\u00f3n Barrio Unido: nacida del dolor que apuesta por la esperanza\",\"datePublished\":\"2025-08-04T10:48:20+00:00\",\"mainEntityOfPage\":{\"@id\":\"https:\\\/\\\/somos-hermanos.mx\\\/index.php\\\/2025\\\/08\\\/04\\\/fundacion-barrio-unido-nacida-del-dolor-que-apuesta-por-la-esperanza\\\/\"},\"wordCount\":306,\"commentCount\":0,\"publisher\":{\"@id\":\"https:\\\/\\\/somos-hermanos.mx\\\/#organization\"},\"image\":{\"@id\":\"https:\\\/\\\/somos-hermanos.mx\\\/index.php\\\/2025\\\/08\\\/04\\\/fundacion-barrio-unido-nacida-del-dolor-que-apuesta-por-la-esperanza\\\/#primaryimage\"},\"thumbnailUrl\":\"https:\\\/\\\/somos-hermanos.mx\\\/wp-content\\\/uploads\\\/2025\\\/08\\\/barrio2.jpeg\",\"articleSection\":[\"Noticias\"],\"inLanguage\":\"es\",\"potentialAction\":[{\"@type\":\"CommentAction\",\"name\":\"Comment\",\"target\":[\"https:\\\/\\\/somos-hermanos.mx\\\/index.php\\\/2025\\\/08\\\/04\\\/fundacion-barrio-unido-nacida-del-dolor-que-apuesta-por-la-esperanza\\\/#respond\"]}]},{\"@type\":\"WebPage\",\"@id\":\"https:\\\/\\\/somos-hermanos.mx\\\/index.php\\\/2025\\\/08\\\/04\\\/fundacion-barrio-unido-nacida-del-dolor-que-apuesta-por-la-esperanza\\\/\",\"url\":\"https:\\\/\\\/somos-hermanos.mx\\\/index.php\\\/2025\\\/08\\\/04\\\/fundacion-barrio-unido-nacida-del-dolor-que-apuesta-por-la-esperanza\\\/\",\"name\":\"Fundaci\u00f3n Barrio Unido: nacida del dolor que apuesta por la esperanza - Historias que inspiran...\",\"isPartOf\":{\"@id\":\"https:\\\/\\\/somos-hermanos.mx\\\/#website\"},\"primaryImageOfPage\":{\"@id\":\"https:\\\/\\\/somos-hermanos.mx\\\/index.php\\\/2025\\\/08\\\/04\\\/fundacion-barrio-unido-nacida-del-dolor-que-apuesta-por-la-esperanza\\\/#primaryimage\"},\"image\":{\"@id\":\"https:\\\/\\\/somos-hermanos.mx\\\/index.php\\\/2025\\\/08\\\/04\\\/fundacion-barrio-unido-nacida-del-dolor-que-apuesta-por-la-esperanza\\\/#primaryimage\"},\"thumbnailUrl\":\"https:\\\/\\\/somos-hermanos.mx\\\/wp-content\\\/uploads\\\/2025\\\/08\\\/barrio2.jpeg\",\"datePublished\":\"2025-08-04T10:48:20+00:00\",\"breadcrumb\":{\"@id\":\"https:\\\/\\\/somos-hermanos.mx\\\/index.php\\\/2025\\\/08\\\/04\\\/fundacion-barrio-unido-nacida-del-dolor-que-apuesta-por-la-esperanza\\\/#breadcrumb\"},\"inLanguage\":\"es\",\"potentialAction\":[{\"@type\":\"ReadAction\",\"target\":[\"https:\\\/\\\/somos-hermanos.mx\\\/index.php\\\/2025\\\/08\\\/04\\\/fundacion-barrio-unido-nacida-del-dolor-que-apuesta-por-la-esperanza\\\/\"]}]},{\"@type\":\"ImageObject\",\"inLanguage\":\"es\",\"@id\":\"https:\\\/\\\/somos-hermanos.mx\\\/index.php\\\/2025\\\/08\\\/04\\\/fundacion-barrio-unido-nacida-del-dolor-que-apuesta-por-la-esperanza\\\/#primaryimage\",\"url\":\"https:\\\/\\\/somos-hermanos.mx\\\/wp-content\\\/uploads\\\/2025\\\/08\\\/barrio2.jpeg\",\"contentUrl\":\"https:\\\/\\\/somos-hermanos.mx\\\/wp-content\\\/uploads\\\/2025\\\/08\\\/barrio2.jpeg\",\"width\":604,\"height\":926},{\"@type\":\"BreadcrumbList\",\"@id\":\"https:\\\/\\\/somos-hermanos.mx\\\/index.php\\\/2025\\\/08\\\/04\\\/fundacion-barrio-unido-nacida-del-dolor-que-apuesta-por-la-esperanza\\\/#breadcrumb\",\"itemListElement\":[{\"@type\":\"ListItem\",\"position\":1,\"name\":\"Inicio\",\"item\":\"https:\\\/\\\/somos-hermanos.mx\\\/\"},{\"@type\":\"ListItem\",\"position\":2,\"name\":\"Fundaci\u00f3n Barrio Unido: nacida del dolor que apuesta por la esperanza\"}]},{\"@type\":\"WebSite\",\"@id\":\"https:\\\/\\\/somos-hermanos.mx\\\/#website\",\"url\":\"https:\\\/\\\/somos-hermanos.mx\\\/\",\"name\":\"Historias que inspiran...\",\"description\":\"Somos la voz del altruismo en M\u00e9xico\",\"publisher\":{\"@id\":\"https:\\\/\\\/somos-hermanos.mx\\\/#organization\"},\"potentialAction\":[{\"@type\":\"SearchAction\",\"target\":{\"@type\":\"EntryPoint\",\"urlTemplate\":\"https:\\\/\\\/somos-hermanos.mx\\\/?s={search_term_string}\"},\"query-input\":{\"@type\":\"PropertyValueSpecification\",\"valueRequired\":true,\"valueName\":\"search_term_string\"}}],\"inLanguage\":\"es\"},{\"@type\":\"Organization\",\"@id\":\"https:\\\/\\\/somos-hermanos.mx\\\/#organization\",\"name\":\"Somos Hermanos\",\"url\":\"https:\\\/\\\/somos-hermanos.mx\\\/\",\"logo\":{\"@type\":\"ImageObject\",\"inLanguage\":\"es\",\"@id\":\"https:\\\/\\\/somos-hermanos.mx\\\/#\\\/schema\\\/logo\\\/image\\\/\",\"url\":\"https:\\\/\\\/somos-hermanos.mx\\\/wp-content\\\/uploads\\\/2025\\\/08\\\/SH30-1.jpeg\",\"contentUrl\":\"https:\\\/\\\/somos-hermanos.mx\\\/wp-content\\\/uploads\\\/2025\\\/08\\\/SH30-1.jpeg\",\"width\":1600,\"height\":1142,\"caption\":\"Somos Hermanos\"},\"image\":{\"@id\":\"https:\\\/\\\/somos-hermanos.mx\\\/#\\\/schema\\\/logo\\\/image\\\/\"},\"sameAs\":[\"https:\\\/\\\/www.facebook.com\\\/SomosHermanosIAP\\\/\",\"https:\\\/\\\/x.com\\\/Somos__Hermanos\",\"https:\\\/\\\/www.instagram.com\\\/somos__hermanos\\\/#\",\"https:\\\/\\\/www.tiktok.com\\\/@somoshermanosiap\",\"https:\\\/\\\/www.youtube.com\\\/@somoshermanosiap1201\\\/videos\"]},{\"@type\":\"Person\",\"@id\":\"https:\\\/\\\/somos-hermanos.mx\\\/#\\\/schema\\\/person\\\/5b3557797474582d21f3cc36320a00fb\",\"name\":\"Joaquin Samano Rodriguez\",\"image\":{\"@type\":\"ImageObject\",\"inLanguage\":\"es\",\"@id\":\"https:\\\/\\\/secure.gravatar.com\\\/avatar\\\/27bf3879265a77b9831b2ead2a268051b3e31f39ceebd5858d7cdd8540196a35?s=96&d=mm&r=g\",\"url\":\"https:\\\/\\\/secure.gravatar.com\\\/avatar\\\/27bf3879265a77b9831b2ead2a268051b3e31f39ceebd5858d7cdd8540196a35?s=96&d=mm&r=g\",\"contentUrl\":\"https:\\\/\\\/secure.gravatar.com\\\/avatar\\\/27bf3879265a77b9831b2ead2a268051b3e31f39ceebd5858d7cdd8540196a35?s=96&d=mm&r=g\",\"caption\":\"Joaquin Samano Rodriguez\"},\"url\":\"https:\\\/\\\/somos-hermanos.mx\\\/index.php\\\/author\\\/joaquin-samano-rodriguez\\\/\"}]}<\/script>\n<!-- \/ Yoast SEO plugin. -->","yoast_head_json":{"title":"Fundaci\u00f3n Barrio Unido: nacida del dolor que apuesta por la esperanza - Historias que inspiran...","robots":{"index":"index","follow":"follow","max-snippet":"max-snippet:-1","max-image-preview":"max-image-preview:large","max-video-preview":"max-video-preview:-1"},"canonical":"https:\/\/somos-hermanos.mx\/index.php\/2025\/08\/04\/fundacion-barrio-unido-nacida-del-dolor-que-apuesta-por-la-esperanza\/","og_locale":"es_MX","og_type":"article","og_title":"Fundaci\u00f3n Barrio Unido: nacida del dolor que apuesta por la esperanza - Historias que inspiran...","og_description":"La Fundaci\u00f3n Barrio Unido IAP surge tras los sismos de septiembre de 1985 como una respuesta solidaria a la devastaci\u00f3n. La organizaci\u00f3n naci\u00f3 cuando la asociaci\u00f3n civil Uni\u00f3n Popular Centro Morelos logr\u00f3 coordinar la reconstrucci\u00f3n de m\u00e1s de 600 viviendas en las colonias Centro y Morelos, colocando desde entonces los derechos humanos y la perspectiva [&hellip;]","og_url":"https:\/\/somos-hermanos.mx\/index.php\/2025\/08\/04\/fundacion-barrio-unido-nacida-del-dolor-que-apuesta-por-la-esperanza\/","og_site_name":"Historias que inspiran...","article_publisher":"https:\/\/www.facebook.com\/SomosHermanosIAP\/","article_published_time":"2025-08-04T10:48:20+00:00","og_image":[{"width":604,"height":926,"url":"https:\/\/somos-hermanos.mx\/wp-content\/uploads\/2025\/08\/barrio2.jpeg","type":"image\/jpeg"}],"author":"Joaquin Samano Rodriguez","twitter_card":"summary_large_image","twitter_creator":"@Somos__Hermanos","twitter_site":"@Somos__Hermanos","twitter_misc":{"Escrito por":"Joaquin Samano Rodriguez","Tiempo de lectura":"2 minutos"},"schema":{"@context":"https:\/\/schema.org","@graph":[{"@type":"Article","@id":"https:\/\/somos-hermanos.mx\/index.php\/2025\/08\/04\/fundacion-barrio-unido-nacida-del-dolor-que-apuesta-por-la-esperanza\/#article","isPartOf":{"@id":"https:\/\/somos-hermanos.mx\/index.php\/2025\/08\/04\/fundacion-barrio-unido-nacida-del-dolor-que-apuesta-por-la-esperanza\/"},"author":{"name":"Joaquin Samano Rodriguez","@id":"https:\/\/somos-hermanos.mx\/#\/schema\/person\/5b3557797474582d21f3cc36320a00fb"},"headline":"Fundaci\u00f3n Barrio Unido: nacida del dolor que apuesta por la esperanza","datePublished":"2025-08-04T10:48:20+00:00","mainEntityOfPage":{"@id":"https:\/\/somos-hermanos.mx\/index.php\/2025\/08\/04\/fundacion-barrio-unido-nacida-del-dolor-que-apuesta-por-la-esperanza\/"},"wordCount":306,"commentCount":0,"publisher":{"@id":"https:\/\/somos-hermanos.mx\/#organization"},"image":{"@id":"https:\/\/somos-hermanos.mx\/index.php\/2025\/08\/04\/fundacion-barrio-unido-nacida-del-dolor-que-apuesta-por-la-esperanza\/#primaryimage"},"thumbnailUrl":"https:\/\/somos-hermanos.mx\/wp-content\/uploads\/2025\/08\/barrio2.jpeg","articleSection":["Noticias"],"inLanguage":"es","potentialAction":[{"@type":"CommentAction","name":"Comment","target":["https:\/\/somos-hermanos.mx\/index.php\/2025\/08\/04\/fundacion-barrio-unido-nacida-del-dolor-que-apuesta-por-la-esperanza\/#respond"]}]},{"@type":"WebPage","@id":"https:\/\/somos-hermanos.mx\/index.php\/2025\/08\/04\/fundacion-barrio-unido-nacida-del-dolor-que-apuesta-por-la-esperanza\/","url":"https:\/\/somos-hermanos.mx\/index.php\/2025\/08\/04\/fundacion-barrio-unido-nacida-del-dolor-que-apuesta-por-la-esperanza\/","name":"Fundaci\u00f3n Barrio Unido: nacida del dolor que apuesta por la esperanza - Historias que inspiran...","isPartOf":{"@id":"https:\/\/somos-hermanos.mx\/#website"},"primaryImageOfPage":{"@id":"https:\/\/somos-hermanos.mx\/index.php\/2025\/08\/04\/fundacion-barrio-unido-nacida-del-dolor-que-apuesta-por-la-esperanza\/#primaryimage"},"image":{"@id":"https:\/\/somos-hermanos.mx\/index.php\/2025\/08\/04\/fundacion-barrio-unido-nacida-del-dolor-que-apuesta-por-la-esperanza\/#primaryimage"},"thumbnailUrl":"https:\/\/somos-hermanos.mx\/wp-content\/uploads\/2025\/08\/barrio2.jpeg","datePublished":"2025-08-04T10:48:20+00:00","breadcrumb":{"@id":"https:\/\/somos-hermanos.mx\/index.php\/2025\/08\/04\/fundacion-barrio-unido-nacida-del-dolor-que-apuesta-por-la-esperanza\/#breadcrumb"},"inLanguage":"es","potentialAction":[{"@type":"ReadAction","target":["https:\/\/somos-hermanos.mx\/index.php\/2025\/08\/04\/fundacion-barrio-unido-nacida-del-dolor-que-apuesta-por-la-esperanza\/"]}]},{"@type":"ImageObject","inLanguage":"es","@id":"https:\/\/somos-hermanos.mx\/index.php\/2025\/08\/04\/fundacion-barrio-unido-nacida-del-dolor-que-apuesta-por-la-esperanza\/#primaryimage","url":"https:\/\/somos-hermanos.mx\/wp-content\/uploads\/2025\/08\/barrio2.jpeg","contentUrl":"https:\/\/somos-hermanos.mx\/wp-content\/uploads\/2025\/08\/barrio2.jpeg","width":604,"height":926},{"@type":"BreadcrumbList","@id":"https:\/\/somos-hermanos.mx\/index.php\/2025\/08\/04\/fundacion-barrio-unido-nacida-del-dolor-que-apuesta-por-la-esperanza\/#breadcrumb","itemListElement":[{"@type":"ListItem","position":1,"name":"Inicio","item":"https:\/\/somos-hermanos.mx\/"},{"@type":"ListItem","position":2,"name":"Fundaci\u00f3n Barrio Unido: nacida del dolor que apuesta por la esperanza"}]},{"@type":"WebSite","@id":"https:\/\/somos-hermanos.mx\/#website","url":"https:\/\/somos-hermanos.mx\/","name":"Historias que inspiran...","description":"Somos la voz del altruismo en M\u00e9xico","publisher":{"@id":"https:\/\/somos-hermanos.mx\/#organization"},"potentialAction":[{"@type":"SearchAction","target":{"@type":"EntryPoint","urlTemplate":"https:\/\/somos-hermanos.mx\/?s={search_term_string}"},"query-input":{"@type":"PropertyValueSpecification","valueRequired":true,"valueName":"search_term_string"}}],"inLanguage":"es"},{"@type":"Organization","@id":"https:\/\/somos-hermanos.mx\/#organization","name":"Somos Hermanos","url":"https:\/\/somos-hermanos.mx\/","logo":{"@type":"ImageObject","inLanguage":"es","@id":"https:\/\/somos-hermanos.mx\/#\/schema\/logo\/image\/","url":"https:\/\/somos-hermanos.mx\/wp-content\/uploads\/2025\/08\/SH30-1.jpeg","contentUrl":"https:\/\/somos-hermanos.mx\/wp-content\/uploads\/2025\/08\/SH30-1.jpeg","width":1600,"height":1142,"caption":"Somos Hermanos"},"image":{"@id":"https:\/\/somos-hermanos.mx\/#\/schema\/logo\/image\/"},"sameAs":["https:\/\/www.facebook.com\/SomosHermanosIAP\/","https:\/\/x.com\/Somos__Hermanos","https:\/\/www.instagram.com\/somos__hermanos\/#","https:\/\/www.tiktok.com\/@somoshermanosiap","https:\/\/www.youtube.com\/@somoshermanosiap1201\/videos"]},{"@type":"Person","@id":"https:\/\/somos-hermanos.mx\/#\/schema\/person\/5b3557797474582d21f3cc36320a00fb","name":"Joaquin Samano Rodriguez","image":{"@type":"ImageObject","inLanguage":"es","@id":"https:\/\/secure.gravatar.com\/avatar\/27bf3879265a77b9831b2ead2a268051b3e31f39ceebd5858d7cdd8540196a35?s=96&d=mm&r=g","url":"https:\/\/secure.gravatar.com\/avatar\/27bf3879265a77b9831b2ead2a268051b3e31f39ceebd5858d7cdd8540196a35?s=96&d=mm&r=g","contentUrl":"https:\/\/secure.gravatar.com\/avatar\/27bf3879265a77b9831b2ead2a268051b3e31f39ceebd5858d7cdd8540196a35?s=96&d=mm&r=g","caption":"Joaquin Samano Rodriguez"},"url":"https:\/\/somos-hermanos.mx\/index.php\/author\/joaquin-samano-rodriguez\/"}]}},"_links":{"self":[{"href":"https:\/\/somos-hermanos.mx\/index.php\/wp-json\/wp\/v2\/posts\/1119","targetHints":{"allow":["GET"]}}],"collection":[{"href":"https:\/\/somos-hermanos.mx\/index.php\/wp-json\/wp\/v2\/posts"}],"about":[{"href":"https:\/\/somos-hermanos.mx\/index.php\/wp-json\/wp\/v2\/types\/post"}],"author":[{"embeddable":true,"href":"https:\/\/somos-hermanos.mx\/index.php\/wp-json\/wp\/v2\/users\/24"}],"replies":[{"embeddable":true,"href":"https:\/\/somos-hermanos.mx\/index.php\/wp-json\/wp\/v2\/comments?post=1119"}],"version-history":[{"count":1,"href":"https:\/\/somos-hermanos.mx\/index.php\/wp-json\/wp\/v2\/posts\/1119\/revisions"}],"predecessor-version":[{"id":1121,"href":"https:\/\/somos-hermanos.mx\/index.php\/wp-json\/wp\/v2\/posts\/1119\/revisions\/1121"}],"wp:featuredmedia":[{"embeddable":true,"href":"https:\/\/somos-hermanos.mx\/index.php\/wp-json\/wp\/v2\/media\/1120"}],"wp:attachment":[{"href":"https:\/\/somos-hermanos.mx\/index.php\/wp-json\/wp\/v2\/media?parent=1119"}],"wp:term":[{"taxonomy":"category","embeddable":true,"href":"https:\/\/somos-hermanos.mx\/index.php\/wp-json\/wp\/v2\/categories?post=1119"},{"taxonomy":"post_tag","embeddable":true,"href":"https:\/\/somos-hermanos.mx\/index.php\/wp-json\/wp\/v2\/tags?post=1119"}],"curies":[{"name":"wp","href":"https:\/\/api.w.org\/{rel}","templated":true}]}}