{"id":1116,"date":"2025-08-04T04:47:19","date_gmt":"2025-08-04T10:47:19","guid":{"rendered":"https:\/\/somos-hermanos.mx\/?p=1116"},"modified":"2025-08-04T04:47:19","modified_gmt":"2025-08-04T10:47:19","slug":"educacion-salud-y-compromiso-el-trabajo-de-la-federacion-mexicana-de-diabetes","status":"publish","type":"post","link":"https:\/\/somos-hermanos.mx\/index.php\/2025\/08\/04\/educacion-salud-y-compromiso-el-trabajo-de-la-federacion-mexicana-de-diabetes\/","title":{"rendered":"Educaci\u00f3n, salud y compromiso: El trabajo de la Federaci\u00f3n Mexicana de Diabetes"},"content":{"rendered":"<p>La Federaci\u00f3n Mexicana de Diabetes AC (FMD), es una organizaci\u00f3n sin fines de lucro que, desde su fundaci\u00f3n en 1900, <strong>ha trabajado activamente para mejorar la calidad de vida de las personas que viven con diabetes<\/strong>\u00a0en M\u00e9xico.<\/p>\n<p>Con sede en la Ciudad de M\u00e9xico, esta instituci\u00f3n <strong>se ha consolidado como una de las principales entidades dedicadas a la educaci\u00f3n, prevenci\u00f3n y concientizaci\u00f3n sobre esta enfermedad cr\u00f3nica <\/strong>que afecta, de acuerdo a la Encuesta Nacional de Salud y Nutrici\u00f3n publicada en 2022, estim\u00f3 que m\u00e1s de <strong>12 millones de personas viven con diabetes.<\/strong><\/p>\n<p>La misi\u00f3n de la FMD tiene por objetivo promover la educaci\u00f3n en diabetes como herramienta fundamental para el autocuidado y la prevenci\u00f3n de complicaciones. A trav\u00e9s de diversos programas y alianzas, la Federaci\u00f3n busca empoderar a las personas con diabetes y a sus familias, fomentando una participaci\u00f3n activa en el manejo de su condici\u00f3n.<\/p>\n<h2><strong>Educaci\u00f3n en diabetes: eje central de la Federaci\u00f3n<\/strong><\/h2>\n<p>M\u00e9xico ocupa uno de los primeros lugares a nivel mundial en prevalencia de diabetes tipo 2, con estimaciones que se\u00f1alan que <strong>m\u00e1s del 10% de la poblaci\u00f3n adulta vive con esta enfermedad. <\/strong>Ante este panorama, el trabajo de la FMD resulta crucial para enfrentar los retos que plantea este diagn\u00f3stico silencioso. La organizaci\u00f3n promueve un enfoque integral que combina la educaci\u00f3n m\u00e9dica, el acompa\u00f1amiento emocional y el fomento de h\u00e1bitos saludables como pilares para una vida plena con diabetes.<\/p>\n<p>Uno de los pilares fundamentales de la Federaci\u00f3n es la educaci\u00f3n en diabetes, un concepto que va m\u00e1s all\u00e1 de la simple transmisi\u00f3n de informaci\u00f3n. Se trata de un proceso continuo que involucra al paciente, su entorno familiar, profesionales de la salud y la comunidad en general.<\/p>\n<p>La Federaci\u00f3n ofrece cursos, talleres, diplomados y conferencias tanto presenciales como en l\u00ednea, dirigidos a personas con diabetes, cuidadores, m\u00e9dicos y nutri\u00f3logos.<\/p>\n<p>Adem\u00e1s, la FMD coordina una red de asociaciones afiliadas en distintas entidades del pa\u00eds, lo que permite ampliar su alcance y llevar sus servicios a m\u00e1s regiones. Estas asociaciones locales replican los programas educativos, organizan campa\u00f1as de detecci\u00f3n oportuna y promueven el acceso a atenci\u00f3n m\u00e9dica y psicol\u00f3gica.<\/p>\n<h2><strong>El Congreso Nacional de Educaci\u00f3n en Diabetes y actividades de concientizaci\u00f3n<\/strong><\/h2>\n<p>Una de las iniciativas m\u00e1s destacadas de la FMD es el Congreso Nacional de Educaci\u00f3n en Diabetes, evento anual que re\u00fane a expertos nacionales e internacionales en el tema. En este espacio se discuten avances cient\u00edficos, estrategias de tratamiento y herramientas educativas, lo que lo convierte en un referente para los profesionales de la salud y para la comunidad interesada en el manejo de la diabetes. La trig\u00e9sima tercera edici\u00f3n del congreso tuvo lugar en San Juan del R\u00edo, Quer\u00e9taro del cinco al siete de septiembre del 2024.<\/p>\n<p>La Federaci\u00f3n tambi\u00e9n impulsa campa\u00f1as de concientizaci\u00f3n como el D\u00eda Mundial de la Diabetes, celebrado el 14 de noviembre. Durante esta jornada se realizan ferias de salud, caminatas, iluminaci\u00f3n de monumentos y otras actividades p\u00fablicas destinadas a sensibilizar sobre la importancia de la prevenci\u00f3n y detecci\u00f3n temprana de la enfermedad.<\/p>\n<h2><strong>Un actor clave en el combate contra la diabetes<\/strong><\/h2>\n<p>Gracias a su compromiso \u00e9tico y profesional, la FMD ha sido reconocida por diversas instituciones nacionales e internacionales, incluyendo la Federaci\u00f3n Internacional de Diabetes (IDF, por sus siglas en ingl\u00e9s), de la cual es miembro activo. Esta relaci\u00f3n permite compartir experiencias y recursos con otros pa\u00edses, fortaleciendo as\u00ed las estrategias de combate global contra la diabetes.<\/p>\n<p>La Federaci\u00f3n Mexicana de Diabetes AC, representa un esfuerzo continuo y organizado por ofrecer soluciones pr\u00e1cticas y humanas frente a una de las principales causas de enfermedad y muerte en M\u00e9xico. Su labor educativa, su enfoque comunitario y su capacidad de generar alianzas efectivas la convierten en un actor clave en la lucha contra la diabetes en nuestro pa\u00eds.<\/p>\n","protected":false},"excerpt":{"rendered":"<p>La Federaci\u00f3n Mexicana de Diabetes AC (FMD), es una organizaci\u00f3n sin fines de lucro que, desde su fundaci\u00f3n en 1900, ha trabajado activamente para mejorar la calidad de vida de las personas que viven con diabetes\u00a0en M\u00e9xico. Con sede en la Ciudad de M\u00e9xico, esta instituci\u00f3n se ha consolidado como una de las principales entidades [&hellip;]<\/p>\n","protected":false},"author":2,"featured_media":1117,"comment_status":"open","ping_status":"closed","sticky":false,"template":"","format":"standard","meta":{"footnotes":""},"categories":[6],"tags":[],"class_list":["post-1116","post","type-post","status-publish","format-standard","has-post-thumbnail","hentry","category-noticias"],"yoast_head":"<!-- This site is optimized with the Yoast SEO plugin v27.5 - https:\/\/yoast.com\/product\/yoast-seo-wordpress\/ -->\n<title>Educaci\u00f3n, salud y compromiso: El trabajo de la Federaci\u00f3n Mexicana de Diabetes - Historias que inspiran...<\/title>\n<meta name=\"robots\" content=\"index, follow, max-snippet:-1, max-image-preview:large, max-video-preview:-1\" \/>\n<link rel=\"canonical\" href=\"https:\/\/somos-hermanos.mx\/index.php\/2025\/08\/04\/educacion-salud-y-compromiso-el-trabajo-de-la-federacion-mexicana-de-diabetes\/\" \/>\n<meta property=\"og:locale\" content=\"es_MX\" \/>\n<meta property=\"og:type\" content=\"article\" \/>\n<meta property=\"og:title\" content=\"Educaci\u00f3n, salud y compromiso: El trabajo de la Federaci\u00f3n Mexicana de Diabetes - Historias que inspiran...\" \/>\n<meta property=\"og:description\" content=\"La Federaci\u00f3n Mexicana de Diabetes AC (FMD), es una organizaci\u00f3n sin fines de lucro que, desde su fundaci\u00f3n en 1900, ha trabajado activamente para mejorar la calidad de vida de las personas que viven con diabetes\u00a0en M\u00e9xico. Con sede en la Ciudad de M\u00e9xico, esta instituci\u00f3n se ha consolidado como una de las principales entidades [&hellip;]\" \/>\n<meta property=\"og:url\" content=\"https:\/\/somos-hermanos.mx\/index.php\/2025\/08\/04\/educacion-salud-y-compromiso-el-trabajo-de-la-federacion-mexicana-de-diabetes\/\" \/>\n<meta property=\"og:site_name\" content=\"Historias que inspiran...\" \/>\n<meta property=\"article:publisher\" content=\"https:\/\/www.facebook.com\/SomosHermanosIAP\/\" \/>\n<meta property=\"article:published_time\" content=\"2025-08-04T10:47:19+00:00\" \/>\n<meta property=\"og:image\" content=\"https:\/\/somos-hermanos.mx\/wp-content\/uploads\/2025\/08\/diab1.jpeg\" \/>\n\t<meta property=\"og:image:width\" content=\"1280\" \/>\n\t<meta property=\"og:image:height\" content=\"1600\" \/>\n\t<meta property=\"og:image:type\" content=\"image\/jpeg\" \/>\n<meta name=\"author\" content=\"Redacci\u00f3n\" \/>\n<meta name=\"twitter:card\" content=\"summary_large_image\" \/>\n<meta name=\"twitter:creator\" content=\"@Somos__Hermanos\" \/>\n<meta name=\"twitter:site\" content=\"@Somos__Hermanos\" \/>\n<meta name=\"twitter:label1\" content=\"Escrito por\" \/>\n\t<meta name=\"twitter:data1\" content=\"Redacci\u00f3n\" \/>\n\t<meta name=\"twitter:label2\" content=\"Tiempo de lectura\" \/>\n\t<meta name=\"twitter:data2\" content=\"4 minutos\" \/>\n<script type=\"application\/ld+json\" class=\"yoast-schema-graph\">{\"@context\":\"https:\\\/\\\/schema.org\",\"@graph\":[{\"@type\":\"Article\",\"@id\":\"https:\\\/\\\/somos-hermanos.mx\\\/index.php\\\/2025\\\/08\\\/04\\\/educacion-salud-y-compromiso-el-trabajo-de-la-federacion-mexicana-de-diabetes\\\/#article\",\"isPartOf\":{\"@id\":\"https:\\\/\\\/somos-hermanos.mx\\\/index.php\\\/2025\\\/08\\\/04\\\/educacion-salud-y-compromiso-el-trabajo-de-la-federacion-mexicana-de-diabetes\\\/\"},\"author\":{\"name\":\"Redacci\u00f3n\",\"@id\":\"https:\\\/\\\/somos-hermanos.mx\\\/#\\\/schema\\\/person\\\/72be0deaeb1d387148bc8db9a84cd13a\"},\"headline\":\"Educaci\u00f3n, salud y compromiso: El trabajo de la Federaci\u00f3n Mexicana de Diabetes\",\"datePublished\":\"2025-08-04T10:47:19+00:00\",\"mainEntityOfPage\":{\"@id\":\"https:\\\/\\\/somos-hermanos.mx\\\/index.php\\\/2025\\\/08\\\/04\\\/educacion-salud-y-compromiso-el-trabajo-de-la-federacion-mexicana-de-diabetes\\\/\"},\"wordCount\":706,\"commentCount\":0,\"publisher\":{\"@id\":\"https:\\\/\\\/somos-hermanos.mx\\\/#organization\"},\"image\":{\"@id\":\"https:\\\/\\\/somos-hermanos.mx\\\/index.php\\\/2025\\\/08\\\/04\\\/educacion-salud-y-compromiso-el-trabajo-de-la-federacion-mexicana-de-diabetes\\\/#primaryimage\"},\"thumbnailUrl\":\"https:\\\/\\\/somos-hermanos.mx\\\/wp-content\\\/uploads\\\/2025\\\/08\\\/diab1.jpeg\",\"articleSection\":[\"Noticias\"],\"inLanguage\":\"es\",\"potentialAction\":[{\"@type\":\"CommentAction\",\"name\":\"Comment\",\"target\":[\"https:\\\/\\\/somos-hermanos.mx\\\/index.php\\\/2025\\\/08\\\/04\\\/educacion-salud-y-compromiso-el-trabajo-de-la-federacion-mexicana-de-diabetes\\\/#respond\"]}]},{\"@type\":\"WebPage\",\"@id\":\"https:\\\/\\\/somos-hermanos.mx\\\/index.php\\\/2025\\\/08\\\/04\\\/educacion-salud-y-compromiso-el-trabajo-de-la-federacion-mexicana-de-diabetes\\\/\",\"url\":\"https:\\\/\\\/somos-hermanos.mx\\\/index.php\\\/2025\\\/08\\\/04\\\/educacion-salud-y-compromiso-el-trabajo-de-la-federacion-mexicana-de-diabetes\\\/\",\"name\":\"Educaci\u00f3n, salud y compromiso: El trabajo de la Federaci\u00f3n Mexicana de Diabetes - Historias que inspiran...\",\"isPartOf\":{\"@id\":\"https:\\\/\\\/somos-hermanos.mx\\\/#website\"},\"primaryImageOfPage\":{\"@id\":\"https:\\\/\\\/somos-hermanos.mx\\\/index.php\\\/2025\\\/08\\\/04\\\/educacion-salud-y-compromiso-el-trabajo-de-la-federacion-mexicana-de-diabetes\\\/#primaryimage\"},\"image\":{\"@id\":\"https:\\\/\\\/somos-hermanos.mx\\\/index.php\\\/2025\\\/08\\\/04\\\/educacion-salud-y-compromiso-el-trabajo-de-la-federacion-mexicana-de-diabetes\\\/#primaryimage\"},\"thumbnailUrl\":\"https:\\\/\\\/somos-hermanos.mx\\\/wp-content\\\/uploads\\\/2025\\\/08\\\/diab1.jpeg\",\"datePublished\":\"2025-08-04T10:47:19+00:00\",\"breadcrumb\":{\"@id\":\"https:\\\/\\\/somos-hermanos.mx\\\/index.php\\\/2025\\\/08\\\/04\\\/educacion-salud-y-compromiso-el-trabajo-de-la-federacion-mexicana-de-diabetes\\\/#breadcrumb\"},\"inLanguage\":\"es\",\"potentialAction\":[{\"@type\":\"ReadAction\",\"target\":[\"https:\\\/\\\/somos-hermanos.mx\\\/index.php\\\/2025\\\/08\\\/04\\\/educacion-salud-y-compromiso-el-trabajo-de-la-federacion-mexicana-de-diabetes\\\/\"]}]},{\"@type\":\"ImageObject\",\"inLanguage\":\"es\",\"@id\":\"https:\\\/\\\/somos-hermanos.mx\\\/index.php\\\/2025\\\/08\\\/04\\\/educacion-salud-y-compromiso-el-trabajo-de-la-federacion-mexicana-de-diabetes\\\/#primaryimage\",\"url\":\"https:\\\/\\\/somos-hermanos.mx\\\/wp-content\\\/uploads\\\/2025\\\/08\\\/diab1.jpeg\",\"contentUrl\":\"https:\\\/\\\/somos-hermanos.mx\\\/wp-content\\\/uploads\\\/2025\\\/08\\\/diab1.jpeg\",\"width\":1280,\"height\":1600},{\"@type\":\"BreadcrumbList\",\"@id\":\"https:\\\/\\\/somos-hermanos.mx\\\/index.php\\\/2025\\\/08\\\/04\\\/educacion-salud-y-compromiso-el-trabajo-de-la-federacion-mexicana-de-diabetes\\\/#breadcrumb\",\"itemListElement\":[{\"@type\":\"ListItem\",\"position\":1,\"name\":\"Inicio\",\"item\":\"https:\\\/\\\/somos-hermanos.mx\\\/\"},{\"@type\":\"ListItem\",\"position\":2,\"name\":\"Educaci\u00f3n, salud y compromiso: El trabajo de la Federaci\u00f3n Mexicana de Diabetes\"}]},{\"@type\":\"WebSite\",\"@id\":\"https:\\\/\\\/somos-hermanos.mx\\\/#website\",\"url\":\"https:\\\/\\\/somos-hermanos.mx\\\/\",\"name\":\"Historias que inspiran...\",\"description\":\"Somos la voz del altruismo en M\u00e9xico\",\"publisher\":{\"@id\":\"https:\\\/\\\/somos-hermanos.mx\\\/#organization\"},\"potentialAction\":[{\"@type\":\"SearchAction\",\"target\":{\"@type\":\"EntryPoint\",\"urlTemplate\":\"https:\\\/\\\/somos-hermanos.mx\\\/?s={search_term_string}\"},\"query-input\":{\"@type\":\"PropertyValueSpecification\",\"valueRequired\":true,\"valueName\":\"search_term_string\"}}],\"inLanguage\":\"es\"},{\"@type\":\"Organization\",\"@id\":\"https:\\\/\\\/somos-hermanos.mx\\\/#organization\",\"name\":\"Somos Hermanos\",\"url\":\"https:\\\/\\\/somos-hermanos.mx\\\/\",\"logo\":{\"@type\":\"ImageObject\",\"inLanguage\":\"es\",\"@id\":\"https:\\\/\\\/somos-hermanos.mx\\\/#\\\/schema\\\/logo\\\/image\\\/\",\"url\":\"https:\\\/\\\/somos-hermanos.mx\\\/wp-content\\\/uploads\\\/2025\\\/08\\\/SH30-1.jpeg\",\"contentUrl\":\"https:\\\/\\\/somos-hermanos.mx\\\/wp-content\\\/uploads\\\/2025\\\/08\\\/SH30-1.jpeg\",\"width\":1600,\"height\":1142,\"caption\":\"Somos Hermanos\"},\"image\":{\"@id\":\"https:\\\/\\\/somos-hermanos.mx\\\/#\\\/schema\\\/logo\\\/image\\\/\"},\"sameAs\":[\"https:\\\/\\\/www.facebook.com\\\/SomosHermanosIAP\\\/\",\"https:\\\/\\\/x.com\\\/Somos__Hermanos\",\"https:\\\/\\\/www.instagram.com\\\/somos__hermanos\\\/#\",\"https:\\\/\\\/www.tiktok.com\\\/@somoshermanosiap\",\"https:\\\/\\\/www.youtube.com\\\/@somoshermanosiap1201\\\/videos\"]},{\"@type\":\"Person\",\"@id\":\"https:\\\/\\\/somos-hermanos.mx\\\/#\\\/schema\\\/person\\\/72be0deaeb1d387148bc8db9a84cd13a\",\"name\":\"Redacci\u00f3n\",\"image\":{\"@type\":\"ImageObject\",\"inLanguage\":\"es\",\"@id\":\"https:\\\/\\\/secure.gravatar.com\\\/avatar\\\/0471f62dae6ab1c39ae7c79f265de6a8ede1928a658b55db6bd71466aa956832?s=96&d=mm&r=g\",\"url\":\"https:\\\/\\\/secure.gravatar.com\\\/avatar\\\/0471f62dae6ab1c39ae7c79f265de6a8ede1928a658b55db6bd71466aa956832?s=96&d=mm&r=g\",\"contentUrl\":\"https:\\\/\\\/secure.gravatar.com\\\/avatar\\\/0471f62dae6ab1c39ae7c79f265de6a8ede1928a658b55db6bd71466aa956832?s=96&d=mm&r=g\",\"caption\":\"Redacci\u00f3n\"},\"url\":\"https:\\\/\\\/somos-hermanos.mx\\\/index.php\\\/author\\\/redaccion\\\/\"}]}<\/script>\n<!-- \/ Yoast SEO plugin. -->","yoast_head_json":{"title":"Educaci\u00f3n, salud y compromiso: El trabajo de la Federaci\u00f3n Mexicana de Diabetes - Historias que inspiran...","robots":{"index":"index","follow":"follow","max-snippet":"max-snippet:-1","max-image-preview":"max-image-preview:large","max-video-preview":"max-video-preview:-1"},"canonical":"https:\/\/somos-hermanos.mx\/index.php\/2025\/08\/04\/educacion-salud-y-compromiso-el-trabajo-de-la-federacion-mexicana-de-diabetes\/","og_locale":"es_MX","og_type":"article","og_title":"Educaci\u00f3n, salud y compromiso: El trabajo de la Federaci\u00f3n Mexicana de Diabetes - Historias que inspiran...","og_description":"La Federaci\u00f3n Mexicana de Diabetes AC (FMD), es una organizaci\u00f3n sin fines de lucro que, desde su fundaci\u00f3n en 1900, ha trabajado activamente para mejorar la calidad de vida de las personas que viven con diabetes\u00a0en M\u00e9xico. Con sede en la Ciudad de M\u00e9xico, esta instituci\u00f3n se ha consolidado como una de las principales entidades [&hellip;]","og_url":"https:\/\/somos-hermanos.mx\/index.php\/2025\/08\/04\/educacion-salud-y-compromiso-el-trabajo-de-la-federacion-mexicana-de-diabetes\/","og_site_name":"Historias que inspiran...","article_publisher":"https:\/\/www.facebook.com\/SomosHermanosIAP\/","article_published_time":"2025-08-04T10:47:19+00:00","og_image":[{"width":1280,"height":1600,"url":"https:\/\/somos-hermanos.mx\/wp-content\/uploads\/2025\/08\/diab1.jpeg","type":"image\/jpeg"}],"author":"Redacci\u00f3n","twitter_card":"summary_large_image","twitter_creator":"@Somos__Hermanos","twitter_site":"@Somos__Hermanos","twitter_misc":{"Escrito por":"Redacci\u00f3n","Tiempo de lectura":"4 minutos"},"schema":{"@context":"https:\/\/schema.org","@graph":[{"@type":"Article","@id":"https:\/\/somos-hermanos.mx\/index.php\/2025\/08\/04\/educacion-salud-y-compromiso-el-trabajo-de-la-federacion-mexicana-de-diabetes\/#article","isPartOf":{"@id":"https:\/\/somos-hermanos.mx\/index.php\/2025\/08\/04\/educacion-salud-y-compromiso-el-trabajo-de-la-federacion-mexicana-de-diabetes\/"},"author":{"name":"Redacci\u00f3n","@id":"https:\/\/somos-hermanos.mx\/#\/schema\/person\/72be0deaeb1d387148bc8db9a84cd13a"},"headline":"Educaci\u00f3n, salud y compromiso: El trabajo de la Federaci\u00f3n Mexicana de Diabetes","datePublished":"2025-08-04T10:47:19+00:00","mainEntityOfPage":{"@id":"https:\/\/somos-hermanos.mx\/index.php\/2025\/08\/04\/educacion-salud-y-compromiso-el-trabajo-de-la-federacion-mexicana-de-diabetes\/"},"wordCount":706,"commentCount":0,"publisher":{"@id":"https:\/\/somos-hermanos.mx\/#organization"},"image":{"@id":"https:\/\/somos-hermanos.mx\/index.php\/2025\/08\/04\/educacion-salud-y-compromiso-el-trabajo-de-la-federacion-mexicana-de-diabetes\/#primaryimage"},"thumbnailUrl":"https:\/\/somos-hermanos.mx\/wp-content\/uploads\/2025\/08\/diab1.jpeg","articleSection":["Noticias"],"inLanguage":"es","potentialAction":[{"@type":"CommentAction","name":"Comment","target":["https:\/\/somos-hermanos.mx\/index.php\/2025\/08\/04\/educacion-salud-y-compromiso-el-trabajo-de-la-federacion-mexicana-de-diabetes\/#respond"]}]},{"@type":"WebPage","@id":"https:\/\/somos-hermanos.mx\/index.php\/2025\/08\/04\/educacion-salud-y-compromiso-el-trabajo-de-la-federacion-mexicana-de-diabetes\/","url":"https:\/\/somos-hermanos.mx\/index.php\/2025\/08\/04\/educacion-salud-y-compromiso-el-trabajo-de-la-federacion-mexicana-de-diabetes\/","name":"Educaci\u00f3n, salud y compromiso: El trabajo de la Federaci\u00f3n Mexicana de Diabetes - Historias que inspiran...","isPartOf":{"@id":"https:\/\/somos-hermanos.mx\/#website"},"primaryImageOfPage":{"@id":"https:\/\/somos-hermanos.mx\/index.php\/2025\/08\/04\/educacion-salud-y-compromiso-el-trabajo-de-la-federacion-mexicana-de-diabetes\/#primaryimage"},"image":{"@id":"https:\/\/somos-hermanos.mx\/index.php\/2025\/08\/04\/educacion-salud-y-compromiso-el-trabajo-de-la-federacion-mexicana-de-diabetes\/#primaryimage"},"thumbnailUrl":"https:\/\/somos-hermanos.mx\/wp-content\/uploads\/2025\/08\/diab1.jpeg","datePublished":"2025-08-04T10:47:19+00:00","breadcrumb":{"@id":"https:\/\/somos-hermanos.mx\/index.php\/2025\/08\/04\/educacion-salud-y-compromiso-el-trabajo-de-la-federacion-mexicana-de-diabetes\/#breadcrumb"},"inLanguage":"es","potentialAction":[{"@type":"ReadAction","target":["https:\/\/somos-hermanos.mx\/index.php\/2025\/08\/04\/educacion-salud-y-compromiso-el-trabajo-de-la-federacion-mexicana-de-diabetes\/"]}]},{"@type":"ImageObject","inLanguage":"es","@id":"https:\/\/somos-hermanos.mx\/index.php\/2025\/08\/04\/educacion-salud-y-compromiso-el-trabajo-de-la-federacion-mexicana-de-diabetes\/#primaryimage","url":"https:\/\/somos-hermanos.mx\/wp-content\/uploads\/2025\/08\/diab1.jpeg","contentUrl":"https:\/\/somos-hermanos.mx\/wp-content\/uploads\/2025\/08\/diab1.jpeg","width":1280,"height":1600},{"@type":"BreadcrumbList","@id":"https:\/\/somos-hermanos.mx\/index.php\/2025\/08\/04\/educacion-salud-y-compromiso-el-trabajo-de-la-federacion-mexicana-de-diabetes\/#breadcrumb","itemListElement":[{"@type":"ListItem","position":1,"name":"Inicio","item":"https:\/\/somos-hermanos.mx\/"},{"@type":"ListItem","position":2,"name":"Educaci\u00f3n, salud y compromiso: El trabajo de la Federaci\u00f3n Mexicana de Diabetes"}]},{"@type":"WebSite","@id":"https:\/\/somos-hermanos.mx\/#website","url":"https:\/\/somos-hermanos.mx\/","name":"Historias que inspiran...","description":"Somos la voz del altruismo en M\u00e9xico","publisher":{"@id":"https:\/\/somos-hermanos.mx\/#organization"},"potentialAction":[{"@type":"SearchAction","target":{"@type":"EntryPoint","urlTemplate":"https:\/\/somos-hermanos.mx\/?s={search_term_string}"},"query-input":{"@type":"PropertyValueSpecification","valueRequired":true,"valueName":"search_term_string"}}],"inLanguage":"es"},{"@type":"Organization","@id":"https:\/\/somos-hermanos.mx\/#organization","name":"Somos Hermanos","url":"https:\/\/somos-hermanos.mx\/","logo":{"@type":"ImageObject","inLanguage":"es","@id":"https:\/\/somos-hermanos.mx\/#\/schema\/logo\/image\/","url":"https:\/\/somos-hermanos.mx\/wp-content\/uploads\/2025\/08\/SH30-1.jpeg","contentUrl":"https:\/\/somos-hermanos.mx\/wp-content\/uploads\/2025\/08\/SH30-1.jpeg","width":1600,"height":1142,"caption":"Somos Hermanos"},"image":{"@id":"https:\/\/somos-hermanos.mx\/#\/schema\/logo\/image\/"},"sameAs":["https:\/\/www.facebook.com\/SomosHermanosIAP\/","https:\/\/x.com\/Somos__Hermanos","https:\/\/www.instagram.com\/somos__hermanos\/#","https:\/\/www.tiktok.com\/@somoshermanosiap","https:\/\/www.youtube.com\/@somoshermanosiap1201\/videos"]},{"@type":"Person","@id":"https:\/\/somos-hermanos.mx\/#\/schema\/person\/72be0deaeb1d387148bc8db9a84cd13a","name":"Redacci\u00f3n","image":{"@type":"ImageObject","inLanguage":"es","@id":"https:\/\/secure.gravatar.com\/avatar\/0471f62dae6ab1c39ae7c79f265de6a8ede1928a658b55db6bd71466aa956832?s=96&d=mm&r=g","url":"https:\/\/secure.gravatar.com\/avatar\/0471f62dae6ab1c39ae7c79f265de6a8ede1928a658b55db6bd71466aa956832?s=96&d=mm&r=g","contentUrl":"https:\/\/secure.gravatar.com\/avatar\/0471f62dae6ab1c39ae7c79f265de6a8ede1928a658b55db6bd71466aa956832?s=96&d=mm&r=g","caption":"Redacci\u00f3n"},"url":"https:\/\/somos-hermanos.mx\/index.php\/author\/redaccion\/"}]}},"_links":{"self":[{"href":"https:\/\/somos-hermanos.mx\/index.php\/wp-json\/wp\/v2\/posts\/1116","targetHints":{"allow":["GET"]}}],"collection":[{"href":"https:\/\/somos-hermanos.mx\/index.php\/wp-json\/wp\/v2\/posts"}],"about":[{"href":"https:\/\/somos-hermanos.mx\/index.php\/wp-json\/wp\/v2\/types\/post"}],"author":[{"embeddable":true,"href":"https:\/\/somos-hermanos.mx\/index.php\/wp-json\/wp\/v2\/users\/2"}],"replies":[{"embeddable":true,"href":"https:\/\/somos-hermanos.mx\/index.php\/wp-json\/wp\/v2\/comments?post=1116"}],"version-history":[{"count":1,"href":"https:\/\/somos-hermanos.mx\/index.php\/wp-json\/wp\/v2\/posts\/1116\/revisions"}],"predecessor-version":[{"id":1118,"href":"https:\/\/somos-hermanos.mx\/index.php\/wp-json\/wp\/v2\/posts\/1116\/revisions\/1118"}],"wp:featuredmedia":[{"embeddable":true,"href":"https:\/\/somos-hermanos.mx\/index.php\/wp-json\/wp\/v2\/media\/1117"}],"wp:attachment":[{"href":"https:\/\/somos-hermanos.mx\/index.php\/wp-json\/wp\/v2\/media?parent=1116"}],"wp:term":[{"taxonomy":"category","embeddable":true,"href":"https:\/\/somos-hermanos.mx\/index.php\/wp-json\/wp\/v2\/categories?post=1116"},{"taxonomy":"post_tag","embeddable":true,"href":"https:\/\/somos-hermanos.mx\/index.php\/wp-json\/wp\/v2\/tags?post=1116"}],"curies":[{"name":"wp","href":"https:\/\/api.w.org\/{rel}","templated":true}]}}