{"id":1113,"date":"2025-08-04T04:46:01","date_gmt":"2025-08-04T10:46:01","guid":{"rendered":"https:\/\/somos-hermanos.mx\/?p=1113"},"modified":"2025-08-04T04:46:01","modified_gmt":"2025-08-04T10:46:01","slug":"vivir-dignamente-con-vih-es-una-realidad-la-casa-de-la-sal","status":"publish","type":"post","link":"https:\/\/somos-hermanos.mx\/index.php\/2025\/08\/04\/vivir-dignamente-con-vih-es-una-realidad-la-casa-de-la-sal\/","title":{"rendered":"Vivir dignamente con VIH es una realidad: La Casa de la Sal"},"content":{"rendered":"<p><strong>La Casa de la Sal AC <\/strong>es una asociaci\u00f3n con sede en la CDMX que <strong>trabaja en temas relacionados con el VIH, <\/strong>esto porque adem\u00e1s de dignificar la vida de las personas que tienen esta condici\u00f3n, fomenta la prevenci\u00f3n, la educaci\u00f3n y la capacitaci\u00f3n con acciones como talleres, hasta acompa\u00f1amiento psicol\u00f3gico.<\/p>\n<p>La historia de esta casa comenz\u00f3 con Gilberto, \u00e9l ten\u00eda este virus y conviv\u00eda en una sociedad con muchos estigmas sobre el mismo, sin embargo, <strong>se acerc\u00f3 a esta asociaci\u00f3n que lo apoyaron para tener una vida digna, llena de comprensi\u00f3n y sin prejuicios; cuando Gilberto muri\u00f3, don\u00f3 su casa a la asociaci\u00f3n.<\/strong><\/p>\n<p>La Casa de la Sal AC<strong>\u00a0<\/strong>lleva ese nombre no s\u00f3lo por el hecho de ser una casa donde las personas que viven con VIH puedan encontrar un hogar seguro; la sal es un elemento que simboliza algo fundamental para la vida y esta asociaci\u00f3n, con sus acciones, buscan llevar aspectos fundamentales a la vida de las personas que apoyan.<\/p>\n<p>Los d\u00edas 17 y 18 de julio, La Casa de la Sal AC realiz\u00f3 activaciones en el parque de la China en la CDMX, en las mismas prioriz\u00f3 dar a conocer a la sociedad capitalina lo que realizan.<\/p>\n<p>Dentro de sus actividades cotidianas se encuentran el <strong>ofrecer espacios de educaci\u00f3n y prevenci\u00f3n en espacios laborales y educativos, brindar apoyo y acompa\u00f1amiento psicol\u00f3gico, talleres y grupos de autoayuda, consejer\u00eda y aplicaci\u00f3n de pruebas r\u00e1pidas de VIH, etc.<\/strong><\/p>\n<p>Leticia Molina de la Direcci\u00f3n de Recaudaci\u00f3n de Fondos de <strong>La Casa de la Sal AC <\/strong>coment\u00f3 que <strong>todav\u00eda existe mucha desinformaci\u00f3n sobre el VIH, <\/strong>adem\u00e1s que le alarma que hay muchos j\u00f3venes que antes de los 15 a\u00f1os ya viven con SIDA, por esto es que apoya la realizaci\u00f3n de campa\u00f1as y activaciones como las de estos d\u00edas para llevar informaci\u00f3n, educaci\u00f3n y prevenci\u00f3n a la juventud.<\/p>\n<p>Los donativos son vitales para La Casa de la Sal AC,<strong>\u00a0<\/strong>pues todos sus servicios (incluyendo las pruebas de VIH) son sin costo para sus beneficiarios\/as. La asociaci\u00f3n invita a realizar alg\u00fan donativo, sin importar el costo. Adem\u00e1s, est\u00e1 abierta a tener aliados estrat\u00e9gicos y agradece si alguna persona decide realizar un donativo mensual.<\/p>\n<p>Es un hecho que la informaci\u00f3n y visibilidad del VIH y el SIDA son mayores a comparaci\u00f3n de otras d\u00e9cadas, pero el trabajo no ha finalizado y es importante que la sociedad est\u00e9 informada y prevenida, <strong>hay que recordar que vivir con VIH no es sin\u00f3nimo de una sentencia de muerte y que siempre es posible vivir dignamente con este virus.<\/strong><\/p>\n","protected":false},"excerpt":{"rendered":"<p>La Casa de la Sal AC es una asociaci\u00f3n con sede en la CDMX que trabaja en temas relacionados con el VIH, esto porque adem\u00e1s de dignificar la vida de las personas que tienen esta condici\u00f3n, fomenta la prevenci\u00f3n, la educaci\u00f3n y la capacitaci\u00f3n con acciones como talleres, hasta acompa\u00f1amiento psicol\u00f3gico. La historia de esta [&hellip;]<\/p>\n","protected":false},"author":11,"featured_media":1114,"comment_status":"open","ping_status":"closed","sticky":false,"template":"","format":"standard","meta":{"footnotes":""},"categories":[6],"tags":[],"class_list":["post-1113","post","type-post","status-publish","format-standard","has-post-thumbnail","hentry","category-noticias"],"yoast_head":"<!-- This site is optimized with the Yoast SEO plugin v27.5 - https:\/\/yoast.com\/product\/yoast-seo-wordpress\/ -->\n<title>Vivir dignamente con VIH es una realidad: La Casa de la Sal - Historias que inspiran...<\/title>\n<meta name=\"robots\" content=\"index, follow, max-snippet:-1, max-image-preview:large, max-video-preview:-1\" \/>\n<link rel=\"canonical\" href=\"https:\/\/somos-hermanos.mx\/index.php\/2025\/08\/04\/vivir-dignamente-con-vih-es-una-realidad-la-casa-de-la-sal\/\" \/>\n<meta property=\"og:locale\" content=\"es_MX\" \/>\n<meta property=\"og:type\" content=\"article\" \/>\n<meta property=\"og:title\" content=\"Vivir dignamente con VIH es una realidad: La Casa de la Sal - Historias que inspiran...\" \/>\n<meta property=\"og:description\" content=\"La Casa de la Sal AC es una asociaci\u00f3n con sede en la CDMX que trabaja en temas relacionados con el VIH, esto porque adem\u00e1s de dignificar la vida de las personas que tienen esta condici\u00f3n, fomenta la prevenci\u00f3n, la educaci\u00f3n y la capacitaci\u00f3n con acciones como talleres, hasta acompa\u00f1amiento psicol\u00f3gico. La historia de esta [&hellip;]\" \/>\n<meta property=\"og:url\" content=\"https:\/\/somos-hermanos.mx\/index.php\/2025\/08\/04\/vivir-dignamente-con-vih-es-una-realidad-la-casa-de-la-sal\/\" \/>\n<meta property=\"og:site_name\" content=\"Historias que inspiran...\" \/>\n<meta property=\"article:publisher\" content=\"https:\/\/www.facebook.com\/SomosHermanosIAP\/\" \/>\n<meta property=\"article:published_time\" content=\"2025-08-04T10:46:01+00:00\" \/>\n<meta property=\"og:image\" content=\"https:\/\/somos-hermanos.mx\/wp-content\/uploads\/2025\/08\/sal.jpeg\" \/>\n\t<meta property=\"og:image:width\" content=\"1600\" \/>\n\t<meta property=\"og:image:height\" content=\"1600\" \/>\n\t<meta property=\"og:image:type\" content=\"image\/jpeg\" \/>\n<meta name=\"author\" content=\"Diego Martinez Vera\" \/>\n<meta name=\"twitter:card\" content=\"summary_large_image\" \/>\n<meta name=\"twitter:creator\" content=\"@Somos__Hermanos\" \/>\n<meta name=\"twitter:site\" content=\"@Somos__Hermanos\" \/>\n<meta name=\"twitter:label1\" content=\"Escrito por\" \/>\n\t<meta name=\"twitter:data1\" content=\"Diego Martinez Vera\" \/>\n\t<meta name=\"twitter:label2\" content=\"Tiempo de lectura\" \/>\n\t<meta name=\"twitter:data2\" content=\"3 minutos\" \/>\n<script type=\"application\/ld+json\" class=\"yoast-schema-graph\">{\"@context\":\"https:\\\/\\\/schema.org\",\"@graph\":[{\"@type\":\"Article\",\"@id\":\"https:\\\/\\\/somos-hermanos.mx\\\/index.php\\\/2025\\\/08\\\/04\\\/vivir-dignamente-con-vih-es-una-realidad-la-casa-de-la-sal\\\/#article\",\"isPartOf\":{\"@id\":\"https:\\\/\\\/somos-hermanos.mx\\\/index.php\\\/2025\\\/08\\\/04\\\/vivir-dignamente-con-vih-es-una-realidad-la-casa-de-la-sal\\\/\"},\"author\":{\"name\":\"Diego Martinez Vera\",\"@id\":\"https:\\\/\\\/somos-hermanos.mx\\\/#\\\/schema\\\/person\\\/fc58249a97075ffb5f881188712b36f0\"},\"headline\":\"Vivir dignamente con VIH es una realidad: La Casa de la Sal\",\"datePublished\":\"2025-08-04T10:46:01+00:00\",\"mainEntityOfPage\":{\"@id\":\"https:\\\/\\\/somos-hermanos.mx\\\/index.php\\\/2025\\\/08\\\/04\\\/vivir-dignamente-con-vih-es-una-realidad-la-casa-de-la-sal\\\/\"},\"wordCount\":477,\"commentCount\":0,\"publisher\":{\"@id\":\"https:\\\/\\\/somos-hermanos.mx\\\/#organization\"},\"image\":{\"@id\":\"https:\\\/\\\/somos-hermanos.mx\\\/index.php\\\/2025\\\/08\\\/04\\\/vivir-dignamente-con-vih-es-una-realidad-la-casa-de-la-sal\\\/#primaryimage\"},\"thumbnailUrl\":\"https:\\\/\\\/somos-hermanos.mx\\\/wp-content\\\/uploads\\\/2025\\\/08\\\/sal.jpeg\",\"articleSection\":[\"Noticias\"],\"inLanguage\":\"es\",\"potentialAction\":[{\"@type\":\"CommentAction\",\"name\":\"Comment\",\"target\":[\"https:\\\/\\\/somos-hermanos.mx\\\/index.php\\\/2025\\\/08\\\/04\\\/vivir-dignamente-con-vih-es-una-realidad-la-casa-de-la-sal\\\/#respond\"]}]},{\"@type\":\"WebPage\",\"@id\":\"https:\\\/\\\/somos-hermanos.mx\\\/index.php\\\/2025\\\/08\\\/04\\\/vivir-dignamente-con-vih-es-una-realidad-la-casa-de-la-sal\\\/\",\"url\":\"https:\\\/\\\/somos-hermanos.mx\\\/index.php\\\/2025\\\/08\\\/04\\\/vivir-dignamente-con-vih-es-una-realidad-la-casa-de-la-sal\\\/\",\"name\":\"Vivir dignamente con VIH es una realidad: La Casa de la Sal - Historias que inspiran...\",\"isPartOf\":{\"@id\":\"https:\\\/\\\/somos-hermanos.mx\\\/#website\"},\"primaryImageOfPage\":{\"@id\":\"https:\\\/\\\/somos-hermanos.mx\\\/index.php\\\/2025\\\/08\\\/04\\\/vivir-dignamente-con-vih-es-una-realidad-la-casa-de-la-sal\\\/#primaryimage\"},\"image\":{\"@id\":\"https:\\\/\\\/somos-hermanos.mx\\\/index.php\\\/2025\\\/08\\\/04\\\/vivir-dignamente-con-vih-es-una-realidad-la-casa-de-la-sal\\\/#primaryimage\"},\"thumbnailUrl\":\"https:\\\/\\\/somos-hermanos.mx\\\/wp-content\\\/uploads\\\/2025\\\/08\\\/sal.jpeg\",\"datePublished\":\"2025-08-04T10:46:01+00:00\",\"breadcrumb\":{\"@id\":\"https:\\\/\\\/somos-hermanos.mx\\\/index.php\\\/2025\\\/08\\\/04\\\/vivir-dignamente-con-vih-es-una-realidad-la-casa-de-la-sal\\\/#breadcrumb\"},\"inLanguage\":\"es\",\"potentialAction\":[{\"@type\":\"ReadAction\",\"target\":[\"https:\\\/\\\/somos-hermanos.mx\\\/index.php\\\/2025\\\/08\\\/04\\\/vivir-dignamente-con-vih-es-una-realidad-la-casa-de-la-sal\\\/\"]}]},{\"@type\":\"ImageObject\",\"inLanguage\":\"es\",\"@id\":\"https:\\\/\\\/somos-hermanos.mx\\\/index.php\\\/2025\\\/08\\\/04\\\/vivir-dignamente-con-vih-es-una-realidad-la-casa-de-la-sal\\\/#primaryimage\",\"url\":\"https:\\\/\\\/somos-hermanos.mx\\\/wp-content\\\/uploads\\\/2025\\\/08\\\/sal.jpeg\",\"contentUrl\":\"https:\\\/\\\/somos-hermanos.mx\\\/wp-content\\\/uploads\\\/2025\\\/08\\\/sal.jpeg\",\"width\":1600,\"height\":1600},{\"@type\":\"BreadcrumbList\",\"@id\":\"https:\\\/\\\/somos-hermanos.mx\\\/index.php\\\/2025\\\/08\\\/04\\\/vivir-dignamente-con-vih-es-una-realidad-la-casa-de-la-sal\\\/#breadcrumb\",\"itemListElement\":[{\"@type\":\"ListItem\",\"position\":1,\"name\":\"Inicio\",\"item\":\"https:\\\/\\\/somos-hermanos.mx\\\/\"},{\"@type\":\"ListItem\",\"position\":2,\"name\":\"Vivir dignamente con VIH es una realidad: La Casa de la Sal\"}]},{\"@type\":\"WebSite\",\"@id\":\"https:\\\/\\\/somos-hermanos.mx\\\/#website\",\"url\":\"https:\\\/\\\/somos-hermanos.mx\\\/\",\"name\":\"Historias que inspiran...\",\"description\":\"Somos la voz del altruismo en M\u00e9xico\",\"publisher\":{\"@id\":\"https:\\\/\\\/somos-hermanos.mx\\\/#organization\"},\"potentialAction\":[{\"@type\":\"SearchAction\",\"target\":{\"@type\":\"EntryPoint\",\"urlTemplate\":\"https:\\\/\\\/somos-hermanos.mx\\\/?s={search_term_string}\"},\"query-input\":{\"@type\":\"PropertyValueSpecification\",\"valueRequired\":true,\"valueName\":\"search_term_string\"}}],\"inLanguage\":\"es\"},{\"@type\":\"Organization\",\"@id\":\"https:\\\/\\\/somos-hermanos.mx\\\/#organization\",\"name\":\"Somos Hermanos\",\"url\":\"https:\\\/\\\/somos-hermanos.mx\\\/\",\"logo\":{\"@type\":\"ImageObject\",\"inLanguage\":\"es\",\"@id\":\"https:\\\/\\\/somos-hermanos.mx\\\/#\\\/schema\\\/logo\\\/image\\\/\",\"url\":\"https:\\\/\\\/somos-hermanos.mx\\\/wp-content\\\/uploads\\\/2025\\\/08\\\/SH30-1.jpeg\",\"contentUrl\":\"https:\\\/\\\/somos-hermanos.mx\\\/wp-content\\\/uploads\\\/2025\\\/08\\\/SH30-1.jpeg\",\"width\":1600,\"height\":1142,\"caption\":\"Somos Hermanos\"},\"image\":{\"@id\":\"https:\\\/\\\/somos-hermanos.mx\\\/#\\\/schema\\\/logo\\\/image\\\/\"},\"sameAs\":[\"https:\\\/\\\/www.facebook.com\\\/SomosHermanosIAP\\\/\",\"https:\\\/\\\/x.com\\\/Somos__Hermanos\",\"https:\\\/\\\/www.instagram.com\\\/somos__hermanos\\\/#\",\"https:\\\/\\\/www.tiktok.com\\\/@somoshermanosiap\",\"https:\\\/\\\/www.youtube.com\\\/@somoshermanosiap1201\\\/videos\"]},{\"@type\":\"Person\",\"@id\":\"https:\\\/\\\/somos-hermanos.mx\\\/#\\\/schema\\\/person\\\/fc58249a97075ffb5f881188712b36f0\",\"name\":\"Diego Martinez Vera\",\"image\":{\"@type\":\"ImageObject\",\"inLanguage\":\"es\",\"@id\":\"https:\\\/\\\/secure.gravatar.com\\\/avatar\\\/ecfdc33b17a39c97521c7bcf5ac1bc04ba20a324e38c4a1d3dc73796bba06333?s=96&d=mm&r=g\",\"url\":\"https:\\\/\\\/secure.gravatar.com\\\/avatar\\\/ecfdc33b17a39c97521c7bcf5ac1bc04ba20a324e38c4a1d3dc73796bba06333?s=96&d=mm&r=g\",\"contentUrl\":\"https:\\\/\\\/secure.gravatar.com\\\/avatar\\\/ecfdc33b17a39c97521c7bcf5ac1bc04ba20a324e38c4a1d3dc73796bba06333?s=96&d=mm&r=g\",\"caption\":\"Diego Martinez Vera\"},\"url\":\"https:\\\/\\\/somos-hermanos.mx\\\/index.php\\\/author\\\/diego-martinez-vera\\\/\"}]}<\/script>\n<!-- \/ Yoast SEO plugin. -->","yoast_head_json":{"title":"Vivir dignamente con VIH es una realidad: La Casa de la Sal - Historias que inspiran...","robots":{"index":"index","follow":"follow","max-snippet":"max-snippet:-1","max-image-preview":"max-image-preview:large","max-video-preview":"max-video-preview:-1"},"canonical":"https:\/\/somos-hermanos.mx\/index.php\/2025\/08\/04\/vivir-dignamente-con-vih-es-una-realidad-la-casa-de-la-sal\/","og_locale":"es_MX","og_type":"article","og_title":"Vivir dignamente con VIH es una realidad: La Casa de la Sal - Historias que inspiran...","og_description":"La Casa de la Sal AC es una asociaci\u00f3n con sede en la CDMX que trabaja en temas relacionados con el VIH, esto porque adem\u00e1s de dignificar la vida de las personas que tienen esta condici\u00f3n, fomenta la prevenci\u00f3n, la educaci\u00f3n y la capacitaci\u00f3n con acciones como talleres, hasta acompa\u00f1amiento psicol\u00f3gico. La historia de esta [&hellip;]","og_url":"https:\/\/somos-hermanos.mx\/index.php\/2025\/08\/04\/vivir-dignamente-con-vih-es-una-realidad-la-casa-de-la-sal\/","og_site_name":"Historias que inspiran...","article_publisher":"https:\/\/www.facebook.com\/SomosHermanosIAP\/","article_published_time":"2025-08-04T10:46:01+00:00","og_image":[{"width":1600,"height":1600,"url":"https:\/\/somos-hermanos.mx\/wp-content\/uploads\/2025\/08\/sal.jpeg","type":"image\/jpeg"}],"author":"Diego Martinez Vera","twitter_card":"summary_large_image","twitter_creator":"@Somos__Hermanos","twitter_site":"@Somos__Hermanos","twitter_misc":{"Escrito por":"Diego Martinez Vera","Tiempo de lectura":"3 minutos"},"schema":{"@context":"https:\/\/schema.org","@graph":[{"@type":"Article","@id":"https:\/\/somos-hermanos.mx\/index.php\/2025\/08\/04\/vivir-dignamente-con-vih-es-una-realidad-la-casa-de-la-sal\/#article","isPartOf":{"@id":"https:\/\/somos-hermanos.mx\/index.php\/2025\/08\/04\/vivir-dignamente-con-vih-es-una-realidad-la-casa-de-la-sal\/"},"author":{"name":"Diego Martinez Vera","@id":"https:\/\/somos-hermanos.mx\/#\/schema\/person\/fc58249a97075ffb5f881188712b36f0"},"headline":"Vivir dignamente con VIH es una realidad: La Casa de la Sal","datePublished":"2025-08-04T10:46:01+00:00","mainEntityOfPage":{"@id":"https:\/\/somos-hermanos.mx\/index.php\/2025\/08\/04\/vivir-dignamente-con-vih-es-una-realidad-la-casa-de-la-sal\/"},"wordCount":477,"commentCount":0,"publisher":{"@id":"https:\/\/somos-hermanos.mx\/#organization"},"image":{"@id":"https:\/\/somos-hermanos.mx\/index.php\/2025\/08\/04\/vivir-dignamente-con-vih-es-una-realidad-la-casa-de-la-sal\/#primaryimage"},"thumbnailUrl":"https:\/\/somos-hermanos.mx\/wp-content\/uploads\/2025\/08\/sal.jpeg","articleSection":["Noticias"],"inLanguage":"es","potentialAction":[{"@type":"CommentAction","name":"Comment","target":["https:\/\/somos-hermanos.mx\/index.php\/2025\/08\/04\/vivir-dignamente-con-vih-es-una-realidad-la-casa-de-la-sal\/#respond"]}]},{"@type":"WebPage","@id":"https:\/\/somos-hermanos.mx\/index.php\/2025\/08\/04\/vivir-dignamente-con-vih-es-una-realidad-la-casa-de-la-sal\/","url":"https:\/\/somos-hermanos.mx\/index.php\/2025\/08\/04\/vivir-dignamente-con-vih-es-una-realidad-la-casa-de-la-sal\/","name":"Vivir dignamente con VIH es una realidad: La Casa de la Sal - Historias que inspiran...","isPartOf":{"@id":"https:\/\/somos-hermanos.mx\/#website"},"primaryImageOfPage":{"@id":"https:\/\/somos-hermanos.mx\/index.php\/2025\/08\/04\/vivir-dignamente-con-vih-es-una-realidad-la-casa-de-la-sal\/#primaryimage"},"image":{"@id":"https:\/\/somos-hermanos.mx\/index.php\/2025\/08\/04\/vivir-dignamente-con-vih-es-una-realidad-la-casa-de-la-sal\/#primaryimage"},"thumbnailUrl":"https:\/\/somos-hermanos.mx\/wp-content\/uploads\/2025\/08\/sal.jpeg","datePublished":"2025-08-04T10:46:01+00:00","breadcrumb":{"@id":"https:\/\/somos-hermanos.mx\/index.php\/2025\/08\/04\/vivir-dignamente-con-vih-es-una-realidad-la-casa-de-la-sal\/#breadcrumb"},"inLanguage":"es","potentialAction":[{"@type":"ReadAction","target":["https:\/\/somos-hermanos.mx\/index.php\/2025\/08\/04\/vivir-dignamente-con-vih-es-una-realidad-la-casa-de-la-sal\/"]}]},{"@type":"ImageObject","inLanguage":"es","@id":"https:\/\/somos-hermanos.mx\/index.php\/2025\/08\/04\/vivir-dignamente-con-vih-es-una-realidad-la-casa-de-la-sal\/#primaryimage","url":"https:\/\/somos-hermanos.mx\/wp-content\/uploads\/2025\/08\/sal.jpeg","contentUrl":"https:\/\/somos-hermanos.mx\/wp-content\/uploads\/2025\/08\/sal.jpeg","width":1600,"height":1600},{"@type":"BreadcrumbList","@id":"https:\/\/somos-hermanos.mx\/index.php\/2025\/08\/04\/vivir-dignamente-con-vih-es-una-realidad-la-casa-de-la-sal\/#breadcrumb","itemListElement":[{"@type":"ListItem","position":1,"name":"Inicio","item":"https:\/\/somos-hermanos.mx\/"},{"@type":"ListItem","position":2,"name":"Vivir dignamente con VIH es una realidad: La Casa de la Sal"}]},{"@type":"WebSite","@id":"https:\/\/somos-hermanos.mx\/#website","url":"https:\/\/somos-hermanos.mx\/","name":"Historias que inspiran...","description":"Somos la voz del altruismo en M\u00e9xico","publisher":{"@id":"https:\/\/somos-hermanos.mx\/#organization"},"potentialAction":[{"@type":"SearchAction","target":{"@type":"EntryPoint","urlTemplate":"https:\/\/somos-hermanos.mx\/?s={search_term_string}"},"query-input":{"@type":"PropertyValueSpecification","valueRequired":true,"valueName":"search_term_string"}}],"inLanguage":"es"},{"@type":"Organization","@id":"https:\/\/somos-hermanos.mx\/#organization","name":"Somos Hermanos","url":"https:\/\/somos-hermanos.mx\/","logo":{"@type":"ImageObject","inLanguage":"es","@id":"https:\/\/somos-hermanos.mx\/#\/schema\/logo\/image\/","url":"https:\/\/somos-hermanos.mx\/wp-content\/uploads\/2025\/08\/SH30-1.jpeg","contentUrl":"https:\/\/somos-hermanos.mx\/wp-content\/uploads\/2025\/08\/SH30-1.jpeg","width":1600,"height":1142,"caption":"Somos Hermanos"},"image":{"@id":"https:\/\/somos-hermanos.mx\/#\/schema\/logo\/image\/"},"sameAs":["https:\/\/www.facebook.com\/SomosHermanosIAP\/","https:\/\/x.com\/Somos__Hermanos","https:\/\/www.instagram.com\/somos__hermanos\/#","https:\/\/www.tiktok.com\/@somoshermanosiap","https:\/\/www.youtube.com\/@somoshermanosiap1201\/videos"]},{"@type":"Person","@id":"https:\/\/somos-hermanos.mx\/#\/schema\/person\/fc58249a97075ffb5f881188712b36f0","name":"Diego Martinez Vera","image":{"@type":"ImageObject","inLanguage":"es","@id":"https:\/\/secure.gravatar.com\/avatar\/ecfdc33b17a39c97521c7bcf5ac1bc04ba20a324e38c4a1d3dc73796bba06333?s=96&d=mm&r=g","url":"https:\/\/secure.gravatar.com\/avatar\/ecfdc33b17a39c97521c7bcf5ac1bc04ba20a324e38c4a1d3dc73796bba06333?s=96&d=mm&r=g","contentUrl":"https:\/\/secure.gravatar.com\/avatar\/ecfdc33b17a39c97521c7bcf5ac1bc04ba20a324e38c4a1d3dc73796bba06333?s=96&d=mm&r=g","caption":"Diego Martinez Vera"},"url":"https:\/\/somos-hermanos.mx\/index.php\/author\/diego-martinez-vera\/"}]}},"_links":{"self":[{"href":"https:\/\/somos-hermanos.mx\/index.php\/wp-json\/wp\/v2\/posts\/1113","targetHints":{"allow":["GET"]}}],"collection":[{"href":"https:\/\/somos-hermanos.mx\/index.php\/wp-json\/wp\/v2\/posts"}],"about":[{"href":"https:\/\/somos-hermanos.mx\/index.php\/wp-json\/wp\/v2\/types\/post"}],"author":[{"embeddable":true,"href":"https:\/\/somos-hermanos.mx\/index.php\/wp-json\/wp\/v2\/users\/11"}],"replies":[{"embeddable":true,"href":"https:\/\/somos-hermanos.mx\/index.php\/wp-json\/wp\/v2\/comments?post=1113"}],"version-history":[{"count":1,"href":"https:\/\/somos-hermanos.mx\/index.php\/wp-json\/wp\/v2\/posts\/1113\/revisions"}],"predecessor-version":[{"id":1115,"href":"https:\/\/somos-hermanos.mx\/index.php\/wp-json\/wp\/v2\/posts\/1113\/revisions\/1115"}],"wp:featuredmedia":[{"embeddable":true,"href":"https:\/\/somos-hermanos.mx\/index.php\/wp-json\/wp\/v2\/media\/1114"}],"wp:attachment":[{"href":"https:\/\/somos-hermanos.mx\/index.php\/wp-json\/wp\/v2\/media?parent=1113"}],"wp:term":[{"taxonomy":"category","embeddable":true,"href":"https:\/\/somos-hermanos.mx\/index.php\/wp-json\/wp\/v2\/categories?post=1113"},{"taxonomy":"post_tag","embeddable":true,"href":"https:\/\/somos-hermanos.mx\/index.php\/wp-json\/wp\/v2\/tags?post=1113"}],"curies":[{"name":"wp","href":"https:\/\/api.w.org\/{rel}","templated":true}]}}