{"id":1107,"date":"2025-08-04T04:43:30","date_gmt":"2025-08-04T10:43:30","guid":{"rendered":"https:\/\/somos-hermanos.mx\/?p=1107"},"modified":"2025-08-04T04:43:30","modified_gmt":"2025-08-04T10:43:30","slug":"fundacion-por-el-bien-de-tepotzotlan-iap-inclusion-con-propositos-mayores","status":"publish","type":"post","link":"https:\/\/somos-hermanos.mx\/index.php\/2025\/08\/04\/fundacion-por-el-bien-de-tepotzotlan-iap-inclusion-con-propositos-mayores\/","title":{"rendered":"Fundaci\u00f3n por el Bien de Tepotzotl\u00e1n IAP: Inclusi\u00f3n con prop\u00f3sitos mayores"},"content":{"rendered":"<p>Desde su fundaci\u00f3n el 14 de febrero de 2008, la <strong>Fundaci\u00f3n por el Bien de Tepotzotl\u00e1n IAP (FUBITE) se ha consolidado como una instituci\u00f3n ejemplar en la atenci\u00f3n a personas con discapacidad intelectual y sensorial, <\/strong>promoviendo su inclusi\u00f3n social, educativa y laboral mediante programas integrales y talleres especializados.<\/p>\n<p><strong>La fundaci\u00f3n opera cinco programas de acci\u00f3n:<\/strong><\/p>\n<ul>\n<li>Educativo: Clases de pedagog\u00eda, educaci\u00f3n financiera, lenguaje de se\u00f1as y talleres de INEA.<\/li>\n<li>Laboral: Formaci\u00f3n en cocina, cer\u00e1mica, cartoner\u00eda mexicana, tejido y serigraf\u00eda.<\/li>\n<li>Cultural: Teatro, danza, pintura y actividades art\u00edsticas como el proyecto Capacitarte, que ha convertido el arte en fuente de ingreso para j\u00f3venes con discapacidad.<\/li>\n<li>Deportivo: F\u00fatbol inclusivo, atletismo, bochas, ciclismo y nataci\u00f3n. Destacan atletas como Roberto Nieto, Aldo Zuppa y Ricardo Ju\u00e1rez, quienes han ganado medallas en Olimpiadas Especiales nacionales e internacionales.<\/li>\n<li>Rehabilitaci\u00f3n: Programas psicopedag\u00f3gicos para fortalecer habilidades cognitivas y adaptativas.<\/li>\n<\/ul>\n<p>FUBITE <strong>atiende a ni\u00f1os, j\u00f3venes y adultos entre los 12 y 60 a\u00f1os, brind\u00e1ndoles formaci\u00f3n en \u00e1reas como pedagog\u00eda, teatro, pintura, cocina, yoga y cer\u00e1mica. <\/strong>Estos talleres est\u00e1n alineados con los lineamientos de la Organizaci\u00f3n Mundial de la Salud, buscando mejorar la calidad de vida de sus beneficiarios.<\/p>\n<p><strong>Uno de los mayores orgullos de la fundaci\u00f3n ha sido la participaci\u00f3n de sus j\u00f3venes en las Olimpiadas Especiales, destacando en disciplinas como atletismo, bochas, ciclismo y nataci\u00f3n.<\/strong>\u00a0Atletas como Roberto Nieto y Aldo Zuppa han logrado medallas nacionales e internacionales, demostrando que la inclusi\u00f3n tambi\u00e9n se vive en el deporte.<\/p>\n<p>La fundaci\u00f3n ha recibido apoyo constante de organizaciones como la Fundaci\u00f3n del Dr. Simi, Fundaci\u00f3n Cin\u00e9polis, Amazon M\u00e9xico y Citibanamex, quienes han contribuido con despensas, kits escolares, suplementos alimenticios y actividades recreativas. Adem\u00e1s, se promueve el voluntariado y el servicio social universitario como formas de colaboraci\u00f3n activa.<\/p>\n<p>En colaboraci\u00f3n con JAPEM y empresas como The Home Depot, FUBITE lanz\u00f3 una campa\u00f1a de recaudaci\u00f3n para construir un aula educativa destinada a ni\u00f1as y ni\u00f1os con trastornos del desarrollo intelectual. El objetivo es fortalecer sus habilidades de aprendizaje y fomentar valores como la convivencia y el desarrollo personal.<\/p>\n<p><strong>La fundaci\u00f3n tambi\u00e9n impulsa proyectos de desarrollo sostenible,<\/strong>\u00a0como la entrega de kits de aprendizaje con carritos solares y actividades STEM en escuelas rurales. Adem\u00e1s, organiza colectas de juguetes, jornadas visuales y celebraciones inclusivas como el D\u00eda de Muertos y el D\u00eda Internacional de la Discapacidad.<\/p>\n<p>La sede de FUBITE se encuentra en Avenida Insurgentes S\/N, Plaza Capula, Barrio Capula, Tepotzotl\u00e1n, Estado de M\u00e9xico. Para apoyar o conocer m\u00e1s, lo recomendable es visitar sus redes sociales y correos institucionales. Esta Fundaci\u00f3n no es simplemente una m\u00e1s que vela por los derechos igualitarios, sino que brinda una segunda oportunidad a aquellas personas con necesidades especiales que quieren superarse y salir adelante, lo cual alegra la vida de cientos de mexicanos que han pasado a trav\u00e9s de sus puertas.<\/p>\n<p><strong>Fuentes<\/strong><\/p>\n<p>Fundaci\u00f3n por el Bien de Tepotzotl\u00e1n IAP. (n.d.). Informaci\u00f3n general. Facebook. <a href=\"https:\/\/www.facebook.com\/fundacionporelbien\/about\/\"><u>https:\/\/www.facebook.com\/fundacionporelbien\/about\/<\/u><\/a><\/p>\n<p>P\u00e9rez Albores, E. (2020, junio 8). FUBITE I.A.P: Un logro que va m\u00e1s all\u00e1 de una medalla. Somos Hermanos. <a href=\"https:\/\/www.somoshermanos.mx\/nota-fubite-i-a-p-un-logro-que-va-mas-alla-de-una-medalla\/\"><u>https:\/\/www.somoshermanos.mx\/nota-fubite-i-a-p-un-logro-que-va-mas-alla-de-una-medalla\/<\/u><\/a><\/p>\n<p>Ramos, J. (s.f.). Todos, por el Bien de Tepotzotl\u00e1n. Ayudar es Vivir. <a href=\"https:\/\/ayudaresvivir.org\/noticias\/todos-por-el-bien-de-tepotzotlan.html\"><u>https:\/\/ayudaresvivir.org\/noticias\/todos-por-el-bien-de-tepotzotlan.html<\/u><\/a><\/p>\n","protected":false},"excerpt":{"rendered":"<p>Desde su fundaci\u00f3n el 14 de febrero de 2008, la Fundaci\u00f3n por el Bien de Tepotzotl\u00e1n IAP (FUBITE) se ha consolidado como una instituci\u00f3n ejemplar en la atenci\u00f3n a personas con discapacidad intelectual y sensorial, promoviendo su inclusi\u00f3n social, educativa y laboral mediante programas integrales y talleres especializados. La fundaci\u00f3n opera cinco programas de acci\u00f3n: [&hellip;]<\/p>\n","protected":false},"author":9,"featured_media":1108,"comment_status":"open","ping_status":"closed","sticky":false,"template":"","format":"standard","meta":{"footnotes":""},"categories":[6],"tags":[],"class_list":["post-1107","post","type-post","status-publish","format-standard","has-post-thumbnail","hentry","category-noticias"],"yoast_head":"<!-- This site is optimized with the Yoast SEO plugin v27.5 - https:\/\/yoast.com\/product\/yoast-seo-wordpress\/ -->\n<title>Fundaci\u00f3n por el Bien de Tepotzotl\u00e1n IAP: Inclusi\u00f3n con prop\u00f3sitos mayores - Historias que inspiran...<\/title>\n<meta name=\"robots\" content=\"index, follow, max-snippet:-1, max-image-preview:large, max-video-preview:-1\" \/>\n<link rel=\"canonical\" href=\"https:\/\/somos-hermanos.mx\/index.php\/2025\/08\/04\/fundacion-por-el-bien-de-tepotzotlan-iap-inclusion-con-propositos-mayores\/\" \/>\n<meta property=\"og:locale\" content=\"es_MX\" \/>\n<meta property=\"og:type\" content=\"article\" \/>\n<meta property=\"og:title\" content=\"Fundaci\u00f3n por el Bien de Tepotzotl\u00e1n IAP: Inclusi\u00f3n con prop\u00f3sitos mayores - Historias que inspiran...\" \/>\n<meta property=\"og:description\" content=\"Desde su fundaci\u00f3n el 14 de febrero de 2008, la Fundaci\u00f3n por el Bien de Tepotzotl\u00e1n IAP (FUBITE) se ha consolidado como una instituci\u00f3n ejemplar en la atenci\u00f3n a personas con discapacidad intelectual y sensorial, promoviendo su inclusi\u00f3n social, educativa y laboral mediante programas integrales y talleres especializados. La fundaci\u00f3n opera cinco programas de acci\u00f3n: [&hellip;]\" \/>\n<meta property=\"og:url\" content=\"https:\/\/somos-hermanos.mx\/index.php\/2025\/08\/04\/fundacion-por-el-bien-de-tepotzotlan-iap-inclusion-con-propositos-mayores\/\" \/>\n<meta property=\"og:site_name\" content=\"Historias que inspiran...\" \/>\n<meta property=\"article:publisher\" content=\"https:\/\/www.facebook.com\/SomosHermanosIAP\/\" \/>\n<meta property=\"article:published_time\" content=\"2025-08-04T10:43:30+00:00\" \/>\n<meta property=\"og:image\" content=\"https:\/\/somos-hermanos.mx\/wp-content\/uploads\/2025\/08\/tepo1.jpeg\" \/>\n\t<meta property=\"og:image:width\" content=\"960\" \/>\n\t<meta property=\"og:image:height\" content=\"960\" \/>\n\t<meta property=\"og:image:type\" content=\"image\/jpeg\" \/>\n<meta name=\"author\" content=\"Miguel Riestra P\u00e9rez\" \/>\n<meta name=\"twitter:card\" content=\"summary_large_image\" \/>\n<meta name=\"twitter:creator\" content=\"@Somos__Hermanos\" \/>\n<meta name=\"twitter:site\" content=\"@Somos__Hermanos\" \/>\n<meta name=\"twitter:label1\" content=\"Escrito por\" \/>\n\t<meta name=\"twitter:data1\" content=\"Miguel Riestra P\u00e9rez\" \/>\n\t<meta name=\"twitter:label2\" content=\"Tiempo de lectura\" \/>\n\t<meta name=\"twitter:data2\" content=\"3 minutos\" \/>\n<script type=\"application\/ld+json\" class=\"yoast-schema-graph\">{\"@context\":\"https:\\\/\\\/schema.org\",\"@graph\":[{\"@type\":\"Article\",\"@id\":\"https:\\\/\\\/somos-hermanos.mx\\\/index.php\\\/2025\\\/08\\\/04\\\/fundacion-por-el-bien-de-tepotzotlan-iap-inclusion-con-propositos-mayores\\\/#article\",\"isPartOf\":{\"@id\":\"https:\\\/\\\/somos-hermanos.mx\\\/index.php\\\/2025\\\/08\\\/04\\\/fundacion-por-el-bien-de-tepotzotlan-iap-inclusion-con-propositos-mayores\\\/\"},\"author\":{\"name\":\"Miguel Riestra P\u00e9rez\",\"@id\":\"https:\\\/\\\/somos-hermanos.mx\\\/#\\\/schema\\\/person\\\/1e925550f6b28edafdbf7e36bf8b90c9\"},\"headline\":\"Fundaci\u00f3n por el Bien de Tepotzotl\u00e1n IAP: Inclusi\u00f3n con prop\u00f3sitos mayores\",\"datePublished\":\"2025-08-04T10:43:30+00:00\",\"mainEntityOfPage\":{\"@id\":\"https:\\\/\\\/somos-hermanos.mx\\\/index.php\\\/2025\\\/08\\\/04\\\/fundacion-por-el-bien-de-tepotzotlan-iap-inclusion-con-propositos-mayores\\\/\"},\"wordCount\":601,\"commentCount\":0,\"publisher\":{\"@id\":\"https:\\\/\\\/somos-hermanos.mx\\\/#organization\"},\"image\":{\"@id\":\"https:\\\/\\\/somos-hermanos.mx\\\/index.php\\\/2025\\\/08\\\/04\\\/fundacion-por-el-bien-de-tepotzotlan-iap-inclusion-con-propositos-mayores\\\/#primaryimage\"},\"thumbnailUrl\":\"https:\\\/\\\/somos-hermanos.mx\\\/wp-content\\\/uploads\\\/2025\\\/08\\\/tepo1.jpeg\",\"articleSection\":[\"Noticias\"],\"inLanguage\":\"es\",\"potentialAction\":[{\"@type\":\"CommentAction\",\"name\":\"Comment\",\"target\":[\"https:\\\/\\\/somos-hermanos.mx\\\/index.php\\\/2025\\\/08\\\/04\\\/fundacion-por-el-bien-de-tepotzotlan-iap-inclusion-con-propositos-mayores\\\/#respond\"]}]},{\"@type\":\"WebPage\",\"@id\":\"https:\\\/\\\/somos-hermanos.mx\\\/index.php\\\/2025\\\/08\\\/04\\\/fundacion-por-el-bien-de-tepotzotlan-iap-inclusion-con-propositos-mayores\\\/\",\"url\":\"https:\\\/\\\/somos-hermanos.mx\\\/index.php\\\/2025\\\/08\\\/04\\\/fundacion-por-el-bien-de-tepotzotlan-iap-inclusion-con-propositos-mayores\\\/\",\"name\":\"Fundaci\u00f3n por el Bien de Tepotzotl\u00e1n IAP: Inclusi\u00f3n con prop\u00f3sitos mayores - Historias que inspiran...\",\"isPartOf\":{\"@id\":\"https:\\\/\\\/somos-hermanos.mx\\\/#website\"},\"primaryImageOfPage\":{\"@id\":\"https:\\\/\\\/somos-hermanos.mx\\\/index.php\\\/2025\\\/08\\\/04\\\/fundacion-por-el-bien-de-tepotzotlan-iap-inclusion-con-propositos-mayores\\\/#primaryimage\"},\"image\":{\"@id\":\"https:\\\/\\\/somos-hermanos.mx\\\/index.php\\\/2025\\\/08\\\/04\\\/fundacion-por-el-bien-de-tepotzotlan-iap-inclusion-con-propositos-mayores\\\/#primaryimage\"},\"thumbnailUrl\":\"https:\\\/\\\/somos-hermanos.mx\\\/wp-content\\\/uploads\\\/2025\\\/08\\\/tepo1.jpeg\",\"datePublished\":\"2025-08-04T10:43:30+00:00\",\"breadcrumb\":{\"@id\":\"https:\\\/\\\/somos-hermanos.mx\\\/index.php\\\/2025\\\/08\\\/04\\\/fundacion-por-el-bien-de-tepotzotlan-iap-inclusion-con-propositos-mayores\\\/#breadcrumb\"},\"inLanguage\":\"es\",\"potentialAction\":[{\"@type\":\"ReadAction\",\"target\":[\"https:\\\/\\\/somos-hermanos.mx\\\/index.php\\\/2025\\\/08\\\/04\\\/fundacion-por-el-bien-de-tepotzotlan-iap-inclusion-con-propositos-mayores\\\/\"]}]},{\"@type\":\"ImageObject\",\"inLanguage\":\"es\",\"@id\":\"https:\\\/\\\/somos-hermanos.mx\\\/index.php\\\/2025\\\/08\\\/04\\\/fundacion-por-el-bien-de-tepotzotlan-iap-inclusion-con-propositos-mayores\\\/#primaryimage\",\"url\":\"https:\\\/\\\/somos-hermanos.mx\\\/wp-content\\\/uploads\\\/2025\\\/08\\\/tepo1.jpeg\",\"contentUrl\":\"https:\\\/\\\/somos-hermanos.mx\\\/wp-content\\\/uploads\\\/2025\\\/08\\\/tepo1.jpeg\",\"width\":960,\"height\":960},{\"@type\":\"BreadcrumbList\",\"@id\":\"https:\\\/\\\/somos-hermanos.mx\\\/index.php\\\/2025\\\/08\\\/04\\\/fundacion-por-el-bien-de-tepotzotlan-iap-inclusion-con-propositos-mayores\\\/#breadcrumb\",\"itemListElement\":[{\"@type\":\"ListItem\",\"position\":1,\"name\":\"Inicio\",\"item\":\"https:\\\/\\\/somos-hermanos.mx\\\/\"},{\"@type\":\"ListItem\",\"position\":2,\"name\":\"Fundaci\u00f3n por el Bien de Tepotzotl\u00e1n IAP: Inclusi\u00f3n con prop\u00f3sitos mayores\"}]},{\"@type\":\"WebSite\",\"@id\":\"https:\\\/\\\/somos-hermanos.mx\\\/#website\",\"url\":\"https:\\\/\\\/somos-hermanos.mx\\\/\",\"name\":\"Historias que inspiran...\",\"description\":\"Somos la voz del altruismo en M\u00e9xico\",\"publisher\":{\"@id\":\"https:\\\/\\\/somos-hermanos.mx\\\/#organization\"},\"potentialAction\":[{\"@type\":\"SearchAction\",\"target\":{\"@type\":\"EntryPoint\",\"urlTemplate\":\"https:\\\/\\\/somos-hermanos.mx\\\/?s={search_term_string}\"},\"query-input\":{\"@type\":\"PropertyValueSpecification\",\"valueRequired\":true,\"valueName\":\"search_term_string\"}}],\"inLanguage\":\"es\"},{\"@type\":\"Organization\",\"@id\":\"https:\\\/\\\/somos-hermanos.mx\\\/#organization\",\"name\":\"Somos Hermanos\",\"url\":\"https:\\\/\\\/somos-hermanos.mx\\\/\",\"logo\":{\"@type\":\"ImageObject\",\"inLanguage\":\"es\",\"@id\":\"https:\\\/\\\/somos-hermanos.mx\\\/#\\\/schema\\\/logo\\\/image\\\/\",\"url\":\"https:\\\/\\\/somos-hermanos.mx\\\/wp-content\\\/uploads\\\/2025\\\/08\\\/SH30-1.jpeg\",\"contentUrl\":\"https:\\\/\\\/somos-hermanos.mx\\\/wp-content\\\/uploads\\\/2025\\\/08\\\/SH30-1.jpeg\",\"width\":1600,\"height\":1142,\"caption\":\"Somos Hermanos\"},\"image\":{\"@id\":\"https:\\\/\\\/somos-hermanos.mx\\\/#\\\/schema\\\/logo\\\/image\\\/\"},\"sameAs\":[\"https:\\\/\\\/www.facebook.com\\\/SomosHermanosIAP\\\/\",\"https:\\\/\\\/x.com\\\/Somos__Hermanos\",\"https:\\\/\\\/www.instagram.com\\\/somos__hermanos\\\/#\",\"https:\\\/\\\/www.tiktok.com\\\/@somoshermanosiap\",\"https:\\\/\\\/www.youtube.com\\\/@somoshermanosiap1201\\\/videos\"]},{\"@type\":\"Person\",\"@id\":\"https:\\\/\\\/somos-hermanos.mx\\\/#\\\/schema\\\/person\\\/1e925550f6b28edafdbf7e36bf8b90c9\",\"name\":\"Miguel Riestra P\u00e9rez\",\"image\":{\"@type\":\"ImageObject\",\"inLanguage\":\"es\",\"@id\":\"https:\\\/\\\/secure.gravatar.com\\\/avatar\\\/d46497e241a78e642ea099b6acbfb6199a867f0d3fdb39c05f5d0c47f490e0d6?s=96&d=mm&r=g\",\"url\":\"https:\\\/\\\/secure.gravatar.com\\\/avatar\\\/d46497e241a78e642ea099b6acbfb6199a867f0d3fdb39c05f5d0c47f490e0d6?s=96&d=mm&r=g\",\"contentUrl\":\"https:\\\/\\\/secure.gravatar.com\\\/avatar\\\/d46497e241a78e642ea099b6acbfb6199a867f0d3fdb39c05f5d0c47f490e0d6?s=96&d=mm&r=g\",\"caption\":\"Miguel Riestra P\u00e9rez\"},\"url\":\"https:\\\/\\\/somos-hermanos.mx\\\/index.php\\\/author\\\/miguel-riestra-perez\\\/\"}]}<\/script>\n<!-- \/ Yoast SEO plugin. -->","yoast_head_json":{"title":"Fundaci\u00f3n por el Bien de Tepotzotl\u00e1n IAP: Inclusi\u00f3n con prop\u00f3sitos mayores - Historias que inspiran...","robots":{"index":"index","follow":"follow","max-snippet":"max-snippet:-1","max-image-preview":"max-image-preview:large","max-video-preview":"max-video-preview:-1"},"canonical":"https:\/\/somos-hermanos.mx\/index.php\/2025\/08\/04\/fundacion-por-el-bien-de-tepotzotlan-iap-inclusion-con-propositos-mayores\/","og_locale":"es_MX","og_type":"article","og_title":"Fundaci\u00f3n por el Bien de Tepotzotl\u00e1n IAP: Inclusi\u00f3n con prop\u00f3sitos mayores - Historias que inspiran...","og_description":"Desde su fundaci\u00f3n el 14 de febrero de 2008, la Fundaci\u00f3n por el Bien de Tepotzotl\u00e1n IAP (FUBITE) se ha consolidado como una instituci\u00f3n ejemplar en la atenci\u00f3n a personas con discapacidad intelectual y sensorial, promoviendo su inclusi\u00f3n social, educativa y laboral mediante programas integrales y talleres especializados. La fundaci\u00f3n opera cinco programas de acci\u00f3n: [&hellip;]","og_url":"https:\/\/somos-hermanos.mx\/index.php\/2025\/08\/04\/fundacion-por-el-bien-de-tepotzotlan-iap-inclusion-con-propositos-mayores\/","og_site_name":"Historias que inspiran...","article_publisher":"https:\/\/www.facebook.com\/SomosHermanosIAP\/","article_published_time":"2025-08-04T10:43:30+00:00","og_image":[{"width":960,"height":960,"url":"https:\/\/somos-hermanos.mx\/wp-content\/uploads\/2025\/08\/tepo1.jpeg","type":"image\/jpeg"}],"author":"Miguel Riestra P\u00e9rez","twitter_card":"summary_large_image","twitter_creator":"@Somos__Hermanos","twitter_site":"@Somos__Hermanos","twitter_misc":{"Escrito por":"Miguel Riestra P\u00e9rez","Tiempo de lectura":"3 minutos"},"schema":{"@context":"https:\/\/schema.org","@graph":[{"@type":"Article","@id":"https:\/\/somos-hermanos.mx\/index.php\/2025\/08\/04\/fundacion-por-el-bien-de-tepotzotlan-iap-inclusion-con-propositos-mayores\/#article","isPartOf":{"@id":"https:\/\/somos-hermanos.mx\/index.php\/2025\/08\/04\/fundacion-por-el-bien-de-tepotzotlan-iap-inclusion-con-propositos-mayores\/"},"author":{"name":"Miguel Riestra P\u00e9rez","@id":"https:\/\/somos-hermanos.mx\/#\/schema\/person\/1e925550f6b28edafdbf7e36bf8b90c9"},"headline":"Fundaci\u00f3n por el Bien de Tepotzotl\u00e1n IAP: Inclusi\u00f3n con prop\u00f3sitos mayores","datePublished":"2025-08-04T10:43:30+00:00","mainEntityOfPage":{"@id":"https:\/\/somos-hermanos.mx\/index.php\/2025\/08\/04\/fundacion-por-el-bien-de-tepotzotlan-iap-inclusion-con-propositos-mayores\/"},"wordCount":601,"commentCount":0,"publisher":{"@id":"https:\/\/somos-hermanos.mx\/#organization"},"image":{"@id":"https:\/\/somos-hermanos.mx\/index.php\/2025\/08\/04\/fundacion-por-el-bien-de-tepotzotlan-iap-inclusion-con-propositos-mayores\/#primaryimage"},"thumbnailUrl":"https:\/\/somos-hermanos.mx\/wp-content\/uploads\/2025\/08\/tepo1.jpeg","articleSection":["Noticias"],"inLanguage":"es","potentialAction":[{"@type":"CommentAction","name":"Comment","target":["https:\/\/somos-hermanos.mx\/index.php\/2025\/08\/04\/fundacion-por-el-bien-de-tepotzotlan-iap-inclusion-con-propositos-mayores\/#respond"]}]},{"@type":"WebPage","@id":"https:\/\/somos-hermanos.mx\/index.php\/2025\/08\/04\/fundacion-por-el-bien-de-tepotzotlan-iap-inclusion-con-propositos-mayores\/","url":"https:\/\/somos-hermanos.mx\/index.php\/2025\/08\/04\/fundacion-por-el-bien-de-tepotzotlan-iap-inclusion-con-propositos-mayores\/","name":"Fundaci\u00f3n por el Bien de Tepotzotl\u00e1n IAP: Inclusi\u00f3n con prop\u00f3sitos mayores - Historias que inspiran...","isPartOf":{"@id":"https:\/\/somos-hermanos.mx\/#website"},"primaryImageOfPage":{"@id":"https:\/\/somos-hermanos.mx\/index.php\/2025\/08\/04\/fundacion-por-el-bien-de-tepotzotlan-iap-inclusion-con-propositos-mayores\/#primaryimage"},"image":{"@id":"https:\/\/somos-hermanos.mx\/index.php\/2025\/08\/04\/fundacion-por-el-bien-de-tepotzotlan-iap-inclusion-con-propositos-mayores\/#primaryimage"},"thumbnailUrl":"https:\/\/somos-hermanos.mx\/wp-content\/uploads\/2025\/08\/tepo1.jpeg","datePublished":"2025-08-04T10:43:30+00:00","breadcrumb":{"@id":"https:\/\/somos-hermanos.mx\/index.php\/2025\/08\/04\/fundacion-por-el-bien-de-tepotzotlan-iap-inclusion-con-propositos-mayores\/#breadcrumb"},"inLanguage":"es","potentialAction":[{"@type":"ReadAction","target":["https:\/\/somos-hermanos.mx\/index.php\/2025\/08\/04\/fundacion-por-el-bien-de-tepotzotlan-iap-inclusion-con-propositos-mayores\/"]}]},{"@type":"ImageObject","inLanguage":"es","@id":"https:\/\/somos-hermanos.mx\/index.php\/2025\/08\/04\/fundacion-por-el-bien-de-tepotzotlan-iap-inclusion-con-propositos-mayores\/#primaryimage","url":"https:\/\/somos-hermanos.mx\/wp-content\/uploads\/2025\/08\/tepo1.jpeg","contentUrl":"https:\/\/somos-hermanos.mx\/wp-content\/uploads\/2025\/08\/tepo1.jpeg","width":960,"height":960},{"@type":"BreadcrumbList","@id":"https:\/\/somos-hermanos.mx\/index.php\/2025\/08\/04\/fundacion-por-el-bien-de-tepotzotlan-iap-inclusion-con-propositos-mayores\/#breadcrumb","itemListElement":[{"@type":"ListItem","position":1,"name":"Inicio","item":"https:\/\/somos-hermanos.mx\/"},{"@type":"ListItem","position":2,"name":"Fundaci\u00f3n por el Bien de Tepotzotl\u00e1n IAP: Inclusi\u00f3n con prop\u00f3sitos mayores"}]},{"@type":"WebSite","@id":"https:\/\/somos-hermanos.mx\/#website","url":"https:\/\/somos-hermanos.mx\/","name":"Historias que inspiran...","description":"Somos la voz del altruismo en M\u00e9xico","publisher":{"@id":"https:\/\/somos-hermanos.mx\/#organization"},"potentialAction":[{"@type":"SearchAction","target":{"@type":"EntryPoint","urlTemplate":"https:\/\/somos-hermanos.mx\/?s={search_term_string}"},"query-input":{"@type":"PropertyValueSpecification","valueRequired":true,"valueName":"search_term_string"}}],"inLanguage":"es"},{"@type":"Organization","@id":"https:\/\/somos-hermanos.mx\/#organization","name":"Somos Hermanos","url":"https:\/\/somos-hermanos.mx\/","logo":{"@type":"ImageObject","inLanguage":"es","@id":"https:\/\/somos-hermanos.mx\/#\/schema\/logo\/image\/","url":"https:\/\/somos-hermanos.mx\/wp-content\/uploads\/2025\/08\/SH30-1.jpeg","contentUrl":"https:\/\/somos-hermanos.mx\/wp-content\/uploads\/2025\/08\/SH30-1.jpeg","width":1600,"height":1142,"caption":"Somos Hermanos"},"image":{"@id":"https:\/\/somos-hermanos.mx\/#\/schema\/logo\/image\/"},"sameAs":["https:\/\/www.facebook.com\/SomosHermanosIAP\/","https:\/\/x.com\/Somos__Hermanos","https:\/\/www.instagram.com\/somos__hermanos\/#","https:\/\/www.tiktok.com\/@somoshermanosiap","https:\/\/www.youtube.com\/@somoshermanosiap1201\/videos"]},{"@type":"Person","@id":"https:\/\/somos-hermanos.mx\/#\/schema\/person\/1e925550f6b28edafdbf7e36bf8b90c9","name":"Miguel Riestra P\u00e9rez","image":{"@type":"ImageObject","inLanguage":"es","@id":"https:\/\/secure.gravatar.com\/avatar\/d46497e241a78e642ea099b6acbfb6199a867f0d3fdb39c05f5d0c47f490e0d6?s=96&d=mm&r=g","url":"https:\/\/secure.gravatar.com\/avatar\/d46497e241a78e642ea099b6acbfb6199a867f0d3fdb39c05f5d0c47f490e0d6?s=96&d=mm&r=g","contentUrl":"https:\/\/secure.gravatar.com\/avatar\/d46497e241a78e642ea099b6acbfb6199a867f0d3fdb39c05f5d0c47f490e0d6?s=96&d=mm&r=g","caption":"Miguel Riestra P\u00e9rez"},"url":"https:\/\/somos-hermanos.mx\/index.php\/author\/miguel-riestra-perez\/"}]}},"_links":{"self":[{"href":"https:\/\/somos-hermanos.mx\/index.php\/wp-json\/wp\/v2\/posts\/1107","targetHints":{"allow":["GET"]}}],"collection":[{"href":"https:\/\/somos-hermanos.mx\/index.php\/wp-json\/wp\/v2\/posts"}],"about":[{"href":"https:\/\/somos-hermanos.mx\/index.php\/wp-json\/wp\/v2\/types\/post"}],"author":[{"embeddable":true,"href":"https:\/\/somos-hermanos.mx\/index.php\/wp-json\/wp\/v2\/users\/9"}],"replies":[{"embeddable":true,"href":"https:\/\/somos-hermanos.mx\/index.php\/wp-json\/wp\/v2\/comments?post=1107"}],"version-history":[{"count":1,"href":"https:\/\/somos-hermanos.mx\/index.php\/wp-json\/wp\/v2\/posts\/1107\/revisions"}],"predecessor-version":[{"id":1109,"href":"https:\/\/somos-hermanos.mx\/index.php\/wp-json\/wp\/v2\/posts\/1107\/revisions\/1109"}],"wp:featuredmedia":[{"embeddable":true,"href":"https:\/\/somos-hermanos.mx\/index.php\/wp-json\/wp\/v2\/media\/1108"}],"wp:attachment":[{"href":"https:\/\/somos-hermanos.mx\/index.php\/wp-json\/wp\/v2\/media?parent=1107"}],"wp:term":[{"taxonomy":"category","embeddable":true,"href":"https:\/\/somos-hermanos.mx\/index.php\/wp-json\/wp\/v2\/categories?post=1107"},{"taxonomy":"post_tag","embeddable":true,"href":"https:\/\/somos-hermanos.mx\/index.php\/wp-json\/wp\/v2\/tags?post=1107"}],"curies":[{"name":"wp","href":"https:\/\/api.w.org\/{rel}","templated":true}]}}