{"id":1101,"date":"2025-08-04T04:41:19","date_gmt":"2025-08-04T10:41:19","guid":{"rendered":"https:\/\/somos-hermanos.mx\/?p=1101"},"modified":"2025-08-04T04:41:19","modified_gmt":"2025-08-04T10:41:19","slug":"gila-ac-una-red-de-apoyo-que-transforma-vidas","status":"publish","type":"post","link":"https:\/\/somos-hermanos.mx\/index.php\/2025\/08\/04\/gila-ac-una-red-de-apoyo-que-transforma-vidas\/","title":{"rendered":"Gila AC: una red de apoyo que transforma vidas"},"content":{"rendered":"<p>La Esclerosis Lateral Amiotr\u00f3fica (ELA) <strong>es una enfermedad neurodegenerativa progresiva que ataca de forma directa a las motoneuronas, las c\u00e9lulas nerviosas encargadas de enviar se\u00f1ales desde el cerebro hacia los m\u00fasculos<\/strong>\u00a0voluntarios del cuerpo. A medida que estas neuronas mueren, los m\u00fasculos se debilitan, se atrofian y finalmente se paralizan.<\/p>\n<p>Sin embargo, la lucidez mental del paciente permanece intacta, lo que convierte la ELA en <strong>un padecimiento particularmente doloroso y complejo: <\/strong>el cuerpo se apaga, pero la conciencia permanece completamente despierta.<\/p>\n<p>Afecta mayormente a personas entre los 35 y 70 a\u00f1os, y su progresi\u00f3n puede llevar a la p\u00e9rdida total de la movilidad, del habla y de la capacidad respiratoria en un periodo que var\u00eda de paciente a paciente, pero que suele oscilar entre los dos y los cinco a\u00f1os despu\u00e9s del diagn\u00f3stico.<\/p>\n<p><strong>No existe cura conocida. Tampoco hay una causa clara: <\/strong>entre el 90 y 95 % de los casos se consideran espor\u00e1dicos. Solo un peque\u00f1o porcentaje responde a factores gen\u00e9ticos. <strong>Entre los posibles detonantes se han identificado el tabaquismo, infecciones virales, exposici\u00f3n prolongada a pesticidas o metales pesados, e incluso actividad f\u00edsica intensa mantenida a lo largo del tiempo.<\/strong>\u00a0Aun as\u00ed, la ciencia a\u00fan no ha logrado establecer una causa definitiva.<\/p>\n<p><strong>Los primeros s\u00edntomas suelen ser sutiles: <\/strong>debilidad en una extremidad, calambres musculares durante la noche, torpeza al caminar o escribir. Sin embargo, la enfermedad avanza de forma asim\u00e9trica e irregular. Puede comenzar en una pierna y luego trasladarse a un brazo, afectar la musculatura de la garganta o los m\u00fasculos respiratorios.<\/p>\n<p>Cada cuerpo responde distinto, pero el desenlace es el mismo: una par\u00e1lisis progresiva que conduce a la dependencia total del paciente para realizar incluso las tareas m\u00e1s b\u00e1sicas, como comer, hablar o respirar.<\/p>\n<p>Este escenario no solo transforma la vida del paciente, sino tambi\u00e9n la de su familia. El cuidado constante, el desgaste emocional, los gastos m\u00e9dicos y la incertidumbre generan un impacto profundo en los entornos afectivos. Ante esta realidad tan poco visible en la conversaci\u00f3n p\u00fablica, <strong>Apoyo Integral Gila A.C. se ha consolidado como una organizaci\u00f3n indispensable.<\/strong><\/p>\n<p>Fundada en mayo de 2010, esta asociaci\u00f3n sin fines de lucro naci\u00f3 como un acto de amor: la familia Padilla Acevedo cuid\u00f3 durante m\u00e1s de una d\u00e9cada a Gila, madre y pilar del hogar, quien padeci\u00f3 una enfermedad neuromuscular degenerativa similar a la ELA. La experiencia les mostr\u00f3 lo necesario que es acompa\u00f1ar desde la empat\u00eda, la dignidad y el cuidado integral. As\u00ed, decidieron transformar su vivencia en una red de apoyo para otras familias.<\/p>\n<p>Apoyo Integral Gila A.C. ofrece un modelo de intervenci\u00f3n \u00fanico en M\u00e9xico. Al entender que la mayor\u00eda de los pacientes est\u00e1n postrados y no pueden desplazarse, su equipo realiza visitas domiciliarias para brindar atenci\u00f3n paliativa personalizada. Este acompa\u00f1amiento incluye orientaci\u00f3n m\u00e9dica, apoyo emocional y psicol\u00f3gico, entrega de insumos m\u00e9dicos, adecuaciones en el hogar, sillas de ruedas, colchones especiales, ventiladores port\u00e1tiles, aspiradores de secreciones, entre otros recursos esenciales.<\/p>\n<p>Pero la atenci\u00f3n va m\u00e1s all\u00e1 de lo cl\u00ednico. Tambi\u00e9n se ofrece contenci\u00f3n emocional a las familias, quienes muchas veces atraviesan el proceso sin redes de apoyo, agotadas por la carga f\u00edsica y mental. La intervenci\u00f3n de Gila A.C. promueve el cuidado digno, la comunicaci\u00f3n respetuosa y la posibilidad de vivir este proceso sin desbordamientos ni violencia emocional.<\/p>\n<p>Adem\u00e1s, se impulsan terapias complementarias como la fisioterapia, la rehabilitaci\u00f3n pulmonar, el uso controlado de cannabis medicinal \u2014que ha mostrado mejoras en el habla, el sue\u00f1o, el apetito y el estado de \u00e1nimo en algunos pacientes\u2014, as\u00ed como la gesti\u00f3n del dolor con medicamentos como baclofeno o riluzol, en aquellos casos donde est\u00e1n indicados.<\/p>\n<p>El trabajo de Gila AC tambi\u00e9n visibiliza una gran deuda institucional: la ELA sigue sin estar plenamente reconocida como una prioridad en las pol\u00edticas p\u00fablicas de salud. Muchos pacientes enfrentan trabas para acceder a equipos m\u00e9dicos, medicamentos o rehabilitaci\u00f3n. Por ello, el trabajo de la sociedad civil organizada se vuelve urgente y esencial.<\/p>\n<p>\u00bfC\u00f3mo puedes involucrarte?<\/p>\n<p>Acompa\u00f1ar no siempre requiere dinero. A veces basta con escuchar, compartir, aprender o simplemente difundir. Pero tambi\u00e9n puedes donar insumos m\u00e9dicos, ofrecer tu tiempo como voluntario o realizar una aportaci\u00f3n econ\u00f3mica que permita continuar con esta labor vital.<\/p>\n<p>Porque nadie deber\u00eda enfrentar la ELA en soledad.<\/p>\n<p>Porque cuidar tambi\u00e9n es amar.<\/p>\n<p>Porque toda vida merece ser vivida con dignidad hasta el \u00faltimo respiro.<\/p>\n<p>\ud83d\udccd\u00a0Conoce m\u00e1s, inf\u00f3rmate, y s\u00famate en:<\/p>\n<p>\ud83d\udc49\u00a0https:\/\/www.ela.org.mx\/nosotros\/<\/p>\n","protected":false},"excerpt":{"rendered":"<p>La Esclerosis Lateral Amiotr\u00f3fica (ELA) es una enfermedad neurodegenerativa progresiva que ataca de forma directa a las motoneuronas, las c\u00e9lulas nerviosas encargadas de enviar se\u00f1ales desde el cerebro hacia los m\u00fasculos\u00a0voluntarios del cuerpo. A medida que estas neuronas mueren, los m\u00fasculos se debilitan, se atrofian y finalmente se paralizan. Sin embargo, la lucidez mental del [&hellip;]<\/p>\n","protected":false},"author":6,"featured_media":1102,"comment_status":"open","ping_status":"closed","sticky":false,"template":"","format":"standard","meta":{"footnotes":""},"categories":[6],"tags":[],"class_list":["post-1101","post","type-post","status-publish","format-standard","has-post-thumbnail","hentry","category-noticias"],"yoast_head":"<!-- This site is optimized with the Yoast SEO plugin v27.5 - https:\/\/yoast.com\/product\/yoast-seo-wordpress\/ -->\n<title>Gila AC: una red de apoyo que transforma vidas - Historias que inspiran...<\/title>\n<meta name=\"robots\" content=\"index, follow, max-snippet:-1, max-image-preview:large, max-video-preview:-1\" \/>\n<link rel=\"canonical\" href=\"https:\/\/somos-hermanos.mx\/index.php\/2025\/08\/04\/gila-ac-una-red-de-apoyo-que-transforma-vidas\/\" \/>\n<meta property=\"og:locale\" content=\"es_MX\" \/>\n<meta property=\"og:type\" content=\"article\" \/>\n<meta property=\"og:title\" content=\"Gila AC: una red de apoyo que transforma vidas - Historias que inspiran...\" \/>\n<meta property=\"og:description\" content=\"La Esclerosis Lateral Amiotr\u00f3fica (ELA) es una enfermedad neurodegenerativa progresiva que ataca de forma directa a las motoneuronas, las c\u00e9lulas nerviosas encargadas de enviar se\u00f1ales desde el cerebro hacia los m\u00fasculos\u00a0voluntarios del cuerpo. A medida que estas neuronas mueren, los m\u00fasculos se debilitan, se atrofian y finalmente se paralizan. Sin embargo, la lucidez mental del [&hellip;]\" \/>\n<meta property=\"og:url\" content=\"https:\/\/somos-hermanos.mx\/index.php\/2025\/08\/04\/gila-ac-una-red-de-apoyo-que-transforma-vidas\/\" \/>\n<meta property=\"og:site_name\" content=\"Historias que inspiran...\" \/>\n<meta property=\"article:publisher\" content=\"https:\/\/www.facebook.com\/SomosHermanosIAP\/\" \/>\n<meta property=\"article:published_time\" content=\"2025-08-04T10:41:19+00:00\" \/>\n<meta property=\"og:image\" content=\"https:\/\/somos-hermanos.mx\/wp-content\/uploads\/2025\/08\/ila2.jpeg\" \/>\n\t<meta property=\"og:image:width\" content=\"1600\" \/>\n\t<meta property=\"og:image:height\" content=\"1201\" \/>\n\t<meta property=\"og:image:type\" content=\"image\/jpeg\" \/>\n<meta name=\"author\" content=\"Jessica Iniestra Montoya\" \/>\n<meta name=\"twitter:card\" content=\"summary_large_image\" \/>\n<meta name=\"twitter:creator\" content=\"@Somos__Hermanos\" \/>\n<meta name=\"twitter:site\" content=\"@Somos__Hermanos\" \/>\n<meta name=\"twitter:label1\" content=\"Escrito por\" \/>\n\t<meta name=\"twitter:data1\" content=\"Jessica Iniestra Montoya\" \/>\n\t<meta name=\"twitter:label2\" content=\"Tiempo de lectura\" \/>\n\t<meta name=\"twitter:data2\" content=\"4 minutos\" \/>\n<script type=\"application\/ld+json\" class=\"yoast-schema-graph\">{\"@context\":\"https:\\\/\\\/schema.org\",\"@graph\":[{\"@type\":\"Article\",\"@id\":\"https:\\\/\\\/somos-hermanos.mx\\\/index.php\\\/2025\\\/08\\\/04\\\/gila-ac-una-red-de-apoyo-que-transforma-vidas\\\/#article\",\"isPartOf\":{\"@id\":\"https:\\\/\\\/somos-hermanos.mx\\\/index.php\\\/2025\\\/08\\\/04\\\/gila-ac-una-red-de-apoyo-que-transforma-vidas\\\/\"},\"author\":{\"name\":\"Jessica Iniestra Montoya\",\"@id\":\"https:\\\/\\\/somos-hermanos.mx\\\/#\\\/schema\\\/person\\\/556c08a8ffe5461f078f6d4ee7c7edc6\"},\"headline\":\"Gila AC: una red de apoyo que transforma vidas\",\"datePublished\":\"2025-08-04T10:41:19+00:00\",\"mainEntityOfPage\":{\"@id\":\"https:\\\/\\\/somos-hermanos.mx\\\/index.php\\\/2025\\\/08\\\/04\\\/gila-ac-una-red-de-apoyo-que-transforma-vidas\\\/\"},\"wordCount\":808,\"commentCount\":0,\"publisher\":{\"@id\":\"https:\\\/\\\/somos-hermanos.mx\\\/#organization\"},\"image\":{\"@id\":\"https:\\\/\\\/somos-hermanos.mx\\\/index.php\\\/2025\\\/08\\\/04\\\/gila-ac-una-red-de-apoyo-que-transforma-vidas\\\/#primaryimage\"},\"thumbnailUrl\":\"https:\\\/\\\/somos-hermanos.mx\\\/wp-content\\\/uploads\\\/2025\\\/08\\\/ila2.jpeg\",\"articleSection\":[\"Noticias\"],\"inLanguage\":\"es\",\"potentialAction\":[{\"@type\":\"CommentAction\",\"name\":\"Comment\",\"target\":[\"https:\\\/\\\/somos-hermanos.mx\\\/index.php\\\/2025\\\/08\\\/04\\\/gila-ac-una-red-de-apoyo-que-transforma-vidas\\\/#respond\"]}]},{\"@type\":\"WebPage\",\"@id\":\"https:\\\/\\\/somos-hermanos.mx\\\/index.php\\\/2025\\\/08\\\/04\\\/gila-ac-una-red-de-apoyo-que-transforma-vidas\\\/\",\"url\":\"https:\\\/\\\/somos-hermanos.mx\\\/index.php\\\/2025\\\/08\\\/04\\\/gila-ac-una-red-de-apoyo-que-transforma-vidas\\\/\",\"name\":\"Gila AC: una red de apoyo que transforma vidas - Historias que inspiran...\",\"isPartOf\":{\"@id\":\"https:\\\/\\\/somos-hermanos.mx\\\/#website\"},\"primaryImageOfPage\":{\"@id\":\"https:\\\/\\\/somos-hermanos.mx\\\/index.php\\\/2025\\\/08\\\/04\\\/gila-ac-una-red-de-apoyo-que-transforma-vidas\\\/#primaryimage\"},\"image\":{\"@id\":\"https:\\\/\\\/somos-hermanos.mx\\\/index.php\\\/2025\\\/08\\\/04\\\/gila-ac-una-red-de-apoyo-que-transforma-vidas\\\/#primaryimage\"},\"thumbnailUrl\":\"https:\\\/\\\/somos-hermanos.mx\\\/wp-content\\\/uploads\\\/2025\\\/08\\\/ila2.jpeg\",\"datePublished\":\"2025-08-04T10:41:19+00:00\",\"breadcrumb\":{\"@id\":\"https:\\\/\\\/somos-hermanos.mx\\\/index.php\\\/2025\\\/08\\\/04\\\/gila-ac-una-red-de-apoyo-que-transforma-vidas\\\/#breadcrumb\"},\"inLanguage\":\"es\",\"potentialAction\":[{\"@type\":\"ReadAction\",\"target\":[\"https:\\\/\\\/somos-hermanos.mx\\\/index.php\\\/2025\\\/08\\\/04\\\/gila-ac-una-red-de-apoyo-que-transforma-vidas\\\/\"]}]},{\"@type\":\"ImageObject\",\"inLanguage\":\"es\",\"@id\":\"https:\\\/\\\/somos-hermanos.mx\\\/index.php\\\/2025\\\/08\\\/04\\\/gila-ac-una-red-de-apoyo-que-transforma-vidas\\\/#primaryimage\",\"url\":\"https:\\\/\\\/somos-hermanos.mx\\\/wp-content\\\/uploads\\\/2025\\\/08\\\/ila2.jpeg\",\"contentUrl\":\"https:\\\/\\\/somos-hermanos.mx\\\/wp-content\\\/uploads\\\/2025\\\/08\\\/ila2.jpeg\",\"width\":1600,\"height\":1201},{\"@type\":\"BreadcrumbList\",\"@id\":\"https:\\\/\\\/somos-hermanos.mx\\\/index.php\\\/2025\\\/08\\\/04\\\/gila-ac-una-red-de-apoyo-que-transforma-vidas\\\/#breadcrumb\",\"itemListElement\":[{\"@type\":\"ListItem\",\"position\":1,\"name\":\"Inicio\",\"item\":\"https:\\\/\\\/somos-hermanos.mx\\\/\"},{\"@type\":\"ListItem\",\"position\":2,\"name\":\"Gila AC: una red de apoyo que transforma vidas\"}]},{\"@type\":\"WebSite\",\"@id\":\"https:\\\/\\\/somos-hermanos.mx\\\/#website\",\"url\":\"https:\\\/\\\/somos-hermanos.mx\\\/\",\"name\":\"Historias que inspiran...\",\"description\":\"Somos la voz del altruismo en M\u00e9xico\",\"publisher\":{\"@id\":\"https:\\\/\\\/somos-hermanos.mx\\\/#organization\"},\"potentialAction\":[{\"@type\":\"SearchAction\",\"target\":{\"@type\":\"EntryPoint\",\"urlTemplate\":\"https:\\\/\\\/somos-hermanos.mx\\\/?s={search_term_string}\"},\"query-input\":{\"@type\":\"PropertyValueSpecification\",\"valueRequired\":true,\"valueName\":\"search_term_string\"}}],\"inLanguage\":\"es\"},{\"@type\":\"Organization\",\"@id\":\"https:\\\/\\\/somos-hermanos.mx\\\/#organization\",\"name\":\"Somos Hermanos\",\"url\":\"https:\\\/\\\/somos-hermanos.mx\\\/\",\"logo\":{\"@type\":\"ImageObject\",\"inLanguage\":\"es\",\"@id\":\"https:\\\/\\\/somos-hermanos.mx\\\/#\\\/schema\\\/logo\\\/image\\\/\",\"url\":\"https:\\\/\\\/somos-hermanos.mx\\\/wp-content\\\/uploads\\\/2025\\\/08\\\/SH30-1.jpeg\",\"contentUrl\":\"https:\\\/\\\/somos-hermanos.mx\\\/wp-content\\\/uploads\\\/2025\\\/08\\\/SH30-1.jpeg\",\"width\":1600,\"height\":1142,\"caption\":\"Somos Hermanos\"},\"image\":{\"@id\":\"https:\\\/\\\/somos-hermanos.mx\\\/#\\\/schema\\\/logo\\\/image\\\/\"},\"sameAs\":[\"https:\\\/\\\/www.facebook.com\\\/SomosHermanosIAP\\\/\",\"https:\\\/\\\/x.com\\\/Somos__Hermanos\",\"https:\\\/\\\/www.instagram.com\\\/somos__hermanos\\\/#\",\"https:\\\/\\\/www.tiktok.com\\\/@somoshermanosiap\",\"https:\\\/\\\/www.youtube.com\\\/@somoshermanosiap1201\\\/videos\"]},{\"@type\":\"Person\",\"@id\":\"https:\\\/\\\/somos-hermanos.mx\\\/#\\\/schema\\\/person\\\/556c08a8ffe5461f078f6d4ee7c7edc6\",\"name\":\"Jessica Iniestra Montoya\",\"image\":{\"@type\":\"ImageObject\",\"inLanguage\":\"es\",\"@id\":\"https:\\\/\\\/secure.gravatar.com\\\/avatar\\\/106ac0d17a09f7597c4b7d5101b852538c07d5e73e903cb99fc44476e15e52aa?s=96&d=mm&r=g\",\"url\":\"https:\\\/\\\/secure.gravatar.com\\\/avatar\\\/106ac0d17a09f7597c4b7d5101b852538c07d5e73e903cb99fc44476e15e52aa?s=96&d=mm&r=g\",\"contentUrl\":\"https:\\\/\\\/secure.gravatar.com\\\/avatar\\\/106ac0d17a09f7597c4b7d5101b852538c07d5e73e903cb99fc44476e15e52aa?s=96&d=mm&r=g\",\"caption\":\"Jessica Iniestra Montoya\"},\"url\":\"https:\\\/\\\/somos-hermanos.mx\\\/index.php\\\/author\\\/jessica-iniestra-montoya\\\/\"}]}<\/script>\n<!-- \/ Yoast SEO plugin. -->","yoast_head_json":{"title":"Gila AC: una red de apoyo que transforma vidas - Historias que inspiran...","robots":{"index":"index","follow":"follow","max-snippet":"max-snippet:-1","max-image-preview":"max-image-preview:large","max-video-preview":"max-video-preview:-1"},"canonical":"https:\/\/somos-hermanos.mx\/index.php\/2025\/08\/04\/gila-ac-una-red-de-apoyo-que-transforma-vidas\/","og_locale":"es_MX","og_type":"article","og_title":"Gila AC: una red de apoyo que transforma vidas - Historias que inspiran...","og_description":"La Esclerosis Lateral Amiotr\u00f3fica (ELA) es una enfermedad neurodegenerativa progresiva que ataca de forma directa a las motoneuronas, las c\u00e9lulas nerviosas encargadas de enviar se\u00f1ales desde el cerebro hacia los m\u00fasculos\u00a0voluntarios del cuerpo. A medida que estas neuronas mueren, los m\u00fasculos se debilitan, se atrofian y finalmente se paralizan. Sin embargo, la lucidez mental del [&hellip;]","og_url":"https:\/\/somos-hermanos.mx\/index.php\/2025\/08\/04\/gila-ac-una-red-de-apoyo-que-transforma-vidas\/","og_site_name":"Historias que inspiran...","article_publisher":"https:\/\/www.facebook.com\/SomosHermanosIAP\/","article_published_time":"2025-08-04T10:41:19+00:00","og_image":[{"width":1600,"height":1201,"url":"https:\/\/somos-hermanos.mx\/wp-content\/uploads\/2025\/08\/ila2.jpeg","type":"image\/jpeg"}],"author":"Jessica Iniestra Montoya","twitter_card":"summary_large_image","twitter_creator":"@Somos__Hermanos","twitter_site":"@Somos__Hermanos","twitter_misc":{"Escrito por":"Jessica Iniestra Montoya","Tiempo de lectura":"4 minutos"},"schema":{"@context":"https:\/\/schema.org","@graph":[{"@type":"Article","@id":"https:\/\/somos-hermanos.mx\/index.php\/2025\/08\/04\/gila-ac-una-red-de-apoyo-que-transforma-vidas\/#article","isPartOf":{"@id":"https:\/\/somos-hermanos.mx\/index.php\/2025\/08\/04\/gila-ac-una-red-de-apoyo-que-transforma-vidas\/"},"author":{"name":"Jessica Iniestra Montoya","@id":"https:\/\/somos-hermanos.mx\/#\/schema\/person\/556c08a8ffe5461f078f6d4ee7c7edc6"},"headline":"Gila AC: una red de apoyo que transforma vidas","datePublished":"2025-08-04T10:41:19+00:00","mainEntityOfPage":{"@id":"https:\/\/somos-hermanos.mx\/index.php\/2025\/08\/04\/gila-ac-una-red-de-apoyo-que-transforma-vidas\/"},"wordCount":808,"commentCount":0,"publisher":{"@id":"https:\/\/somos-hermanos.mx\/#organization"},"image":{"@id":"https:\/\/somos-hermanos.mx\/index.php\/2025\/08\/04\/gila-ac-una-red-de-apoyo-que-transforma-vidas\/#primaryimage"},"thumbnailUrl":"https:\/\/somos-hermanos.mx\/wp-content\/uploads\/2025\/08\/ila2.jpeg","articleSection":["Noticias"],"inLanguage":"es","potentialAction":[{"@type":"CommentAction","name":"Comment","target":["https:\/\/somos-hermanos.mx\/index.php\/2025\/08\/04\/gila-ac-una-red-de-apoyo-que-transforma-vidas\/#respond"]}]},{"@type":"WebPage","@id":"https:\/\/somos-hermanos.mx\/index.php\/2025\/08\/04\/gila-ac-una-red-de-apoyo-que-transforma-vidas\/","url":"https:\/\/somos-hermanos.mx\/index.php\/2025\/08\/04\/gila-ac-una-red-de-apoyo-que-transforma-vidas\/","name":"Gila AC: una red de apoyo que transforma vidas - Historias que inspiran...","isPartOf":{"@id":"https:\/\/somos-hermanos.mx\/#website"},"primaryImageOfPage":{"@id":"https:\/\/somos-hermanos.mx\/index.php\/2025\/08\/04\/gila-ac-una-red-de-apoyo-que-transforma-vidas\/#primaryimage"},"image":{"@id":"https:\/\/somos-hermanos.mx\/index.php\/2025\/08\/04\/gila-ac-una-red-de-apoyo-que-transforma-vidas\/#primaryimage"},"thumbnailUrl":"https:\/\/somos-hermanos.mx\/wp-content\/uploads\/2025\/08\/ila2.jpeg","datePublished":"2025-08-04T10:41:19+00:00","breadcrumb":{"@id":"https:\/\/somos-hermanos.mx\/index.php\/2025\/08\/04\/gila-ac-una-red-de-apoyo-que-transforma-vidas\/#breadcrumb"},"inLanguage":"es","potentialAction":[{"@type":"ReadAction","target":["https:\/\/somos-hermanos.mx\/index.php\/2025\/08\/04\/gila-ac-una-red-de-apoyo-que-transforma-vidas\/"]}]},{"@type":"ImageObject","inLanguage":"es","@id":"https:\/\/somos-hermanos.mx\/index.php\/2025\/08\/04\/gila-ac-una-red-de-apoyo-que-transforma-vidas\/#primaryimage","url":"https:\/\/somos-hermanos.mx\/wp-content\/uploads\/2025\/08\/ila2.jpeg","contentUrl":"https:\/\/somos-hermanos.mx\/wp-content\/uploads\/2025\/08\/ila2.jpeg","width":1600,"height":1201},{"@type":"BreadcrumbList","@id":"https:\/\/somos-hermanos.mx\/index.php\/2025\/08\/04\/gila-ac-una-red-de-apoyo-que-transforma-vidas\/#breadcrumb","itemListElement":[{"@type":"ListItem","position":1,"name":"Inicio","item":"https:\/\/somos-hermanos.mx\/"},{"@type":"ListItem","position":2,"name":"Gila AC: una red de apoyo que transforma vidas"}]},{"@type":"WebSite","@id":"https:\/\/somos-hermanos.mx\/#website","url":"https:\/\/somos-hermanos.mx\/","name":"Historias que inspiran...","description":"Somos la voz del altruismo en M\u00e9xico","publisher":{"@id":"https:\/\/somos-hermanos.mx\/#organization"},"potentialAction":[{"@type":"SearchAction","target":{"@type":"EntryPoint","urlTemplate":"https:\/\/somos-hermanos.mx\/?s={search_term_string}"},"query-input":{"@type":"PropertyValueSpecification","valueRequired":true,"valueName":"search_term_string"}}],"inLanguage":"es"},{"@type":"Organization","@id":"https:\/\/somos-hermanos.mx\/#organization","name":"Somos Hermanos","url":"https:\/\/somos-hermanos.mx\/","logo":{"@type":"ImageObject","inLanguage":"es","@id":"https:\/\/somos-hermanos.mx\/#\/schema\/logo\/image\/","url":"https:\/\/somos-hermanos.mx\/wp-content\/uploads\/2025\/08\/SH30-1.jpeg","contentUrl":"https:\/\/somos-hermanos.mx\/wp-content\/uploads\/2025\/08\/SH30-1.jpeg","width":1600,"height":1142,"caption":"Somos Hermanos"},"image":{"@id":"https:\/\/somos-hermanos.mx\/#\/schema\/logo\/image\/"},"sameAs":["https:\/\/www.facebook.com\/SomosHermanosIAP\/","https:\/\/x.com\/Somos__Hermanos","https:\/\/www.instagram.com\/somos__hermanos\/#","https:\/\/www.tiktok.com\/@somoshermanosiap","https:\/\/www.youtube.com\/@somoshermanosiap1201\/videos"]},{"@type":"Person","@id":"https:\/\/somos-hermanos.mx\/#\/schema\/person\/556c08a8ffe5461f078f6d4ee7c7edc6","name":"Jessica Iniestra Montoya","image":{"@type":"ImageObject","inLanguage":"es","@id":"https:\/\/secure.gravatar.com\/avatar\/106ac0d17a09f7597c4b7d5101b852538c07d5e73e903cb99fc44476e15e52aa?s=96&d=mm&r=g","url":"https:\/\/secure.gravatar.com\/avatar\/106ac0d17a09f7597c4b7d5101b852538c07d5e73e903cb99fc44476e15e52aa?s=96&d=mm&r=g","contentUrl":"https:\/\/secure.gravatar.com\/avatar\/106ac0d17a09f7597c4b7d5101b852538c07d5e73e903cb99fc44476e15e52aa?s=96&d=mm&r=g","caption":"Jessica Iniestra Montoya"},"url":"https:\/\/somos-hermanos.mx\/index.php\/author\/jessica-iniestra-montoya\/"}]}},"_links":{"self":[{"href":"https:\/\/somos-hermanos.mx\/index.php\/wp-json\/wp\/v2\/posts\/1101","targetHints":{"allow":["GET"]}}],"collection":[{"href":"https:\/\/somos-hermanos.mx\/index.php\/wp-json\/wp\/v2\/posts"}],"about":[{"href":"https:\/\/somos-hermanos.mx\/index.php\/wp-json\/wp\/v2\/types\/post"}],"author":[{"embeddable":true,"href":"https:\/\/somos-hermanos.mx\/index.php\/wp-json\/wp\/v2\/users\/6"}],"replies":[{"embeddable":true,"href":"https:\/\/somos-hermanos.mx\/index.php\/wp-json\/wp\/v2\/comments?post=1101"}],"version-history":[{"count":1,"href":"https:\/\/somos-hermanos.mx\/index.php\/wp-json\/wp\/v2\/posts\/1101\/revisions"}],"predecessor-version":[{"id":1103,"href":"https:\/\/somos-hermanos.mx\/index.php\/wp-json\/wp\/v2\/posts\/1101\/revisions\/1103"}],"wp:featuredmedia":[{"embeddable":true,"href":"https:\/\/somos-hermanos.mx\/index.php\/wp-json\/wp\/v2\/media\/1102"}],"wp:attachment":[{"href":"https:\/\/somos-hermanos.mx\/index.php\/wp-json\/wp\/v2\/media?parent=1101"}],"wp:term":[{"taxonomy":"category","embeddable":true,"href":"https:\/\/somos-hermanos.mx\/index.php\/wp-json\/wp\/v2\/categories?post=1101"},{"taxonomy":"post_tag","embeddable":true,"href":"https:\/\/somos-hermanos.mx\/index.php\/wp-json\/wp\/v2\/tags?post=1101"}],"curies":[{"name":"wp","href":"https:\/\/api.w.org\/{rel}","templated":true}]}}