{"id":1095,"date":"2025-08-04T04:38:44","date_gmt":"2025-08-04T10:38:44","guid":{"rendered":"https:\/\/somos-hermanos.mx\/?p=1095"},"modified":"2025-08-04T04:38:44","modified_gmt":"2025-08-04T10:38:44","slug":"con-fundacion-lattuada-checarte-hace-la-diferencia","status":"publish","type":"post","link":"https:\/\/somos-hermanos.mx\/index.php\/2025\/08\/04\/con-fundacion-lattuada-checarte-hace-la-diferencia\/","title":{"rendered":"Con Fundaci\u00f3n Lattuada: Checarte hace la diferencia"},"content":{"rendered":"<p>La insuficiencia renal es una enfermedad que provoca que los ri\u00f1ones dejen de funcionar, pierden su principal funci\u00f3n de eliminar los desechos. <strong>Esta afecci\u00f3n aqueja a m\u00e1s del 11% de la poblaci\u00f3n mexicana, <\/strong>lo que considera como un severo problema de salud p\u00fablica.<\/p>\n<p>Tras esto, las instituciones de salud se han encargado de ofrecer un tratamiento a las personas que padezcan de esta enfermedad; sin embargo, la saturaci\u00f3n y la falta de medicamentos, provoca que no se den abasto.<\/p>\n<p>Por esta raz\u00f3n sali\u00f3 la <strong>Fundaci\u00f3n Lattuada, una organizaci\u00f3n sin fines de mucho que tiene el objetivo de lucha contra la insuficiencia renal. <\/strong>Dentro de sus instalaciones ofrecen diferentes servicios, tales como atenci\u00f3n m\u00e9dica, campa\u00f1as de detecci\u00f3n temprana, el tratamiento y la promoci\u00f3n de h\u00e1bitos saludables que mejoren su estado f\u00edsico.<\/p>\n<p><strong>Misi\u00f3n y visi\u00f3n<\/strong><\/p>\n<p>La instituci\u00f3n se fund\u00f3 gracias a la familia Lattuada, pues la familia vivi\u00f3 en primera persona las consecuencias de esta enfermedad.<\/p>\n<p><em>\u201cSin respuestas claras sobre su origen, vivimos p\u00e9rdidas dolorosas y aprendimos del sufrimiento que provoca esta enfermedad\u201d.<\/em><\/p>\n<p>La situaci\u00f3n que vivieron provoc\u00f3 que se dieran a la tarea de brindar esa ayuda a las personas que m\u00e1s lo necesitan y que no pueden costear un tratamiento para ellos o sus familiares.<\/p>\n<p>Se han convertido en un modelo de atenci\u00f3n a nivel nacional. Buscan operar bajo un esquema autosustentable, que permita multiplicar los beneficios y brindar atenci\u00f3n oportuna, humana y de calidad en todo el pa\u00eds.<\/p>\n<p><strong>Desde su fundaci\u00f3n, han beneficiado a m\u00e1s de 3000 personas. <\/strong>Su apoyo no se queda solo en la salud, sino que tambi\u00e9n han ofrecido apoyo emocional y econ\u00f3mico. A lo largo de su trayectoria han mejorado la vida de las personas con insuficiencia renal, adem\u00e1s que buscan contribuir al desarrollo de conocimiento m\u00e9dico y puedan desarrollar un mejor tratamiento que ayude a las personas con afecciones renales.<\/p>\n<p><strong>Programa \u201cAct\u00edvate, prevenir es vivir\u201d<\/strong><\/p>\n<p>Uno de los programas m\u00e1s importantes en la fundaci\u00f3n, es \u201cACT\u00cdVATE, PREVENIR ES VIVIR\u201d. Este programa consiste en generar un aspecto positivo a la comunidad, a trav\u00e9s de este programa se realizan estudios cl\u00ednicos preventivos para la detecci\u00f3n de enfermedades cr\u00f3nicas como insuficiencia renal, diabetes, alteraciones metab\u00f3licas, entre otras. El programa incluye: Toma de signos vitales, toma de peso y talla y una consulta m\u00e9dica con especialistas altamente calificados.<\/p>\n<p>Si tienes a un familiar o un conocido con alguna afecci\u00f3n, puedes ir a la fundaci\u00f3n. Se ubica en Media Luna 286, Misi\u00f3n Bucareli Sur CP 76125 en el Estado de Quer\u00e9taro. El horario es de lunes a viernes de 09:00 a.m., a las 17:00 p.m.<\/p>\n<p><strong>\u00bfC\u00f3mo puedo apoyar? <\/strong><\/p>\n<p><strong>\u00a0<\/strong>Si tienes el inter\u00e9s de apoyar a la fundaci\u00f3n, puedes formar parte del voluntariado o hacer una donaci\u00f3n, solo basta con enviarles un mensaje a trav\u00e9s de su sitio web. Los directivos de la fundaci\u00f3n se encargar\u00e1n de responderte lo m\u00e1s r\u00e1pido posible.<\/p>\n","protected":false},"excerpt":{"rendered":"<p>La insuficiencia renal es una enfermedad que provoca que los ri\u00f1ones dejen de funcionar, pierden su principal funci\u00f3n de eliminar los desechos. Esta afecci\u00f3n aqueja a m\u00e1s del 11% de la poblaci\u00f3n mexicana, lo que considera como un severo problema de salud p\u00fablica. Tras esto, las instituciones de salud se han encargado de ofrecer un [&hellip;]<\/p>\n","protected":false},"author":19,"featured_media":1096,"comment_status":"open","ping_status":"closed","sticky":false,"template":"","format":"standard","meta":{"footnotes":""},"categories":[6],"tags":[],"class_list":["post-1095","post","type-post","status-publish","format-standard","has-post-thumbnail","hentry","category-noticias"],"yoast_head":"<!-- This site is optimized with the Yoast SEO plugin v27.5 - https:\/\/yoast.com\/product\/yoast-seo-wordpress\/ -->\n<title>Con Fundaci\u00f3n Lattuada: Checarte hace la diferencia - Historias que inspiran...<\/title>\n<meta name=\"robots\" content=\"index, follow, max-snippet:-1, max-image-preview:large, max-video-preview:-1\" \/>\n<link rel=\"canonical\" href=\"https:\/\/somos-hermanos.mx\/index.php\/2025\/08\/04\/con-fundacion-lattuada-checarte-hace-la-diferencia\/\" \/>\n<meta property=\"og:locale\" content=\"es_MX\" \/>\n<meta property=\"og:type\" content=\"article\" \/>\n<meta property=\"og:title\" content=\"Con Fundaci\u00f3n Lattuada: Checarte hace la diferencia - Historias que inspiran...\" \/>\n<meta property=\"og:description\" content=\"La insuficiencia renal es una enfermedad que provoca que los ri\u00f1ones dejen de funcionar, pierden su principal funci\u00f3n de eliminar los desechos. Esta afecci\u00f3n aqueja a m\u00e1s del 11% de la poblaci\u00f3n mexicana, lo que considera como un severo problema de salud p\u00fablica. Tras esto, las instituciones de salud se han encargado de ofrecer un [&hellip;]\" \/>\n<meta property=\"og:url\" content=\"https:\/\/somos-hermanos.mx\/index.php\/2025\/08\/04\/con-fundacion-lattuada-checarte-hace-la-diferencia\/\" \/>\n<meta property=\"og:site_name\" content=\"Historias que inspiran...\" \/>\n<meta property=\"article:publisher\" content=\"https:\/\/www.facebook.com\/SomosHermanosIAP\/\" \/>\n<meta property=\"article:published_time\" content=\"2025-08-04T10:38:44+00:00\" \/>\n<meta property=\"og:image\" content=\"https:\/\/somos-hermanos.mx\/wp-content\/uploads\/2025\/08\/latt.jpeg\" \/>\n\t<meta property=\"og:image:width\" content=\"1328\" \/>\n\t<meta property=\"og:image:height\" content=\"747\" \/>\n\t<meta property=\"og:image:type\" content=\"image\/jpeg\" \/>\n<meta name=\"author\" content=\"Karina Hern\u00e1ndez Flores\" \/>\n<meta name=\"twitter:card\" content=\"summary_large_image\" \/>\n<meta name=\"twitter:creator\" content=\"@Somos__Hermanos\" \/>\n<meta name=\"twitter:site\" content=\"@Somos__Hermanos\" \/>\n<meta name=\"twitter:label1\" content=\"Escrito por\" \/>\n\t<meta name=\"twitter:data1\" content=\"Karina Hern\u00e1ndez Flores\" \/>\n\t<meta name=\"twitter:label2\" content=\"Tiempo de lectura\" \/>\n\t<meta name=\"twitter:data2\" content=\"3 minutos\" \/>\n<script type=\"application\/ld+json\" class=\"yoast-schema-graph\">{\"@context\":\"https:\\\/\\\/schema.org\",\"@graph\":[{\"@type\":\"Article\",\"@id\":\"https:\\\/\\\/somos-hermanos.mx\\\/index.php\\\/2025\\\/08\\\/04\\\/con-fundacion-lattuada-checarte-hace-la-diferencia\\\/#article\",\"isPartOf\":{\"@id\":\"https:\\\/\\\/somos-hermanos.mx\\\/index.php\\\/2025\\\/08\\\/04\\\/con-fundacion-lattuada-checarte-hace-la-diferencia\\\/\"},\"author\":{\"name\":\"Karina Hern\u00e1ndez Flores\",\"@id\":\"https:\\\/\\\/somos-hermanos.mx\\\/#\\\/schema\\\/person\\\/de3ab70150c2d9a40634e5ea37c6ef10\"},\"headline\":\"Con Fundaci\u00f3n Lattuada: Checarte hace la diferencia\",\"datePublished\":\"2025-08-04T10:38:44+00:00\",\"mainEntityOfPage\":{\"@id\":\"https:\\\/\\\/somos-hermanos.mx\\\/index.php\\\/2025\\\/08\\\/04\\\/con-fundacion-lattuada-checarte-hace-la-diferencia\\\/\"},\"wordCount\":531,\"commentCount\":0,\"publisher\":{\"@id\":\"https:\\\/\\\/somos-hermanos.mx\\\/#organization\"},\"image\":{\"@id\":\"https:\\\/\\\/somos-hermanos.mx\\\/index.php\\\/2025\\\/08\\\/04\\\/con-fundacion-lattuada-checarte-hace-la-diferencia\\\/#primaryimage\"},\"thumbnailUrl\":\"https:\\\/\\\/somos-hermanos.mx\\\/wp-content\\\/uploads\\\/2025\\\/08\\\/latt.jpeg\",\"articleSection\":[\"Noticias\"],\"inLanguage\":\"es\",\"potentialAction\":[{\"@type\":\"CommentAction\",\"name\":\"Comment\",\"target\":[\"https:\\\/\\\/somos-hermanos.mx\\\/index.php\\\/2025\\\/08\\\/04\\\/con-fundacion-lattuada-checarte-hace-la-diferencia\\\/#respond\"]}]},{\"@type\":\"WebPage\",\"@id\":\"https:\\\/\\\/somos-hermanos.mx\\\/index.php\\\/2025\\\/08\\\/04\\\/con-fundacion-lattuada-checarte-hace-la-diferencia\\\/\",\"url\":\"https:\\\/\\\/somos-hermanos.mx\\\/index.php\\\/2025\\\/08\\\/04\\\/con-fundacion-lattuada-checarte-hace-la-diferencia\\\/\",\"name\":\"Con Fundaci\u00f3n Lattuada: Checarte hace la diferencia - Historias que inspiran...\",\"isPartOf\":{\"@id\":\"https:\\\/\\\/somos-hermanos.mx\\\/#website\"},\"primaryImageOfPage\":{\"@id\":\"https:\\\/\\\/somos-hermanos.mx\\\/index.php\\\/2025\\\/08\\\/04\\\/con-fundacion-lattuada-checarte-hace-la-diferencia\\\/#primaryimage\"},\"image\":{\"@id\":\"https:\\\/\\\/somos-hermanos.mx\\\/index.php\\\/2025\\\/08\\\/04\\\/con-fundacion-lattuada-checarte-hace-la-diferencia\\\/#primaryimage\"},\"thumbnailUrl\":\"https:\\\/\\\/somos-hermanos.mx\\\/wp-content\\\/uploads\\\/2025\\\/08\\\/latt.jpeg\",\"datePublished\":\"2025-08-04T10:38:44+00:00\",\"breadcrumb\":{\"@id\":\"https:\\\/\\\/somos-hermanos.mx\\\/index.php\\\/2025\\\/08\\\/04\\\/con-fundacion-lattuada-checarte-hace-la-diferencia\\\/#breadcrumb\"},\"inLanguage\":\"es\",\"potentialAction\":[{\"@type\":\"ReadAction\",\"target\":[\"https:\\\/\\\/somos-hermanos.mx\\\/index.php\\\/2025\\\/08\\\/04\\\/con-fundacion-lattuada-checarte-hace-la-diferencia\\\/\"]}]},{\"@type\":\"ImageObject\",\"inLanguage\":\"es\",\"@id\":\"https:\\\/\\\/somos-hermanos.mx\\\/index.php\\\/2025\\\/08\\\/04\\\/con-fundacion-lattuada-checarte-hace-la-diferencia\\\/#primaryimage\",\"url\":\"https:\\\/\\\/somos-hermanos.mx\\\/wp-content\\\/uploads\\\/2025\\\/08\\\/latt.jpeg\",\"contentUrl\":\"https:\\\/\\\/somos-hermanos.mx\\\/wp-content\\\/uploads\\\/2025\\\/08\\\/latt.jpeg\",\"width\":1328,\"height\":747},{\"@type\":\"BreadcrumbList\",\"@id\":\"https:\\\/\\\/somos-hermanos.mx\\\/index.php\\\/2025\\\/08\\\/04\\\/con-fundacion-lattuada-checarte-hace-la-diferencia\\\/#breadcrumb\",\"itemListElement\":[{\"@type\":\"ListItem\",\"position\":1,\"name\":\"Inicio\",\"item\":\"https:\\\/\\\/somos-hermanos.mx\\\/\"},{\"@type\":\"ListItem\",\"position\":2,\"name\":\"Con Fundaci\u00f3n Lattuada: Checarte hace la diferencia\"}]},{\"@type\":\"WebSite\",\"@id\":\"https:\\\/\\\/somos-hermanos.mx\\\/#website\",\"url\":\"https:\\\/\\\/somos-hermanos.mx\\\/\",\"name\":\"Historias que inspiran...\",\"description\":\"Somos la voz del altruismo en M\u00e9xico\",\"publisher\":{\"@id\":\"https:\\\/\\\/somos-hermanos.mx\\\/#organization\"},\"potentialAction\":[{\"@type\":\"SearchAction\",\"target\":{\"@type\":\"EntryPoint\",\"urlTemplate\":\"https:\\\/\\\/somos-hermanos.mx\\\/?s={search_term_string}\"},\"query-input\":{\"@type\":\"PropertyValueSpecification\",\"valueRequired\":true,\"valueName\":\"search_term_string\"}}],\"inLanguage\":\"es\"},{\"@type\":\"Organization\",\"@id\":\"https:\\\/\\\/somos-hermanos.mx\\\/#organization\",\"name\":\"Somos Hermanos\",\"url\":\"https:\\\/\\\/somos-hermanos.mx\\\/\",\"logo\":{\"@type\":\"ImageObject\",\"inLanguage\":\"es\",\"@id\":\"https:\\\/\\\/somos-hermanos.mx\\\/#\\\/schema\\\/logo\\\/image\\\/\",\"url\":\"https:\\\/\\\/somos-hermanos.mx\\\/wp-content\\\/uploads\\\/2025\\\/08\\\/SH30-1.jpeg\",\"contentUrl\":\"https:\\\/\\\/somos-hermanos.mx\\\/wp-content\\\/uploads\\\/2025\\\/08\\\/SH30-1.jpeg\",\"width\":1600,\"height\":1142,\"caption\":\"Somos Hermanos\"},\"image\":{\"@id\":\"https:\\\/\\\/somos-hermanos.mx\\\/#\\\/schema\\\/logo\\\/image\\\/\"},\"sameAs\":[\"https:\\\/\\\/www.facebook.com\\\/SomosHermanosIAP\\\/\",\"https:\\\/\\\/x.com\\\/Somos__Hermanos\",\"https:\\\/\\\/www.instagram.com\\\/somos__hermanos\\\/#\",\"https:\\\/\\\/www.tiktok.com\\\/@somoshermanosiap\",\"https:\\\/\\\/www.youtube.com\\\/@somoshermanosiap1201\\\/videos\"]},{\"@type\":\"Person\",\"@id\":\"https:\\\/\\\/somos-hermanos.mx\\\/#\\\/schema\\\/person\\\/de3ab70150c2d9a40634e5ea37c6ef10\",\"name\":\"Karina Hern\u00e1ndez Flores\",\"image\":{\"@type\":\"ImageObject\",\"inLanguage\":\"es\",\"@id\":\"https:\\\/\\\/secure.gravatar.com\\\/avatar\\\/b881cf961dfbebfa1094490b61a3c10e871664dba37ac04c3a35065d40ed843c?s=96&d=mm&r=g\",\"url\":\"https:\\\/\\\/secure.gravatar.com\\\/avatar\\\/b881cf961dfbebfa1094490b61a3c10e871664dba37ac04c3a35065d40ed843c?s=96&d=mm&r=g\",\"contentUrl\":\"https:\\\/\\\/secure.gravatar.com\\\/avatar\\\/b881cf961dfbebfa1094490b61a3c10e871664dba37ac04c3a35065d40ed843c?s=96&d=mm&r=g\",\"caption\":\"Karina Hern\u00e1ndez Flores\"},\"url\":\"https:\\\/\\\/somos-hermanos.mx\\\/index.php\\\/author\\\/karina-hernandez-flores\\\/\"}]}<\/script>\n<!-- \/ Yoast SEO plugin. -->","yoast_head_json":{"title":"Con Fundaci\u00f3n Lattuada: Checarte hace la diferencia - Historias que inspiran...","robots":{"index":"index","follow":"follow","max-snippet":"max-snippet:-1","max-image-preview":"max-image-preview:large","max-video-preview":"max-video-preview:-1"},"canonical":"https:\/\/somos-hermanos.mx\/index.php\/2025\/08\/04\/con-fundacion-lattuada-checarte-hace-la-diferencia\/","og_locale":"es_MX","og_type":"article","og_title":"Con Fundaci\u00f3n Lattuada: Checarte hace la diferencia - Historias que inspiran...","og_description":"La insuficiencia renal es una enfermedad que provoca que los ri\u00f1ones dejen de funcionar, pierden su principal funci\u00f3n de eliminar los desechos. Esta afecci\u00f3n aqueja a m\u00e1s del 11% de la poblaci\u00f3n mexicana, lo que considera como un severo problema de salud p\u00fablica. Tras esto, las instituciones de salud se han encargado de ofrecer un [&hellip;]","og_url":"https:\/\/somos-hermanos.mx\/index.php\/2025\/08\/04\/con-fundacion-lattuada-checarte-hace-la-diferencia\/","og_site_name":"Historias que inspiran...","article_publisher":"https:\/\/www.facebook.com\/SomosHermanosIAP\/","article_published_time":"2025-08-04T10:38:44+00:00","og_image":[{"width":1328,"height":747,"url":"https:\/\/somos-hermanos.mx\/wp-content\/uploads\/2025\/08\/latt.jpeg","type":"image\/jpeg"}],"author":"Karina Hern\u00e1ndez Flores","twitter_card":"summary_large_image","twitter_creator":"@Somos__Hermanos","twitter_site":"@Somos__Hermanos","twitter_misc":{"Escrito por":"Karina Hern\u00e1ndez Flores","Tiempo de lectura":"3 minutos"},"schema":{"@context":"https:\/\/schema.org","@graph":[{"@type":"Article","@id":"https:\/\/somos-hermanos.mx\/index.php\/2025\/08\/04\/con-fundacion-lattuada-checarte-hace-la-diferencia\/#article","isPartOf":{"@id":"https:\/\/somos-hermanos.mx\/index.php\/2025\/08\/04\/con-fundacion-lattuada-checarte-hace-la-diferencia\/"},"author":{"name":"Karina Hern\u00e1ndez Flores","@id":"https:\/\/somos-hermanos.mx\/#\/schema\/person\/de3ab70150c2d9a40634e5ea37c6ef10"},"headline":"Con Fundaci\u00f3n Lattuada: Checarte hace la diferencia","datePublished":"2025-08-04T10:38:44+00:00","mainEntityOfPage":{"@id":"https:\/\/somos-hermanos.mx\/index.php\/2025\/08\/04\/con-fundacion-lattuada-checarte-hace-la-diferencia\/"},"wordCount":531,"commentCount":0,"publisher":{"@id":"https:\/\/somos-hermanos.mx\/#organization"},"image":{"@id":"https:\/\/somos-hermanos.mx\/index.php\/2025\/08\/04\/con-fundacion-lattuada-checarte-hace-la-diferencia\/#primaryimage"},"thumbnailUrl":"https:\/\/somos-hermanos.mx\/wp-content\/uploads\/2025\/08\/latt.jpeg","articleSection":["Noticias"],"inLanguage":"es","potentialAction":[{"@type":"CommentAction","name":"Comment","target":["https:\/\/somos-hermanos.mx\/index.php\/2025\/08\/04\/con-fundacion-lattuada-checarte-hace-la-diferencia\/#respond"]}]},{"@type":"WebPage","@id":"https:\/\/somos-hermanos.mx\/index.php\/2025\/08\/04\/con-fundacion-lattuada-checarte-hace-la-diferencia\/","url":"https:\/\/somos-hermanos.mx\/index.php\/2025\/08\/04\/con-fundacion-lattuada-checarte-hace-la-diferencia\/","name":"Con Fundaci\u00f3n Lattuada: Checarte hace la diferencia - Historias que inspiran...","isPartOf":{"@id":"https:\/\/somos-hermanos.mx\/#website"},"primaryImageOfPage":{"@id":"https:\/\/somos-hermanos.mx\/index.php\/2025\/08\/04\/con-fundacion-lattuada-checarte-hace-la-diferencia\/#primaryimage"},"image":{"@id":"https:\/\/somos-hermanos.mx\/index.php\/2025\/08\/04\/con-fundacion-lattuada-checarte-hace-la-diferencia\/#primaryimage"},"thumbnailUrl":"https:\/\/somos-hermanos.mx\/wp-content\/uploads\/2025\/08\/latt.jpeg","datePublished":"2025-08-04T10:38:44+00:00","breadcrumb":{"@id":"https:\/\/somos-hermanos.mx\/index.php\/2025\/08\/04\/con-fundacion-lattuada-checarte-hace-la-diferencia\/#breadcrumb"},"inLanguage":"es","potentialAction":[{"@type":"ReadAction","target":["https:\/\/somos-hermanos.mx\/index.php\/2025\/08\/04\/con-fundacion-lattuada-checarte-hace-la-diferencia\/"]}]},{"@type":"ImageObject","inLanguage":"es","@id":"https:\/\/somos-hermanos.mx\/index.php\/2025\/08\/04\/con-fundacion-lattuada-checarte-hace-la-diferencia\/#primaryimage","url":"https:\/\/somos-hermanos.mx\/wp-content\/uploads\/2025\/08\/latt.jpeg","contentUrl":"https:\/\/somos-hermanos.mx\/wp-content\/uploads\/2025\/08\/latt.jpeg","width":1328,"height":747},{"@type":"BreadcrumbList","@id":"https:\/\/somos-hermanos.mx\/index.php\/2025\/08\/04\/con-fundacion-lattuada-checarte-hace-la-diferencia\/#breadcrumb","itemListElement":[{"@type":"ListItem","position":1,"name":"Inicio","item":"https:\/\/somos-hermanos.mx\/"},{"@type":"ListItem","position":2,"name":"Con Fundaci\u00f3n Lattuada: Checarte hace la diferencia"}]},{"@type":"WebSite","@id":"https:\/\/somos-hermanos.mx\/#website","url":"https:\/\/somos-hermanos.mx\/","name":"Historias que inspiran...","description":"Somos la voz del altruismo en M\u00e9xico","publisher":{"@id":"https:\/\/somos-hermanos.mx\/#organization"},"potentialAction":[{"@type":"SearchAction","target":{"@type":"EntryPoint","urlTemplate":"https:\/\/somos-hermanos.mx\/?s={search_term_string}"},"query-input":{"@type":"PropertyValueSpecification","valueRequired":true,"valueName":"search_term_string"}}],"inLanguage":"es"},{"@type":"Organization","@id":"https:\/\/somos-hermanos.mx\/#organization","name":"Somos Hermanos","url":"https:\/\/somos-hermanos.mx\/","logo":{"@type":"ImageObject","inLanguage":"es","@id":"https:\/\/somos-hermanos.mx\/#\/schema\/logo\/image\/","url":"https:\/\/somos-hermanos.mx\/wp-content\/uploads\/2025\/08\/SH30-1.jpeg","contentUrl":"https:\/\/somos-hermanos.mx\/wp-content\/uploads\/2025\/08\/SH30-1.jpeg","width":1600,"height":1142,"caption":"Somos Hermanos"},"image":{"@id":"https:\/\/somos-hermanos.mx\/#\/schema\/logo\/image\/"},"sameAs":["https:\/\/www.facebook.com\/SomosHermanosIAP\/","https:\/\/x.com\/Somos__Hermanos","https:\/\/www.instagram.com\/somos__hermanos\/#","https:\/\/www.tiktok.com\/@somoshermanosiap","https:\/\/www.youtube.com\/@somoshermanosiap1201\/videos"]},{"@type":"Person","@id":"https:\/\/somos-hermanos.mx\/#\/schema\/person\/de3ab70150c2d9a40634e5ea37c6ef10","name":"Karina Hern\u00e1ndez Flores","image":{"@type":"ImageObject","inLanguage":"es","@id":"https:\/\/secure.gravatar.com\/avatar\/b881cf961dfbebfa1094490b61a3c10e871664dba37ac04c3a35065d40ed843c?s=96&d=mm&r=g","url":"https:\/\/secure.gravatar.com\/avatar\/b881cf961dfbebfa1094490b61a3c10e871664dba37ac04c3a35065d40ed843c?s=96&d=mm&r=g","contentUrl":"https:\/\/secure.gravatar.com\/avatar\/b881cf961dfbebfa1094490b61a3c10e871664dba37ac04c3a35065d40ed843c?s=96&d=mm&r=g","caption":"Karina Hern\u00e1ndez Flores"},"url":"https:\/\/somos-hermanos.mx\/index.php\/author\/karina-hernandez-flores\/"}]}},"_links":{"self":[{"href":"https:\/\/somos-hermanos.mx\/index.php\/wp-json\/wp\/v2\/posts\/1095","targetHints":{"allow":["GET"]}}],"collection":[{"href":"https:\/\/somos-hermanos.mx\/index.php\/wp-json\/wp\/v2\/posts"}],"about":[{"href":"https:\/\/somos-hermanos.mx\/index.php\/wp-json\/wp\/v2\/types\/post"}],"author":[{"embeddable":true,"href":"https:\/\/somos-hermanos.mx\/index.php\/wp-json\/wp\/v2\/users\/19"}],"replies":[{"embeddable":true,"href":"https:\/\/somos-hermanos.mx\/index.php\/wp-json\/wp\/v2\/comments?post=1095"}],"version-history":[{"count":1,"href":"https:\/\/somos-hermanos.mx\/index.php\/wp-json\/wp\/v2\/posts\/1095\/revisions"}],"predecessor-version":[{"id":1097,"href":"https:\/\/somos-hermanos.mx\/index.php\/wp-json\/wp\/v2\/posts\/1095\/revisions\/1097"}],"wp:featuredmedia":[{"embeddable":true,"href":"https:\/\/somos-hermanos.mx\/index.php\/wp-json\/wp\/v2\/media\/1096"}],"wp:attachment":[{"href":"https:\/\/somos-hermanos.mx\/index.php\/wp-json\/wp\/v2\/media?parent=1095"}],"wp:term":[{"taxonomy":"category","embeddable":true,"href":"https:\/\/somos-hermanos.mx\/index.php\/wp-json\/wp\/v2\/categories?post=1095"},{"taxonomy":"post_tag","embeddable":true,"href":"https:\/\/somos-hermanos.mx\/index.php\/wp-json\/wp\/v2\/tags?post=1095"}],"curies":[{"name":"wp","href":"https:\/\/api.w.org\/{rel}","templated":true}]}}