{"id":1089,"date":"2025-08-04T04:36:33","date_gmt":"2025-08-04T10:36:33","guid":{"rendered":"https:\/\/somos-hermanos.mx\/?p=1089"},"modified":"2025-08-04T04:36:33","modified_gmt":"2025-08-04T10:36:33","slug":"amanc-reafirma-su-compromiso-con-ninos-ninas-y-adolescentes-con-cancer","status":"publish","type":"post","link":"https:\/\/somos-hermanos.mx\/index.php\/2025\/08\/04\/amanc-reafirma-su-compromiso-con-ninos-ninas-y-adolescentes-con-cancer\/","title":{"rendered":"AMANC reafirma su compromiso con ni\u00f1os, ni\u00f1as y adolescentes con c\u00e1ncer"},"content":{"rendered":"<p>La Asociaci\u00f3n Mexicana de Ayuda a Ni\u00f1os con C\u00e1ncer IAP <strong>desde 1982 ha logrado transformar el dolor en acompa\u00f1amiento, <\/strong>y de la mano de poderosos aliados no detienen su importante labor con todos sus beneficiarios.<\/p>\n<p>Gracias a un grupo de onc\u00f3logos pediatras y sus respectivos grupos multidisciplinarios altamente especializados AMANC IAP brinda de manera gratuita servicios psicosociales, nutricionales, de hospedaje y en momentos cr\u00edticos, apoyo especial a los peque\u00f1os y sus cuidadores.<\/p>\n<p>Otro pilar importante con el que cuenta la instituci\u00f3n <strong>es AMANC Red Nacional, con la que en 2025 est\u00e1 logrando fortalecer la articulaci\u00f3n entre las 22 sedes estatales, <\/strong>que impulsan proyectos para ampliar el alcance y mejorar la capacidad de respuesta.<\/p>\n<p>Mientras que el conjunto las campa\u00f1as de sensibilizaci\u00f3n que realiza la organizaci\u00f3n han tenido el mejor alcance deseado y el reforzamiento de alianzas con sector p\u00fablico y privado han arrojado resultados positivos a favor de la defensa de los derechos de la ni\u00f1ez con c\u00e1ncer.<\/p>\n<p>En 2024 <strong>AMANC IAP ayud\u00f3 a 3,800 pacientes y su cuidador primario <\/strong>a trav\u00e9s de AMANC Red Nacional presente en todo el territorio mexicano presente en 22 Estados y la Ciudad de M\u00e9xico.<\/p>\n<p>El Programa 1 Acceso Inmediato a la Atenci\u00f3n M\u00e9dica se implementa antes del tratamiento oncol\u00f3gico y consiste en la Detecci\u00f3n Temprana, adem\u00e1s mediante capsulas educativas durante 2024 se brindaron 56 jornadas de sensibilizaci\u00f3n en Centro AMANC, empresas, escuelas y universidades.<\/p>\n<p>Cuando los beneficiarios de la instituci\u00f3n entran al Programa 2 Acompa\u00f1amiento Integral del Tratamiento el objetivo principal es incidir en la disminuci\u00f3n de la tasa de abandono al tratamiento oncol\u00f3gico en ni\u00f1os, ni\u00f1as y adolescentes.<\/p>\n<p>Este programa otorga medicamentos, intervenci\u00f3n psicol\u00f3gica y nutricional y con el seguimiento de trabajo social los resultados han sido sumamente favorables para los beneficiarios.<\/p>\n<p><strong>Los voluntarios tambi\u00e9n representan una loable mano de ayuda ya que contaron con 731 manos altruistas<\/strong>\u00a0que ofrecieron su tiempo y cari\u00f1o para colaborar en AMANC IAP durante 2024.<\/p>\n<p>El Programa 3 Calidad de Vida en la Supervivencia se enfoca en contribuir a la plena integraci\u00f3n social y activa de los supervivientes de c\u00e1ncer de AMANC que no termina su intervenci\u00f3n solo en el tratamiento, ayudando as\u00ed a lo que sucede despu\u00e9s de su proceso oncol\u00f3gico.<\/p>\n<p>Finalmente, el Programa 4 AMANC Red Nacional se constituye de la estructura nacional previamente explicada.<\/p>\n<p>El 2024 fue un a\u00f1o de retos y logros para AMANC IAP que no detiene su labor social y con cari\u00f1o y dedicaci\u00f3n quienes contin\u00faan siendo m\u00e1s fuertes que el c\u00e1ncer.<\/p>\n","protected":false},"excerpt":{"rendered":"<p>La Asociaci\u00f3n Mexicana de Ayuda a Ni\u00f1os con C\u00e1ncer IAP desde 1982 ha logrado transformar el dolor en acompa\u00f1amiento, y de la mano de poderosos aliados no detienen su importante labor con todos sus beneficiarios. Gracias a un grupo de onc\u00f3logos pediatras y sus respectivos grupos multidisciplinarios altamente especializados AMANC IAP brinda de manera gratuita [&hellip;]<\/p>\n","protected":false},"author":10,"featured_media":1090,"comment_status":"open","ping_status":"closed","sticky":false,"template":"","format":"standard","meta":{"footnotes":""},"categories":[6],"tags":[],"class_list":["post-1089","post","type-post","status-publish","format-standard","has-post-thumbnail","hentry","category-noticias"],"yoast_head":"<!-- This site is optimized with the Yoast SEO plugin v27.5 - https:\/\/yoast.com\/product\/yoast-seo-wordpress\/ -->\n<title>AMANC reafirma su compromiso con ni\u00f1os, ni\u00f1as y adolescentes con c\u00e1ncer - Historias que inspiran...<\/title>\n<meta name=\"robots\" content=\"index, follow, max-snippet:-1, max-image-preview:large, max-video-preview:-1\" \/>\n<link rel=\"canonical\" href=\"https:\/\/somos-hermanos.mx\/index.php\/2025\/08\/04\/amanc-reafirma-su-compromiso-con-ninos-ninas-y-adolescentes-con-cancer\/\" \/>\n<meta property=\"og:locale\" content=\"es_MX\" \/>\n<meta property=\"og:type\" content=\"article\" \/>\n<meta property=\"og:title\" content=\"AMANC reafirma su compromiso con ni\u00f1os, ni\u00f1as y adolescentes con c\u00e1ncer - Historias que inspiran...\" \/>\n<meta property=\"og:description\" content=\"La Asociaci\u00f3n Mexicana de Ayuda a Ni\u00f1os con C\u00e1ncer IAP desde 1982 ha logrado transformar el dolor en acompa\u00f1amiento, y de la mano de poderosos aliados no detienen su importante labor con todos sus beneficiarios. Gracias a un grupo de onc\u00f3logos pediatras y sus respectivos grupos multidisciplinarios altamente especializados AMANC IAP brinda de manera gratuita [&hellip;]\" \/>\n<meta property=\"og:url\" content=\"https:\/\/somos-hermanos.mx\/index.php\/2025\/08\/04\/amanc-reafirma-su-compromiso-con-ninos-ninas-y-adolescentes-con-cancer\/\" \/>\n<meta property=\"og:site_name\" content=\"Historias que inspiran...\" \/>\n<meta property=\"article:publisher\" content=\"https:\/\/www.facebook.com\/SomosHermanosIAP\/\" \/>\n<meta property=\"article:published_time\" content=\"2025-08-04T10:36:33+00:00\" \/>\n<meta property=\"og:image\" content=\"https:\/\/somos-hermanos.mx\/wp-content\/uploads\/2025\/08\/man2.jpeg\" \/>\n\t<meta property=\"og:image:width\" content=\"1440\" \/>\n\t<meta property=\"og:image:height\" content=\"1080\" \/>\n\t<meta property=\"og:image:type\" content=\"image\/jpeg\" \/>\n<meta name=\"author\" content=\"Carlos Hernandez Huerta\" \/>\n<meta name=\"twitter:card\" content=\"summary_large_image\" \/>\n<meta name=\"twitter:creator\" content=\"@Somos__Hermanos\" \/>\n<meta name=\"twitter:site\" content=\"@Somos__Hermanos\" \/>\n<meta name=\"twitter:label1\" content=\"Escrito por\" \/>\n\t<meta name=\"twitter:data1\" content=\"Carlos Hernandez Huerta\" \/>\n\t<meta name=\"twitter:label2\" content=\"Tiempo de lectura\" \/>\n\t<meta name=\"twitter:data2\" content=\"3 minutos\" \/>\n<script type=\"application\/ld+json\" class=\"yoast-schema-graph\">{\"@context\":\"https:\\\/\\\/schema.org\",\"@graph\":[{\"@type\":\"Article\",\"@id\":\"https:\\\/\\\/somos-hermanos.mx\\\/index.php\\\/2025\\\/08\\\/04\\\/amanc-reafirma-su-compromiso-con-ninos-ninas-y-adolescentes-con-cancer\\\/#article\",\"isPartOf\":{\"@id\":\"https:\\\/\\\/somos-hermanos.mx\\\/index.php\\\/2025\\\/08\\\/04\\\/amanc-reafirma-su-compromiso-con-ninos-ninas-y-adolescentes-con-cancer\\\/\"},\"author\":{\"name\":\"Carlos Hernandez Huerta\",\"@id\":\"https:\\\/\\\/somos-hermanos.mx\\\/#\\\/schema\\\/person\\\/2466d21e6ade208f45dbc821298d62b6\"},\"headline\":\"AMANC reafirma su compromiso con ni\u00f1os, ni\u00f1as y adolescentes con c\u00e1ncer\",\"datePublished\":\"2025-08-04T10:36:33+00:00\",\"mainEntityOfPage\":{\"@id\":\"https:\\\/\\\/somos-hermanos.mx\\\/index.php\\\/2025\\\/08\\\/04\\\/amanc-reafirma-su-compromiso-con-ninos-ninas-y-adolescentes-con-cancer\\\/\"},\"wordCount\":455,\"commentCount\":0,\"publisher\":{\"@id\":\"https:\\\/\\\/somos-hermanos.mx\\\/#organization\"},\"image\":{\"@id\":\"https:\\\/\\\/somos-hermanos.mx\\\/index.php\\\/2025\\\/08\\\/04\\\/amanc-reafirma-su-compromiso-con-ninos-ninas-y-adolescentes-con-cancer\\\/#primaryimage\"},\"thumbnailUrl\":\"https:\\\/\\\/somos-hermanos.mx\\\/wp-content\\\/uploads\\\/2025\\\/08\\\/man2.jpeg\",\"articleSection\":[\"Noticias\"],\"inLanguage\":\"es\",\"potentialAction\":[{\"@type\":\"CommentAction\",\"name\":\"Comment\",\"target\":[\"https:\\\/\\\/somos-hermanos.mx\\\/index.php\\\/2025\\\/08\\\/04\\\/amanc-reafirma-su-compromiso-con-ninos-ninas-y-adolescentes-con-cancer\\\/#respond\"]}]},{\"@type\":\"WebPage\",\"@id\":\"https:\\\/\\\/somos-hermanos.mx\\\/index.php\\\/2025\\\/08\\\/04\\\/amanc-reafirma-su-compromiso-con-ninos-ninas-y-adolescentes-con-cancer\\\/\",\"url\":\"https:\\\/\\\/somos-hermanos.mx\\\/index.php\\\/2025\\\/08\\\/04\\\/amanc-reafirma-su-compromiso-con-ninos-ninas-y-adolescentes-con-cancer\\\/\",\"name\":\"AMANC reafirma su compromiso con ni\u00f1os, ni\u00f1as y adolescentes con c\u00e1ncer - Historias que inspiran...\",\"isPartOf\":{\"@id\":\"https:\\\/\\\/somos-hermanos.mx\\\/#website\"},\"primaryImageOfPage\":{\"@id\":\"https:\\\/\\\/somos-hermanos.mx\\\/index.php\\\/2025\\\/08\\\/04\\\/amanc-reafirma-su-compromiso-con-ninos-ninas-y-adolescentes-con-cancer\\\/#primaryimage\"},\"image\":{\"@id\":\"https:\\\/\\\/somos-hermanos.mx\\\/index.php\\\/2025\\\/08\\\/04\\\/amanc-reafirma-su-compromiso-con-ninos-ninas-y-adolescentes-con-cancer\\\/#primaryimage\"},\"thumbnailUrl\":\"https:\\\/\\\/somos-hermanos.mx\\\/wp-content\\\/uploads\\\/2025\\\/08\\\/man2.jpeg\",\"datePublished\":\"2025-08-04T10:36:33+00:00\",\"breadcrumb\":{\"@id\":\"https:\\\/\\\/somos-hermanos.mx\\\/index.php\\\/2025\\\/08\\\/04\\\/amanc-reafirma-su-compromiso-con-ninos-ninas-y-adolescentes-con-cancer\\\/#breadcrumb\"},\"inLanguage\":\"es\",\"potentialAction\":[{\"@type\":\"ReadAction\",\"target\":[\"https:\\\/\\\/somos-hermanos.mx\\\/index.php\\\/2025\\\/08\\\/04\\\/amanc-reafirma-su-compromiso-con-ninos-ninas-y-adolescentes-con-cancer\\\/\"]}]},{\"@type\":\"ImageObject\",\"inLanguage\":\"es\",\"@id\":\"https:\\\/\\\/somos-hermanos.mx\\\/index.php\\\/2025\\\/08\\\/04\\\/amanc-reafirma-su-compromiso-con-ninos-ninas-y-adolescentes-con-cancer\\\/#primaryimage\",\"url\":\"https:\\\/\\\/somos-hermanos.mx\\\/wp-content\\\/uploads\\\/2025\\\/08\\\/man2.jpeg\",\"contentUrl\":\"https:\\\/\\\/somos-hermanos.mx\\\/wp-content\\\/uploads\\\/2025\\\/08\\\/man2.jpeg\",\"width\":1440,\"height\":1080},{\"@type\":\"BreadcrumbList\",\"@id\":\"https:\\\/\\\/somos-hermanos.mx\\\/index.php\\\/2025\\\/08\\\/04\\\/amanc-reafirma-su-compromiso-con-ninos-ninas-y-adolescentes-con-cancer\\\/#breadcrumb\",\"itemListElement\":[{\"@type\":\"ListItem\",\"position\":1,\"name\":\"Inicio\",\"item\":\"https:\\\/\\\/somos-hermanos.mx\\\/\"},{\"@type\":\"ListItem\",\"position\":2,\"name\":\"AMANC reafirma su compromiso con ni\u00f1os, ni\u00f1as y adolescentes con c\u00e1ncer\"}]},{\"@type\":\"WebSite\",\"@id\":\"https:\\\/\\\/somos-hermanos.mx\\\/#website\",\"url\":\"https:\\\/\\\/somos-hermanos.mx\\\/\",\"name\":\"Historias que inspiran...\",\"description\":\"Somos la voz del altruismo en M\u00e9xico\",\"publisher\":{\"@id\":\"https:\\\/\\\/somos-hermanos.mx\\\/#organization\"},\"potentialAction\":[{\"@type\":\"SearchAction\",\"target\":{\"@type\":\"EntryPoint\",\"urlTemplate\":\"https:\\\/\\\/somos-hermanos.mx\\\/?s={search_term_string}\"},\"query-input\":{\"@type\":\"PropertyValueSpecification\",\"valueRequired\":true,\"valueName\":\"search_term_string\"}}],\"inLanguage\":\"es\"},{\"@type\":\"Organization\",\"@id\":\"https:\\\/\\\/somos-hermanos.mx\\\/#organization\",\"name\":\"Somos Hermanos\",\"url\":\"https:\\\/\\\/somos-hermanos.mx\\\/\",\"logo\":{\"@type\":\"ImageObject\",\"inLanguage\":\"es\",\"@id\":\"https:\\\/\\\/somos-hermanos.mx\\\/#\\\/schema\\\/logo\\\/image\\\/\",\"url\":\"https:\\\/\\\/somos-hermanos.mx\\\/wp-content\\\/uploads\\\/2025\\\/08\\\/SH30-1.jpeg\",\"contentUrl\":\"https:\\\/\\\/somos-hermanos.mx\\\/wp-content\\\/uploads\\\/2025\\\/08\\\/SH30-1.jpeg\",\"width\":1600,\"height\":1142,\"caption\":\"Somos Hermanos\"},\"image\":{\"@id\":\"https:\\\/\\\/somos-hermanos.mx\\\/#\\\/schema\\\/logo\\\/image\\\/\"},\"sameAs\":[\"https:\\\/\\\/www.facebook.com\\\/SomosHermanosIAP\\\/\",\"https:\\\/\\\/x.com\\\/Somos__Hermanos\",\"https:\\\/\\\/www.instagram.com\\\/somos__hermanos\\\/#\",\"https:\\\/\\\/www.tiktok.com\\\/@somoshermanosiap\",\"https:\\\/\\\/www.youtube.com\\\/@somoshermanosiap1201\\\/videos\"]},{\"@type\":\"Person\",\"@id\":\"https:\\\/\\\/somos-hermanos.mx\\\/#\\\/schema\\\/person\\\/2466d21e6ade208f45dbc821298d62b6\",\"name\":\"Carlos Hernandez Huerta\",\"image\":{\"@type\":\"ImageObject\",\"inLanguage\":\"es\",\"@id\":\"https:\\\/\\\/secure.gravatar.com\\\/avatar\\\/51f6e8e89626306c560ccd8823655e34da99a1f976b5f71bb93591c6b45fd128?s=96&d=mm&r=g\",\"url\":\"https:\\\/\\\/secure.gravatar.com\\\/avatar\\\/51f6e8e89626306c560ccd8823655e34da99a1f976b5f71bb93591c6b45fd128?s=96&d=mm&r=g\",\"contentUrl\":\"https:\\\/\\\/secure.gravatar.com\\\/avatar\\\/51f6e8e89626306c560ccd8823655e34da99a1f976b5f71bb93591c6b45fd128?s=96&d=mm&r=g\",\"caption\":\"Carlos Hernandez Huerta\"},\"url\":\"https:\\\/\\\/somos-hermanos.mx\\\/index.php\\\/author\\\/carlos-hernandez-huerta\\\/\"}]}<\/script>\n<!-- \/ Yoast SEO plugin. -->","yoast_head_json":{"title":"AMANC reafirma su compromiso con ni\u00f1os, ni\u00f1as y adolescentes con c\u00e1ncer - Historias que inspiran...","robots":{"index":"index","follow":"follow","max-snippet":"max-snippet:-1","max-image-preview":"max-image-preview:large","max-video-preview":"max-video-preview:-1"},"canonical":"https:\/\/somos-hermanos.mx\/index.php\/2025\/08\/04\/amanc-reafirma-su-compromiso-con-ninos-ninas-y-adolescentes-con-cancer\/","og_locale":"es_MX","og_type":"article","og_title":"AMANC reafirma su compromiso con ni\u00f1os, ni\u00f1as y adolescentes con c\u00e1ncer - Historias que inspiran...","og_description":"La Asociaci\u00f3n Mexicana de Ayuda a Ni\u00f1os con C\u00e1ncer IAP desde 1982 ha logrado transformar el dolor en acompa\u00f1amiento, y de la mano de poderosos aliados no detienen su importante labor con todos sus beneficiarios. Gracias a un grupo de onc\u00f3logos pediatras y sus respectivos grupos multidisciplinarios altamente especializados AMANC IAP brinda de manera gratuita [&hellip;]","og_url":"https:\/\/somos-hermanos.mx\/index.php\/2025\/08\/04\/amanc-reafirma-su-compromiso-con-ninos-ninas-y-adolescentes-con-cancer\/","og_site_name":"Historias que inspiran...","article_publisher":"https:\/\/www.facebook.com\/SomosHermanosIAP\/","article_published_time":"2025-08-04T10:36:33+00:00","og_image":[{"width":1440,"height":1080,"url":"https:\/\/somos-hermanos.mx\/wp-content\/uploads\/2025\/08\/man2.jpeg","type":"image\/jpeg"}],"author":"Carlos Hernandez Huerta","twitter_card":"summary_large_image","twitter_creator":"@Somos__Hermanos","twitter_site":"@Somos__Hermanos","twitter_misc":{"Escrito por":"Carlos Hernandez Huerta","Tiempo de lectura":"3 minutos"},"schema":{"@context":"https:\/\/schema.org","@graph":[{"@type":"Article","@id":"https:\/\/somos-hermanos.mx\/index.php\/2025\/08\/04\/amanc-reafirma-su-compromiso-con-ninos-ninas-y-adolescentes-con-cancer\/#article","isPartOf":{"@id":"https:\/\/somos-hermanos.mx\/index.php\/2025\/08\/04\/amanc-reafirma-su-compromiso-con-ninos-ninas-y-adolescentes-con-cancer\/"},"author":{"name":"Carlos Hernandez Huerta","@id":"https:\/\/somos-hermanos.mx\/#\/schema\/person\/2466d21e6ade208f45dbc821298d62b6"},"headline":"AMANC reafirma su compromiso con ni\u00f1os, ni\u00f1as y adolescentes con c\u00e1ncer","datePublished":"2025-08-04T10:36:33+00:00","mainEntityOfPage":{"@id":"https:\/\/somos-hermanos.mx\/index.php\/2025\/08\/04\/amanc-reafirma-su-compromiso-con-ninos-ninas-y-adolescentes-con-cancer\/"},"wordCount":455,"commentCount":0,"publisher":{"@id":"https:\/\/somos-hermanos.mx\/#organization"},"image":{"@id":"https:\/\/somos-hermanos.mx\/index.php\/2025\/08\/04\/amanc-reafirma-su-compromiso-con-ninos-ninas-y-adolescentes-con-cancer\/#primaryimage"},"thumbnailUrl":"https:\/\/somos-hermanos.mx\/wp-content\/uploads\/2025\/08\/man2.jpeg","articleSection":["Noticias"],"inLanguage":"es","potentialAction":[{"@type":"CommentAction","name":"Comment","target":["https:\/\/somos-hermanos.mx\/index.php\/2025\/08\/04\/amanc-reafirma-su-compromiso-con-ninos-ninas-y-adolescentes-con-cancer\/#respond"]}]},{"@type":"WebPage","@id":"https:\/\/somos-hermanos.mx\/index.php\/2025\/08\/04\/amanc-reafirma-su-compromiso-con-ninos-ninas-y-adolescentes-con-cancer\/","url":"https:\/\/somos-hermanos.mx\/index.php\/2025\/08\/04\/amanc-reafirma-su-compromiso-con-ninos-ninas-y-adolescentes-con-cancer\/","name":"AMANC reafirma su compromiso con ni\u00f1os, ni\u00f1as y adolescentes con c\u00e1ncer - Historias que inspiran...","isPartOf":{"@id":"https:\/\/somos-hermanos.mx\/#website"},"primaryImageOfPage":{"@id":"https:\/\/somos-hermanos.mx\/index.php\/2025\/08\/04\/amanc-reafirma-su-compromiso-con-ninos-ninas-y-adolescentes-con-cancer\/#primaryimage"},"image":{"@id":"https:\/\/somos-hermanos.mx\/index.php\/2025\/08\/04\/amanc-reafirma-su-compromiso-con-ninos-ninas-y-adolescentes-con-cancer\/#primaryimage"},"thumbnailUrl":"https:\/\/somos-hermanos.mx\/wp-content\/uploads\/2025\/08\/man2.jpeg","datePublished":"2025-08-04T10:36:33+00:00","breadcrumb":{"@id":"https:\/\/somos-hermanos.mx\/index.php\/2025\/08\/04\/amanc-reafirma-su-compromiso-con-ninos-ninas-y-adolescentes-con-cancer\/#breadcrumb"},"inLanguage":"es","potentialAction":[{"@type":"ReadAction","target":["https:\/\/somos-hermanos.mx\/index.php\/2025\/08\/04\/amanc-reafirma-su-compromiso-con-ninos-ninas-y-adolescentes-con-cancer\/"]}]},{"@type":"ImageObject","inLanguage":"es","@id":"https:\/\/somos-hermanos.mx\/index.php\/2025\/08\/04\/amanc-reafirma-su-compromiso-con-ninos-ninas-y-adolescentes-con-cancer\/#primaryimage","url":"https:\/\/somos-hermanos.mx\/wp-content\/uploads\/2025\/08\/man2.jpeg","contentUrl":"https:\/\/somos-hermanos.mx\/wp-content\/uploads\/2025\/08\/man2.jpeg","width":1440,"height":1080},{"@type":"BreadcrumbList","@id":"https:\/\/somos-hermanos.mx\/index.php\/2025\/08\/04\/amanc-reafirma-su-compromiso-con-ninos-ninas-y-adolescentes-con-cancer\/#breadcrumb","itemListElement":[{"@type":"ListItem","position":1,"name":"Inicio","item":"https:\/\/somos-hermanos.mx\/"},{"@type":"ListItem","position":2,"name":"AMANC reafirma su compromiso con ni\u00f1os, ni\u00f1as y adolescentes con c\u00e1ncer"}]},{"@type":"WebSite","@id":"https:\/\/somos-hermanos.mx\/#website","url":"https:\/\/somos-hermanos.mx\/","name":"Historias que inspiran...","description":"Somos la voz del altruismo en M\u00e9xico","publisher":{"@id":"https:\/\/somos-hermanos.mx\/#organization"},"potentialAction":[{"@type":"SearchAction","target":{"@type":"EntryPoint","urlTemplate":"https:\/\/somos-hermanos.mx\/?s={search_term_string}"},"query-input":{"@type":"PropertyValueSpecification","valueRequired":true,"valueName":"search_term_string"}}],"inLanguage":"es"},{"@type":"Organization","@id":"https:\/\/somos-hermanos.mx\/#organization","name":"Somos Hermanos","url":"https:\/\/somos-hermanos.mx\/","logo":{"@type":"ImageObject","inLanguage":"es","@id":"https:\/\/somos-hermanos.mx\/#\/schema\/logo\/image\/","url":"https:\/\/somos-hermanos.mx\/wp-content\/uploads\/2025\/08\/SH30-1.jpeg","contentUrl":"https:\/\/somos-hermanos.mx\/wp-content\/uploads\/2025\/08\/SH30-1.jpeg","width":1600,"height":1142,"caption":"Somos Hermanos"},"image":{"@id":"https:\/\/somos-hermanos.mx\/#\/schema\/logo\/image\/"},"sameAs":["https:\/\/www.facebook.com\/SomosHermanosIAP\/","https:\/\/x.com\/Somos__Hermanos","https:\/\/www.instagram.com\/somos__hermanos\/#","https:\/\/www.tiktok.com\/@somoshermanosiap","https:\/\/www.youtube.com\/@somoshermanosiap1201\/videos"]},{"@type":"Person","@id":"https:\/\/somos-hermanos.mx\/#\/schema\/person\/2466d21e6ade208f45dbc821298d62b6","name":"Carlos Hernandez Huerta","image":{"@type":"ImageObject","inLanguage":"es","@id":"https:\/\/secure.gravatar.com\/avatar\/51f6e8e89626306c560ccd8823655e34da99a1f976b5f71bb93591c6b45fd128?s=96&d=mm&r=g","url":"https:\/\/secure.gravatar.com\/avatar\/51f6e8e89626306c560ccd8823655e34da99a1f976b5f71bb93591c6b45fd128?s=96&d=mm&r=g","contentUrl":"https:\/\/secure.gravatar.com\/avatar\/51f6e8e89626306c560ccd8823655e34da99a1f976b5f71bb93591c6b45fd128?s=96&d=mm&r=g","caption":"Carlos Hernandez Huerta"},"url":"https:\/\/somos-hermanos.mx\/index.php\/author\/carlos-hernandez-huerta\/"}]}},"_links":{"self":[{"href":"https:\/\/somos-hermanos.mx\/index.php\/wp-json\/wp\/v2\/posts\/1089","targetHints":{"allow":["GET"]}}],"collection":[{"href":"https:\/\/somos-hermanos.mx\/index.php\/wp-json\/wp\/v2\/posts"}],"about":[{"href":"https:\/\/somos-hermanos.mx\/index.php\/wp-json\/wp\/v2\/types\/post"}],"author":[{"embeddable":true,"href":"https:\/\/somos-hermanos.mx\/index.php\/wp-json\/wp\/v2\/users\/10"}],"replies":[{"embeddable":true,"href":"https:\/\/somos-hermanos.mx\/index.php\/wp-json\/wp\/v2\/comments?post=1089"}],"version-history":[{"count":1,"href":"https:\/\/somos-hermanos.mx\/index.php\/wp-json\/wp\/v2\/posts\/1089\/revisions"}],"predecessor-version":[{"id":1091,"href":"https:\/\/somos-hermanos.mx\/index.php\/wp-json\/wp\/v2\/posts\/1089\/revisions\/1091"}],"wp:featuredmedia":[{"embeddable":true,"href":"https:\/\/somos-hermanos.mx\/index.php\/wp-json\/wp\/v2\/media\/1090"}],"wp:attachment":[{"href":"https:\/\/somos-hermanos.mx\/index.php\/wp-json\/wp\/v2\/media?parent=1089"}],"wp:term":[{"taxonomy":"category","embeddable":true,"href":"https:\/\/somos-hermanos.mx\/index.php\/wp-json\/wp\/v2\/categories?post=1089"},{"taxonomy":"post_tag","embeddable":true,"href":"https:\/\/somos-hermanos.mx\/index.php\/wp-json\/wp\/v2\/tags?post=1089"}],"curies":[{"name":"wp","href":"https:\/\/api.w.org\/{rel}","templated":true}]}}