{"id":1086,"date":"2025-08-04T04:34:40","date_gmt":"2025-08-04T10:34:40","guid":{"rendered":"https:\/\/somos-hermanos.mx\/?p=1086"},"modified":"2025-08-04T04:34:40","modified_gmt":"2025-08-04T10:34:40","slug":"fundacion-donde-transforma-la-vida-de-la-ninez-mexicana","status":"publish","type":"post","link":"https:\/\/somos-hermanos.mx\/index.php\/2025\/08\/04\/fundacion-donde-transforma-la-vida-de-la-ninez-mexicana\/","title":{"rendered":"Fundaci\u00f3n Dond\u00e9: Transforma la vida de la ni\u00f1ez mexicana"},"content":{"rendered":"<p>Desde hace m\u00e1s de cien a\u00f1os, la <strong>Fundaci\u00f3n Dond\u00e9 ha buscado brindar educaci\u00f3n integral y herramientas emocionales a ni\u00f1as, ni\u00f1os y j\u00f3venes en situaci\u00f3n vulnerable.<\/strong>\u00a0A trav\u00e9s de su red de M\u00f3dulos Educativos, esta organizaci\u00f3n de asistencia privada ha logrado impactar a m\u00e1s de un mill\u00f3n de personas en todo el pa\u00eds.<\/p>\n<p>Con presencia en 22 estados del pa\u00eds y m\u00e1s de 88 centros en funcionamiento, <strong>la fundaci\u00f3n se enfoca en el desarrollo psicosocial, la consolidaci\u00f3n de valores y la asistencia continua. <\/strong>Su actividad se fundamenta en cinco aspectos: autoestima, visi\u00f3n de futuro, interacci\u00f3n social, gesti\u00f3n del estr\u00e9s y paciencia.<\/p>\n<p>\u201cTrabajamos para que cada ni\u00f1o se reconozca como una persona valiosa, \u00fanica y capaz\u201d, se\u00f1ala la organizaci\u00f3n en su sitio oficial.<\/p>\n<p>Adem\u00e1s del acompa\u00f1amiento educativo, <strong>Fundaci\u00f3n Dond\u00e9 realiza donaciones de \u00fatiles escolares, mochilas, mobiliario y equipo a escuelas que enfrentan carencias. <\/strong>Desde 2013, ha impulsado tambi\u00e9n el programa \u201cJuntos Rescatamos Tu Escuela\u201d, con el que ha rehabilitado m\u00e1s de 100 planteles en comunidades marginadas.<\/p>\n<p>A diferencia de otras fundaciones, Dond\u00e9 cuenta con un modelo financiero autosustentable: parte de los recursos que genera Banco Dond\u00e9 se destinan directamente a mantener las operaciones de la fundaci\u00f3n, lo que garantiza su continuidad e independencia econ\u00f3mica.<\/p>\n<p>En un pa\u00eds donde m\u00e1s de 8 millones de ni\u00f1os viven en condiciones de pobreza extrema, la labor de esta instituci\u00f3n representa una red de apoyo esencial para miles de familias.<\/p>\n<p><em>Para conocer m\u00e1s sobre sus programas o sumarse como donante o voluntario, se puede visitar: \u00a0<\/em><a href=\"https:\/\/www.fundaciondonde.org.mx\/\"><em><u>www.fundaciondonde.org.mx<\/u><\/em><\/a><em>.<\/em><\/p>\n<p><em>\u00a0<\/em><\/p>\n","protected":false},"excerpt":{"rendered":"<p>Desde hace m\u00e1s de cien a\u00f1os, la Fundaci\u00f3n Dond\u00e9 ha buscado brindar educaci\u00f3n integral y herramientas emocionales a ni\u00f1as, ni\u00f1os y j\u00f3venes en situaci\u00f3n vulnerable.\u00a0A trav\u00e9s de su red de M\u00f3dulos Educativos, esta organizaci\u00f3n de asistencia privada ha logrado impactar a m\u00e1s de un mill\u00f3n de personas en todo el pa\u00eds. Con presencia en 22 [&hellip;]<\/p>\n","protected":false},"author":20,"featured_media":1087,"comment_status":"open","ping_status":"closed","sticky":false,"template":"","format":"standard","meta":{"footnotes":""},"categories":[6],"tags":[],"class_list":["post-1086","post","type-post","status-publish","format-standard","has-post-thumbnail","hentry","category-noticias"],"yoast_head":"<!-- This site is optimized with the Yoast SEO plugin v27.5 - https:\/\/yoast.com\/product\/yoast-seo-wordpress\/ -->\n<title>Fundaci\u00f3n Dond\u00e9: Transforma la vida de la ni\u00f1ez mexicana - Historias que inspiran...<\/title>\n<meta name=\"robots\" content=\"index, follow, max-snippet:-1, max-image-preview:large, max-video-preview:-1\" \/>\n<link rel=\"canonical\" href=\"https:\/\/somos-hermanos.mx\/index.php\/2025\/08\/04\/fundacion-donde-transforma-la-vida-de-la-ninez-mexicana\/\" \/>\n<meta property=\"og:locale\" content=\"es_MX\" \/>\n<meta property=\"og:type\" content=\"article\" \/>\n<meta property=\"og:title\" content=\"Fundaci\u00f3n Dond\u00e9: Transforma la vida de la ni\u00f1ez mexicana - Historias que inspiran...\" \/>\n<meta property=\"og:description\" content=\"Desde hace m\u00e1s de cien a\u00f1os, la Fundaci\u00f3n Dond\u00e9 ha buscado brindar educaci\u00f3n integral y herramientas emocionales a ni\u00f1as, ni\u00f1os y j\u00f3venes en situaci\u00f3n vulnerable.\u00a0A trav\u00e9s de su red de M\u00f3dulos Educativos, esta organizaci\u00f3n de asistencia privada ha logrado impactar a m\u00e1s de un mill\u00f3n de personas en todo el pa\u00eds. Con presencia en 22 [&hellip;]\" \/>\n<meta property=\"og:url\" content=\"https:\/\/somos-hermanos.mx\/index.php\/2025\/08\/04\/fundacion-donde-transforma-la-vida-de-la-ninez-mexicana\/\" \/>\n<meta property=\"og:site_name\" content=\"Historias que inspiran...\" \/>\n<meta property=\"article:publisher\" content=\"https:\/\/www.facebook.com\/SomosHermanosIAP\/\" \/>\n<meta property=\"article:published_time\" content=\"2025-08-04T10:34:40+00:00\" \/>\n<meta property=\"og:image\" content=\"https:\/\/somos-hermanos.mx\/wp-content\/uploads\/2025\/08\/donce2.jpeg\" \/>\n\t<meta property=\"og:image:width\" content=\"1600\" \/>\n\t<meta property=\"og:image:height\" content=\"1600\" \/>\n\t<meta property=\"og:image:type\" content=\"image\/jpeg\" \/>\n<meta name=\"author\" content=\"Mariana Navarro Guerrero\" \/>\n<meta name=\"twitter:card\" content=\"summary_large_image\" \/>\n<meta name=\"twitter:creator\" content=\"@Somos__Hermanos\" \/>\n<meta name=\"twitter:site\" content=\"@Somos__Hermanos\" \/>\n<meta name=\"twitter:label1\" content=\"Escrito por\" \/>\n\t<meta name=\"twitter:data1\" content=\"Mariana Navarro Guerrero\" \/>\n\t<meta name=\"twitter:label2\" content=\"Tiempo de lectura\" \/>\n\t<meta name=\"twitter:data2\" content=\"2 minutos\" \/>\n<script type=\"application\/ld+json\" class=\"yoast-schema-graph\">{\"@context\":\"https:\\\/\\\/schema.org\",\"@graph\":[{\"@type\":\"Article\",\"@id\":\"https:\\\/\\\/somos-hermanos.mx\\\/index.php\\\/2025\\\/08\\\/04\\\/fundacion-donde-transforma-la-vida-de-la-ninez-mexicana\\\/#article\",\"isPartOf\":{\"@id\":\"https:\\\/\\\/somos-hermanos.mx\\\/index.php\\\/2025\\\/08\\\/04\\\/fundacion-donde-transforma-la-vida-de-la-ninez-mexicana\\\/\"},\"author\":{\"name\":\"Mariana Navarro Guerrero\",\"@id\":\"https:\\\/\\\/somos-hermanos.mx\\\/#\\\/schema\\\/person\\\/c641a1e1d1528d06a1bdd520967637a3\"},\"headline\":\"Fundaci\u00f3n Dond\u00e9: Transforma la vida de la ni\u00f1ez mexicana\",\"datePublished\":\"2025-08-04T10:34:40+00:00\",\"mainEntityOfPage\":{\"@id\":\"https:\\\/\\\/somos-hermanos.mx\\\/index.php\\\/2025\\\/08\\\/04\\\/fundacion-donde-transforma-la-vida-de-la-ninez-mexicana\\\/\"},\"wordCount\":295,\"commentCount\":0,\"publisher\":{\"@id\":\"https:\\\/\\\/somos-hermanos.mx\\\/#organization\"},\"image\":{\"@id\":\"https:\\\/\\\/somos-hermanos.mx\\\/index.php\\\/2025\\\/08\\\/04\\\/fundacion-donde-transforma-la-vida-de-la-ninez-mexicana\\\/#primaryimage\"},\"thumbnailUrl\":\"https:\\\/\\\/somos-hermanos.mx\\\/wp-content\\\/uploads\\\/2025\\\/08\\\/donce2.jpeg\",\"articleSection\":[\"Noticias\"],\"inLanguage\":\"es\",\"potentialAction\":[{\"@type\":\"CommentAction\",\"name\":\"Comment\",\"target\":[\"https:\\\/\\\/somos-hermanos.mx\\\/index.php\\\/2025\\\/08\\\/04\\\/fundacion-donde-transforma-la-vida-de-la-ninez-mexicana\\\/#respond\"]}]},{\"@type\":\"WebPage\",\"@id\":\"https:\\\/\\\/somos-hermanos.mx\\\/index.php\\\/2025\\\/08\\\/04\\\/fundacion-donde-transforma-la-vida-de-la-ninez-mexicana\\\/\",\"url\":\"https:\\\/\\\/somos-hermanos.mx\\\/index.php\\\/2025\\\/08\\\/04\\\/fundacion-donde-transforma-la-vida-de-la-ninez-mexicana\\\/\",\"name\":\"Fundaci\u00f3n Dond\u00e9: Transforma la vida de la ni\u00f1ez mexicana - Historias que inspiran...\",\"isPartOf\":{\"@id\":\"https:\\\/\\\/somos-hermanos.mx\\\/#website\"},\"primaryImageOfPage\":{\"@id\":\"https:\\\/\\\/somos-hermanos.mx\\\/index.php\\\/2025\\\/08\\\/04\\\/fundacion-donde-transforma-la-vida-de-la-ninez-mexicana\\\/#primaryimage\"},\"image\":{\"@id\":\"https:\\\/\\\/somos-hermanos.mx\\\/index.php\\\/2025\\\/08\\\/04\\\/fundacion-donde-transforma-la-vida-de-la-ninez-mexicana\\\/#primaryimage\"},\"thumbnailUrl\":\"https:\\\/\\\/somos-hermanos.mx\\\/wp-content\\\/uploads\\\/2025\\\/08\\\/donce2.jpeg\",\"datePublished\":\"2025-08-04T10:34:40+00:00\",\"breadcrumb\":{\"@id\":\"https:\\\/\\\/somos-hermanos.mx\\\/index.php\\\/2025\\\/08\\\/04\\\/fundacion-donde-transforma-la-vida-de-la-ninez-mexicana\\\/#breadcrumb\"},\"inLanguage\":\"es\",\"potentialAction\":[{\"@type\":\"ReadAction\",\"target\":[\"https:\\\/\\\/somos-hermanos.mx\\\/index.php\\\/2025\\\/08\\\/04\\\/fundacion-donde-transforma-la-vida-de-la-ninez-mexicana\\\/\"]}]},{\"@type\":\"ImageObject\",\"inLanguage\":\"es\",\"@id\":\"https:\\\/\\\/somos-hermanos.mx\\\/index.php\\\/2025\\\/08\\\/04\\\/fundacion-donde-transforma-la-vida-de-la-ninez-mexicana\\\/#primaryimage\",\"url\":\"https:\\\/\\\/somos-hermanos.mx\\\/wp-content\\\/uploads\\\/2025\\\/08\\\/donce2.jpeg\",\"contentUrl\":\"https:\\\/\\\/somos-hermanos.mx\\\/wp-content\\\/uploads\\\/2025\\\/08\\\/donce2.jpeg\",\"width\":1600,\"height\":1600},{\"@type\":\"BreadcrumbList\",\"@id\":\"https:\\\/\\\/somos-hermanos.mx\\\/index.php\\\/2025\\\/08\\\/04\\\/fundacion-donde-transforma-la-vida-de-la-ninez-mexicana\\\/#breadcrumb\",\"itemListElement\":[{\"@type\":\"ListItem\",\"position\":1,\"name\":\"Inicio\",\"item\":\"https:\\\/\\\/somos-hermanos.mx\\\/\"},{\"@type\":\"ListItem\",\"position\":2,\"name\":\"Fundaci\u00f3n Dond\u00e9: Transforma la vida de la ni\u00f1ez mexicana\"}]},{\"@type\":\"WebSite\",\"@id\":\"https:\\\/\\\/somos-hermanos.mx\\\/#website\",\"url\":\"https:\\\/\\\/somos-hermanos.mx\\\/\",\"name\":\"Historias que inspiran...\",\"description\":\"Somos la voz del altruismo en M\u00e9xico\",\"publisher\":{\"@id\":\"https:\\\/\\\/somos-hermanos.mx\\\/#organization\"},\"potentialAction\":[{\"@type\":\"SearchAction\",\"target\":{\"@type\":\"EntryPoint\",\"urlTemplate\":\"https:\\\/\\\/somos-hermanos.mx\\\/?s={search_term_string}\"},\"query-input\":{\"@type\":\"PropertyValueSpecification\",\"valueRequired\":true,\"valueName\":\"search_term_string\"}}],\"inLanguage\":\"es\"},{\"@type\":\"Organization\",\"@id\":\"https:\\\/\\\/somos-hermanos.mx\\\/#organization\",\"name\":\"Somos Hermanos\",\"url\":\"https:\\\/\\\/somos-hermanos.mx\\\/\",\"logo\":{\"@type\":\"ImageObject\",\"inLanguage\":\"es\",\"@id\":\"https:\\\/\\\/somos-hermanos.mx\\\/#\\\/schema\\\/logo\\\/image\\\/\",\"url\":\"https:\\\/\\\/somos-hermanos.mx\\\/wp-content\\\/uploads\\\/2025\\\/08\\\/SH30-1.jpeg\",\"contentUrl\":\"https:\\\/\\\/somos-hermanos.mx\\\/wp-content\\\/uploads\\\/2025\\\/08\\\/SH30-1.jpeg\",\"width\":1600,\"height\":1142,\"caption\":\"Somos Hermanos\"},\"image\":{\"@id\":\"https:\\\/\\\/somos-hermanos.mx\\\/#\\\/schema\\\/logo\\\/image\\\/\"},\"sameAs\":[\"https:\\\/\\\/www.facebook.com\\\/SomosHermanosIAP\\\/\",\"https:\\\/\\\/x.com\\\/Somos__Hermanos\",\"https:\\\/\\\/www.instagram.com\\\/somos__hermanos\\\/#\",\"https:\\\/\\\/www.tiktok.com\\\/@somoshermanosiap\",\"https:\\\/\\\/www.youtube.com\\\/@somoshermanosiap1201\\\/videos\"]},{\"@type\":\"Person\",\"@id\":\"https:\\\/\\\/somos-hermanos.mx\\\/#\\\/schema\\\/person\\\/c641a1e1d1528d06a1bdd520967637a3\",\"name\":\"Mariana Navarro Guerrero\",\"image\":{\"@type\":\"ImageObject\",\"inLanguage\":\"es\",\"@id\":\"https:\\\/\\\/secure.gravatar.com\\\/avatar\\\/e9de03026e0c21e37657555185686fb146d0e8f3e36692b672ddf88cbfb99c0e?s=96&d=mm&r=g\",\"url\":\"https:\\\/\\\/secure.gravatar.com\\\/avatar\\\/e9de03026e0c21e37657555185686fb146d0e8f3e36692b672ddf88cbfb99c0e?s=96&d=mm&r=g\",\"contentUrl\":\"https:\\\/\\\/secure.gravatar.com\\\/avatar\\\/e9de03026e0c21e37657555185686fb146d0e8f3e36692b672ddf88cbfb99c0e?s=96&d=mm&r=g\",\"caption\":\"Mariana Navarro Guerrero\"},\"url\":\"https:\\\/\\\/somos-hermanos.mx\\\/index.php\\\/author\\\/mariana-navarro-guerrero\\\/\"}]}<\/script>\n<!-- \/ Yoast SEO plugin. -->","yoast_head_json":{"title":"Fundaci\u00f3n Dond\u00e9: Transforma la vida de la ni\u00f1ez mexicana - Historias que inspiran...","robots":{"index":"index","follow":"follow","max-snippet":"max-snippet:-1","max-image-preview":"max-image-preview:large","max-video-preview":"max-video-preview:-1"},"canonical":"https:\/\/somos-hermanos.mx\/index.php\/2025\/08\/04\/fundacion-donde-transforma-la-vida-de-la-ninez-mexicana\/","og_locale":"es_MX","og_type":"article","og_title":"Fundaci\u00f3n Dond\u00e9: Transforma la vida de la ni\u00f1ez mexicana - Historias que inspiran...","og_description":"Desde hace m\u00e1s de cien a\u00f1os, la Fundaci\u00f3n Dond\u00e9 ha buscado brindar educaci\u00f3n integral y herramientas emocionales a ni\u00f1as, ni\u00f1os y j\u00f3venes en situaci\u00f3n vulnerable.\u00a0A trav\u00e9s de su red de M\u00f3dulos Educativos, esta organizaci\u00f3n de asistencia privada ha logrado impactar a m\u00e1s de un mill\u00f3n de personas en todo el pa\u00eds. Con presencia en 22 [&hellip;]","og_url":"https:\/\/somos-hermanos.mx\/index.php\/2025\/08\/04\/fundacion-donde-transforma-la-vida-de-la-ninez-mexicana\/","og_site_name":"Historias que inspiran...","article_publisher":"https:\/\/www.facebook.com\/SomosHermanosIAP\/","article_published_time":"2025-08-04T10:34:40+00:00","og_image":[{"width":1600,"height":1600,"url":"https:\/\/somos-hermanos.mx\/wp-content\/uploads\/2025\/08\/donce2.jpeg","type":"image\/jpeg"}],"author":"Mariana Navarro Guerrero","twitter_card":"summary_large_image","twitter_creator":"@Somos__Hermanos","twitter_site":"@Somos__Hermanos","twitter_misc":{"Escrito por":"Mariana Navarro Guerrero","Tiempo de lectura":"2 minutos"},"schema":{"@context":"https:\/\/schema.org","@graph":[{"@type":"Article","@id":"https:\/\/somos-hermanos.mx\/index.php\/2025\/08\/04\/fundacion-donde-transforma-la-vida-de-la-ninez-mexicana\/#article","isPartOf":{"@id":"https:\/\/somos-hermanos.mx\/index.php\/2025\/08\/04\/fundacion-donde-transforma-la-vida-de-la-ninez-mexicana\/"},"author":{"name":"Mariana Navarro Guerrero","@id":"https:\/\/somos-hermanos.mx\/#\/schema\/person\/c641a1e1d1528d06a1bdd520967637a3"},"headline":"Fundaci\u00f3n Dond\u00e9: Transforma la vida de la ni\u00f1ez mexicana","datePublished":"2025-08-04T10:34:40+00:00","mainEntityOfPage":{"@id":"https:\/\/somos-hermanos.mx\/index.php\/2025\/08\/04\/fundacion-donde-transforma-la-vida-de-la-ninez-mexicana\/"},"wordCount":295,"commentCount":0,"publisher":{"@id":"https:\/\/somos-hermanos.mx\/#organization"},"image":{"@id":"https:\/\/somos-hermanos.mx\/index.php\/2025\/08\/04\/fundacion-donde-transforma-la-vida-de-la-ninez-mexicana\/#primaryimage"},"thumbnailUrl":"https:\/\/somos-hermanos.mx\/wp-content\/uploads\/2025\/08\/donce2.jpeg","articleSection":["Noticias"],"inLanguage":"es","potentialAction":[{"@type":"CommentAction","name":"Comment","target":["https:\/\/somos-hermanos.mx\/index.php\/2025\/08\/04\/fundacion-donde-transforma-la-vida-de-la-ninez-mexicana\/#respond"]}]},{"@type":"WebPage","@id":"https:\/\/somos-hermanos.mx\/index.php\/2025\/08\/04\/fundacion-donde-transforma-la-vida-de-la-ninez-mexicana\/","url":"https:\/\/somos-hermanos.mx\/index.php\/2025\/08\/04\/fundacion-donde-transforma-la-vida-de-la-ninez-mexicana\/","name":"Fundaci\u00f3n Dond\u00e9: Transforma la vida de la ni\u00f1ez mexicana - Historias que inspiran...","isPartOf":{"@id":"https:\/\/somos-hermanos.mx\/#website"},"primaryImageOfPage":{"@id":"https:\/\/somos-hermanos.mx\/index.php\/2025\/08\/04\/fundacion-donde-transforma-la-vida-de-la-ninez-mexicana\/#primaryimage"},"image":{"@id":"https:\/\/somos-hermanos.mx\/index.php\/2025\/08\/04\/fundacion-donde-transforma-la-vida-de-la-ninez-mexicana\/#primaryimage"},"thumbnailUrl":"https:\/\/somos-hermanos.mx\/wp-content\/uploads\/2025\/08\/donce2.jpeg","datePublished":"2025-08-04T10:34:40+00:00","breadcrumb":{"@id":"https:\/\/somos-hermanos.mx\/index.php\/2025\/08\/04\/fundacion-donde-transforma-la-vida-de-la-ninez-mexicana\/#breadcrumb"},"inLanguage":"es","potentialAction":[{"@type":"ReadAction","target":["https:\/\/somos-hermanos.mx\/index.php\/2025\/08\/04\/fundacion-donde-transforma-la-vida-de-la-ninez-mexicana\/"]}]},{"@type":"ImageObject","inLanguage":"es","@id":"https:\/\/somos-hermanos.mx\/index.php\/2025\/08\/04\/fundacion-donde-transforma-la-vida-de-la-ninez-mexicana\/#primaryimage","url":"https:\/\/somos-hermanos.mx\/wp-content\/uploads\/2025\/08\/donce2.jpeg","contentUrl":"https:\/\/somos-hermanos.mx\/wp-content\/uploads\/2025\/08\/donce2.jpeg","width":1600,"height":1600},{"@type":"BreadcrumbList","@id":"https:\/\/somos-hermanos.mx\/index.php\/2025\/08\/04\/fundacion-donde-transforma-la-vida-de-la-ninez-mexicana\/#breadcrumb","itemListElement":[{"@type":"ListItem","position":1,"name":"Inicio","item":"https:\/\/somos-hermanos.mx\/"},{"@type":"ListItem","position":2,"name":"Fundaci\u00f3n Dond\u00e9: Transforma la vida de la ni\u00f1ez mexicana"}]},{"@type":"WebSite","@id":"https:\/\/somos-hermanos.mx\/#website","url":"https:\/\/somos-hermanos.mx\/","name":"Historias que inspiran...","description":"Somos la voz del altruismo en M\u00e9xico","publisher":{"@id":"https:\/\/somos-hermanos.mx\/#organization"},"potentialAction":[{"@type":"SearchAction","target":{"@type":"EntryPoint","urlTemplate":"https:\/\/somos-hermanos.mx\/?s={search_term_string}"},"query-input":{"@type":"PropertyValueSpecification","valueRequired":true,"valueName":"search_term_string"}}],"inLanguage":"es"},{"@type":"Organization","@id":"https:\/\/somos-hermanos.mx\/#organization","name":"Somos Hermanos","url":"https:\/\/somos-hermanos.mx\/","logo":{"@type":"ImageObject","inLanguage":"es","@id":"https:\/\/somos-hermanos.mx\/#\/schema\/logo\/image\/","url":"https:\/\/somos-hermanos.mx\/wp-content\/uploads\/2025\/08\/SH30-1.jpeg","contentUrl":"https:\/\/somos-hermanos.mx\/wp-content\/uploads\/2025\/08\/SH30-1.jpeg","width":1600,"height":1142,"caption":"Somos Hermanos"},"image":{"@id":"https:\/\/somos-hermanos.mx\/#\/schema\/logo\/image\/"},"sameAs":["https:\/\/www.facebook.com\/SomosHermanosIAP\/","https:\/\/x.com\/Somos__Hermanos","https:\/\/www.instagram.com\/somos__hermanos\/#","https:\/\/www.tiktok.com\/@somoshermanosiap","https:\/\/www.youtube.com\/@somoshermanosiap1201\/videos"]},{"@type":"Person","@id":"https:\/\/somos-hermanos.mx\/#\/schema\/person\/c641a1e1d1528d06a1bdd520967637a3","name":"Mariana Navarro Guerrero","image":{"@type":"ImageObject","inLanguage":"es","@id":"https:\/\/secure.gravatar.com\/avatar\/e9de03026e0c21e37657555185686fb146d0e8f3e36692b672ddf88cbfb99c0e?s=96&d=mm&r=g","url":"https:\/\/secure.gravatar.com\/avatar\/e9de03026e0c21e37657555185686fb146d0e8f3e36692b672ddf88cbfb99c0e?s=96&d=mm&r=g","contentUrl":"https:\/\/secure.gravatar.com\/avatar\/e9de03026e0c21e37657555185686fb146d0e8f3e36692b672ddf88cbfb99c0e?s=96&d=mm&r=g","caption":"Mariana Navarro Guerrero"},"url":"https:\/\/somos-hermanos.mx\/index.php\/author\/mariana-navarro-guerrero\/"}]}},"_links":{"self":[{"href":"https:\/\/somos-hermanos.mx\/index.php\/wp-json\/wp\/v2\/posts\/1086","targetHints":{"allow":["GET"]}}],"collection":[{"href":"https:\/\/somos-hermanos.mx\/index.php\/wp-json\/wp\/v2\/posts"}],"about":[{"href":"https:\/\/somos-hermanos.mx\/index.php\/wp-json\/wp\/v2\/types\/post"}],"author":[{"embeddable":true,"href":"https:\/\/somos-hermanos.mx\/index.php\/wp-json\/wp\/v2\/users\/20"}],"replies":[{"embeddable":true,"href":"https:\/\/somos-hermanos.mx\/index.php\/wp-json\/wp\/v2\/comments?post=1086"}],"version-history":[{"count":1,"href":"https:\/\/somos-hermanos.mx\/index.php\/wp-json\/wp\/v2\/posts\/1086\/revisions"}],"predecessor-version":[{"id":1088,"href":"https:\/\/somos-hermanos.mx\/index.php\/wp-json\/wp\/v2\/posts\/1086\/revisions\/1088"}],"wp:featuredmedia":[{"embeddable":true,"href":"https:\/\/somos-hermanos.mx\/index.php\/wp-json\/wp\/v2\/media\/1087"}],"wp:attachment":[{"href":"https:\/\/somos-hermanos.mx\/index.php\/wp-json\/wp\/v2\/media?parent=1086"}],"wp:term":[{"taxonomy":"category","embeddable":true,"href":"https:\/\/somos-hermanos.mx\/index.php\/wp-json\/wp\/v2\/categories?post=1086"},{"taxonomy":"post_tag","embeddable":true,"href":"https:\/\/somos-hermanos.mx\/index.php\/wp-json\/wp\/v2\/tags?post=1086"}],"curies":[{"name":"wp","href":"https:\/\/api.w.org\/{rel}","templated":true}]}}