{"id":1083,"date":"2025-08-04T04:33:23","date_gmt":"2025-08-04T10:33:23","guid":{"rendered":"https:\/\/somos-hermanos.mx\/?p=1083"},"modified":"2025-08-04T04:33:23","modified_gmt":"2025-08-04T10:33:23","slug":"con-discapacidad-auditiva-mas-de-dos-millones-de-mexicanos","status":"publish","type":"post","link":"https:\/\/somos-hermanos.mx\/index.php\/2025\/08\/04\/con-discapacidad-auditiva-mas-de-dos-millones-de-mexicanos\/","title":{"rendered":"Con discapacidad auditiva m\u00e1s de dos millones de mexicanos"},"content":{"rendered":"<p>Por m\u00e1s de cuarenta a\u00f1os, la instituci\u00f3n Audio Amigo, IAP, ha brindado atenci\u00f3n integral de rehabilitaci\u00f3n a individuos con dificultades auditivas, en el lenguaje, en el aprendizaje y problemas emocionales.<\/p>\n<p>Su trabajo ha favorecido sobre todo a familias con recursos limitados que tienen problemas para obtener servicios especializados.<\/p>\n<p>Fundada en 1984, <strong>Audio Amigo naci\u00f3 con el prop\u00f3sito de ayudar a ni\u00f1os, adolescentes y adultos a recuperar o mejorar su capacidad de comunicarse.<\/strong>\u00a0\u201cLa comunicaci\u00f3n es un derecho humano. No se trata solo de o\u00edr, sino de poder participar en la vida social, escolar y familiar\u201d, explica parte del equipo de Audio Amigo en su sitio web.<\/p>\n<p>Actualmente, la instituci\u00f3n ofrece servicios de terapia de lenguaje, aprendizaje y atenci\u00f3n psicol\u00f3gica, adem\u00e1s de facilitar el acceso a aparatos auditivos a bajo costo. Tambi\u00e9n brinda orientaci\u00f3n a padres y capacitaci\u00f3n a estudiantes a trav\u00e9s de su programa de servicio social.<\/p>\n<p>Audio Amigo funciona desde sus oficinas situadas en la colonia Tr\u00e1nsito, dentro de la alcald\u00eda de Cuauht\u00e9moc. Su equipo especializado est\u00e1 compuesto por terapeutas, psic\u00f3logos y voluntarios dedicados a la inclusi\u00f3n y al mejoramiento de la calidad de vida de sus pacientes.<\/p>\n<p>La instituci\u00f3n invita a la ciudadan\u00eda a sumarse como voluntarios, donantes o difusores de su causa, especialmente en un contexto donde, <strong>seg\u00fan datos del INEGI, m\u00e1s de dos millones de personas en M\u00e9xico viven con alguna discapacidad auditiva.<\/strong><\/p>\n<p>&nbsp;<\/p>\n","protected":false},"excerpt":{"rendered":"<p>Por m\u00e1s de cuarenta a\u00f1os, la instituci\u00f3n Audio Amigo, IAP, ha brindado atenci\u00f3n integral de rehabilitaci\u00f3n a individuos con dificultades auditivas, en el lenguaje, en el aprendizaje y problemas emocionales. Su trabajo ha favorecido sobre todo a familias con recursos limitados que tienen problemas para obtener servicios especializados. Fundada en 1984, Audio Amigo naci\u00f3 con [&hellip;]<\/p>\n","protected":false},"author":20,"featured_media":1084,"comment_status":"open","ping_status":"closed","sticky":false,"template":"","format":"standard","meta":{"footnotes":""},"categories":[6],"tags":[],"class_list":["post-1083","post","type-post","status-publish","format-standard","has-post-thumbnail","hentry","category-noticias"],"yoast_head":"<!-- This site is optimized with the Yoast SEO plugin v27.5 - https:\/\/yoast.com\/product\/yoast-seo-wordpress\/ -->\n<title>Con discapacidad auditiva m\u00e1s de dos millones de mexicanos - Historias que inspiran...<\/title>\n<meta name=\"robots\" content=\"index, follow, max-snippet:-1, max-image-preview:large, max-video-preview:-1\" \/>\n<link rel=\"canonical\" href=\"https:\/\/somos-hermanos.mx\/index.php\/2025\/08\/04\/con-discapacidad-auditiva-mas-de-dos-millones-de-mexicanos\/\" \/>\n<meta property=\"og:locale\" content=\"es_MX\" \/>\n<meta property=\"og:type\" content=\"article\" \/>\n<meta property=\"og:title\" content=\"Con discapacidad auditiva m\u00e1s de dos millones de mexicanos - Historias que inspiran...\" \/>\n<meta property=\"og:description\" content=\"Por m\u00e1s de cuarenta a\u00f1os, la instituci\u00f3n Audio Amigo, IAP, ha brindado atenci\u00f3n integral de rehabilitaci\u00f3n a individuos con dificultades auditivas, en el lenguaje, en el aprendizaje y problemas emocionales. Su trabajo ha favorecido sobre todo a familias con recursos limitados que tienen problemas para obtener servicios especializados. Fundada en 1984, Audio Amigo naci\u00f3 con [&hellip;]\" \/>\n<meta property=\"og:url\" content=\"https:\/\/somos-hermanos.mx\/index.php\/2025\/08\/04\/con-discapacidad-auditiva-mas-de-dos-millones-de-mexicanos\/\" \/>\n<meta property=\"og:site_name\" content=\"Historias que inspiran...\" \/>\n<meta property=\"article:publisher\" content=\"https:\/\/www.facebook.com\/SomosHermanosIAP\/\" \/>\n<meta property=\"article:published_time\" content=\"2025-08-04T10:33:23+00:00\" \/>\n<meta property=\"og:image\" content=\"https:\/\/somos-hermanos.mx\/wp-content\/uploads\/2025\/08\/audio1.jpeg\" \/>\n\t<meta property=\"og:image:width\" content=\"1600\" \/>\n\t<meta property=\"og:image:height\" content=\"1200\" \/>\n\t<meta property=\"og:image:type\" content=\"image\/jpeg\" \/>\n<meta name=\"author\" content=\"Mariana Navarro Guerrero\" \/>\n<meta name=\"twitter:card\" content=\"summary_large_image\" \/>\n<meta name=\"twitter:creator\" content=\"@Somos__Hermanos\" \/>\n<meta name=\"twitter:site\" content=\"@Somos__Hermanos\" \/>\n<meta name=\"twitter:label1\" content=\"Escrito por\" \/>\n\t<meta name=\"twitter:data1\" content=\"Mariana Navarro Guerrero\" \/>\n\t<meta name=\"twitter:label2\" content=\"Tiempo de lectura\" \/>\n\t<meta name=\"twitter:data2\" content=\"2 minutos\" \/>\n<script type=\"application\/ld+json\" class=\"yoast-schema-graph\">{\"@context\":\"https:\\\/\\\/schema.org\",\"@graph\":[{\"@type\":\"Article\",\"@id\":\"https:\\\/\\\/somos-hermanos.mx\\\/index.php\\\/2025\\\/08\\\/04\\\/con-discapacidad-auditiva-mas-de-dos-millones-de-mexicanos\\\/#article\",\"isPartOf\":{\"@id\":\"https:\\\/\\\/somos-hermanos.mx\\\/index.php\\\/2025\\\/08\\\/04\\\/con-discapacidad-auditiva-mas-de-dos-millones-de-mexicanos\\\/\"},\"author\":{\"name\":\"Mariana Navarro Guerrero\",\"@id\":\"https:\\\/\\\/somos-hermanos.mx\\\/#\\\/schema\\\/person\\\/c641a1e1d1528d06a1bdd520967637a3\"},\"headline\":\"Con discapacidad auditiva m\u00e1s de dos millones de mexicanos\",\"datePublished\":\"2025-08-04T10:33:23+00:00\",\"mainEntityOfPage\":{\"@id\":\"https:\\\/\\\/somos-hermanos.mx\\\/index.php\\\/2025\\\/08\\\/04\\\/con-discapacidad-auditiva-mas-de-dos-millones-de-mexicanos\\\/\"},\"wordCount\":264,\"commentCount\":0,\"publisher\":{\"@id\":\"https:\\\/\\\/somos-hermanos.mx\\\/#organization\"},\"image\":{\"@id\":\"https:\\\/\\\/somos-hermanos.mx\\\/index.php\\\/2025\\\/08\\\/04\\\/con-discapacidad-auditiva-mas-de-dos-millones-de-mexicanos\\\/#primaryimage\"},\"thumbnailUrl\":\"https:\\\/\\\/somos-hermanos.mx\\\/wp-content\\\/uploads\\\/2025\\\/08\\\/audio1.jpeg\",\"articleSection\":[\"Noticias\"],\"inLanguage\":\"es\",\"potentialAction\":[{\"@type\":\"CommentAction\",\"name\":\"Comment\",\"target\":[\"https:\\\/\\\/somos-hermanos.mx\\\/index.php\\\/2025\\\/08\\\/04\\\/con-discapacidad-auditiva-mas-de-dos-millones-de-mexicanos\\\/#respond\"]}]},{\"@type\":\"WebPage\",\"@id\":\"https:\\\/\\\/somos-hermanos.mx\\\/index.php\\\/2025\\\/08\\\/04\\\/con-discapacidad-auditiva-mas-de-dos-millones-de-mexicanos\\\/\",\"url\":\"https:\\\/\\\/somos-hermanos.mx\\\/index.php\\\/2025\\\/08\\\/04\\\/con-discapacidad-auditiva-mas-de-dos-millones-de-mexicanos\\\/\",\"name\":\"Con discapacidad auditiva m\u00e1s de dos millones de mexicanos - Historias que inspiran...\",\"isPartOf\":{\"@id\":\"https:\\\/\\\/somos-hermanos.mx\\\/#website\"},\"primaryImageOfPage\":{\"@id\":\"https:\\\/\\\/somos-hermanos.mx\\\/index.php\\\/2025\\\/08\\\/04\\\/con-discapacidad-auditiva-mas-de-dos-millones-de-mexicanos\\\/#primaryimage\"},\"image\":{\"@id\":\"https:\\\/\\\/somos-hermanos.mx\\\/index.php\\\/2025\\\/08\\\/04\\\/con-discapacidad-auditiva-mas-de-dos-millones-de-mexicanos\\\/#primaryimage\"},\"thumbnailUrl\":\"https:\\\/\\\/somos-hermanos.mx\\\/wp-content\\\/uploads\\\/2025\\\/08\\\/audio1.jpeg\",\"datePublished\":\"2025-08-04T10:33:23+00:00\",\"breadcrumb\":{\"@id\":\"https:\\\/\\\/somos-hermanos.mx\\\/index.php\\\/2025\\\/08\\\/04\\\/con-discapacidad-auditiva-mas-de-dos-millones-de-mexicanos\\\/#breadcrumb\"},\"inLanguage\":\"es\",\"potentialAction\":[{\"@type\":\"ReadAction\",\"target\":[\"https:\\\/\\\/somos-hermanos.mx\\\/index.php\\\/2025\\\/08\\\/04\\\/con-discapacidad-auditiva-mas-de-dos-millones-de-mexicanos\\\/\"]}]},{\"@type\":\"ImageObject\",\"inLanguage\":\"es\",\"@id\":\"https:\\\/\\\/somos-hermanos.mx\\\/index.php\\\/2025\\\/08\\\/04\\\/con-discapacidad-auditiva-mas-de-dos-millones-de-mexicanos\\\/#primaryimage\",\"url\":\"https:\\\/\\\/somos-hermanos.mx\\\/wp-content\\\/uploads\\\/2025\\\/08\\\/audio1.jpeg\",\"contentUrl\":\"https:\\\/\\\/somos-hermanos.mx\\\/wp-content\\\/uploads\\\/2025\\\/08\\\/audio1.jpeg\",\"width\":1600,\"height\":1200},{\"@type\":\"BreadcrumbList\",\"@id\":\"https:\\\/\\\/somos-hermanos.mx\\\/index.php\\\/2025\\\/08\\\/04\\\/con-discapacidad-auditiva-mas-de-dos-millones-de-mexicanos\\\/#breadcrumb\",\"itemListElement\":[{\"@type\":\"ListItem\",\"position\":1,\"name\":\"Inicio\",\"item\":\"https:\\\/\\\/somos-hermanos.mx\\\/\"},{\"@type\":\"ListItem\",\"position\":2,\"name\":\"Con discapacidad auditiva m\u00e1s de dos millones de mexicanos\"}]},{\"@type\":\"WebSite\",\"@id\":\"https:\\\/\\\/somos-hermanos.mx\\\/#website\",\"url\":\"https:\\\/\\\/somos-hermanos.mx\\\/\",\"name\":\"Historias que inspiran...\",\"description\":\"Somos la voz del altruismo en M\u00e9xico\",\"publisher\":{\"@id\":\"https:\\\/\\\/somos-hermanos.mx\\\/#organization\"},\"potentialAction\":[{\"@type\":\"SearchAction\",\"target\":{\"@type\":\"EntryPoint\",\"urlTemplate\":\"https:\\\/\\\/somos-hermanos.mx\\\/?s={search_term_string}\"},\"query-input\":{\"@type\":\"PropertyValueSpecification\",\"valueRequired\":true,\"valueName\":\"search_term_string\"}}],\"inLanguage\":\"es\"},{\"@type\":\"Organization\",\"@id\":\"https:\\\/\\\/somos-hermanos.mx\\\/#organization\",\"name\":\"Somos Hermanos\",\"url\":\"https:\\\/\\\/somos-hermanos.mx\\\/\",\"logo\":{\"@type\":\"ImageObject\",\"inLanguage\":\"es\",\"@id\":\"https:\\\/\\\/somos-hermanos.mx\\\/#\\\/schema\\\/logo\\\/image\\\/\",\"url\":\"https:\\\/\\\/somos-hermanos.mx\\\/wp-content\\\/uploads\\\/2025\\\/08\\\/SH30-1.jpeg\",\"contentUrl\":\"https:\\\/\\\/somos-hermanos.mx\\\/wp-content\\\/uploads\\\/2025\\\/08\\\/SH30-1.jpeg\",\"width\":1600,\"height\":1142,\"caption\":\"Somos Hermanos\"},\"image\":{\"@id\":\"https:\\\/\\\/somos-hermanos.mx\\\/#\\\/schema\\\/logo\\\/image\\\/\"},\"sameAs\":[\"https:\\\/\\\/www.facebook.com\\\/SomosHermanosIAP\\\/\",\"https:\\\/\\\/x.com\\\/Somos__Hermanos\",\"https:\\\/\\\/www.instagram.com\\\/somos__hermanos\\\/#\",\"https:\\\/\\\/www.tiktok.com\\\/@somoshermanosiap\",\"https:\\\/\\\/www.youtube.com\\\/@somoshermanosiap1201\\\/videos\"]},{\"@type\":\"Person\",\"@id\":\"https:\\\/\\\/somos-hermanos.mx\\\/#\\\/schema\\\/person\\\/c641a1e1d1528d06a1bdd520967637a3\",\"name\":\"Mariana Navarro Guerrero\",\"image\":{\"@type\":\"ImageObject\",\"inLanguage\":\"es\",\"@id\":\"https:\\\/\\\/secure.gravatar.com\\\/avatar\\\/e9de03026e0c21e37657555185686fb146d0e8f3e36692b672ddf88cbfb99c0e?s=96&d=mm&r=g\",\"url\":\"https:\\\/\\\/secure.gravatar.com\\\/avatar\\\/e9de03026e0c21e37657555185686fb146d0e8f3e36692b672ddf88cbfb99c0e?s=96&d=mm&r=g\",\"contentUrl\":\"https:\\\/\\\/secure.gravatar.com\\\/avatar\\\/e9de03026e0c21e37657555185686fb146d0e8f3e36692b672ddf88cbfb99c0e?s=96&d=mm&r=g\",\"caption\":\"Mariana Navarro Guerrero\"},\"url\":\"https:\\\/\\\/somos-hermanos.mx\\\/index.php\\\/author\\\/mariana-navarro-guerrero\\\/\"}]}<\/script>\n<!-- \/ Yoast SEO plugin. -->","yoast_head_json":{"title":"Con discapacidad auditiva m\u00e1s de dos millones de mexicanos - Historias que inspiran...","robots":{"index":"index","follow":"follow","max-snippet":"max-snippet:-1","max-image-preview":"max-image-preview:large","max-video-preview":"max-video-preview:-1"},"canonical":"https:\/\/somos-hermanos.mx\/index.php\/2025\/08\/04\/con-discapacidad-auditiva-mas-de-dos-millones-de-mexicanos\/","og_locale":"es_MX","og_type":"article","og_title":"Con discapacidad auditiva m\u00e1s de dos millones de mexicanos - Historias que inspiran...","og_description":"Por m\u00e1s de cuarenta a\u00f1os, la instituci\u00f3n Audio Amigo, IAP, ha brindado atenci\u00f3n integral de rehabilitaci\u00f3n a individuos con dificultades auditivas, en el lenguaje, en el aprendizaje y problemas emocionales. Su trabajo ha favorecido sobre todo a familias con recursos limitados que tienen problemas para obtener servicios especializados. Fundada en 1984, Audio Amigo naci\u00f3 con [&hellip;]","og_url":"https:\/\/somos-hermanos.mx\/index.php\/2025\/08\/04\/con-discapacidad-auditiva-mas-de-dos-millones-de-mexicanos\/","og_site_name":"Historias que inspiran...","article_publisher":"https:\/\/www.facebook.com\/SomosHermanosIAP\/","article_published_time":"2025-08-04T10:33:23+00:00","og_image":[{"width":1600,"height":1200,"url":"https:\/\/somos-hermanos.mx\/wp-content\/uploads\/2025\/08\/audio1.jpeg","type":"image\/jpeg"}],"author":"Mariana Navarro Guerrero","twitter_card":"summary_large_image","twitter_creator":"@Somos__Hermanos","twitter_site":"@Somos__Hermanos","twitter_misc":{"Escrito por":"Mariana Navarro Guerrero","Tiempo de lectura":"2 minutos"},"schema":{"@context":"https:\/\/schema.org","@graph":[{"@type":"Article","@id":"https:\/\/somos-hermanos.mx\/index.php\/2025\/08\/04\/con-discapacidad-auditiva-mas-de-dos-millones-de-mexicanos\/#article","isPartOf":{"@id":"https:\/\/somos-hermanos.mx\/index.php\/2025\/08\/04\/con-discapacidad-auditiva-mas-de-dos-millones-de-mexicanos\/"},"author":{"name":"Mariana Navarro Guerrero","@id":"https:\/\/somos-hermanos.mx\/#\/schema\/person\/c641a1e1d1528d06a1bdd520967637a3"},"headline":"Con discapacidad auditiva m\u00e1s de dos millones de mexicanos","datePublished":"2025-08-04T10:33:23+00:00","mainEntityOfPage":{"@id":"https:\/\/somos-hermanos.mx\/index.php\/2025\/08\/04\/con-discapacidad-auditiva-mas-de-dos-millones-de-mexicanos\/"},"wordCount":264,"commentCount":0,"publisher":{"@id":"https:\/\/somos-hermanos.mx\/#organization"},"image":{"@id":"https:\/\/somos-hermanos.mx\/index.php\/2025\/08\/04\/con-discapacidad-auditiva-mas-de-dos-millones-de-mexicanos\/#primaryimage"},"thumbnailUrl":"https:\/\/somos-hermanos.mx\/wp-content\/uploads\/2025\/08\/audio1.jpeg","articleSection":["Noticias"],"inLanguage":"es","potentialAction":[{"@type":"CommentAction","name":"Comment","target":["https:\/\/somos-hermanos.mx\/index.php\/2025\/08\/04\/con-discapacidad-auditiva-mas-de-dos-millones-de-mexicanos\/#respond"]}]},{"@type":"WebPage","@id":"https:\/\/somos-hermanos.mx\/index.php\/2025\/08\/04\/con-discapacidad-auditiva-mas-de-dos-millones-de-mexicanos\/","url":"https:\/\/somos-hermanos.mx\/index.php\/2025\/08\/04\/con-discapacidad-auditiva-mas-de-dos-millones-de-mexicanos\/","name":"Con discapacidad auditiva m\u00e1s de dos millones de mexicanos - Historias que inspiran...","isPartOf":{"@id":"https:\/\/somos-hermanos.mx\/#website"},"primaryImageOfPage":{"@id":"https:\/\/somos-hermanos.mx\/index.php\/2025\/08\/04\/con-discapacidad-auditiva-mas-de-dos-millones-de-mexicanos\/#primaryimage"},"image":{"@id":"https:\/\/somos-hermanos.mx\/index.php\/2025\/08\/04\/con-discapacidad-auditiva-mas-de-dos-millones-de-mexicanos\/#primaryimage"},"thumbnailUrl":"https:\/\/somos-hermanos.mx\/wp-content\/uploads\/2025\/08\/audio1.jpeg","datePublished":"2025-08-04T10:33:23+00:00","breadcrumb":{"@id":"https:\/\/somos-hermanos.mx\/index.php\/2025\/08\/04\/con-discapacidad-auditiva-mas-de-dos-millones-de-mexicanos\/#breadcrumb"},"inLanguage":"es","potentialAction":[{"@type":"ReadAction","target":["https:\/\/somos-hermanos.mx\/index.php\/2025\/08\/04\/con-discapacidad-auditiva-mas-de-dos-millones-de-mexicanos\/"]}]},{"@type":"ImageObject","inLanguage":"es","@id":"https:\/\/somos-hermanos.mx\/index.php\/2025\/08\/04\/con-discapacidad-auditiva-mas-de-dos-millones-de-mexicanos\/#primaryimage","url":"https:\/\/somos-hermanos.mx\/wp-content\/uploads\/2025\/08\/audio1.jpeg","contentUrl":"https:\/\/somos-hermanos.mx\/wp-content\/uploads\/2025\/08\/audio1.jpeg","width":1600,"height":1200},{"@type":"BreadcrumbList","@id":"https:\/\/somos-hermanos.mx\/index.php\/2025\/08\/04\/con-discapacidad-auditiva-mas-de-dos-millones-de-mexicanos\/#breadcrumb","itemListElement":[{"@type":"ListItem","position":1,"name":"Inicio","item":"https:\/\/somos-hermanos.mx\/"},{"@type":"ListItem","position":2,"name":"Con discapacidad auditiva m\u00e1s de dos millones de mexicanos"}]},{"@type":"WebSite","@id":"https:\/\/somos-hermanos.mx\/#website","url":"https:\/\/somos-hermanos.mx\/","name":"Historias que inspiran...","description":"Somos la voz del altruismo en M\u00e9xico","publisher":{"@id":"https:\/\/somos-hermanos.mx\/#organization"},"potentialAction":[{"@type":"SearchAction","target":{"@type":"EntryPoint","urlTemplate":"https:\/\/somos-hermanos.mx\/?s={search_term_string}"},"query-input":{"@type":"PropertyValueSpecification","valueRequired":true,"valueName":"search_term_string"}}],"inLanguage":"es"},{"@type":"Organization","@id":"https:\/\/somos-hermanos.mx\/#organization","name":"Somos Hermanos","url":"https:\/\/somos-hermanos.mx\/","logo":{"@type":"ImageObject","inLanguage":"es","@id":"https:\/\/somos-hermanos.mx\/#\/schema\/logo\/image\/","url":"https:\/\/somos-hermanos.mx\/wp-content\/uploads\/2025\/08\/SH30-1.jpeg","contentUrl":"https:\/\/somos-hermanos.mx\/wp-content\/uploads\/2025\/08\/SH30-1.jpeg","width":1600,"height":1142,"caption":"Somos Hermanos"},"image":{"@id":"https:\/\/somos-hermanos.mx\/#\/schema\/logo\/image\/"},"sameAs":["https:\/\/www.facebook.com\/SomosHermanosIAP\/","https:\/\/x.com\/Somos__Hermanos","https:\/\/www.instagram.com\/somos__hermanos\/#","https:\/\/www.tiktok.com\/@somoshermanosiap","https:\/\/www.youtube.com\/@somoshermanosiap1201\/videos"]},{"@type":"Person","@id":"https:\/\/somos-hermanos.mx\/#\/schema\/person\/c641a1e1d1528d06a1bdd520967637a3","name":"Mariana Navarro Guerrero","image":{"@type":"ImageObject","inLanguage":"es","@id":"https:\/\/secure.gravatar.com\/avatar\/e9de03026e0c21e37657555185686fb146d0e8f3e36692b672ddf88cbfb99c0e?s=96&d=mm&r=g","url":"https:\/\/secure.gravatar.com\/avatar\/e9de03026e0c21e37657555185686fb146d0e8f3e36692b672ddf88cbfb99c0e?s=96&d=mm&r=g","contentUrl":"https:\/\/secure.gravatar.com\/avatar\/e9de03026e0c21e37657555185686fb146d0e8f3e36692b672ddf88cbfb99c0e?s=96&d=mm&r=g","caption":"Mariana Navarro Guerrero"},"url":"https:\/\/somos-hermanos.mx\/index.php\/author\/mariana-navarro-guerrero\/"}]}},"_links":{"self":[{"href":"https:\/\/somos-hermanos.mx\/index.php\/wp-json\/wp\/v2\/posts\/1083","targetHints":{"allow":["GET"]}}],"collection":[{"href":"https:\/\/somos-hermanos.mx\/index.php\/wp-json\/wp\/v2\/posts"}],"about":[{"href":"https:\/\/somos-hermanos.mx\/index.php\/wp-json\/wp\/v2\/types\/post"}],"author":[{"embeddable":true,"href":"https:\/\/somos-hermanos.mx\/index.php\/wp-json\/wp\/v2\/users\/20"}],"replies":[{"embeddable":true,"href":"https:\/\/somos-hermanos.mx\/index.php\/wp-json\/wp\/v2\/comments?post=1083"}],"version-history":[{"count":1,"href":"https:\/\/somos-hermanos.mx\/index.php\/wp-json\/wp\/v2\/posts\/1083\/revisions"}],"predecessor-version":[{"id":1085,"href":"https:\/\/somos-hermanos.mx\/index.php\/wp-json\/wp\/v2\/posts\/1083\/revisions\/1085"}],"wp:featuredmedia":[{"embeddable":true,"href":"https:\/\/somos-hermanos.mx\/index.php\/wp-json\/wp\/v2\/media\/1084"}],"wp:attachment":[{"href":"https:\/\/somos-hermanos.mx\/index.php\/wp-json\/wp\/v2\/media?parent=1083"}],"wp:term":[{"taxonomy":"category","embeddable":true,"href":"https:\/\/somos-hermanos.mx\/index.php\/wp-json\/wp\/v2\/categories?post=1083"},{"taxonomy":"post_tag","embeddable":true,"href":"https:\/\/somos-hermanos.mx\/index.php\/wp-json\/wp\/v2\/tags?post=1083"}],"curies":[{"name":"wp","href":"https:\/\/api.w.org\/{rel}","templated":true}]}}