{"id":1080,"date":"2025-08-04T04:32:30","date_gmt":"2025-08-04T10:32:30","guid":{"rendered":"https:\/\/somos-hermanos.mx\/?p=1080"},"modified":"2025-08-04T04:32:30","modified_gmt":"2025-08-04T10:32:30","slug":"fossvi-un-legado-de-caridad-y-compromiso-social-con-impacto","status":"publish","type":"post","link":"https:\/\/somos-hermanos.mx\/index.php\/2025\/08\/04\/fossvi-un-legado-de-caridad-y-compromiso-social-con-impacto\/","title":{"rendered":"FOSSVI, un legado de caridad y compromiso social con impacto"},"content":{"rendered":"<p>La pobreza y la desigualdad contin\u00faan limitando el acceso a la salud, el bienestar y una vida digna en nuestro pa\u00eds, por ello, iniciativas como la de <strong>Fundaci\u00f3n de Obras Sociales de San Vicente, IAP, FOSSVI, se han convertido en verdaderos pilares de esperanza para quienes m\u00e1s lo necesitan. <\/strong><\/p>\n<p>Fundada en 1957 por las Hijas de la Caridad de San Vicente de Pa\u00fal se han concentrado en trabajar incansablemente para ofrecer una atenci\u00f3n integral a personas en situaci\u00f3n vulnerable, guiados por principios fundamentales como la compasi\u00f3n, la sencillez, la responsabilidad y el respeto.<\/p>\n<p>La labor de la fundaci\u00f3n <strong>se proyecta a trav\u00e9s de cuatro proyectos principales enfocados en atender las necesidades en diversas regiones del pa\u00eds. <\/strong>Entre ellos destaca el Hogar San Vicente el cual brinda apoyo integral a mujeres mayores de 60 a\u00f1os que carecen de recursos familiares o econ\u00f3micos.<\/p>\n<p>Adem\u00e1s, este espacio les ofrece alojamiento, atenci\u00f3n m\u00e9dica, alimentaci\u00f3n, y un acompa\u00f1amiento tanto emocional como espiritual. M\u00e1s que un refugio, se convierte en un verdadero hogar donde estas mujeres pueden vivir su vejez con dignidad y tranquilidad.<\/p>\n<p>Por otro lado, est\u00e1 el Albergue Temporal Ram\u00f3n Arbide, un espacio que proporciona alojamiento y alimentaci\u00f3n a pacientes y sus familiares que llegan a la Ciudad de M\u00e9xico desde otras regiones para recibir atenci\u00f3n m\u00e9dica. Este servicio resulta ser vital para miles de personas que, de no contar con \u00e9l, se enfrentar\u00edan a serias dificultades para encontrar un lugar donde alojarse o financiar su estancia durante el tratamiento.<\/p>\n<p>Otro de sus proyectos esenciales es el Centro de Rehabilitaci\u00f3n Infantil San Vicente, dirigido a ni\u00f1as, ni\u00f1os y adolescentes que padecen par\u00e1lisis cerebral u otras alteraciones del sistema locomotor. Este centro no solo ofrece atenci\u00f3n m\u00e9dica especializada, sino que tambi\u00e9n impulsa el desarrollo de habilidades personales, funcionales y sociales, adem\u00e1s de brindar apoyo integral a las familias.<\/p>\n<p>Este enfoque multidisciplinario fomenta la inclusi\u00f3n y contribuye a mejorar significativamente la calidad de vida de las infancias con discapacidad.<\/p>\n<p>En el sur del pa\u00eds se encuentra el Hospital San Carlos, ubicado en Altamirano, Chiapas, que desempe\u00f1a un papel crucial al brindar atenci\u00f3n a comunidades rurales e ind\u00edgenas que tienen un acceso limitado a los servicios de salud.<\/p>\n<p>Con su oferta de servicios m\u00e9dicos, quir\u00fargicos, hospitalizaci\u00f3n y farmacia, este hospital se ha convertido en un verdadero refugio de asistencia humanitaria en una de las regiones m\u00e1s marginadas del pa\u00eds.<\/p>\n<p><strong>FOSSVI destaca no solo por la cantidad de personas beneficiadas, sino por la calidad humana con la que presta cada servicio. <\/strong>Su enfoque est\u00e1 dirigido a valorar la dignidad de cada individuo y proporcionar alternativas reales para mejorar sus condiciones de vida.<\/p>\n<p>Gracias al respaldo de donativos, el esfuerzo de voluntarios y la colaboraci\u00f3n social, la fundaci\u00f3n ha conseguido mantener viva su misi\u00f3n por m\u00e1s de sesenta a\u00f1os.<\/p>\n<p>En un escenario donde los problemas parecieran ser insuperables, la Fundaci\u00f3n de Obras Sociales de San Vicente IAP destaca como un ejemplo de c\u00f3mo la solidaridad y el compromiso social pueden convertirse en motores de transformaci\u00f3n que marcan una diferencia significativa en la vida de miles de personas.<\/p>\n","protected":false},"excerpt":{"rendered":"<p>La pobreza y la desigualdad contin\u00faan limitando el acceso a la salud, el bienestar y una vida digna en nuestro pa\u00eds, por ello, iniciativas como la de Fundaci\u00f3n de Obras Sociales de San Vicente, IAP, FOSSVI, se han convertido en verdaderos pilares de esperanza para quienes m\u00e1s lo necesitan. Fundada en 1957 por las Hijas [&hellip;]<\/p>\n","protected":false},"author":4,"featured_media":1081,"comment_status":"open","ping_status":"closed","sticky":false,"template":"","format":"standard","meta":{"footnotes":""},"categories":[6],"tags":[],"class_list":["post-1080","post","type-post","status-publish","format-standard","has-post-thumbnail","hentry","category-noticias"],"yoast_head":"<!-- This site is optimized with the Yoast SEO plugin v27.5 - https:\/\/yoast.com\/product\/yoast-seo-wordpress\/ -->\n<title>FOSSVI, un legado de caridad y compromiso social con impacto - Historias que inspiran...<\/title>\n<meta name=\"robots\" content=\"index, follow, max-snippet:-1, max-image-preview:large, max-video-preview:-1\" \/>\n<link rel=\"canonical\" href=\"https:\/\/somos-hermanos.mx\/index.php\/2025\/08\/04\/fossvi-un-legado-de-caridad-y-compromiso-social-con-impacto\/\" \/>\n<meta property=\"og:locale\" content=\"es_MX\" \/>\n<meta property=\"og:type\" content=\"article\" \/>\n<meta property=\"og:title\" content=\"FOSSVI, un legado de caridad y compromiso social con impacto - Historias que inspiran...\" \/>\n<meta property=\"og:description\" content=\"La pobreza y la desigualdad contin\u00faan limitando el acceso a la salud, el bienestar y una vida digna en nuestro pa\u00eds, por ello, iniciativas como la de Fundaci\u00f3n de Obras Sociales de San Vicente, IAP, FOSSVI, se han convertido en verdaderos pilares de esperanza para quienes m\u00e1s lo necesitan. Fundada en 1957 por las Hijas [&hellip;]\" \/>\n<meta property=\"og:url\" content=\"https:\/\/somos-hermanos.mx\/index.php\/2025\/08\/04\/fossvi-un-legado-de-caridad-y-compromiso-social-con-impacto\/\" \/>\n<meta property=\"og:site_name\" content=\"Historias que inspiran...\" \/>\n<meta property=\"article:publisher\" content=\"https:\/\/www.facebook.com\/SomosHermanosIAP\/\" \/>\n<meta property=\"article:published_time\" content=\"2025-08-04T10:32:30+00:00\" \/>\n<meta property=\"og:image\" content=\"https:\/\/somos-hermanos.mx\/wp-content\/uploads\/2025\/08\/foss1.jpeg\" \/>\n\t<meta property=\"og:image:width\" content=\"1600\" \/>\n\t<meta property=\"og:image:height\" content=\"1200\" \/>\n\t<meta property=\"og:image:type\" content=\"image\/jpeg\" \/>\n<meta name=\"author\" content=\"Diana D\u00edaz Cardoza\" \/>\n<meta name=\"twitter:card\" content=\"summary_large_image\" \/>\n<meta name=\"twitter:creator\" content=\"@Somos__Hermanos\" \/>\n<meta name=\"twitter:site\" content=\"@Somos__Hermanos\" \/>\n<meta name=\"twitter:label1\" content=\"Escrito por\" \/>\n\t<meta name=\"twitter:data1\" content=\"Diana D\u00edaz Cardoza\" \/>\n\t<meta name=\"twitter:label2\" content=\"Tiempo de lectura\" \/>\n\t<meta name=\"twitter:data2\" content=\"3 minutos\" \/>\n<script type=\"application\/ld+json\" class=\"yoast-schema-graph\">{\"@context\":\"https:\\\/\\\/schema.org\",\"@graph\":[{\"@type\":\"Article\",\"@id\":\"https:\\\/\\\/somos-hermanos.mx\\\/index.php\\\/2025\\\/08\\\/04\\\/fossvi-un-legado-de-caridad-y-compromiso-social-con-impacto\\\/#article\",\"isPartOf\":{\"@id\":\"https:\\\/\\\/somos-hermanos.mx\\\/index.php\\\/2025\\\/08\\\/04\\\/fossvi-un-legado-de-caridad-y-compromiso-social-con-impacto\\\/\"},\"author\":{\"name\":\"Diana D\u00edaz Cardoza\",\"@id\":\"https:\\\/\\\/somos-hermanos.mx\\\/#\\\/schema\\\/person\\\/410425922654f3768f310e5949e1d304\"},\"headline\":\"FOSSVI, un legado de caridad y compromiso social con impacto\",\"datePublished\":\"2025-08-04T10:32:30+00:00\",\"mainEntityOfPage\":{\"@id\":\"https:\\\/\\\/somos-hermanos.mx\\\/index.php\\\/2025\\\/08\\\/04\\\/fossvi-un-legado-de-caridad-y-compromiso-social-con-impacto\\\/\"},\"wordCount\":567,\"commentCount\":0,\"publisher\":{\"@id\":\"https:\\\/\\\/somos-hermanos.mx\\\/#organization\"},\"image\":{\"@id\":\"https:\\\/\\\/somos-hermanos.mx\\\/index.php\\\/2025\\\/08\\\/04\\\/fossvi-un-legado-de-caridad-y-compromiso-social-con-impacto\\\/#primaryimage\"},\"thumbnailUrl\":\"https:\\\/\\\/somos-hermanos.mx\\\/wp-content\\\/uploads\\\/2025\\\/08\\\/foss1.jpeg\",\"articleSection\":[\"Noticias\"],\"inLanguage\":\"es\",\"potentialAction\":[{\"@type\":\"CommentAction\",\"name\":\"Comment\",\"target\":[\"https:\\\/\\\/somos-hermanos.mx\\\/index.php\\\/2025\\\/08\\\/04\\\/fossvi-un-legado-de-caridad-y-compromiso-social-con-impacto\\\/#respond\"]}]},{\"@type\":\"WebPage\",\"@id\":\"https:\\\/\\\/somos-hermanos.mx\\\/index.php\\\/2025\\\/08\\\/04\\\/fossvi-un-legado-de-caridad-y-compromiso-social-con-impacto\\\/\",\"url\":\"https:\\\/\\\/somos-hermanos.mx\\\/index.php\\\/2025\\\/08\\\/04\\\/fossvi-un-legado-de-caridad-y-compromiso-social-con-impacto\\\/\",\"name\":\"FOSSVI, un legado de caridad y compromiso social con impacto - Historias que inspiran...\",\"isPartOf\":{\"@id\":\"https:\\\/\\\/somos-hermanos.mx\\\/#website\"},\"primaryImageOfPage\":{\"@id\":\"https:\\\/\\\/somos-hermanos.mx\\\/index.php\\\/2025\\\/08\\\/04\\\/fossvi-un-legado-de-caridad-y-compromiso-social-con-impacto\\\/#primaryimage\"},\"image\":{\"@id\":\"https:\\\/\\\/somos-hermanos.mx\\\/index.php\\\/2025\\\/08\\\/04\\\/fossvi-un-legado-de-caridad-y-compromiso-social-con-impacto\\\/#primaryimage\"},\"thumbnailUrl\":\"https:\\\/\\\/somos-hermanos.mx\\\/wp-content\\\/uploads\\\/2025\\\/08\\\/foss1.jpeg\",\"datePublished\":\"2025-08-04T10:32:30+00:00\",\"breadcrumb\":{\"@id\":\"https:\\\/\\\/somos-hermanos.mx\\\/index.php\\\/2025\\\/08\\\/04\\\/fossvi-un-legado-de-caridad-y-compromiso-social-con-impacto\\\/#breadcrumb\"},\"inLanguage\":\"es\",\"potentialAction\":[{\"@type\":\"ReadAction\",\"target\":[\"https:\\\/\\\/somos-hermanos.mx\\\/index.php\\\/2025\\\/08\\\/04\\\/fossvi-un-legado-de-caridad-y-compromiso-social-con-impacto\\\/\"]}]},{\"@type\":\"ImageObject\",\"inLanguage\":\"es\",\"@id\":\"https:\\\/\\\/somos-hermanos.mx\\\/index.php\\\/2025\\\/08\\\/04\\\/fossvi-un-legado-de-caridad-y-compromiso-social-con-impacto\\\/#primaryimage\",\"url\":\"https:\\\/\\\/somos-hermanos.mx\\\/wp-content\\\/uploads\\\/2025\\\/08\\\/foss1.jpeg\",\"contentUrl\":\"https:\\\/\\\/somos-hermanos.mx\\\/wp-content\\\/uploads\\\/2025\\\/08\\\/foss1.jpeg\",\"width\":1600,\"height\":1200},{\"@type\":\"BreadcrumbList\",\"@id\":\"https:\\\/\\\/somos-hermanos.mx\\\/index.php\\\/2025\\\/08\\\/04\\\/fossvi-un-legado-de-caridad-y-compromiso-social-con-impacto\\\/#breadcrumb\",\"itemListElement\":[{\"@type\":\"ListItem\",\"position\":1,\"name\":\"Inicio\",\"item\":\"https:\\\/\\\/somos-hermanos.mx\\\/\"},{\"@type\":\"ListItem\",\"position\":2,\"name\":\"FOSSVI, un legado de caridad y compromiso social con impacto\"}]},{\"@type\":\"WebSite\",\"@id\":\"https:\\\/\\\/somos-hermanos.mx\\\/#website\",\"url\":\"https:\\\/\\\/somos-hermanos.mx\\\/\",\"name\":\"Historias que inspiran...\",\"description\":\"Somos la voz del altruismo en M\u00e9xico\",\"publisher\":{\"@id\":\"https:\\\/\\\/somos-hermanos.mx\\\/#organization\"},\"potentialAction\":[{\"@type\":\"SearchAction\",\"target\":{\"@type\":\"EntryPoint\",\"urlTemplate\":\"https:\\\/\\\/somos-hermanos.mx\\\/?s={search_term_string}\"},\"query-input\":{\"@type\":\"PropertyValueSpecification\",\"valueRequired\":true,\"valueName\":\"search_term_string\"}}],\"inLanguage\":\"es\"},{\"@type\":\"Organization\",\"@id\":\"https:\\\/\\\/somos-hermanos.mx\\\/#organization\",\"name\":\"Somos Hermanos\",\"url\":\"https:\\\/\\\/somos-hermanos.mx\\\/\",\"logo\":{\"@type\":\"ImageObject\",\"inLanguage\":\"es\",\"@id\":\"https:\\\/\\\/somos-hermanos.mx\\\/#\\\/schema\\\/logo\\\/image\\\/\",\"url\":\"https:\\\/\\\/somos-hermanos.mx\\\/wp-content\\\/uploads\\\/2025\\\/08\\\/SH30-1.jpeg\",\"contentUrl\":\"https:\\\/\\\/somos-hermanos.mx\\\/wp-content\\\/uploads\\\/2025\\\/08\\\/SH30-1.jpeg\",\"width\":1600,\"height\":1142,\"caption\":\"Somos Hermanos\"},\"image\":{\"@id\":\"https:\\\/\\\/somos-hermanos.mx\\\/#\\\/schema\\\/logo\\\/image\\\/\"},\"sameAs\":[\"https:\\\/\\\/www.facebook.com\\\/SomosHermanosIAP\\\/\",\"https:\\\/\\\/x.com\\\/Somos__Hermanos\",\"https:\\\/\\\/www.instagram.com\\\/somos__hermanos\\\/#\",\"https:\\\/\\\/www.tiktok.com\\\/@somoshermanosiap\",\"https:\\\/\\\/www.youtube.com\\\/@somoshermanosiap1201\\\/videos\"]},{\"@type\":\"Person\",\"@id\":\"https:\\\/\\\/somos-hermanos.mx\\\/#\\\/schema\\\/person\\\/410425922654f3768f310e5949e1d304\",\"name\":\"Diana D\u00edaz Cardoza\",\"image\":{\"@type\":\"ImageObject\",\"inLanguage\":\"es\",\"@id\":\"https:\\\/\\\/secure.gravatar.com\\\/avatar\\\/f80bf4377c9bc6108877fbe8e6e6a08647dd8a628846d62be4318348e3a367f7?s=96&d=mm&r=g\",\"url\":\"https:\\\/\\\/secure.gravatar.com\\\/avatar\\\/f80bf4377c9bc6108877fbe8e6e6a08647dd8a628846d62be4318348e3a367f7?s=96&d=mm&r=g\",\"contentUrl\":\"https:\\\/\\\/secure.gravatar.com\\\/avatar\\\/f80bf4377c9bc6108877fbe8e6e6a08647dd8a628846d62be4318348e3a367f7?s=96&d=mm&r=g\",\"caption\":\"Diana D\u00edaz Cardoza\"},\"url\":\"https:\\\/\\\/somos-hermanos.mx\\\/index.php\\\/author\\\/diana-diaz-cardoza\\\/\"}]}<\/script>\n<!-- \/ Yoast SEO plugin. -->","yoast_head_json":{"title":"FOSSVI, un legado de caridad y compromiso social con impacto - Historias que inspiran...","robots":{"index":"index","follow":"follow","max-snippet":"max-snippet:-1","max-image-preview":"max-image-preview:large","max-video-preview":"max-video-preview:-1"},"canonical":"https:\/\/somos-hermanos.mx\/index.php\/2025\/08\/04\/fossvi-un-legado-de-caridad-y-compromiso-social-con-impacto\/","og_locale":"es_MX","og_type":"article","og_title":"FOSSVI, un legado de caridad y compromiso social con impacto - Historias que inspiran...","og_description":"La pobreza y la desigualdad contin\u00faan limitando el acceso a la salud, el bienestar y una vida digna en nuestro pa\u00eds, por ello, iniciativas como la de Fundaci\u00f3n de Obras Sociales de San Vicente, IAP, FOSSVI, se han convertido en verdaderos pilares de esperanza para quienes m\u00e1s lo necesitan. Fundada en 1957 por las Hijas [&hellip;]","og_url":"https:\/\/somos-hermanos.mx\/index.php\/2025\/08\/04\/fossvi-un-legado-de-caridad-y-compromiso-social-con-impacto\/","og_site_name":"Historias que inspiran...","article_publisher":"https:\/\/www.facebook.com\/SomosHermanosIAP\/","article_published_time":"2025-08-04T10:32:30+00:00","og_image":[{"width":1600,"height":1200,"url":"https:\/\/somos-hermanos.mx\/wp-content\/uploads\/2025\/08\/foss1.jpeg","type":"image\/jpeg"}],"author":"Diana D\u00edaz Cardoza","twitter_card":"summary_large_image","twitter_creator":"@Somos__Hermanos","twitter_site":"@Somos__Hermanos","twitter_misc":{"Escrito por":"Diana D\u00edaz Cardoza","Tiempo de lectura":"3 minutos"},"schema":{"@context":"https:\/\/schema.org","@graph":[{"@type":"Article","@id":"https:\/\/somos-hermanos.mx\/index.php\/2025\/08\/04\/fossvi-un-legado-de-caridad-y-compromiso-social-con-impacto\/#article","isPartOf":{"@id":"https:\/\/somos-hermanos.mx\/index.php\/2025\/08\/04\/fossvi-un-legado-de-caridad-y-compromiso-social-con-impacto\/"},"author":{"name":"Diana D\u00edaz Cardoza","@id":"https:\/\/somos-hermanos.mx\/#\/schema\/person\/410425922654f3768f310e5949e1d304"},"headline":"FOSSVI, un legado de caridad y compromiso social con impacto","datePublished":"2025-08-04T10:32:30+00:00","mainEntityOfPage":{"@id":"https:\/\/somos-hermanos.mx\/index.php\/2025\/08\/04\/fossvi-un-legado-de-caridad-y-compromiso-social-con-impacto\/"},"wordCount":567,"commentCount":0,"publisher":{"@id":"https:\/\/somos-hermanos.mx\/#organization"},"image":{"@id":"https:\/\/somos-hermanos.mx\/index.php\/2025\/08\/04\/fossvi-un-legado-de-caridad-y-compromiso-social-con-impacto\/#primaryimage"},"thumbnailUrl":"https:\/\/somos-hermanos.mx\/wp-content\/uploads\/2025\/08\/foss1.jpeg","articleSection":["Noticias"],"inLanguage":"es","potentialAction":[{"@type":"CommentAction","name":"Comment","target":["https:\/\/somos-hermanos.mx\/index.php\/2025\/08\/04\/fossvi-un-legado-de-caridad-y-compromiso-social-con-impacto\/#respond"]}]},{"@type":"WebPage","@id":"https:\/\/somos-hermanos.mx\/index.php\/2025\/08\/04\/fossvi-un-legado-de-caridad-y-compromiso-social-con-impacto\/","url":"https:\/\/somos-hermanos.mx\/index.php\/2025\/08\/04\/fossvi-un-legado-de-caridad-y-compromiso-social-con-impacto\/","name":"FOSSVI, un legado de caridad y compromiso social con impacto - Historias que inspiran...","isPartOf":{"@id":"https:\/\/somos-hermanos.mx\/#website"},"primaryImageOfPage":{"@id":"https:\/\/somos-hermanos.mx\/index.php\/2025\/08\/04\/fossvi-un-legado-de-caridad-y-compromiso-social-con-impacto\/#primaryimage"},"image":{"@id":"https:\/\/somos-hermanos.mx\/index.php\/2025\/08\/04\/fossvi-un-legado-de-caridad-y-compromiso-social-con-impacto\/#primaryimage"},"thumbnailUrl":"https:\/\/somos-hermanos.mx\/wp-content\/uploads\/2025\/08\/foss1.jpeg","datePublished":"2025-08-04T10:32:30+00:00","breadcrumb":{"@id":"https:\/\/somos-hermanos.mx\/index.php\/2025\/08\/04\/fossvi-un-legado-de-caridad-y-compromiso-social-con-impacto\/#breadcrumb"},"inLanguage":"es","potentialAction":[{"@type":"ReadAction","target":["https:\/\/somos-hermanos.mx\/index.php\/2025\/08\/04\/fossvi-un-legado-de-caridad-y-compromiso-social-con-impacto\/"]}]},{"@type":"ImageObject","inLanguage":"es","@id":"https:\/\/somos-hermanos.mx\/index.php\/2025\/08\/04\/fossvi-un-legado-de-caridad-y-compromiso-social-con-impacto\/#primaryimage","url":"https:\/\/somos-hermanos.mx\/wp-content\/uploads\/2025\/08\/foss1.jpeg","contentUrl":"https:\/\/somos-hermanos.mx\/wp-content\/uploads\/2025\/08\/foss1.jpeg","width":1600,"height":1200},{"@type":"BreadcrumbList","@id":"https:\/\/somos-hermanos.mx\/index.php\/2025\/08\/04\/fossvi-un-legado-de-caridad-y-compromiso-social-con-impacto\/#breadcrumb","itemListElement":[{"@type":"ListItem","position":1,"name":"Inicio","item":"https:\/\/somos-hermanos.mx\/"},{"@type":"ListItem","position":2,"name":"FOSSVI, un legado de caridad y compromiso social con impacto"}]},{"@type":"WebSite","@id":"https:\/\/somos-hermanos.mx\/#website","url":"https:\/\/somos-hermanos.mx\/","name":"Historias que inspiran...","description":"Somos la voz del altruismo en M\u00e9xico","publisher":{"@id":"https:\/\/somos-hermanos.mx\/#organization"},"potentialAction":[{"@type":"SearchAction","target":{"@type":"EntryPoint","urlTemplate":"https:\/\/somos-hermanos.mx\/?s={search_term_string}"},"query-input":{"@type":"PropertyValueSpecification","valueRequired":true,"valueName":"search_term_string"}}],"inLanguage":"es"},{"@type":"Organization","@id":"https:\/\/somos-hermanos.mx\/#organization","name":"Somos Hermanos","url":"https:\/\/somos-hermanos.mx\/","logo":{"@type":"ImageObject","inLanguage":"es","@id":"https:\/\/somos-hermanos.mx\/#\/schema\/logo\/image\/","url":"https:\/\/somos-hermanos.mx\/wp-content\/uploads\/2025\/08\/SH30-1.jpeg","contentUrl":"https:\/\/somos-hermanos.mx\/wp-content\/uploads\/2025\/08\/SH30-1.jpeg","width":1600,"height":1142,"caption":"Somos Hermanos"},"image":{"@id":"https:\/\/somos-hermanos.mx\/#\/schema\/logo\/image\/"},"sameAs":["https:\/\/www.facebook.com\/SomosHermanosIAP\/","https:\/\/x.com\/Somos__Hermanos","https:\/\/www.instagram.com\/somos__hermanos\/#","https:\/\/www.tiktok.com\/@somoshermanosiap","https:\/\/www.youtube.com\/@somoshermanosiap1201\/videos"]},{"@type":"Person","@id":"https:\/\/somos-hermanos.mx\/#\/schema\/person\/410425922654f3768f310e5949e1d304","name":"Diana D\u00edaz Cardoza","image":{"@type":"ImageObject","inLanguage":"es","@id":"https:\/\/secure.gravatar.com\/avatar\/f80bf4377c9bc6108877fbe8e6e6a08647dd8a628846d62be4318348e3a367f7?s=96&d=mm&r=g","url":"https:\/\/secure.gravatar.com\/avatar\/f80bf4377c9bc6108877fbe8e6e6a08647dd8a628846d62be4318348e3a367f7?s=96&d=mm&r=g","contentUrl":"https:\/\/secure.gravatar.com\/avatar\/f80bf4377c9bc6108877fbe8e6e6a08647dd8a628846d62be4318348e3a367f7?s=96&d=mm&r=g","caption":"Diana D\u00edaz Cardoza"},"url":"https:\/\/somos-hermanos.mx\/index.php\/author\/diana-diaz-cardoza\/"}]}},"_links":{"self":[{"href":"https:\/\/somos-hermanos.mx\/index.php\/wp-json\/wp\/v2\/posts\/1080","targetHints":{"allow":["GET"]}}],"collection":[{"href":"https:\/\/somos-hermanos.mx\/index.php\/wp-json\/wp\/v2\/posts"}],"about":[{"href":"https:\/\/somos-hermanos.mx\/index.php\/wp-json\/wp\/v2\/types\/post"}],"author":[{"embeddable":true,"href":"https:\/\/somos-hermanos.mx\/index.php\/wp-json\/wp\/v2\/users\/4"}],"replies":[{"embeddable":true,"href":"https:\/\/somos-hermanos.mx\/index.php\/wp-json\/wp\/v2\/comments?post=1080"}],"version-history":[{"count":1,"href":"https:\/\/somos-hermanos.mx\/index.php\/wp-json\/wp\/v2\/posts\/1080\/revisions"}],"predecessor-version":[{"id":1082,"href":"https:\/\/somos-hermanos.mx\/index.php\/wp-json\/wp\/v2\/posts\/1080\/revisions\/1082"}],"wp:featuredmedia":[{"embeddable":true,"href":"https:\/\/somos-hermanos.mx\/index.php\/wp-json\/wp\/v2\/media\/1081"}],"wp:attachment":[{"href":"https:\/\/somos-hermanos.mx\/index.php\/wp-json\/wp\/v2\/media?parent=1080"}],"wp:term":[{"taxonomy":"category","embeddable":true,"href":"https:\/\/somos-hermanos.mx\/index.php\/wp-json\/wp\/v2\/categories?post=1080"},{"taxonomy":"post_tag","embeddable":true,"href":"https:\/\/somos-hermanos.mx\/index.php\/wp-json\/wp\/v2\/tags?post=1080"}],"curies":[{"name":"wp","href":"https:\/\/api.w.org\/{rel}","templated":true}]}}