{"id":1065,"date":"2025-08-04T04:27:26","date_gmt":"2025-08-04T10:27:26","guid":{"rendered":"https:\/\/somos-hermanos.mx\/?p=1065"},"modified":"2025-08-04T04:27:26","modified_gmt":"2025-08-04T10:27:26","slug":"con-un-kilo-de-ayuda-si-acepto-a-donar","status":"publish","type":"post","link":"https:\/\/somos-hermanos.mx\/index.php\/2025\/08\/04\/con-un-kilo-de-ayuda-si-acepto-a-donar\/","title":{"rendered":"Con Un Kilo de Ayuda: \u00a1S\u00ed acepto a donar!"},"content":{"rendered":"<p>El pasado jueves, <strong>Un Kilo de Ayuda <\/strong>dio el lanzamiento a la campa\u00f1a <strong>\u201cAportaciones Voluntarias\u201d en Soriana Pilares en la CDMX. <\/strong><\/p>\n<p>Este lanzamiento consisti\u00f3 en un evento donde diversas personalidades relacionadas con <strong>Un Kilo de Ayuda y Soriana Fundaci\u00f3n<\/strong>\u00a0compartieron datos y opiniones relacionadas con la importancia que tienen las donaciones y c\u00f3mo han trabajado de la mano para lograr conseguir donativos.<\/p>\n<p>La Directora General de la organizaci\u00f3n <strong>Un Kilo de Ayuda, <\/strong>Priscilla de Anda, record\u00f3 que <strong>apoyar a un ni\u00f1o es una inversi\u00f3n a futuro, <\/strong>una que tiene resultados impresionantes y \u201cde gran ganancia\u201d \u2013haciendo una comparaci\u00f3n con una inversi\u00f3n monetaria-. Adem\u00e1s, mencion\u00f3 que existen m\u00e1s de 23 mil ni\u00f1os beneficiados en la actualidad.<\/p>\n<p>Priscilla hizo \u00e9nfasis en las necesidades b\u00e1sicas de un ni\u00f1o, como el juego, comida, salud, entre otras, pero resalt\u00f3 que el <strong>desarrollo psicomotriz <\/strong>es fundamental y que los primeros 7 a\u00f1os de vida son vitales para el desarrollo de cualquier ni\u00f1o.<\/p>\n<p>Dentro de los beneficios que ha brindado la alianza entre <strong>Un Kilo de Ayuda y Soriana Fundaci\u00f3n, <\/strong>se pueden mencionar entrega de kits de alimentos, suplementaci\u00f3n para mujeres embarazadas y ni\u00f1os con anemia, estrategias de juego y amor, pruebas de desarrollo por edad, etc.<\/p>\n<p>Claudia Aguado, directora de <strong>Soriana Fundaci\u00f3n, <\/strong>present\u00f3 a Sandra, cajera estrella de Soriana Pilares. Sandra, como muchos cajeros y cajeras, es parte fundamental de esta alianza, ya que es quien pregunta a los clientes si desean donar a <strong>Un Kilo de Ayuda<\/strong>.<\/p>\n<p>Sandra acepta que no todos los clientes aceptan realizar la donaci\u00f3n, pero aquellos que s\u00ed lo hacen, con cantidades que pueden ir desde centavos o 10 pesos, la llenan de felicidad al saber que dicha acci\u00f3n repercute siendo ayuda para miles de ni\u00f1os.<\/p>\n<p>El evento termin\u00f3 con una din\u00e1mica donde los invitados jugaron el cl\u00e1sico programa de preguntas \u201c100 mexicanos dijeron\u201d, tras el juego se culmin\u00f3 con un discurso que reforz\u00f3 lo expuesto por Priscilla, igualmente remarc\u00f3<strong>\u00a0que debemos responsabilizarnos como ciudadanos y que no hay mejor momento para actuar que hoy.<\/strong><\/p>\n","protected":false},"excerpt":{"rendered":"<p>El pasado jueves, Un Kilo de Ayuda dio el lanzamiento a la campa\u00f1a \u201cAportaciones Voluntarias\u201d en Soriana Pilares en la CDMX. Este lanzamiento consisti\u00f3 en un evento donde diversas personalidades relacionadas con Un Kilo de Ayuda y Soriana Fundaci\u00f3n\u00a0compartieron datos y opiniones relacionadas con la importancia que tienen las donaciones y c\u00f3mo han trabajado de [&hellip;]<\/p>\n","protected":false},"author":11,"featured_media":1066,"comment_status":"open","ping_status":"closed","sticky":false,"template":"","format":"standard","meta":{"footnotes":""},"categories":[6],"tags":[],"class_list":["post-1065","post","type-post","status-publish","format-standard","has-post-thumbnail","hentry","category-noticias"],"yoast_head":"<!-- This site is optimized with the Yoast SEO plugin v27.5 - https:\/\/yoast.com\/product\/yoast-seo-wordpress\/ -->\n<title>Con Un Kilo de Ayuda: \u00a1S\u00ed acepto a donar! - Historias que inspiran...<\/title>\n<meta name=\"robots\" content=\"index, follow, max-snippet:-1, max-image-preview:large, max-video-preview:-1\" \/>\n<link rel=\"canonical\" href=\"https:\/\/somos-hermanos.mx\/index.php\/2025\/08\/04\/con-un-kilo-de-ayuda-si-acepto-a-donar\/\" \/>\n<meta property=\"og:locale\" content=\"es_MX\" \/>\n<meta property=\"og:type\" content=\"article\" \/>\n<meta property=\"og:title\" content=\"Con Un Kilo de Ayuda: \u00a1S\u00ed acepto a donar! - Historias que inspiran...\" \/>\n<meta property=\"og:description\" content=\"El pasado jueves, Un Kilo de Ayuda dio el lanzamiento a la campa\u00f1a \u201cAportaciones Voluntarias\u201d en Soriana Pilares en la CDMX. Este lanzamiento consisti\u00f3 en un evento donde diversas personalidades relacionadas con Un Kilo de Ayuda y Soriana Fundaci\u00f3n\u00a0compartieron datos y opiniones relacionadas con la importancia que tienen las donaciones y c\u00f3mo han trabajado de [&hellip;]\" \/>\n<meta property=\"og:url\" content=\"https:\/\/somos-hermanos.mx\/index.php\/2025\/08\/04\/con-un-kilo-de-ayuda-si-acepto-a-donar\/\" \/>\n<meta property=\"og:site_name\" content=\"Historias que inspiran...\" \/>\n<meta property=\"article:publisher\" content=\"https:\/\/www.facebook.com\/SomosHermanosIAP\/\" \/>\n<meta property=\"article:published_time\" content=\"2025-08-04T10:27:26+00:00\" \/>\n<meta property=\"og:image\" content=\"https:\/\/somos-hermanos.mx\/wp-content\/uploads\/2025\/08\/kilo.jpeg\" \/>\n\t<meta property=\"og:image:width\" content=\"520\" \/>\n\t<meta property=\"og:image:height\" content=\"692\" \/>\n\t<meta property=\"og:image:type\" content=\"image\/jpeg\" \/>\n<meta name=\"author\" content=\"Diego Martinez Vera\" \/>\n<meta name=\"twitter:card\" content=\"summary_large_image\" \/>\n<meta name=\"twitter:creator\" content=\"@Somos__Hermanos\" \/>\n<meta name=\"twitter:site\" content=\"@Somos__Hermanos\" \/>\n<meta name=\"twitter:label1\" content=\"Escrito por\" \/>\n\t<meta name=\"twitter:data1\" content=\"Diego Martinez Vera\" \/>\n\t<meta name=\"twitter:label2\" content=\"Tiempo de lectura\" \/>\n\t<meta name=\"twitter:data2\" content=\"2 minutos\" \/>\n<script type=\"application\/ld+json\" class=\"yoast-schema-graph\">{\"@context\":\"https:\\\/\\\/schema.org\",\"@graph\":[{\"@type\":\"Article\",\"@id\":\"https:\\\/\\\/somos-hermanos.mx\\\/index.php\\\/2025\\\/08\\\/04\\\/con-un-kilo-de-ayuda-si-acepto-a-donar\\\/#article\",\"isPartOf\":{\"@id\":\"https:\\\/\\\/somos-hermanos.mx\\\/index.php\\\/2025\\\/08\\\/04\\\/con-un-kilo-de-ayuda-si-acepto-a-donar\\\/\"},\"author\":{\"name\":\"Diego Martinez Vera\",\"@id\":\"https:\\\/\\\/somos-hermanos.mx\\\/#\\\/schema\\\/person\\\/fc58249a97075ffb5f881188712b36f0\"},\"headline\":\"Con Un Kilo de Ayuda: \u00a1S\u00ed acepto a donar!\",\"datePublished\":\"2025-08-04T10:27:26+00:00\",\"mainEntityOfPage\":{\"@id\":\"https:\\\/\\\/somos-hermanos.mx\\\/index.php\\\/2025\\\/08\\\/04\\\/con-un-kilo-de-ayuda-si-acepto-a-donar\\\/\"},\"wordCount\":363,\"commentCount\":0,\"publisher\":{\"@id\":\"https:\\\/\\\/somos-hermanos.mx\\\/#organization\"},\"image\":{\"@id\":\"https:\\\/\\\/somos-hermanos.mx\\\/index.php\\\/2025\\\/08\\\/04\\\/con-un-kilo-de-ayuda-si-acepto-a-donar\\\/#primaryimage\"},\"thumbnailUrl\":\"https:\\\/\\\/somos-hermanos.mx\\\/wp-content\\\/uploads\\\/2025\\\/08\\\/kilo.jpeg\",\"articleSection\":[\"Noticias\"],\"inLanguage\":\"es\",\"potentialAction\":[{\"@type\":\"CommentAction\",\"name\":\"Comment\",\"target\":[\"https:\\\/\\\/somos-hermanos.mx\\\/index.php\\\/2025\\\/08\\\/04\\\/con-un-kilo-de-ayuda-si-acepto-a-donar\\\/#respond\"]}]},{\"@type\":\"WebPage\",\"@id\":\"https:\\\/\\\/somos-hermanos.mx\\\/index.php\\\/2025\\\/08\\\/04\\\/con-un-kilo-de-ayuda-si-acepto-a-donar\\\/\",\"url\":\"https:\\\/\\\/somos-hermanos.mx\\\/index.php\\\/2025\\\/08\\\/04\\\/con-un-kilo-de-ayuda-si-acepto-a-donar\\\/\",\"name\":\"Con Un Kilo de Ayuda: \u00a1S\u00ed acepto a donar! - Historias que inspiran...\",\"isPartOf\":{\"@id\":\"https:\\\/\\\/somos-hermanos.mx\\\/#website\"},\"primaryImageOfPage\":{\"@id\":\"https:\\\/\\\/somos-hermanos.mx\\\/index.php\\\/2025\\\/08\\\/04\\\/con-un-kilo-de-ayuda-si-acepto-a-donar\\\/#primaryimage\"},\"image\":{\"@id\":\"https:\\\/\\\/somos-hermanos.mx\\\/index.php\\\/2025\\\/08\\\/04\\\/con-un-kilo-de-ayuda-si-acepto-a-donar\\\/#primaryimage\"},\"thumbnailUrl\":\"https:\\\/\\\/somos-hermanos.mx\\\/wp-content\\\/uploads\\\/2025\\\/08\\\/kilo.jpeg\",\"datePublished\":\"2025-08-04T10:27:26+00:00\",\"breadcrumb\":{\"@id\":\"https:\\\/\\\/somos-hermanos.mx\\\/index.php\\\/2025\\\/08\\\/04\\\/con-un-kilo-de-ayuda-si-acepto-a-donar\\\/#breadcrumb\"},\"inLanguage\":\"es\",\"potentialAction\":[{\"@type\":\"ReadAction\",\"target\":[\"https:\\\/\\\/somos-hermanos.mx\\\/index.php\\\/2025\\\/08\\\/04\\\/con-un-kilo-de-ayuda-si-acepto-a-donar\\\/\"]}]},{\"@type\":\"ImageObject\",\"inLanguage\":\"es\",\"@id\":\"https:\\\/\\\/somos-hermanos.mx\\\/index.php\\\/2025\\\/08\\\/04\\\/con-un-kilo-de-ayuda-si-acepto-a-donar\\\/#primaryimage\",\"url\":\"https:\\\/\\\/somos-hermanos.mx\\\/wp-content\\\/uploads\\\/2025\\\/08\\\/kilo.jpeg\",\"contentUrl\":\"https:\\\/\\\/somos-hermanos.mx\\\/wp-content\\\/uploads\\\/2025\\\/08\\\/kilo.jpeg\",\"width\":520,\"height\":692},{\"@type\":\"BreadcrumbList\",\"@id\":\"https:\\\/\\\/somos-hermanos.mx\\\/index.php\\\/2025\\\/08\\\/04\\\/con-un-kilo-de-ayuda-si-acepto-a-donar\\\/#breadcrumb\",\"itemListElement\":[{\"@type\":\"ListItem\",\"position\":1,\"name\":\"Inicio\",\"item\":\"https:\\\/\\\/somos-hermanos.mx\\\/\"},{\"@type\":\"ListItem\",\"position\":2,\"name\":\"Con Un Kilo de Ayuda: \u00a1S\u00ed acepto a donar!\"}]},{\"@type\":\"WebSite\",\"@id\":\"https:\\\/\\\/somos-hermanos.mx\\\/#website\",\"url\":\"https:\\\/\\\/somos-hermanos.mx\\\/\",\"name\":\"Historias que inspiran...\",\"description\":\"Somos la voz del altruismo en M\u00e9xico\",\"publisher\":{\"@id\":\"https:\\\/\\\/somos-hermanos.mx\\\/#organization\"},\"potentialAction\":[{\"@type\":\"SearchAction\",\"target\":{\"@type\":\"EntryPoint\",\"urlTemplate\":\"https:\\\/\\\/somos-hermanos.mx\\\/?s={search_term_string}\"},\"query-input\":{\"@type\":\"PropertyValueSpecification\",\"valueRequired\":true,\"valueName\":\"search_term_string\"}}],\"inLanguage\":\"es\"},{\"@type\":\"Organization\",\"@id\":\"https:\\\/\\\/somos-hermanos.mx\\\/#organization\",\"name\":\"Somos Hermanos\",\"url\":\"https:\\\/\\\/somos-hermanos.mx\\\/\",\"logo\":{\"@type\":\"ImageObject\",\"inLanguage\":\"es\",\"@id\":\"https:\\\/\\\/somos-hermanos.mx\\\/#\\\/schema\\\/logo\\\/image\\\/\",\"url\":\"https:\\\/\\\/somos-hermanos.mx\\\/wp-content\\\/uploads\\\/2025\\\/08\\\/SH30-1.jpeg\",\"contentUrl\":\"https:\\\/\\\/somos-hermanos.mx\\\/wp-content\\\/uploads\\\/2025\\\/08\\\/SH30-1.jpeg\",\"width\":1600,\"height\":1142,\"caption\":\"Somos Hermanos\"},\"image\":{\"@id\":\"https:\\\/\\\/somos-hermanos.mx\\\/#\\\/schema\\\/logo\\\/image\\\/\"},\"sameAs\":[\"https:\\\/\\\/www.facebook.com\\\/SomosHermanosIAP\\\/\",\"https:\\\/\\\/x.com\\\/Somos__Hermanos\",\"https:\\\/\\\/www.instagram.com\\\/somos__hermanos\\\/#\",\"https:\\\/\\\/www.tiktok.com\\\/@somoshermanosiap\",\"https:\\\/\\\/www.youtube.com\\\/@somoshermanosiap1201\\\/videos\"]},{\"@type\":\"Person\",\"@id\":\"https:\\\/\\\/somos-hermanos.mx\\\/#\\\/schema\\\/person\\\/fc58249a97075ffb5f881188712b36f0\",\"name\":\"Diego Martinez Vera\",\"image\":{\"@type\":\"ImageObject\",\"inLanguage\":\"es\",\"@id\":\"https:\\\/\\\/secure.gravatar.com\\\/avatar\\\/ecfdc33b17a39c97521c7bcf5ac1bc04ba20a324e38c4a1d3dc73796bba06333?s=96&d=mm&r=g\",\"url\":\"https:\\\/\\\/secure.gravatar.com\\\/avatar\\\/ecfdc33b17a39c97521c7bcf5ac1bc04ba20a324e38c4a1d3dc73796bba06333?s=96&d=mm&r=g\",\"contentUrl\":\"https:\\\/\\\/secure.gravatar.com\\\/avatar\\\/ecfdc33b17a39c97521c7bcf5ac1bc04ba20a324e38c4a1d3dc73796bba06333?s=96&d=mm&r=g\",\"caption\":\"Diego Martinez Vera\"},\"url\":\"https:\\\/\\\/somos-hermanos.mx\\\/index.php\\\/author\\\/diego-martinez-vera\\\/\"}]}<\/script>\n<!-- \/ Yoast SEO plugin. -->","yoast_head_json":{"title":"Con Un Kilo de Ayuda: \u00a1S\u00ed acepto a donar! - Historias que inspiran...","robots":{"index":"index","follow":"follow","max-snippet":"max-snippet:-1","max-image-preview":"max-image-preview:large","max-video-preview":"max-video-preview:-1"},"canonical":"https:\/\/somos-hermanos.mx\/index.php\/2025\/08\/04\/con-un-kilo-de-ayuda-si-acepto-a-donar\/","og_locale":"es_MX","og_type":"article","og_title":"Con Un Kilo de Ayuda: \u00a1S\u00ed acepto a donar! - Historias que inspiran...","og_description":"El pasado jueves, Un Kilo de Ayuda dio el lanzamiento a la campa\u00f1a \u201cAportaciones Voluntarias\u201d en Soriana Pilares en la CDMX. Este lanzamiento consisti\u00f3 en un evento donde diversas personalidades relacionadas con Un Kilo de Ayuda y Soriana Fundaci\u00f3n\u00a0compartieron datos y opiniones relacionadas con la importancia que tienen las donaciones y c\u00f3mo han trabajado de [&hellip;]","og_url":"https:\/\/somos-hermanos.mx\/index.php\/2025\/08\/04\/con-un-kilo-de-ayuda-si-acepto-a-donar\/","og_site_name":"Historias que inspiran...","article_publisher":"https:\/\/www.facebook.com\/SomosHermanosIAP\/","article_published_time":"2025-08-04T10:27:26+00:00","og_image":[{"width":520,"height":692,"url":"https:\/\/somos-hermanos.mx\/wp-content\/uploads\/2025\/08\/kilo.jpeg","type":"image\/jpeg"}],"author":"Diego Martinez Vera","twitter_card":"summary_large_image","twitter_creator":"@Somos__Hermanos","twitter_site":"@Somos__Hermanos","twitter_misc":{"Escrito por":"Diego Martinez Vera","Tiempo de lectura":"2 minutos"},"schema":{"@context":"https:\/\/schema.org","@graph":[{"@type":"Article","@id":"https:\/\/somos-hermanos.mx\/index.php\/2025\/08\/04\/con-un-kilo-de-ayuda-si-acepto-a-donar\/#article","isPartOf":{"@id":"https:\/\/somos-hermanos.mx\/index.php\/2025\/08\/04\/con-un-kilo-de-ayuda-si-acepto-a-donar\/"},"author":{"name":"Diego Martinez Vera","@id":"https:\/\/somos-hermanos.mx\/#\/schema\/person\/fc58249a97075ffb5f881188712b36f0"},"headline":"Con Un Kilo de Ayuda: \u00a1S\u00ed acepto a donar!","datePublished":"2025-08-04T10:27:26+00:00","mainEntityOfPage":{"@id":"https:\/\/somos-hermanos.mx\/index.php\/2025\/08\/04\/con-un-kilo-de-ayuda-si-acepto-a-donar\/"},"wordCount":363,"commentCount":0,"publisher":{"@id":"https:\/\/somos-hermanos.mx\/#organization"},"image":{"@id":"https:\/\/somos-hermanos.mx\/index.php\/2025\/08\/04\/con-un-kilo-de-ayuda-si-acepto-a-donar\/#primaryimage"},"thumbnailUrl":"https:\/\/somos-hermanos.mx\/wp-content\/uploads\/2025\/08\/kilo.jpeg","articleSection":["Noticias"],"inLanguage":"es","potentialAction":[{"@type":"CommentAction","name":"Comment","target":["https:\/\/somos-hermanos.mx\/index.php\/2025\/08\/04\/con-un-kilo-de-ayuda-si-acepto-a-donar\/#respond"]}]},{"@type":"WebPage","@id":"https:\/\/somos-hermanos.mx\/index.php\/2025\/08\/04\/con-un-kilo-de-ayuda-si-acepto-a-donar\/","url":"https:\/\/somos-hermanos.mx\/index.php\/2025\/08\/04\/con-un-kilo-de-ayuda-si-acepto-a-donar\/","name":"Con Un Kilo de Ayuda: \u00a1S\u00ed acepto a donar! - Historias que inspiran...","isPartOf":{"@id":"https:\/\/somos-hermanos.mx\/#website"},"primaryImageOfPage":{"@id":"https:\/\/somos-hermanos.mx\/index.php\/2025\/08\/04\/con-un-kilo-de-ayuda-si-acepto-a-donar\/#primaryimage"},"image":{"@id":"https:\/\/somos-hermanos.mx\/index.php\/2025\/08\/04\/con-un-kilo-de-ayuda-si-acepto-a-donar\/#primaryimage"},"thumbnailUrl":"https:\/\/somos-hermanos.mx\/wp-content\/uploads\/2025\/08\/kilo.jpeg","datePublished":"2025-08-04T10:27:26+00:00","breadcrumb":{"@id":"https:\/\/somos-hermanos.mx\/index.php\/2025\/08\/04\/con-un-kilo-de-ayuda-si-acepto-a-donar\/#breadcrumb"},"inLanguage":"es","potentialAction":[{"@type":"ReadAction","target":["https:\/\/somos-hermanos.mx\/index.php\/2025\/08\/04\/con-un-kilo-de-ayuda-si-acepto-a-donar\/"]}]},{"@type":"ImageObject","inLanguage":"es","@id":"https:\/\/somos-hermanos.mx\/index.php\/2025\/08\/04\/con-un-kilo-de-ayuda-si-acepto-a-donar\/#primaryimage","url":"https:\/\/somos-hermanos.mx\/wp-content\/uploads\/2025\/08\/kilo.jpeg","contentUrl":"https:\/\/somos-hermanos.mx\/wp-content\/uploads\/2025\/08\/kilo.jpeg","width":520,"height":692},{"@type":"BreadcrumbList","@id":"https:\/\/somos-hermanos.mx\/index.php\/2025\/08\/04\/con-un-kilo-de-ayuda-si-acepto-a-donar\/#breadcrumb","itemListElement":[{"@type":"ListItem","position":1,"name":"Inicio","item":"https:\/\/somos-hermanos.mx\/"},{"@type":"ListItem","position":2,"name":"Con Un Kilo de Ayuda: \u00a1S\u00ed acepto a donar!"}]},{"@type":"WebSite","@id":"https:\/\/somos-hermanos.mx\/#website","url":"https:\/\/somos-hermanos.mx\/","name":"Historias que inspiran...","description":"Somos la voz del altruismo en M\u00e9xico","publisher":{"@id":"https:\/\/somos-hermanos.mx\/#organization"},"potentialAction":[{"@type":"SearchAction","target":{"@type":"EntryPoint","urlTemplate":"https:\/\/somos-hermanos.mx\/?s={search_term_string}"},"query-input":{"@type":"PropertyValueSpecification","valueRequired":true,"valueName":"search_term_string"}}],"inLanguage":"es"},{"@type":"Organization","@id":"https:\/\/somos-hermanos.mx\/#organization","name":"Somos Hermanos","url":"https:\/\/somos-hermanos.mx\/","logo":{"@type":"ImageObject","inLanguage":"es","@id":"https:\/\/somos-hermanos.mx\/#\/schema\/logo\/image\/","url":"https:\/\/somos-hermanos.mx\/wp-content\/uploads\/2025\/08\/SH30-1.jpeg","contentUrl":"https:\/\/somos-hermanos.mx\/wp-content\/uploads\/2025\/08\/SH30-1.jpeg","width":1600,"height":1142,"caption":"Somos Hermanos"},"image":{"@id":"https:\/\/somos-hermanos.mx\/#\/schema\/logo\/image\/"},"sameAs":["https:\/\/www.facebook.com\/SomosHermanosIAP\/","https:\/\/x.com\/Somos__Hermanos","https:\/\/www.instagram.com\/somos__hermanos\/#","https:\/\/www.tiktok.com\/@somoshermanosiap","https:\/\/www.youtube.com\/@somoshermanosiap1201\/videos"]},{"@type":"Person","@id":"https:\/\/somos-hermanos.mx\/#\/schema\/person\/fc58249a97075ffb5f881188712b36f0","name":"Diego Martinez Vera","image":{"@type":"ImageObject","inLanguage":"es","@id":"https:\/\/secure.gravatar.com\/avatar\/ecfdc33b17a39c97521c7bcf5ac1bc04ba20a324e38c4a1d3dc73796bba06333?s=96&d=mm&r=g","url":"https:\/\/secure.gravatar.com\/avatar\/ecfdc33b17a39c97521c7bcf5ac1bc04ba20a324e38c4a1d3dc73796bba06333?s=96&d=mm&r=g","contentUrl":"https:\/\/secure.gravatar.com\/avatar\/ecfdc33b17a39c97521c7bcf5ac1bc04ba20a324e38c4a1d3dc73796bba06333?s=96&d=mm&r=g","caption":"Diego Martinez Vera"},"url":"https:\/\/somos-hermanos.mx\/index.php\/author\/diego-martinez-vera\/"}]}},"_links":{"self":[{"href":"https:\/\/somos-hermanos.mx\/index.php\/wp-json\/wp\/v2\/posts\/1065","targetHints":{"allow":["GET"]}}],"collection":[{"href":"https:\/\/somos-hermanos.mx\/index.php\/wp-json\/wp\/v2\/posts"}],"about":[{"href":"https:\/\/somos-hermanos.mx\/index.php\/wp-json\/wp\/v2\/types\/post"}],"author":[{"embeddable":true,"href":"https:\/\/somos-hermanos.mx\/index.php\/wp-json\/wp\/v2\/users\/11"}],"replies":[{"embeddable":true,"href":"https:\/\/somos-hermanos.mx\/index.php\/wp-json\/wp\/v2\/comments?post=1065"}],"version-history":[{"count":1,"href":"https:\/\/somos-hermanos.mx\/index.php\/wp-json\/wp\/v2\/posts\/1065\/revisions"}],"predecessor-version":[{"id":1067,"href":"https:\/\/somos-hermanos.mx\/index.php\/wp-json\/wp\/v2\/posts\/1065\/revisions\/1067"}],"wp:featuredmedia":[{"embeddable":true,"href":"https:\/\/somos-hermanos.mx\/index.php\/wp-json\/wp\/v2\/media\/1066"}],"wp:attachment":[{"href":"https:\/\/somos-hermanos.mx\/index.php\/wp-json\/wp\/v2\/media?parent=1065"}],"wp:term":[{"taxonomy":"category","embeddable":true,"href":"https:\/\/somos-hermanos.mx\/index.php\/wp-json\/wp\/v2\/categories?post=1065"},{"taxonomy":"post_tag","embeddable":true,"href":"https:\/\/somos-hermanos.mx\/index.php\/wp-json\/wp\/v2\/tags?post=1065"}],"curies":[{"name":"wp","href":"https:\/\/api.w.org\/{rel}","templated":true}]}}