{"id":1062,"date":"2025-08-04T04:26:25","date_gmt":"2025-08-04T10:26:25","guid":{"rendered":"https:\/\/somos-hermanos.mx\/?p=1062"},"modified":"2025-08-04T04:26:25","modified_gmt":"2025-08-04T10:26:25","slug":"faces-iap-combate-la-reforestacion-y-crea-conciencia-ambiental-para-garantizar-el-agua-en-sinaloa","status":"publish","type":"post","link":"https:\/\/somos-hermanos.mx\/index.php\/2025\/08\/04\/faces-iap-combate-la-reforestacion-y-crea-conciencia-ambiental-para-garantizar-el-agua-en-sinaloa\/","title":{"rendered":"Faces IAP combate la reforestaci\u00f3n y crea conciencia ambiental para garantizar el agua en Sinaloa"},"content":{"rendered":"<p>En el marco de la crisis clim\u00e1tica, la escasez de agua y el deterioro ambiental, <strong>el papel de organizaciones ciudadanas como F\u00e1bricas del Agua Centro Sinaloa, IAP (FACES IAP) resulta esencial para impulsar la restauraci\u00f3n ecol\u00f3gica y mantener el equilibrio social. <\/strong>De esta manera no solo llenan el vac\u00edo dejado por la inactividad del estado, sino que tambi\u00e9n implementan soluciones concretas y sostenibles a trav\u00e9s de la cooperaci\u00f3n comunitaria y su compromiso con la preservaci\u00f3n del medio ambiente.<\/p>\n<p>Desde su fundaci\u00f3n en 2009, FACES IAP <strong>ha centrado todos sus esfuerzos en la restauraci\u00f3n y conservaci\u00f3n de la cuenca de la presa Sanaloa ubicada en el estado de Sinaloa. <\/strong>Con un enfoque hol\u00edstico tienen como objetivo prevenir y mitigar la contaminaci\u00f3n del agua, el aire y el suelo mientras fomentan la educaci\u00f3n ambiental y trabajan en la recuperaci\u00f3n de los ecosistemas locales. Su impacto trasciende hacia distintas comunidades del centro del estado, donde han logrado involucrar activamente a los habitantes en proyectos que generan beneficios ambientales y sociales.<\/p>\n<p>Uno de los proyectos m\u00e1s destacados es el de reforestaci\u00f3n. Hasta ahora, <strong>han logrado plantar m\u00e1s de dos millones de \u00e1rboles nativos, <\/strong>gracias a la colaboraci\u00f3n con los habitantes de ejidos, quienes participan en la recolecci\u00f3n de semillas y en la siembra durante la temporada de lluvias. Adem\u00e1s, cuentan con un vivero que tiene la capacidad de albergar hasta 200 mil plantas, lo cual asegura la continuidad del programa y contribuye al fortalecimiento de la biodiversidad.<\/p>\n<p>Otro ejemplo clave del proyecto son las presas filtrantes, construidas con piedra y gaviones en puntos estrat\u00e9gicos, definidos en conjunto con la Comisi\u00f3n Nacional del Agua (CONAGUA). Estas estructuras, que ya superan las 750, cumplen la funci\u00f3n de retener sedimentos y ayudan a la recarga de los mantos fre\u00e1ticos indispensables para la recuperaci\u00f3n h\u00eddrica de la regi\u00f3n. Las comunidades locales son las encargadas de ejecutar estas obras y a su vez reciben una compensaci\u00f3n justa por su labor.<\/p>\n<p><strong>FACES IAP extiende su labor hacia la educaci\u00f3n ambiental mediante m\u00e1s de 500 capacitaciones enfocadas principalmente en estudiantes de escuelas rurales. <\/strong>A trav\u00e9s de talleres, charlas y actividades interactivas, de igual manera promueve una conciencia ecol\u00f3gica temprana, con la esperanza de que las infancias se conviertan en los defensores del medio ambiente del ma\u00f1ana.<\/p>\n<p>En conjunto con sus acciones en campo, FACES IAP brinda oportunidades de voluntariado en distintas \u00e1reas como comunicaci\u00f3n, operaciones, gesti\u00f3n institucional, procuraci\u00f3n de fondos y promoci\u00f3n de la cultura del agua. Asimismo, cuenta con el apoyo de empresas comprometidas con el desarrollo sostenible lo que ha permitido amplificar su alcance a nivel estatal.<\/p>\n<p>Desde que en 2014 recibi\u00f3 el Premio Nacional al M\u00e9rito Forestal, FACES IAP sigue trabajando con un mensaje claro: <em><i>cualquiera puede sumar esfuerzos para generar un cambio<\/i><\/em>. Con una aportaci\u00f3n de solo 20 pesos por \u00e1rbol, cualquier persona puede contribuir a construir un futuro donde el agua limpia y los bosques saludables sean una realidad inclusiva.<\/p>\n<p><em>Para m\u00e1s informaci\u00f3n o para unirse a su causa, se puede visitar el sitio oficial <\/em><a href=\"https:\/\/facesiap.org.mx\/\"><em><u>www.facesiap.org.mx<\/u><\/em><\/a><em>\u00a0o contactarlos directamente por correo a <\/em><a href=\"mailto:contacto@facesiap.org.mx\"><em><u>contacto@facesiap.org.mx<\/u><\/em><\/a><\/p>\n","protected":false},"excerpt":{"rendered":"<p>En el marco de la crisis clim\u00e1tica, la escasez de agua y el deterioro ambiental, el papel de organizaciones ciudadanas como F\u00e1bricas del Agua Centro Sinaloa, IAP (FACES IAP) resulta esencial para impulsar la restauraci\u00f3n ecol\u00f3gica y mantener el equilibrio social. De esta manera no solo llenan el vac\u00edo dejado por la inactividad del estado, [&hellip;]<\/p>\n","protected":false},"author":4,"featured_media":1063,"comment_status":"open","ping_status":"closed","sticky":false,"template":"","format":"standard","meta":{"footnotes":""},"categories":[6],"tags":[],"class_list":["post-1062","post","type-post","status-publish","format-standard","has-post-thumbnail","hentry","category-noticias"],"yoast_head":"<!-- This site is optimized with the Yoast SEO plugin v27.5 - https:\/\/yoast.com\/product\/yoast-seo-wordpress\/ -->\n<title>Faces IAP combate la reforestaci\u00f3n y crea conciencia ambiental para garantizar el agua en Sinaloa - Historias que inspiran...<\/title>\n<meta name=\"robots\" content=\"index, follow, max-snippet:-1, max-image-preview:large, max-video-preview:-1\" \/>\n<link rel=\"canonical\" href=\"https:\/\/somos-hermanos.mx\/index.php\/2025\/08\/04\/faces-iap-combate-la-reforestacion-y-crea-conciencia-ambiental-para-garantizar-el-agua-en-sinaloa\/\" \/>\n<meta property=\"og:locale\" content=\"es_MX\" \/>\n<meta property=\"og:type\" content=\"article\" \/>\n<meta property=\"og:title\" content=\"Faces IAP combate la reforestaci\u00f3n y crea conciencia ambiental para garantizar el agua en Sinaloa - Historias que inspiran...\" \/>\n<meta property=\"og:description\" content=\"En el marco de la crisis clim\u00e1tica, la escasez de agua y el deterioro ambiental, el papel de organizaciones ciudadanas como F\u00e1bricas del Agua Centro Sinaloa, IAP (FACES IAP) resulta esencial para impulsar la restauraci\u00f3n ecol\u00f3gica y mantener el equilibrio social. De esta manera no solo llenan el vac\u00edo dejado por la inactividad del estado, [&hellip;]\" \/>\n<meta property=\"og:url\" content=\"https:\/\/somos-hermanos.mx\/index.php\/2025\/08\/04\/faces-iap-combate-la-reforestacion-y-crea-conciencia-ambiental-para-garantizar-el-agua-en-sinaloa\/\" \/>\n<meta property=\"og:site_name\" content=\"Historias que inspiran...\" \/>\n<meta property=\"article:publisher\" content=\"https:\/\/www.facebook.com\/SomosHermanosIAP\/\" \/>\n<meta property=\"article:published_time\" content=\"2025-08-04T10:26:25+00:00\" \/>\n<meta property=\"og:image\" content=\"https:\/\/somos-hermanos.mx\/wp-content\/uploads\/2025\/08\/faces.jpeg\" \/>\n\t<meta property=\"og:image:width\" content=\"1600\" \/>\n\t<meta property=\"og:image:height\" content=\"1600\" \/>\n\t<meta property=\"og:image:type\" content=\"image\/jpeg\" \/>\n<meta name=\"author\" content=\"Diana D\u00edaz Cardoza\" \/>\n<meta name=\"twitter:card\" content=\"summary_large_image\" \/>\n<meta name=\"twitter:creator\" content=\"@Somos__Hermanos\" \/>\n<meta name=\"twitter:site\" content=\"@Somos__Hermanos\" \/>\n<meta name=\"twitter:label1\" content=\"Escrito por\" \/>\n\t<meta name=\"twitter:data1\" content=\"Diana D\u00edaz Cardoza\" \/>\n\t<meta name=\"twitter:label2\" content=\"Tiempo de lectura\" \/>\n\t<meta name=\"twitter:data2\" content=\"3 minutos\" \/>\n<script type=\"application\/ld+json\" class=\"yoast-schema-graph\">{\"@context\":\"https:\\\/\\\/schema.org\",\"@graph\":[{\"@type\":\"Article\",\"@id\":\"https:\\\/\\\/somos-hermanos.mx\\\/index.php\\\/2025\\\/08\\\/04\\\/faces-iap-combate-la-reforestacion-y-crea-conciencia-ambiental-para-garantizar-el-agua-en-sinaloa\\\/#article\",\"isPartOf\":{\"@id\":\"https:\\\/\\\/somos-hermanos.mx\\\/index.php\\\/2025\\\/08\\\/04\\\/faces-iap-combate-la-reforestacion-y-crea-conciencia-ambiental-para-garantizar-el-agua-en-sinaloa\\\/\"},\"author\":{\"name\":\"Diana D\u00edaz Cardoza\",\"@id\":\"https:\\\/\\\/somos-hermanos.mx\\\/#\\\/schema\\\/person\\\/410425922654f3768f310e5949e1d304\"},\"headline\":\"Faces IAP combate la reforestaci\u00f3n y crea conciencia ambiental para garantizar el agua en Sinaloa\",\"datePublished\":\"2025-08-04T10:26:25+00:00\",\"mainEntityOfPage\":{\"@id\":\"https:\\\/\\\/somos-hermanos.mx\\\/index.php\\\/2025\\\/08\\\/04\\\/faces-iap-combate-la-reforestacion-y-crea-conciencia-ambiental-para-garantizar-el-agua-en-sinaloa\\\/\"},\"wordCount\":566,\"commentCount\":0,\"publisher\":{\"@id\":\"https:\\\/\\\/somos-hermanos.mx\\\/#organization\"},\"image\":{\"@id\":\"https:\\\/\\\/somos-hermanos.mx\\\/index.php\\\/2025\\\/08\\\/04\\\/faces-iap-combate-la-reforestacion-y-crea-conciencia-ambiental-para-garantizar-el-agua-en-sinaloa\\\/#primaryimage\"},\"thumbnailUrl\":\"https:\\\/\\\/somos-hermanos.mx\\\/wp-content\\\/uploads\\\/2025\\\/08\\\/faces.jpeg\",\"articleSection\":[\"Noticias\"],\"inLanguage\":\"es\",\"potentialAction\":[{\"@type\":\"CommentAction\",\"name\":\"Comment\",\"target\":[\"https:\\\/\\\/somos-hermanos.mx\\\/index.php\\\/2025\\\/08\\\/04\\\/faces-iap-combate-la-reforestacion-y-crea-conciencia-ambiental-para-garantizar-el-agua-en-sinaloa\\\/#respond\"]}]},{\"@type\":\"WebPage\",\"@id\":\"https:\\\/\\\/somos-hermanos.mx\\\/index.php\\\/2025\\\/08\\\/04\\\/faces-iap-combate-la-reforestacion-y-crea-conciencia-ambiental-para-garantizar-el-agua-en-sinaloa\\\/\",\"url\":\"https:\\\/\\\/somos-hermanos.mx\\\/index.php\\\/2025\\\/08\\\/04\\\/faces-iap-combate-la-reforestacion-y-crea-conciencia-ambiental-para-garantizar-el-agua-en-sinaloa\\\/\",\"name\":\"Faces IAP combate la reforestaci\u00f3n y crea conciencia ambiental para garantizar el agua en Sinaloa - Historias que inspiran...\",\"isPartOf\":{\"@id\":\"https:\\\/\\\/somos-hermanos.mx\\\/#website\"},\"primaryImageOfPage\":{\"@id\":\"https:\\\/\\\/somos-hermanos.mx\\\/index.php\\\/2025\\\/08\\\/04\\\/faces-iap-combate-la-reforestacion-y-crea-conciencia-ambiental-para-garantizar-el-agua-en-sinaloa\\\/#primaryimage\"},\"image\":{\"@id\":\"https:\\\/\\\/somos-hermanos.mx\\\/index.php\\\/2025\\\/08\\\/04\\\/faces-iap-combate-la-reforestacion-y-crea-conciencia-ambiental-para-garantizar-el-agua-en-sinaloa\\\/#primaryimage\"},\"thumbnailUrl\":\"https:\\\/\\\/somos-hermanos.mx\\\/wp-content\\\/uploads\\\/2025\\\/08\\\/faces.jpeg\",\"datePublished\":\"2025-08-04T10:26:25+00:00\",\"breadcrumb\":{\"@id\":\"https:\\\/\\\/somos-hermanos.mx\\\/index.php\\\/2025\\\/08\\\/04\\\/faces-iap-combate-la-reforestacion-y-crea-conciencia-ambiental-para-garantizar-el-agua-en-sinaloa\\\/#breadcrumb\"},\"inLanguage\":\"es\",\"potentialAction\":[{\"@type\":\"ReadAction\",\"target\":[\"https:\\\/\\\/somos-hermanos.mx\\\/index.php\\\/2025\\\/08\\\/04\\\/faces-iap-combate-la-reforestacion-y-crea-conciencia-ambiental-para-garantizar-el-agua-en-sinaloa\\\/\"]}]},{\"@type\":\"ImageObject\",\"inLanguage\":\"es\",\"@id\":\"https:\\\/\\\/somos-hermanos.mx\\\/index.php\\\/2025\\\/08\\\/04\\\/faces-iap-combate-la-reforestacion-y-crea-conciencia-ambiental-para-garantizar-el-agua-en-sinaloa\\\/#primaryimage\",\"url\":\"https:\\\/\\\/somos-hermanos.mx\\\/wp-content\\\/uploads\\\/2025\\\/08\\\/faces.jpeg\",\"contentUrl\":\"https:\\\/\\\/somos-hermanos.mx\\\/wp-content\\\/uploads\\\/2025\\\/08\\\/faces.jpeg\",\"width\":1600,\"height\":1600},{\"@type\":\"BreadcrumbList\",\"@id\":\"https:\\\/\\\/somos-hermanos.mx\\\/index.php\\\/2025\\\/08\\\/04\\\/faces-iap-combate-la-reforestacion-y-crea-conciencia-ambiental-para-garantizar-el-agua-en-sinaloa\\\/#breadcrumb\",\"itemListElement\":[{\"@type\":\"ListItem\",\"position\":1,\"name\":\"Inicio\",\"item\":\"https:\\\/\\\/somos-hermanos.mx\\\/\"},{\"@type\":\"ListItem\",\"position\":2,\"name\":\"Faces IAP combate la reforestaci\u00f3n y crea conciencia ambiental para garantizar el agua en Sinaloa\"}]},{\"@type\":\"WebSite\",\"@id\":\"https:\\\/\\\/somos-hermanos.mx\\\/#website\",\"url\":\"https:\\\/\\\/somos-hermanos.mx\\\/\",\"name\":\"Historias que inspiran...\",\"description\":\"Somos la voz del altruismo en M\u00e9xico\",\"publisher\":{\"@id\":\"https:\\\/\\\/somos-hermanos.mx\\\/#organization\"},\"potentialAction\":[{\"@type\":\"SearchAction\",\"target\":{\"@type\":\"EntryPoint\",\"urlTemplate\":\"https:\\\/\\\/somos-hermanos.mx\\\/?s={search_term_string}\"},\"query-input\":{\"@type\":\"PropertyValueSpecification\",\"valueRequired\":true,\"valueName\":\"search_term_string\"}}],\"inLanguage\":\"es\"},{\"@type\":\"Organization\",\"@id\":\"https:\\\/\\\/somos-hermanos.mx\\\/#organization\",\"name\":\"Somos Hermanos\",\"url\":\"https:\\\/\\\/somos-hermanos.mx\\\/\",\"logo\":{\"@type\":\"ImageObject\",\"inLanguage\":\"es\",\"@id\":\"https:\\\/\\\/somos-hermanos.mx\\\/#\\\/schema\\\/logo\\\/image\\\/\",\"url\":\"https:\\\/\\\/somos-hermanos.mx\\\/wp-content\\\/uploads\\\/2025\\\/08\\\/SH30-1.jpeg\",\"contentUrl\":\"https:\\\/\\\/somos-hermanos.mx\\\/wp-content\\\/uploads\\\/2025\\\/08\\\/SH30-1.jpeg\",\"width\":1600,\"height\":1142,\"caption\":\"Somos Hermanos\"},\"image\":{\"@id\":\"https:\\\/\\\/somos-hermanos.mx\\\/#\\\/schema\\\/logo\\\/image\\\/\"},\"sameAs\":[\"https:\\\/\\\/www.facebook.com\\\/SomosHermanosIAP\\\/\",\"https:\\\/\\\/x.com\\\/Somos__Hermanos\",\"https:\\\/\\\/www.instagram.com\\\/somos__hermanos\\\/#\",\"https:\\\/\\\/www.tiktok.com\\\/@somoshermanosiap\",\"https:\\\/\\\/www.youtube.com\\\/@somoshermanosiap1201\\\/videos\"]},{\"@type\":\"Person\",\"@id\":\"https:\\\/\\\/somos-hermanos.mx\\\/#\\\/schema\\\/person\\\/410425922654f3768f310e5949e1d304\",\"name\":\"Diana D\u00edaz Cardoza\",\"image\":{\"@type\":\"ImageObject\",\"inLanguage\":\"es\",\"@id\":\"https:\\\/\\\/secure.gravatar.com\\\/avatar\\\/f80bf4377c9bc6108877fbe8e6e6a08647dd8a628846d62be4318348e3a367f7?s=96&d=mm&r=g\",\"url\":\"https:\\\/\\\/secure.gravatar.com\\\/avatar\\\/f80bf4377c9bc6108877fbe8e6e6a08647dd8a628846d62be4318348e3a367f7?s=96&d=mm&r=g\",\"contentUrl\":\"https:\\\/\\\/secure.gravatar.com\\\/avatar\\\/f80bf4377c9bc6108877fbe8e6e6a08647dd8a628846d62be4318348e3a367f7?s=96&d=mm&r=g\",\"caption\":\"Diana D\u00edaz Cardoza\"},\"url\":\"https:\\\/\\\/somos-hermanos.mx\\\/index.php\\\/author\\\/diana-diaz-cardoza\\\/\"}]}<\/script>\n<!-- \/ Yoast SEO plugin. -->","yoast_head_json":{"title":"Faces IAP combate la reforestaci\u00f3n y crea conciencia ambiental para garantizar el agua en Sinaloa - Historias que inspiran...","robots":{"index":"index","follow":"follow","max-snippet":"max-snippet:-1","max-image-preview":"max-image-preview:large","max-video-preview":"max-video-preview:-1"},"canonical":"https:\/\/somos-hermanos.mx\/index.php\/2025\/08\/04\/faces-iap-combate-la-reforestacion-y-crea-conciencia-ambiental-para-garantizar-el-agua-en-sinaloa\/","og_locale":"es_MX","og_type":"article","og_title":"Faces IAP combate la reforestaci\u00f3n y crea conciencia ambiental para garantizar el agua en Sinaloa - Historias que inspiran...","og_description":"En el marco de la crisis clim\u00e1tica, la escasez de agua y el deterioro ambiental, el papel de organizaciones ciudadanas como F\u00e1bricas del Agua Centro Sinaloa, IAP (FACES IAP) resulta esencial para impulsar la restauraci\u00f3n ecol\u00f3gica y mantener el equilibrio social. De esta manera no solo llenan el vac\u00edo dejado por la inactividad del estado, [&hellip;]","og_url":"https:\/\/somos-hermanos.mx\/index.php\/2025\/08\/04\/faces-iap-combate-la-reforestacion-y-crea-conciencia-ambiental-para-garantizar-el-agua-en-sinaloa\/","og_site_name":"Historias que inspiran...","article_publisher":"https:\/\/www.facebook.com\/SomosHermanosIAP\/","article_published_time":"2025-08-04T10:26:25+00:00","og_image":[{"width":1600,"height":1600,"url":"https:\/\/somos-hermanos.mx\/wp-content\/uploads\/2025\/08\/faces.jpeg","type":"image\/jpeg"}],"author":"Diana D\u00edaz Cardoza","twitter_card":"summary_large_image","twitter_creator":"@Somos__Hermanos","twitter_site":"@Somos__Hermanos","twitter_misc":{"Escrito por":"Diana D\u00edaz Cardoza","Tiempo de lectura":"3 minutos"},"schema":{"@context":"https:\/\/schema.org","@graph":[{"@type":"Article","@id":"https:\/\/somos-hermanos.mx\/index.php\/2025\/08\/04\/faces-iap-combate-la-reforestacion-y-crea-conciencia-ambiental-para-garantizar-el-agua-en-sinaloa\/#article","isPartOf":{"@id":"https:\/\/somos-hermanos.mx\/index.php\/2025\/08\/04\/faces-iap-combate-la-reforestacion-y-crea-conciencia-ambiental-para-garantizar-el-agua-en-sinaloa\/"},"author":{"name":"Diana D\u00edaz Cardoza","@id":"https:\/\/somos-hermanos.mx\/#\/schema\/person\/410425922654f3768f310e5949e1d304"},"headline":"Faces IAP combate la reforestaci\u00f3n y crea conciencia ambiental para garantizar el agua en Sinaloa","datePublished":"2025-08-04T10:26:25+00:00","mainEntityOfPage":{"@id":"https:\/\/somos-hermanos.mx\/index.php\/2025\/08\/04\/faces-iap-combate-la-reforestacion-y-crea-conciencia-ambiental-para-garantizar-el-agua-en-sinaloa\/"},"wordCount":566,"commentCount":0,"publisher":{"@id":"https:\/\/somos-hermanos.mx\/#organization"},"image":{"@id":"https:\/\/somos-hermanos.mx\/index.php\/2025\/08\/04\/faces-iap-combate-la-reforestacion-y-crea-conciencia-ambiental-para-garantizar-el-agua-en-sinaloa\/#primaryimage"},"thumbnailUrl":"https:\/\/somos-hermanos.mx\/wp-content\/uploads\/2025\/08\/faces.jpeg","articleSection":["Noticias"],"inLanguage":"es","potentialAction":[{"@type":"CommentAction","name":"Comment","target":["https:\/\/somos-hermanos.mx\/index.php\/2025\/08\/04\/faces-iap-combate-la-reforestacion-y-crea-conciencia-ambiental-para-garantizar-el-agua-en-sinaloa\/#respond"]}]},{"@type":"WebPage","@id":"https:\/\/somos-hermanos.mx\/index.php\/2025\/08\/04\/faces-iap-combate-la-reforestacion-y-crea-conciencia-ambiental-para-garantizar-el-agua-en-sinaloa\/","url":"https:\/\/somos-hermanos.mx\/index.php\/2025\/08\/04\/faces-iap-combate-la-reforestacion-y-crea-conciencia-ambiental-para-garantizar-el-agua-en-sinaloa\/","name":"Faces IAP combate la reforestaci\u00f3n y crea conciencia ambiental para garantizar el agua en Sinaloa - Historias que inspiran...","isPartOf":{"@id":"https:\/\/somos-hermanos.mx\/#website"},"primaryImageOfPage":{"@id":"https:\/\/somos-hermanos.mx\/index.php\/2025\/08\/04\/faces-iap-combate-la-reforestacion-y-crea-conciencia-ambiental-para-garantizar-el-agua-en-sinaloa\/#primaryimage"},"image":{"@id":"https:\/\/somos-hermanos.mx\/index.php\/2025\/08\/04\/faces-iap-combate-la-reforestacion-y-crea-conciencia-ambiental-para-garantizar-el-agua-en-sinaloa\/#primaryimage"},"thumbnailUrl":"https:\/\/somos-hermanos.mx\/wp-content\/uploads\/2025\/08\/faces.jpeg","datePublished":"2025-08-04T10:26:25+00:00","breadcrumb":{"@id":"https:\/\/somos-hermanos.mx\/index.php\/2025\/08\/04\/faces-iap-combate-la-reforestacion-y-crea-conciencia-ambiental-para-garantizar-el-agua-en-sinaloa\/#breadcrumb"},"inLanguage":"es","potentialAction":[{"@type":"ReadAction","target":["https:\/\/somos-hermanos.mx\/index.php\/2025\/08\/04\/faces-iap-combate-la-reforestacion-y-crea-conciencia-ambiental-para-garantizar-el-agua-en-sinaloa\/"]}]},{"@type":"ImageObject","inLanguage":"es","@id":"https:\/\/somos-hermanos.mx\/index.php\/2025\/08\/04\/faces-iap-combate-la-reforestacion-y-crea-conciencia-ambiental-para-garantizar-el-agua-en-sinaloa\/#primaryimage","url":"https:\/\/somos-hermanos.mx\/wp-content\/uploads\/2025\/08\/faces.jpeg","contentUrl":"https:\/\/somos-hermanos.mx\/wp-content\/uploads\/2025\/08\/faces.jpeg","width":1600,"height":1600},{"@type":"BreadcrumbList","@id":"https:\/\/somos-hermanos.mx\/index.php\/2025\/08\/04\/faces-iap-combate-la-reforestacion-y-crea-conciencia-ambiental-para-garantizar-el-agua-en-sinaloa\/#breadcrumb","itemListElement":[{"@type":"ListItem","position":1,"name":"Inicio","item":"https:\/\/somos-hermanos.mx\/"},{"@type":"ListItem","position":2,"name":"Faces IAP combate la reforestaci\u00f3n y crea conciencia ambiental para garantizar el agua en Sinaloa"}]},{"@type":"WebSite","@id":"https:\/\/somos-hermanos.mx\/#website","url":"https:\/\/somos-hermanos.mx\/","name":"Historias que inspiran...","description":"Somos la voz del altruismo en M\u00e9xico","publisher":{"@id":"https:\/\/somos-hermanos.mx\/#organization"},"potentialAction":[{"@type":"SearchAction","target":{"@type":"EntryPoint","urlTemplate":"https:\/\/somos-hermanos.mx\/?s={search_term_string}"},"query-input":{"@type":"PropertyValueSpecification","valueRequired":true,"valueName":"search_term_string"}}],"inLanguage":"es"},{"@type":"Organization","@id":"https:\/\/somos-hermanos.mx\/#organization","name":"Somos Hermanos","url":"https:\/\/somos-hermanos.mx\/","logo":{"@type":"ImageObject","inLanguage":"es","@id":"https:\/\/somos-hermanos.mx\/#\/schema\/logo\/image\/","url":"https:\/\/somos-hermanos.mx\/wp-content\/uploads\/2025\/08\/SH30-1.jpeg","contentUrl":"https:\/\/somos-hermanos.mx\/wp-content\/uploads\/2025\/08\/SH30-1.jpeg","width":1600,"height":1142,"caption":"Somos Hermanos"},"image":{"@id":"https:\/\/somos-hermanos.mx\/#\/schema\/logo\/image\/"},"sameAs":["https:\/\/www.facebook.com\/SomosHermanosIAP\/","https:\/\/x.com\/Somos__Hermanos","https:\/\/www.instagram.com\/somos__hermanos\/#","https:\/\/www.tiktok.com\/@somoshermanosiap","https:\/\/www.youtube.com\/@somoshermanosiap1201\/videos"]},{"@type":"Person","@id":"https:\/\/somos-hermanos.mx\/#\/schema\/person\/410425922654f3768f310e5949e1d304","name":"Diana D\u00edaz Cardoza","image":{"@type":"ImageObject","inLanguage":"es","@id":"https:\/\/secure.gravatar.com\/avatar\/f80bf4377c9bc6108877fbe8e6e6a08647dd8a628846d62be4318348e3a367f7?s=96&d=mm&r=g","url":"https:\/\/secure.gravatar.com\/avatar\/f80bf4377c9bc6108877fbe8e6e6a08647dd8a628846d62be4318348e3a367f7?s=96&d=mm&r=g","contentUrl":"https:\/\/secure.gravatar.com\/avatar\/f80bf4377c9bc6108877fbe8e6e6a08647dd8a628846d62be4318348e3a367f7?s=96&d=mm&r=g","caption":"Diana D\u00edaz Cardoza"},"url":"https:\/\/somos-hermanos.mx\/index.php\/author\/diana-diaz-cardoza\/"}]}},"_links":{"self":[{"href":"https:\/\/somos-hermanos.mx\/index.php\/wp-json\/wp\/v2\/posts\/1062","targetHints":{"allow":["GET"]}}],"collection":[{"href":"https:\/\/somos-hermanos.mx\/index.php\/wp-json\/wp\/v2\/posts"}],"about":[{"href":"https:\/\/somos-hermanos.mx\/index.php\/wp-json\/wp\/v2\/types\/post"}],"author":[{"embeddable":true,"href":"https:\/\/somos-hermanos.mx\/index.php\/wp-json\/wp\/v2\/users\/4"}],"replies":[{"embeddable":true,"href":"https:\/\/somos-hermanos.mx\/index.php\/wp-json\/wp\/v2\/comments?post=1062"}],"version-history":[{"count":1,"href":"https:\/\/somos-hermanos.mx\/index.php\/wp-json\/wp\/v2\/posts\/1062\/revisions"}],"predecessor-version":[{"id":1064,"href":"https:\/\/somos-hermanos.mx\/index.php\/wp-json\/wp\/v2\/posts\/1062\/revisions\/1064"}],"wp:featuredmedia":[{"embeddable":true,"href":"https:\/\/somos-hermanos.mx\/index.php\/wp-json\/wp\/v2\/media\/1063"}],"wp:attachment":[{"href":"https:\/\/somos-hermanos.mx\/index.php\/wp-json\/wp\/v2\/media?parent=1062"}],"wp:term":[{"taxonomy":"category","embeddable":true,"href":"https:\/\/somos-hermanos.mx\/index.php\/wp-json\/wp\/v2\/categories?post=1062"},{"taxonomy":"post_tag","embeddable":true,"href":"https:\/\/somos-hermanos.mx\/index.php\/wp-json\/wp\/v2\/tags?post=1062"}],"curies":[{"name":"wp","href":"https:\/\/api.w.org\/{rel}","templated":true}]}}