{"id":1059,"date":"2025-08-04T04:25:26","date_gmt":"2025-08-04T10:25:26","guid":{"rendered":"https:\/\/somos-hermanos.mx\/?p=1059"},"modified":"2025-08-04T04:25:26","modified_gmt":"2025-08-04T10:25:26","slug":"soriana-fundacion-mejora-la-nutricion-en-apac","status":"publish","type":"post","link":"https:\/\/somos-hermanos.mx\/index.php\/2025\/08\/04\/soriana-fundacion-mejora-la-nutricion-en-apac\/","title":{"rendered":"Soriana Fundaci\u00f3n mejora la nutrici\u00f3n en APAC"},"content":{"rendered":"<p>Durante\u00a0todo\u00a0el\u00a0mes\u00a0de\u00a0julio,\u00a0<strong>APAC<\/strong><strong>\u00a0<\/strong><strong>participa<\/strong><strong>\u00a0<\/strong><strong>en<\/strong><strong>\u00a0<\/strong><strong>la <\/strong><strong>Campa\u00f1a<\/strong><strong>\u00a0<\/strong><strong>de<\/strong><strong>\u00a0<\/strong><strong>Aportaci\u00f3n<\/strong><strong>\u00a0<\/strong><strong>de<\/strong><strong>\u00a0<\/strong><strong>Soriana<\/strong><strong>\u00a0<\/strong><strong>Fundaci\u00f3n, <\/strong>que se lleva a cabo en tiendas del Estado de M\u00e9xico y Ciudad de M\u00e9xico. <strong>Esta colaboraci\u00f3n permitir\u00e1 fortalecer los servicios de nutrici\u00f3n para beneficiarias y beneficiarios con par\u00e1lisis cerebral y discapacidades afines.<\/strong><\/p>\n<p>La\u00a0campa\u00f1a\u00a0tiene\u00a0como\u00a0objetivo\u00a0sensibilizar\u00a0a\u00a0las\u00a0personas\u00a0compradoras\u00a0para\u00a0sumar\u00a0su apoyo\u00a0a\u00a0una\u00a0causa\u00a0que\u00a0impacta\u00a0directamente\u00a0en\u00a0la\u00a0calidad\u00a0de\u00a0vida\u00a0de\u00a0ni\u00f1as,\u00a0ni\u00f1os,\u00a0j\u00f3venes\u00a0y personas\u00a0adultas.\u00a0Los\u00a0recursos\u00a0recaudados\u00a0se\u00a0destinar\u00e1n\u00a0a\u00a0brindar\u00a0servicios\u00a0de\u00a0nutrici\u00f3n esenciales parte fundamental de la atenci\u00f3n integral que APAC ofrece a sus beneficiarias y beneficiarios.<\/p>\n<p>\u201cEn APAC, cuidamos la salud y el bienestar de todas y todos nuestros beneficiarios, es por eso que\u00a0promover\u00a0una\u00a0nutrici\u00f3n\u00a0adecuada\u00a0es\u00a0fundamental\u00a0para\u00a0fortalecer\u00a0su\u00a0desarrollo\u00a0integral. Alianzas como estas nos permiten continuar apoyando este compromiso\u201d, coment\u00f3 <strong>Guadalupe <\/strong><strong>Maldonado<\/strong>, directora general de APAC.<\/p>\n<p><strong>Esta<\/strong><strong>\u00a0<\/strong><strong>campa\u00f1a<\/strong><strong>\u00a0<\/strong><strong>es<\/strong><strong>\u00a0<\/strong><strong>fundamental<\/strong><strong>\u00a0<\/strong><strong>para<\/strong><strong>\u00a0<\/strong><strong>transformar<\/strong><strong>\u00a0<\/strong><strong>vidas,<\/strong><strong>\u00a0<\/strong><strong>porque<\/strong><strong>\u00a0<\/strong><strong>a<\/strong><strong>\u00a0<\/strong><strong>trav\u00e9s<\/strong><strong>\u00a0<\/strong><strong>de<\/strong><strong>\u00a0<\/strong><strong>ella<\/strong><strong>\u00a0<\/strong><strong>garantizamos una<\/strong><strong>\u00a0<\/strong><strong>mejor<\/strong><strong>\u00a0<\/strong><strong>nutrici\u00f3n<\/strong><strong>\u00a0<\/strong><strong>y<\/strong><strong>\u00a0<\/strong><strong>bienestar<\/strong><strong>\u00a0<\/strong><strong>para<\/strong><strong>\u00a0<\/strong><strong>las<\/strong><strong>\u00a0<\/strong><strong>personas<\/strong><strong>\u00a0<\/strong><strong>con<\/strong><strong>\u00a0<\/strong><strong>discapacidad<\/strong><strong>\u00a0<\/strong><strong>en<\/strong><strong>\u00a0<\/strong><strong>APAC,<\/strong><strong>\u00a0<\/strong>impulsando\u00a0su desarrollo y una inclusi\u00f3n real. \u00a1En equipo hacemos la diferencia!<\/p>\n<p><strong>\u00bfQu\u00e9<\/strong><strong>\u00a0<\/strong><strong>es<\/strong><strong>\u00a0<\/strong><strong>APAC?<\/strong><\/p>\n<p>APAC\u00a0es\u00a0una\u00a0organizaci\u00f3n\u00a0sin\u00a0fines\u00a0de\u00a0lucro\u00a0mexicana\u00a0que\u00a0brinda\u00a0atenci\u00f3n\u00a0especializada\u00a0a personas\u00a0con\u00a0par\u00e1lisis\u00a0cerebral\u00a0y\u00a0discapacidades\u00a0afines\u00a0desde\u00a0hace\u00a0m\u00e1s\u00a0de\u00a050\u00a0a\u00f1os.\u00a0Ofrece m\u00e1s\u00a0de\u00a090\u00a0servicios\u00a0a\u00a0500\u00a0beb\u00e9s,\u00a0ni\u00f1as,\u00a0j\u00f3venes\u00a0y\u00a0personas\u00a0adultas,\u00a0as\u00ed\u00a0como acompa\u00f1amiento\u00a0a\u00a0sus\u00a0familias.\u00a0Adem\u00e1s,\u00a0trabaja\u00a0con\u00a0instituciones\u00a0especializadas\u00a0y\u00a0asesora a 46 centros afiliados en el interior de la Rep\u00fablica Mexicana.<\/p>\n","protected":false},"excerpt":{"rendered":"<p>Durante\u00a0todo\u00a0el\u00a0mes\u00a0de\u00a0julio,\u00a0APAC\u00a0participa\u00a0en\u00a0la Campa\u00f1a\u00a0de\u00a0Aportaci\u00f3n\u00a0de\u00a0Soriana\u00a0Fundaci\u00f3n, que se lleva a cabo en tiendas del Estado de M\u00e9xico y Ciudad de M\u00e9xico. Esta colaboraci\u00f3n permitir\u00e1 fortalecer los servicios de nutrici\u00f3n para beneficiarias y beneficiarios con par\u00e1lisis cerebral y discapacidades afines. La\u00a0campa\u00f1a\u00a0tiene\u00a0como\u00a0objetivo\u00a0sensibilizar\u00a0a\u00a0las\u00a0personas\u00a0compradoras\u00a0para\u00a0sumar\u00a0su apoyo\u00a0a\u00a0una\u00a0causa\u00a0que\u00a0impacta\u00a0directamente\u00a0en\u00a0la\u00a0calidad\u00a0de\u00a0vida\u00a0de\u00a0ni\u00f1as,\u00a0ni\u00f1os,\u00a0j\u00f3venes\u00a0y personas\u00a0adultas.\u00a0Los\u00a0recursos\u00a0recaudados\u00a0se\u00a0destinar\u00e1n\u00a0a\u00a0brindar\u00a0servicios\u00a0de\u00a0nutrici\u00f3n esenciales parte fundamental de la atenci\u00f3n integral que APAC ofrece a sus beneficiarias y beneficiarios. \u201cEn APAC, [&hellip;]<\/p>\n","protected":false},"author":8,"featured_media":1060,"comment_status":"open","ping_status":"closed","sticky":false,"template":"","format":"standard","meta":{"footnotes":""},"categories":[6],"tags":[],"class_list":["post-1059","post","type-post","status-publish","format-standard","has-post-thumbnail","hentry","category-noticias"],"yoast_head":"<!-- This site is optimized with the Yoast SEO plugin v27.5 - https:\/\/yoast.com\/product\/yoast-seo-wordpress\/ -->\n<title>Soriana Fundaci\u00f3n mejora la nutrici\u00f3n en APAC - Historias que inspiran...<\/title>\n<meta name=\"robots\" content=\"index, follow, max-snippet:-1, max-image-preview:large, max-video-preview:-1\" \/>\n<link rel=\"canonical\" href=\"https:\/\/somos-hermanos.mx\/index.php\/2025\/08\/04\/soriana-fundacion-mejora-la-nutricion-en-apac\/\" \/>\n<meta property=\"og:locale\" content=\"es_MX\" \/>\n<meta property=\"og:type\" content=\"article\" \/>\n<meta property=\"og:title\" content=\"Soriana Fundaci\u00f3n mejora la nutrici\u00f3n en APAC - Historias que inspiran...\" \/>\n<meta property=\"og:description\" content=\"Durante\u00a0todo\u00a0el\u00a0mes\u00a0de\u00a0julio,\u00a0APAC\u00a0participa\u00a0en\u00a0la Campa\u00f1a\u00a0de\u00a0Aportaci\u00f3n\u00a0de\u00a0Soriana\u00a0Fundaci\u00f3n, que se lleva a cabo en tiendas del Estado de M\u00e9xico y Ciudad de M\u00e9xico. Esta colaboraci\u00f3n permitir\u00e1 fortalecer los servicios de nutrici\u00f3n para beneficiarias y beneficiarios con par\u00e1lisis cerebral y discapacidades afines. La\u00a0campa\u00f1a\u00a0tiene\u00a0como\u00a0objetivo\u00a0sensibilizar\u00a0a\u00a0las\u00a0personas\u00a0compradoras\u00a0para\u00a0sumar\u00a0su apoyo\u00a0a\u00a0una\u00a0causa\u00a0que\u00a0impacta\u00a0directamente\u00a0en\u00a0la\u00a0calidad\u00a0de\u00a0vida\u00a0de\u00a0ni\u00f1as,\u00a0ni\u00f1os,\u00a0j\u00f3venes\u00a0y personas\u00a0adultas.\u00a0Los\u00a0recursos\u00a0recaudados\u00a0se\u00a0destinar\u00e1n\u00a0a\u00a0brindar\u00a0servicios\u00a0de\u00a0nutrici\u00f3n esenciales parte fundamental de la atenci\u00f3n integral que APAC ofrece a sus beneficiarias y beneficiarios. \u201cEn APAC, [&hellip;]\" \/>\n<meta property=\"og:url\" content=\"https:\/\/somos-hermanos.mx\/index.php\/2025\/08\/04\/soriana-fundacion-mejora-la-nutricion-en-apac\/\" \/>\n<meta property=\"og:site_name\" content=\"Historias que inspiran...\" \/>\n<meta property=\"article:publisher\" content=\"https:\/\/www.facebook.com\/SomosHermanosIAP\/\" \/>\n<meta property=\"article:published_time\" content=\"2025-08-04T10:25:26+00:00\" \/>\n<meta property=\"og:image\" content=\"https:\/\/somos-hermanos.mx\/wp-content\/uploads\/2025\/08\/apacso1.jpeg\" \/>\n\t<meta property=\"og:image:width\" content=\"1500\" \/>\n\t<meta property=\"og:image:height\" content=\"1000\" \/>\n\t<meta property=\"og:image:type\" content=\"image\/jpeg\" \/>\n<meta name=\"author\" content=\"Jes\u00fas Arizmendi\" \/>\n<meta name=\"twitter:card\" content=\"summary_large_image\" \/>\n<meta name=\"twitter:creator\" content=\"@Somos__Hermanos\" \/>\n<meta name=\"twitter:site\" content=\"@Somos__Hermanos\" \/>\n<meta name=\"twitter:label1\" content=\"Escrito por\" \/>\n\t<meta name=\"twitter:data1\" content=\"Jes\u00fas Arizmendi\" \/>\n\t<meta name=\"twitter:label2\" content=\"Tiempo de lectura\" \/>\n\t<meta name=\"twitter:data2\" content=\"2 minutos\" \/>\n<script type=\"application\/ld+json\" class=\"yoast-schema-graph\">{\"@context\":\"https:\\\/\\\/schema.org\",\"@graph\":[{\"@type\":\"Article\",\"@id\":\"https:\\\/\\\/somos-hermanos.mx\\\/index.php\\\/2025\\\/08\\\/04\\\/soriana-fundacion-mejora-la-nutricion-en-apac\\\/#article\",\"isPartOf\":{\"@id\":\"https:\\\/\\\/somos-hermanos.mx\\\/index.php\\\/2025\\\/08\\\/04\\\/soriana-fundacion-mejora-la-nutricion-en-apac\\\/\"},\"author\":{\"name\":\"Jes\u00fas Arizmendi\",\"@id\":\"https:\\\/\\\/somos-hermanos.mx\\\/#\\\/schema\\\/person\\\/945cdfed39314d9db1242f593aecb908\"},\"headline\":\"Soriana Fundaci\u00f3n mejora la nutrici\u00f3n en APAC\",\"datePublished\":\"2025-08-04T10:25:26+00:00\",\"mainEntityOfPage\":{\"@id\":\"https:\\\/\\\/somos-hermanos.mx\\\/index.php\\\/2025\\\/08\\\/04\\\/soriana-fundacion-mejora-la-nutricion-en-apac\\\/\"},\"wordCount\":292,\"commentCount\":0,\"publisher\":{\"@id\":\"https:\\\/\\\/somos-hermanos.mx\\\/#organization\"},\"image\":{\"@id\":\"https:\\\/\\\/somos-hermanos.mx\\\/index.php\\\/2025\\\/08\\\/04\\\/soriana-fundacion-mejora-la-nutricion-en-apac\\\/#primaryimage\"},\"thumbnailUrl\":\"https:\\\/\\\/somos-hermanos.mx\\\/wp-content\\\/uploads\\\/2025\\\/08\\\/apacso1.jpeg\",\"articleSection\":[\"Noticias\"],\"inLanguage\":\"es\",\"potentialAction\":[{\"@type\":\"CommentAction\",\"name\":\"Comment\",\"target\":[\"https:\\\/\\\/somos-hermanos.mx\\\/index.php\\\/2025\\\/08\\\/04\\\/soriana-fundacion-mejora-la-nutricion-en-apac\\\/#respond\"]}]},{\"@type\":\"WebPage\",\"@id\":\"https:\\\/\\\/somos-hermanos.mx\\\/index.php\\\/2025\\\/08\\\/04\\\/soriana-fundacion-mejora-la-nutricion-en-apac\\\/\",\"url\":\"https:\\\/\\\/somos-hermanos.mx\\\/index.php\\\/2025\\\/08\\\/04\\\/soriana-fundacion-mejora-la-nutricion-en-apac\\\/\",\"name\":\"Soriana Fundaci\u00f3n mejora la nutrici\u00f3n en APAC - Historias que inspiran...\",\"isPartOf\":{\"@id\":\"https:\\\/\\\/somos-hermanos.mx\\\/#website\"},\"primaryImageOfPage\":{\"@id\":\"https:\\\/\\\/somos-hermanos.mx\\\/index.php\\\/2025\\\/08\\\/04\\\/soriana-fundacion-mejora-la-nutricion-en-apac\\\/#primaryimage\"},\"image\":{\"@id\":\"https:\\\/\\\/somos-hermanos.mx\\\/index.php\\\/2025\\\/08\\\/04\\\/soriana-fundacion-mejora-la-nutricion-en-apac\\\/#primaryimage\"},\"thumbnailUrl\":\"https:\\\/\\\/somos-hermanos.mx\\\/wp-content\\\/uploads\\\/2025\\\/08\\\/apacso1.jpeg\",\"datePublished\":\"2025-08-04T10:25:26+00:00\",\"breadcrumb\":{\"@id\":\"https:\\\/\\\/somos-hermanos.mx\\\/index.php\\\/2025\\\/08\\\/04\\\/soriana-fundacion-mejora-la-nutricion-en-apac\\\/#breadcrumb\"},\"inLanguage\":\"es\",\"potentialAction\":[{\"@type\":\"ReadAction\",\"target\":[\"https:\\\/\\\/somos-hermanos.mx\\\/index.php\\\/2025\\\/08\\\/04\\\/soriana-fundacion-mejora-la-nutricion-en-apac\\\/\"]}]},{\"@type\":\"ImageObject\",\"inLanguage\":\"es\",\"@id\":\"https:\\\/\\\/somos-hermanos.mx\\\/index.php\\\/2025\\\/08\\\/04\\\/soriana-fundacion-mejora-la-nutricion-en-apac\\\/#primaryimage\",\"url\":\"https:\\\/\\\/somos-hermanos.mx\\\/wp-content\\\/uploads\\\/2025\\\/08\\\/apacso1.jpeg\",\"contentUrl\":\"https:\\\/\\\/somos-hermanos.mx\\\/wp-content\\\/uploads\\\/2025\\\/08\\\/apacso1.jpeg\",\"width\":1500,\"height\":1000},{\"@type\":\"BreadcrumbList\",\"@id\":\"https:\\\/\\\/somos-hermanos.mx\\\/index.php\\\/2025\\\/08\\\/04\\\/soriana-fundacion-mejora-la-nutricion-en-apac\\\/#breadcrumb\",\"itemListElement\":[{\"@type\":\"ListItem\",\"position\":1,\"name\":\"Inicio\",\"item\":\"https:\\\/\\\/somos-hermanos.mx\\\/\"},{\"@type\":\"ListItem\",\"position\":2,\"name\":\"Soriana Fundaci\u00f3n mejora la nutrici\u00f3n en APAC\"}]},{\"@type\":\"WebSite\",\"@id\":\"https:\\\/\\\/somos-hermanos.mx\\\/#website\",\"url\":\"https:\\\/\\\/somos-hermanos.mx\\\/\",\"name\":\"Historias que inspiran...\",\"description\":\"Somos la voz del altruismo en M\u00e9xico\",\"publisher\":{\"@id\":\"https:\\\/\\\/somos-hermanos.mx\\\/#organization\"},\"potentialAction\":[{\"@type\":\"SearchAction\",\"target\":{\"@type\":\"EntryPoint\",\"urlTemplate\":\"https:\\\/\\\/somos-hermanos.mx\\\/?s={search_term_string}\"},\"query-input\":{\"@type\":\"PropertyValueSpecification\",\"valueRequired\":true,\"valueName\":\"search_term_string\"}}],\"inLanguage\":\"es\"},{\"@type\":\"Organization\",\"@id\":\"https:\\\/\\\/somos-hermanos.mx\\\/#organization\",\"name\":\"Somos Hermanos\",\"url\":\"https:\\\/\\\/somos-hermanos.mx\\\/\",\"logo\":{\"@type\":\"ImageObject\",\"inLanguage\":\"es\",\"@id\":\"https:\\\/\\\/somos-hermanos.mx\\\/#\\\/schema\\\/logo\\\/image\\\/\",\"url\":\"https:\\\/\\\/somos-hermanos.mx\\\/wp-content\\\/uploads\\\/2025\\\/08\\\/SH30-1.jpeg\",\"contentUrl\":\"https:\\\/\\\/somos-hermanos.mx\\\/wp-content\\\/uploads\\\/2025\\\/08\\\/SH30-1.jpeg\",\"width\":1600,\"height\":1142,\"caption\":\"Somos Hermanos\"},\"image\":{\"@id\":\"https:\\\/\\\/somos-hermanos.mx\\\/#\\\/schema\\\/logo\\\/image\\\/\"},\"sameAs\":[\"https:\\\/\\\/www.facebook.com\\\/SomosHermanosIAP\\\/\",\"https:\\\/\\\/x.com\\\/Somos__Hermanos\",\"https:\\\/\\\/www.instagram.com\\\/somos__hermanos\\\/#\",\"https:\\\/\\\/www.tiktok.com\\\/@somoshermanosiap\",\"https:\\\/\\\/www.youtube.com\\\/@somoshermanosiap1201\\\/videos\"]},{\"@type\":\"Person\",\"@id\":\"https:\\\/\\\/somos-hermanos.mx\\\/#\\\/schema\\\/person\\\/945cdfed39314d9db1242f593aecb908\",\"name\":\"Jes\u00fas Arizmendi\",\"image\":{\"@type\":\"ImageObject\",\"inLanguage\":\"es\",\"@id\":\"https:\\\/\\\/secure.gravatar.com\\\/avatar\\\/9d2f2284f2cc108aae42b8fdb13afa29b801f64001b731516b830e4926cc1b4b?s=96&d=mm&r=g\",\"url\":\"https:\\\/\\\/secure.gravatar.com\\\/avatar\\\/9d2f2284f2cc108aae42b8fdb13afa29b801f64001b731516b830e4926cc1b4b?s=96&d=mm&r=g\",\"contentUrl\":\"https:\\\/\\\/secure.gravatar.com\\\/avatar\\\/9d2f2284f2cc108aae42b8fdb13afa29b801f64001b731516b830e4926cc1b4b?s=96&d=mm&r=g\",\"caption\":\"Jes\u00fas Arizmendi\"},\"url\":\"https:\\\/\\\/somos-hermanos.mx\\\/index.php\\\/author\\\/jesus-arizmendi\\\/\"}]}<\/script>\n<!-- \/ Yoast SEO plugin. -->","yoast_head_json":{"title":"Soriana Fundaci\u00f3n mejora la nutrici\u00f3n en APAC - Historias que inspiran...","robots":{"index":"index","follow":"follow","max-snippet":"max-snippet:-1","max-image-preview":"max-image-preview:large","max-video-preview":"max-video-preview:-1"},"canonical":"https:\/\/somos-hermanos.mx\/index.php\/2025\/08\/04\/soriana-fundacion-mejora-la-nutricion-en-apac\/","og_locale":"es_MX","og_type":"article","og_title":"Soriana Fundaci\u00f3n mejora la nutrici\u00f3n en APAC - Historias que inspiran...","og_description":"Durante\u00a0todo\u00a0el\u00a0mes\u00a0de\u00a0julio,\u00a0APAC\u00a0participa\u00a0en\u00a0la Campa\u00f1a\u00a0de\u00a0Aportaci\u00f3n\u00a0de\u00a0Soriana\u00a0Fundaci\u00f3n, que se lleva a cabo en tiendas del Estado de M\u00e9xico y Ciudad de M\u00e9xico. Esta colaboraci\u00f3n permitir\u00e1 fortalecer los servicios de nutrici\u00f3n para beneficiarias y beneficiarios con par\u00e1lisis cerebral y discapacidades afines. La\u00a0campa\u00f1a\u00a0tiene\u00a0como\u00a0objetivo\u00a0sensibilizar\u00a0a\u00a0las\u00a0personas\u00a0compradoras\u00a0para\u00a0sumar\u00a0su apoyo\u00a0a\u00a0una\u00a0causa\u00a0que\u00a0impacta\u00a0directamente\u00a0en\u00a0la\u00a0calidad\u00a0de\u00a0vida\u00a0de\u00a0ni\u00f1as,\u00a0ni\u00f1os,\u00a0j\u00f3venes\u00a0y personas\u00a0adultas.\u00a0Los\u00a0recursos\u00a0recaudados\u00a0se\u00a0destinar\u00e1n\u00a0a\u00a0brindar\u00a0servicios\u00a0de\u00a0nutrici\u00f3n esenciales parte fundamental de la atenci\u00f3n integral que APAC ofrece a sus beneficiarias y beneficiarios. \u201cEn APAC, [&hellip;]","og_url":"https:\/\/somos-hermanos.mx\/index.php\/2025\/08\/04\/soriana-fundacion-mejora-la-nutricion-en-apac\/","og_site_name":"Historias que inspiran...","article_publisher":"https:\/\/www.facebook.com\/SomosHermanosIAP\/","article_published_time":"2025-08-04T10:25:26+00:00","og_image":[{"width":1500,"height":1000,"url":"https:\/\/somos-hermanos.mx\/wp-content\/uploads\/2025\/08\/apacso1.jpeg","type":"image\/jpeg"}],"author":"Jes\u00fas Arizmendi","twitter_card":"summary_large_image","twitter_creator":"@Somos__Hermanos","twitter_site":"@Somos__Hermanos","twitter_misc":{"Escrito por":"Jes\u00fas Arizmendi","Tiempo de lectura":"2 minutos"},"schema":{"@context":"https:\/\/schema.org","@graph":[{"@type":"Article","@id":"https:\/\/somos-hermanos.mx\/index.php\/2025\/08\/04\/soriana-fundacion-mejora-la-nutricion-en-apac\/#article","isPartOf":{"@id":"https:\/\/somos-hermanos.mx\/index.php\/2025\/08\/04\/soriana-fundacion-mejora-la-nutricion-en-apac\/"},"author":{"name":"Jes\u00fas Arizmendi","@id":"https:\/\/somos-hermanos.mx\/#\/schema\/person\/945cdfed39314d9db1242f593aecb908"},"headline":"Soriana Fundaci\u00f3n mejora la nutrici\u00f3n en APAC","datePublished":"2025-08-04T10:25:26+00:00","mainEntityOfPage":{"@id":"https:\/\/somos-hermanos.mx\/index.php\/2025\/08\/04\/soriana-fundacion-mejora-la-nutricion-en-apac\/"},"wordCount":292,"commentCount":0,"publisher":{"@id":"https:\/\/somos-hermanos.mx\/#organization"},"image":{"@id":"https:\/\/somos-hermanos.mx\/index.php\/2025\/08\/04\/soriana-fundacion-mejora-la-nutricion-en-apac\/#primaryimage"},"thumbnailUrl":"https:\/\/somos-hermanos.mx\/wp-content\/uploads\/2025\/08\/apacso1.jpeg","articleSection":["Noticias"],"inLanguage":"es","potentialAction":[{"@type":"CommentAction","name":"Comment","target":["https:\/\/somos-hermanos.mx\/index.php\/2025\/08\/04\/soriana-fundacion-mejora-la-nutricion-en-apac\/#respond"]}]},{"@type":"WebPage","@id":"https:\/\/somos-hermanos.mx\/index.php\/2025\/08\/04\/soriana-fundacion-mejora-la-nutricion-en-apac\/","url":"https:\/\/somos-hermanos.mx\/index.php\/2025\/08\/04\/soriana-fundacion-mejora-la-nutricion-en-apac\/","name":"Soriana Fundaci\u00f3n mejora la nutrici\u00f3n en APAC - Historias que inspiran...","isPartOf":{"@id":"https:\/\/somos-hermanos.mx\/#website"},"primaryImageOfPage":{"@id":"https:\/\/somos-hermanos.mx\/index.php\/2025\/08\/04\/soriana-fundacion-mejora-la-nutricion-en-apac\/#primaryimage"},"image":{"@id":"https:\/\/somos-hermanos.mx\/index.php\/2025\/08\/04\/soriana-fundacion-mejora-la-nutricion-en-apac\/#primaryimage"},"thumbnailUrl":"https:\/\/somos-hermanos.mx\/wp-content\/uploads\/2025\/08\/apacso1.jpeg","datePublished":"2025-08-04T10:25:26+00:00","breadcrumb":{"@id":"https:\/\/somos-hermanos.mx\/index.php\/2025\/08\/04\/soriana-fundacion-mejora-la-nutricion-en-apac\/#breadcrumb"},"inLanguage":"es","potentialAction":[{"@type":"ReadAction","target":["https:\/\/somos-hermanos.mx\/index.php\/2025\/08\/04\/soriana-fundacion-mejora-la-nutricion-en-apac\/"]}]},{"@type":"ImageObject","inLanguage":"es","@id":"https:\/\/somos-hermanos.mx\/index.php\/2025\/08\/04\/soriana-fundacion-mejora-la-nutricion-en-apac\/#primaryimage","url":"https:\/\/somos-hermanos.mx\/wp-content\/uploads\/2025\/08\/apacso1.jpeg","contentUrl":"https:\/\/somos-hermanos.mx\/wp-content\/uploads\/2025\/08\/apacso1.jpeg","width":1500,"height":1000},{"@type":"BreadcrumbList","@id":"https:\/\/somos-hermanos.mx\/index.php\/2025\/08\/04\/soriana-fundacion-mejora-la-nutricion-en-apac\/#breadcrumb","itemListElement":[{"@type":"ListItem","position":1,"name":"Inicio","item":"https:\/\/somos-hermanos.mx\/"},{"@type":"ListItem","position":2,"name":"Soriana Fundaci\u00f3n mejora la nutrici\u00f3n en APAC"}]},{"@type":"WebSite","@id":"https:\/\/somos-hermanos.mx\/#website","url":"https:\/\/somos-hermanos.mx\/","name":"Historias que inspiran...","description":"Somos la voz del altruismo en M\u00e9xico","publisher":{"@id":"https:\/\/somos-hermanos.mx\/#organization"},"potentialAction":[{"@type":"SearchAction","target":{"@type":"EntryPoint","urlTemplate":"https:\/\/somos-hermanos.mx\/?s={search_term_string}"},"query-input":{"@type":"PropertyValueSpecification","valueRequired":true,"valueName":"search_term_string"}}],"inLanguage":"es"},{"@type":"Organization","@id":"https:\/\/somos-hermanos.mx\/#organization","name":"Somos Hermanos","url":"https:\/\/somos-hermanos.mx\/","logo":{"@type":"ImageObject","inLanguage":"es","@id":"https:\/\/somos-hermanos.mx\/#\/schema\/logo\/image\/","url":"https:\/\/somos-hermanos.mx\/wp-content\/uploads\/2025\/08\/SH30-1.jpeg","contentUrl":"https:\/\/somos-hermanos.mx\/wp-content\/uploads\/2025\/08\/SH30-1.jpeg","width":1600,"height":1142,"caption":"Somos Hermanos"},"image":{"@id":"https:\/\/somos-hermanos.mx\/#\/schema\/logo\/image\/"},"sameAs":["https:\/\/www.facebook.com\/SomosHermanosIAP\/","https:\/\/x.com\/Somos__Hermanos","https:\/\/www.instagram.com\/somos__hermanos\/#","https:\/\/www.tiktok.com\/@somoshermanosiap","https:\/\/www.youtube.com\/@somoshermanosiap1201\/videos"]},{"@type":"Person","@id":"https:\/\/somos-hermanos.mx\/#\/schema\/person\/945cdfed39314d9db1242f593aecb908","name":"Jes\u00fas Arizmendi","image":{"@type":"ImageObject","inLanguage":"es","@id":"https:\/\/secure.gravatar.com\/avatar\/9d2f2284f2cc108aae42b8fdb13afa29b801f64001b731516b830e4926cc1b4b?s=96&d=mm&r=g","url":"https:\/\/secure.gravatar.com\/avatar\/9d2f2284f2cc108aae42b8fdb13afa29b801f64001b731516b830e4926cc1b4b?s=96&d=mm&r=g","contentUrl":"https:\/\/secure.gravatar.com\/avatar\/9d2f2284f2cc108aae42b8fdb13afa29b801f64001b731516b830e4926cc1b4b?s=96&d=mm&r=g","caption":"Jes\u00fas Arizmendi"},"url":"https:\/\/somos-hermanos.mx\/index.php\/author\/jesus-arizmendi\/"}]}},"_links":{"self":[{"href":"https:\/\/somos-hermanos.mx\/index.php\/wp-json\/wp\/v2\/posts\/1059","targetHints":{"allow":["GET"]}}],"collection":[{"href":"https:\/\/somos-hermanos.mx\/index.php\/wp-json\/wp\/v2\/posts"}],"about":[{"href":"https:\/\/somos-hermanos.mx\/index.php\/wp-json\/wp\/v2\/types\/post"}],"author":[{"embeddable":true,"href":"https:\/\/somos-hermanos.mx\/index.php\/wp-json\/wp\/v2\/users\/8"}],"replies":[{"embeddable":true,"href":"https:\/\/somos-hermanos.mx\/index.php\/wp-json\/wp\/v2\/comments?post=1059"}],"version-history":[{"count":1,"href":"https:\/\/somos-hermanos.mx\/index.php\/wp-json\/wp\/v2\/posts\/1059\/revisions"}],"predecessor-version":[{"id":1061,"href":"https:\/\/somos-hermanos.mx\/index.php\/wp-json\/wp\/v2\/posts\/1059\/revisions\/1061"}],"wp:featuredmedia":[{"embeddable":true,"href":"https:\/\/somos-hermanos.mx\/index.php\/wp-json\/wp\/v2\/media\/1060"}],"wp:attachment":[{"href":"https:\/\/somos-hermanos.mx\/index.php\/wp-json\/wp\/v2\/media?parent=1059"}],"wp:term":[{"taxonomy":"category","embeddable":true,"href":"https:\/\/somos-hermanos.mx\/index.php\/wp-json\/wp\/v2\/categories?post=1059"},{"taxonomy":"post_tag","embeddable":true,"href":"https:\/\/somos-hermanos.mx\/index.php\/wp-json\/wp\/v2\/tags?post=1059"}],"curies":[{"name":"wp","href":"https:\/\/api.w.org\/{rel}","templated":true}]}}