{"id":1056,"date":"2025-08-04T04:24:38","date_gmt":"2025-08-04T10:24:38","guid":{"rendered":"https:\/\/somos-hermanos.mx\/?p=1056"},"modified":"2025-08-04T04:24:38","modified_gmt":"2025-08-04T10:24:38","slug":"afape-ac-apoya-a-personas-con-enfermedades-mentales-en-guanajuato","status":"publish","type":"post","link":"https:\/\/somos-hermanos.mx\/index.php\/2025\/08\/04\/afape-ac-apoya-a-personas-con-enfermedades-mentales-en-guanajuato\/","title":{"rendered":"AFAPE AC: Apoya a personas con enfermedades mentales en Guanajuato"},"content":{"rendered":"<p>La Agrupaci\u00f3n civil fundada en 2002 por familiares y amigos de pacientes con trastornos mentales y neurodesarrollo en Le\u00f3n, Guanajuato, AFAPE. Comenzaron como grupo de autoayuda con 8 personas bajo el impulso del Dr. Jos\u00e9 Antonio Jasso (<a href=\"https:\/\/afapeleon.org\/historia\/?utm_source=chatgpt.com\"><u>afapeleon.org<\/u><\/a>).<\/p>\n<ul>\n<li>Atenci\u00f3n psicol\u00f3gica y psiqui\u00e1<\/li>\n<li>Apoyo en nutrici\u00f3n y medicamentos.<\/li>\n<li>Asistencia alimentaria gratuita para adultos vulnerables.<\/li>\n<li>Apoyo en movilidad (transporte) para tratamientos.<\/li>\n<li>Programa de rehabilitaci\u00f3n para consumo problem\u00e1 (<a href=\"https:\/\/afapeleon.org\/?utm_source=chatgpt.com\"><u>afapeleon.org<\/u><\/a>, <a href=\"https:\/\/afapeleon.org\/objetivos\/?utm_source=chatgpt.com\"><u>afapeleon.org<\/u><\/a>)<\/li>\n<\/ul>\n<p>Con una membres\u00eda solidaria, las personas acceden a atenci\u00f3n m\u00e9dica, psicol\u00f3gica y beneficios adicionales (<a href=\"https:\/\/www.facebook.com\/photo.php?fbid=1041181638021590&amp;id=100063892899861&amp;set=a.480629934076766&amp;utm_source=chatgpt.com\"><u>Facebook<\/u><\/a>).<\/p>\n<p>Ser una asociaci\u00f3n din\u00e1mica, replicable a nivel nacional, con programas terap\u00e9uticos innovadores (<a href=\"https:\/\/afapeleon.org\/vision\/?utm_source=chatgpt.com\"><u>afapeleon.org<\/u><\/a>).<\/p>\n<p>D\u00f3nde est\u00e1n y c\u00f3mo contactarlos:<\/p>\n<ul>\n<li><b><\/b><strong><b>Direcci\u00f3<\/b><\/strong><strong><b>n:<\/b><\/strong> Hern\u00e1ndez \u00c1lvarez 343, Col. San Juan de Dios, Le\u00f3n, Guanajuato, C.P. 37020 (<a href=\"https:\/\/www.instagram.com\/afapeleon\/?hl=en&amp;utm_source=chatgpt.com\"><u>Instagram<\/u><\/a>)<\/li>\n<li><b><\/b><strong><b>P\u00e1<\/b><\/strong><strong><b>gina web:<\/b><\/strong><a href=\"http:\/\/www.afapeleon.org\/\"><u>afapeleon.org<\/u><\/a><\/li>\n<li><b><\/b><strong><b>Facebook:<\/b><\/strong>Afapeleon Le\u00f3n (consulta agendar cita v\u00eda formulario en l\u00ednea) (<a href=\"https:\/\/www.facebook.com\/afapeleon\/?utm_source=chatgpt.com\"><u>Facebook<\/u><\/a>)<\/li>\n<li><b><\/b><strong><b>Instagram:<\/b><\/strong>@afapeleon (\u201cConstruyendo la esperanza de vida\u201d) (<a href=\"https:\/\/www.instagram.com\/afapeleon\/?hl=en&amp;utm_source=chatgpt.com\"><u>Instagram<\/u><\/a>)<\/li>\n<li><b><\/b><strong><b>LinkedIn:<\/b><\/strong>Afape Le\u00f3n \u2013 Asociaci\u00f3n familiar y amigos de pacientes esquizofr\u00e9nicos (<a href=\"https:\/\/www.linkedin.com\/company\/afape-asociaci%C3%B3n-de-familiares-y-amigos-de-pacientes-esquizofr%C3%A9nicos-de-le%C3%B3n?utm_source=chatgpt.com\"><u>LinkedIn<\/u><\/a>)<\/li>\n<\/ul>\n<p>Para <strong><b>Mar\u00eda del Roci\u00f3 Vargas Le\u00f3n<\/b><\/strong>, de Afape Le\u00f3n AC, asegur\u00f3 que, \u201cSe deben implementar campa\u00f1as de concientizaci\u00f3n para quitar el estigma en los trastornos mentales y promover la importancia del autocuidado y la b\u00fasqueda de ayuda profesional. Esto puede incluir campa\u00f1as en medios de comunicaci\u00f3n, talleres en escuelas y comunidades, y programas de capacitaci\u00f3n para profesionales de la salud\u201d, dijo.<\/p>\n<p>Explic\u00f3 que el impacto de Afape se refleja en historias personales de recuperaci\u00f3n y esperanza.\u00a0<strong><b>Indic\u00f3 que la organizaci\u00f3n ha sido pionera en desmitificar los trastornos mentales en Le\u00f3n<\/b><\/strong>, trabajando arduamente para reducir el estigma y fomentar un ambiente de empat\u00eda y comprensi\u00f3n.<\/p>\n<p><strong>C\u00f3<\/strong><strong>mo participar:<\/strong><\/p>\n<ul>\n<li>Pide tu membres\u00eda para recibir atenci\u00f3n profesional.<\/li>\n<li>Dona para ayudar a ampliar el alcance del apoyo.<\/li>\n<li>Asiste a talleres y charlas para pacientes y familiares.<\/li>\n<\/ul>\n<p>AFAPE Le\u00f3n AC representa un espacio de acompa\u00f1amiento, rehabilitaci\u00f3n y dignificaci\u00f3n para personas con condiciones mentales, fortaleciendo v\u00ednculos familiares y comunitarios en Guanajuato.<\/p>\n","protected":false},"excerpt":{"rendered":"<p>La Agrupaci\u00f3n civil fundada en 2002 por familiares y amigos de pacientes con trastornos mentales y neurodesarrollo en Le\u00f3n, Guanajuato, AFAPE. Comenzaron como grupo de autoayuda con 8 personas bajo el impulso del Dr. Jos\u00e9 Antonio Jasso (afapeleon.org). Atenci\u00f3n psicol\u00f3gica y psiqui\u00e1 Apoyo en nutrici\u00f3n y medicamentos. Asistencia alimentaria gratuita para adultos vulnerables. Apoyo en [&hellip;]<\/p>\n","protected":false},"author":18,"featured_media":1057,"comment_status":"open","ping_status":"closed","sticky":false,"template":"","format":"standard","meta":{"footnotes":""},"categories":[6],"tags":[],"class_list":["post-1056","post","type-post","status-publish","format-standard","has-post-thumbnail","hentry","category-noticias"],"yoast_head":"<!-- This site is optimized with the Yoast SEO plugin v27.5 - https:\/\/yoast.com\/product\/yoast-seo-wordpress\/ -->\n<title>AFAPE AC: Apoya a personas con enfermedades mentales en Guanajuato - Historias que inspiran...<\/title>\n<meta name=\"robots\" content=\"index, follow, max-snippet:-1, max-image-preview:large, max-video-preview:-1\" \/>\n<link rel=\"canonical\" href=\"https:\/\/somos-hermanos.mx\/index.php\/2025\/08\/04\/afape-ac-apoya-a-personas-con-enfermedades-mentales-en-guanajuato\/\" \/>\n<meta property=\"og:locale\" content=\"es_MX\" \/>\n<meta property=\"og:type\" content=\"article\" \/>\n<meta property=\"og:title\" content=\"AFAPE AC: Apoya a personas con enfermedades mentales en Guanajuato - Historias que inspiran...\" \/>\n<meta property=\"og:description\" content=\"La Agrupaci\u00f3n civil fundada en 2002 por familiares y amigos de pacientes con trastornos mentales y neurodesarrollo en Le\u00f3n, Guanajuato, AFAPE. Comenzaron como grupo de autoayuda con 8 personas bajo el impulso del Dr. Jos\u00e9 Antonio Jasso (afapeleon.org). Atenci\u00f3n psicol\u00f3gica y psiqui\u00e1 Apoyo en nutrici\u00f3n y medicamentos. Asistencia alimentaria gratuita para adultos vulnerables. Apoyo en [&hellip;]\" \/>\n<meta property=\"og:url\" content=\"https:\/\/somos-hermanos.mx\/index.php\/2025\/08\/04\/afape-ac-apoya-a-personas-con-enfermedades-mentales-en-guanajuato\/\" \/>\n<meta property=\"og:site_name\" content=\"Historias que inspiran...\" \/>\n<meta property=\"article:publisher\" content=\"https:\/\/www.facebook.com\/SomosHermanosIAP\/\" \/>\n<meta property=\"article:published_time\" content=\"2025-08-04T10:24:38+00:00\" \/>\n<meta property=\"og:image\" content=\"https:\/\/somos-hermanos.mx\/wp-content\/uploads\/2025\/08\/afape1.jpeg\" \/>\n\t<meta property=\"og:image:width\" content=\"1600\" \/>\n\t<meta property=\"og:image:height\" content=\"1066\" \/>\n\t<meta property=\"og:image:type\" content=\"image\/jpeg\" \/>\n<meta name=\"author\" content=\"Tabatha Pati\u00f1o Massironi\" \/>\n<meta name=\"twitter:card\" content=\"summary_large_image\" \/>\n<meta name=\"twitter:creator\" content=\"@Somos__Hermanos\" \/>\n<meta name=\"twitter:site\" content=\"@Somos__Hermanos\" \/>\n<meta name=\"twitter:label1\" content=\"Escrito por\" \/>\n\t<meta name=\"twitter:data1\" content=\"Tabatha Pati\u00f1o Massironi\" \/>\n\t<meta name=\"twitter:label2\" content=\"Tiempo de lectura\" \/>\n\t<meta name=\"twitter:data2\" content=\"2 minutos\" \/>\n<script type=\"application\/ld+json\" class=\"yoast-schema-graph\">{\"@context\":\"https:\\\/\\\/schema.org\",\"@graph\":[{\"@type\":\"Article\",\"@id\":\"https:\\\/\\\/somos-hermanos.mx\\\/index.php\\\/2025\\\/08\\\/04\\\/afape-ac-apoya-a-personas-con-enfermedades-mentales-en-guanajuato\\\/#article\",\"isPartOf\":{\"@id\":\"https:\\\/\\\/somos-hermanos.mx\\\/index.php\\\/2025\\\/08\\\/04\\\/afape-ac-apoya-a-personas-con-enfermedades-mentales-en-guanajuato\\\/\"},\"author\":{\"name\":\"Tabatha Pati\u00f1o Massironi\",\"@id\":\"https:\\\/\\\/somos-hermanos.mx\\\/#\\\/schema\\\/person\\\/178d9721d010404cc8e0146f75955e7d\"},\"headline\":\"AFAPE AC: Apoya a personas con enfermedades mentales en Guanajuato\",\"datePublished\":\"2025-08-04T10:24:38+00:00\",\"mainEntityOfPage\":{\"@id\":\"https:\\\/\\\/somos-hermanos.mx\\\/index.php\\\/2025\\\/08\\\/04\\\/afape-ac-apoya-a-personas-con-enfermedades-mentales-en-guanajuato\\\/\"},\"wordCount\":361,\"commentCount\":0,\"publisher\":{\"@id\":\"https:\\\/\\\/somos-hermanos.mx\\\/#organization\"},\"image\":{\"@id\":\"https:\\\/\\\/somos-hermanos.mx\\\/index.php\\\/2025\\\/08\\\/04\\\/afape-ac-apoya-a-personas-con-enfermedades-mentales-en-guanajuato\\\/#primaryimage\"},\"thumbnailUrl\":\"https:\\\/\\\/somos-hermanos.mx\\\/wp-content\\\/uploads\\\/2025\\\/08\\\/afape1.jpeg\",\"articleSection\":[\"Noticias\"],\"inLanguage\":\"es\",\"potentialAction\":[{\"@type\":\"CommentAction\",\"name\":\"Comment\",\"target\":[\"https:\\\/\\\/somos-hermanos.mx\\\/index.php\\\/2025\\\/08\\\/04\\\/afape-ac-apoya-a-personas-con-enfermedades-mentales-en-guanajuato\\\/#respond\"]}]},{\"@type\":\"WebPage\",\"@id\":\"https:\\\/\\\/somos-hermanos.mx\\\/index.php\\\/2025\\\/08\\\/04\\\/afape-ac-apoya-a-personas-con-enfermedades-mentales-en-guanajuato\\\/\",\"url\":\"https:\\\/\\\/somos-hermanos.mx\\\/index.php\\\/2025\\\/08\\\/04\\\/afape-ac-apoya-a-personas-con-enfermedades-mentales-en-guanajuato\\\/\",\"name\":\"AFAPE AC: Apoya a personas con enfermedades mentales en Guanajuato - Historias que inspiran...\",\"isPartOf\":{\"@id\":\"https:\\\/\\\/somos-hermanos.mx\\\/#website\"},\"primaryImageOfPage\":{\"@id\":\"https:\\\/\\\/somos-hermanos.mx\\\/index.php\\\/2025\\\/08\\\/04\\\/afape-ac-apoya-a-personas-con-enfermedades-mentales-en-guanajuato\\\/#primaryimage\"},\"image\":{\"@id\":\"https:\\\/\\\/somos-hermanos.mx\\\/index.php\\\/2025\\\/08\\\/04\\\/afape-ac-apoya-a-personas-con-enfermedades-mentales-en-guanajuato\\\/#primaryimage\"},\"thumbnailUrl\":\"https:\\\/\\\/somos-hermanos.mx\\\/wp-content\\\/uploads\\\/2025\\\/08\\\/afape1.jpeg\",\"datePublished\":\"2025-08-04T10:24:38+00:00\",\"breadcrumb\":{\"@id\":\"https:\\\/\\\/somos-hermanos.mx\\\/index.php\\\/2025\\\/08\\\/04\\\/afape-ac-apoya-a-personas-con-enfermedades-mentales-en-guanajuato\\\/#breadcrumb\"},\"inLanguage\":\"es\",\"potentialAction\":[{\"@type\":\"ReadAction\",\"target\":[\"https:\\\/\\\/somos-hermanos.mx\\\/index.php\\\/2025\\\/08\\\/04\\\/afape-ac-apoya-a-personas-con-enfermedades-mentales-en-guanajuato\\\/\"]}]},{\"@type\":\"ImageObject\",\"inLanguage\":\"es\",\"@id\":\"https:\\\/\\\/somos-hermanos.mx\\\/index.php\\\/2025\\\/08\\\/04\\\/afape-ac-apoya-a-personas-con-enfermedades-mentales-en-guanajuato\\\/#primaryimage\",\"url\":\"https:\\\/\\\/somos-hermanos.mx\\\/wp-content\\\/uploads\\\/2025\\\/08\\\/afape1.jpeg\",\"contentUrl\":\"https:\\\/\\\/somos-hermanos.mx\\\/wp-content\\\/uploads\\\/2025\\\/08\\\/afape1.jpeg\",\"width\":1600,\"height\":1066},{\"@type\":\"BreadcrumbList\",\"@id\":\"https:\\\/\\\/somos-hermanos.mx\\\/index.php\\\/2025\\\/08\\\/04\\\/afape-ac-apoya-a-personas-con-enfermedades-mentales-en-guanajuato\\\/#breadcrumb\",\"itemListElement\":[{\"@type\":\"ListItem\",\"position\":1,\"name\":\"Inicio\",\"item\":\"https:\\\/\\\/somos-hermanos.mx\\\/\"},{\"@type\":\"ListItem\",\"position\":2,\"name\":\"AFAPE AC: Apoya a personas con enfermedades mentales en Guanajuato\"}]},{\"@type\":\"WebSite\",\"@id\":\"https:\\\/\\\/somos-hermanos.mx\\\/#website\",\"url\":\"https:\\\/\\\/somos-hermanos.mx\\\/\",\"name\":\"Historias que inspiran...\",\"description\":\"Somos la voz del altruismo en M\u00e9xico\",\"publisher\":{\"@id\":\"https:\\\/\\\/somos-hermanos.mx\\\/#organization\"},\"potentialAction\":[{\"@type\":\"SearchAction\",\"target\":{\"@type\":\"EntryPoint\",\"urlTemplate\":\"https:\\\/\\\/somos-hermanos.mx\\\/?s={search_term_string}\"},\"query-input\":{\"@type\":\"PropertyValueSpecification\",\"valueRequired\":true,\"valueName\":\"search_term_string\"}}],\"inLanguage\":\"es\"},{\"@type\":\"Organization\",\"@id\":\"https:\\\/\\\/somos-hermanos.mx\\\/#organization\",\"name\":\"Somos Hermanos\",\"url\":\"https:\\\/\\\/somos-hermanos.mx\\\/\",\"logo\":{\"@type\":\"ImageObject\",\"inLanguage\":\"es\",\"@id\":\"https:\\\/\\\/somos-hermanos.mx\\\/#\\\/schema\\\/logo\\\/image\\\/\",\"url\":\"https:\\\/\\\/somos-hermanos.mx\\\/wp-content\\\/uploads\\\/2025\\\/08\\\/SH30-1.jpeg\",\"contentUrl\":\"https:\\\/\\\/somos-hermanos.mx\\\/wp-content\\\/uploads\\\/2025\\\/08\\\/SH30-1.jpeg\",\"width\":1600,\"height\":1142,\"caption\":\"Somos Hermanos\"},\"image\":{\"@id\":\"https:\\\/\\\/somos-hermanos.mx\\\/#\\\/schema\\\/logo\\\/image\\\/\"},\"sameAs\":[\"https:\\\/\\\/www.facebook.com\\\/SomosHermanosIAP\\\/\",\"https:\\\/\\\/x.com\\\/Somos__Hermanos\",\"https:\\\/\\\/www.instagram.com\\\/somos__hermanos\\\/#\",\"https:\\\/\\\/www.tiktok.com\\\/@somoshermanosiap\",\"https:\\\/\\\/www.youtube.com\\\/@somoshermanosiap1201\\\/videos\"]},{\"@type\":\"Person\",\"@id\":\"https:\\\/\\\/somos-hermanos.mx\\\/#\\\/schema\\\/person\\\/178d9721d010404cc8e0146f75955e7d\",\"name\":\"Tabatha Pati\u00f1o Massironi\",\"image\":{\"@type\":\"ImageObject\",\"inLanguage\":\"es\",\"@id\":\"https:\\\/\\\/secure.gravatar.com\\\/avatar\\\/68bce6e78f4468fa0b12fce36d08cab74baeb59e9fe1c39db5624f9fb2e5af08?s=96&d=mm&r=g\",\"url\":\"https:\\\/\\\/secure.gravatar.com\\\/avatar\\\/68bce6e78f4468fa0b12fce36d08cab74baeb59e9fe1c39db5624f9fb2e5af08?s=96&d=mm&r=g\",\"contentUrl\":\"https:\\\/\\\/secure.gravatar.com\\\/avatar\\\/68bce6e78f4468fa0b12fce36d08cab74baeb59e9fe1c39db5624f9fb2e5af08?s=96&d=mm&r=g\",\"caption\":\"Tabatha Pati\u00f1o Massironi\"},\"url\":\"https:\\\/\\\/somos-hermanos.mx\\\/index.php\\\/author\\\/tabatha-patino-massironi\\\/\"}]}<\/script>\n<!-- \/ Yoast SEO plugin. -->","yoast_head_json":{"title":"AFAPE AC: Apoya a personas con enfermedades mentales en Guanajuato - Historias que inspiran...","robots":{"index":"index","follow":"follow","max-snippet":"max-snippet:-1","max-image-preview":"max-image-preview:large","max-video-preview":"max-video-preview:-1"},"canonical":"https:\/\/somos-hermanos.mx\/index.php\/2025\/08\/04\/afape-ac-apoya-a-personas-con-enfermedades-mentales-en-guanajuato\/","og_locale":"es_MX","og_type":"article","og_title":"AFAPE AC: Apoya a personas con enfermedades mentales en Guanajuato - Historias que inspiran...","og_description":"La Agrupaci\u00f3n civil fundada en 2002 por familiares y amigos de pacientes con trastornos mentales y neurodesarrollo en Le\u00f3n, Guanajuato, AFAPE. Comenzaron como grupo de autoayuda con 8 personas bajo el impulso del Dr. Jos\u00e9 Antonio Jasso (afapeleon.org). Atenci\u00f3n psicol\u00f3gica y psiqui\u00e1 Apoyo en nutrici\u00f3n y medicamentos. Asistencia alimentaria gratuita para adultos vulnerables. Apoyo en [&hellip;]","og_url":"https:\/\/somos-hermanos.mx\/index.php\/2025\/08\/04\/afape-ac-apoya-a-personas-con-enfermedades-mentales-en-guanajuato\/","og_site_name":"Historias que inspiran...","article_publisher":"https:\/\/www.facebook.com\/SomosHermanosIAP\/","article_published_time":"2025-08-04T10:24:38+00:00","og_image":[{"width":1600,"height":1066,"url":"https:\/\/somos-hermanos.mx\/wp-content\/uploads\/2025\/08\/afape1.jpeg","type":"image\/jpeg"}],"author":"Tabatha Pati\u00f1o Massironi","twitter_card":"summary_large_image","twitter_creator":"@Somos__Hermanos","twitter_site":"@Somos__Hermanos","twitter_misc":{"Escrito por":"Tabatha Pati\u00f1o Massironi","Tiempo de lectura":"2 minutos"},"schema":{"@context":"https:\/\/schema.org","@graph":[{"@type":"Article","@id":"https:\/\/somos-hermanos.mx\/index.php\/2025\/08\/04\/afape-ac-apoya-a-personas-con-enfermedades-mentales-en-guanajuato\/#article","isPartOf":{"@id":"https:\/\/somos-hermanos.mx\/index.php\/2025\/08\/04\/afape-ac-apoya-a-personas-con-enfermedades-mentales-en-guanajuato\/"},"author":{"name":"Tabatha Pati\u00f1o Massironi","@id":"https:\/\/somos-hermanos.mx\/#\/schema\/person\/178d9721d010404cc8e0146f75955e7d"},"headline":"AFAPE AC: Apoya a personas con enfermedades mentales en Guanajuato","datePublished":"2025-08-04T10:24:38+00:00","mainEntityOfPage":{"@id":"https:\/\/somos-hermanos.mx\/index.php\/2025\/08\/04\/afape-ac-apoya-a-personas-con-enfermedades-mentales-en-guanajuato\/"},"wordCount":361,"commentCount":0,"publisher":{"@id":"https:\/\/somos-hermanos.mx\/#organization"},"image":{"@id":"https:\/\/somos-hermanos.mx\/index.php\/2025\/08\/04\/afape-ac-apoya-a-personas-con-enfermedades-mentales-en-guanajuato\/#primaryimage"},"thumbnailUrl":"https:\/\/somos-hermanos.mx\/wp-content\/uploads\/2025\/08\/afape1.jpeg","articleSection":["Noticias"],"inLanguage":"es","potentialAction":[{"@type":"CommentAction","name":"Comment","target":["https:\/\/somos-hermanos.mx\/index.php\/2025\/08\/04\/afape-ac-apoya-a-personas-con-enfermedades-mentales-en-guanajuato\/#respond"]}]},{"@type":"WebPage","@id":"https:\/\/somos-hermanos.mx\/index.php\/2025\/08\/04\/afape-ac-apoya-a-personas-con-enfermedades-mentales-en-guanajuato\/","url":"https:\/\/somos-hermanos.mx\/index.php\/2025\/08\/04\/afape-ac-apoya-a-personas-con-enfermedades-mentales-en-guanajuato\/","name":"AFAPE AC: Apoya a personas con enfermedades mentales en Guanajuato - Historias que inspiran...","isPartOf":{"@id":"https:\/\/somos-hermanos.mx\/#website"},"primaryImageOfPage":{"@id":"https:\/\/somos-hermanos.mx\/index.php\/2025\/08\/04\/afape-ac-apoya-a-personas-con-enfermedades-mentales-en-guanajuato\/#primaryimage"},"image":{"@id":"https:\/\/somos-hermanos.mx\/index.php\/2025\/08\/04\/afape-ac-apoya-a-personas-con-enfermedades-mentales-en-guanajuato\/#primaryimage"},"thumbnailUrl":"https:\/\/somos-hermanos.mx\/wp-content\/uploads\/2025\/08\/afape1.jpeg","datePublished":"2025-08-04T10:24:38+00:00","breadcrumb":{"@id":"https:\/\/somos-hermanos.mx\/index.php\/2025\/08\/04\/afape-ac-apoya-a-personas-con-enfermedades-mentales-en-guanajuato\/#breadcrumb"},"inLanguage":"es","potentialAction":[{"@type":"ReadAction","target":["https:\/\/somos-hermanos.mx\/index.php\/2025\/08\/04\/afape-ac-apoya-a-personas-con-enfermedades-mentales-en-guanajuato\/"]}]},{"@type":"ImageObject","inLanguage":"es","@id":"https:\/\/somos-hermanos.mx\/index.php\/2025\/08\/04\/afape-ac-apoya-a-personas-con-enfermedades-mentales-en-guanajuato\/#primaryimage","url":"https:\/\/somos-hermanos.mx\/wp-content\/uploads\/2025\/08\/afape1.jpeg","contentUrl":"https:\/\/somos-hermanos.mx\/wp-content\/uploads\/2025\/08\/afape1.jpeg","width":1600,"height":1066},{"@type":"BreadcrumbList","@id":"https:\/\/somos-hermanos.mx\/index.php\/2025\/08\/04\/afape-ac-apoya-a-personas-con-enfermedades-mentales-en-guanajuato\/#breadcrumb","itemListElement":[{"@type":"ListItem","position":1,"name":"Inicio","item":"https:\/\/somos-hermanos.mx\/"},{"@type":"ListItem","position":2,"name":"AFAPE AC: Apoya a personas con enfermedades mentales en Guanajuato"}]},{"@type":"WebSite","@id":"https:\/\/somos-hermanos.mx\/#website","url":"https:\/\/somos-hermanos.mx\/","name":"Historias que inspiran...","description":"Somos la voz del altruismo en M\u00e9xico","publisher":{"@id":"https:\/\/somos-hermanos.mx\/#organization"},"potentialAction":[{"@type":"SearchAction","target":{"@type":"EntryPoint","urlTemplate":"https:\/\/somos-hermanos.mx\/?s={search_term_string}"},"query-input":{"@type":"PropertyValueSpecification","valueRequired":true,"valueName":"search_term_string"}}],"inLanguage":"es"},{"@type":"Organization","@id":"https:\/\/somos-hermanos.mx\/#organization","name":"Somos Hermanos","url":"https:\/\/somos-hermanos.mx\/","logo":{"@type":"ImageObject","inLanguage":"es","@id":"https:\/\/somos-hermanos.mx\/#\/schema\/logo\/image\/","url":"https:\/\/somos-hermanos.mx\/wp-content\/uploads\/2025\/08\/SH30-1.jpeg","contentUrl":"https:\/\/somos-hermanos.mx\/wp-content\/uploads\/2025\/08\/SH30-1.jpeg","width":1600,"height":1142,"caption":"Somos Hermanos"},"image":{"@id":"https:\/\/somos-hermanos.mx\/#\/schema\/logo\/image\/"},"sameAs":["https:\/\/www.facebook.com\/SomosHermanosIAP\/","https:\/\/x.com\/Somos__Hermanos","https:\/\/www.instagram.com\/somos__hermanos\/#","https:\/\/www.tiktok.com\/@somoshermanosiap","https:\/\/www.youtube.com\/@somoshermanosiap1201\/videos"]},{"@type":"Person","@id":"https:\/\/somos-hermanos.mx\/#\/schema\/person\/178d9721d010404cc8e0146f75955e7d","name":"Tabatha Pati\u00f1o Massironi","image":{"@type":"ImageObject","inLanguage":"es","@id":"https:\/\/secure.gravatar.com\/avatar\/68bce6e78f4468fa0b12fce36d08cab74baeb59e9fe1c39db5624f9fb2e5af08?s=96&d=mm&r=g","url":"https:\/\/secure.gravatar.com\/avatar\/68bce6e78f4468fa0b12fce36d08cab74baeb59e9fe1c39db5624f9fb2e5af08?s=96&d=mm&r=g","contentUrl":"https:\/\/secure.gravatar.com\/avatar\/68bce6e78f4468fa0b12fce36d08cab74baeb59e9fe1c39db5624f9fb2e5af08?s=96&d=mm&r=g","caption":"Tabatha Pati\u00f1o Massironi"},"url":"https:\/\/somos-hermanos.mx\/index.php\/author\/tabatha-patino-massironi\/"}]}},"_links":{"self":[{"href":"https:\/\/somos-hermanos.mx\/index.php\/wp-json\/wp\/v2\/posts\/1056","targetHints":{"allow":["GET"]}}],"collection":[{"href":"https:\/\/somos-hermanos.mx\/index.php\/wp-json\/wp\/v2\/posts"}],"about":[{"href":"https:\/\/somos-hermanos.mx\/index.php\/wp-json\/wp\/v2\/types\/post"}],"author":[{"embeddable":true,"href":"https:\/\/somos-hermanos.mx\/index.php\/wp-json\/wp\/v2\/users\/18"}],"replies":[{"embeddable":true,"href":"https:\/\/somos-hermanos.mx\/index.php\/wp-json\/wp\/v2\/comments?post=1056"}],"version-history":[{"count":1,"href":"https:\/\/somos-hermanos.mx\/index.php\/wp-json\/wp\/v2\/posts\/1056\/revisions"}],"predecessor-version":[{"id":1058,"href":"https:\/\/somos-hermanos.mx\/index.php\/wp-json\/wp\/v2\/posts\/1056\/revisions\/1058"}],"wp:featuredmedia":[{"embeddable":true,"href":"https:\/\/somos-hermanos.mx\/index.php\/wp-json\/wp\/v2\/media\/1057"}],"wp:attachment":[{"href":"https:\/\/somos-hermanos.mx\/index.php\/wp-json\/wp\/v2\/media?parent=1056"}],"wp:term":[{"taxonomy":"category","embeddable":true,"href":"https:\/\/somos-hermanos.mx\/index.php\/wp-json\/wp\/v2\/categories?post=1056"},{"taxonomy":"post_tag","embeddable":true,"href":"https:\/\/somos-hermanos.mx\/index.php\/wp-json\/wp\/v2\/tags?post=1056"}],"curies":[{"name":"wp","href":"https:\/\/api.w.org\/{rel}","templated":true}]}}