{"id":1050,"date":"2025-08-04T04:22:34","date_gmt":"2025-08-04T10:22:34","guid":{"rendered":"https:\/\/somos-hermanos.mx\/?p=1050"},"modified":"2025-08-04T04:22:34","modified_gmt":"2025-08-04T10:22:34","slug":"chiapas-guerreo-y-oaxaca-entidades-con-mayor-indice-de-pobreza-extrema","status":"publish","type":"post","link":"https:\/\/somos-hermanos.mx\/index.php\/2025\/08\/04\/chiapas-guerreo-y-oaxaca-entidades-con-mayor-indice-de-pobreza-extrema\/","title":{"rendered":"Chiapas, Guerreo y Oaxaca entidades con mayor \u00edndice de pobreza extrema"},"content":{"rendered":"<p>Seg\u00fan el INEGI*, M\u00e9xico en 2020 contaba con <strong>una poblaci\u00f3n de 126,014,024 millones de personas,<\/strong>\u00a0de los cuales, el grado promedio de escolaridad de 15 a\u00f1os y m\u00e1s es del 9.7 y 7,177,185 millones de 5 a\u00f1os y m\u00e1s son hablante de lengua ind\u00edgena.<\/p>\n<p>Asimismo, el CONEVAL** se\u00f1ala que, en 2020, <strong>los municipios con mayor porcentaje de poblaci\u00f3n en situaci\u00f3n de pobreza extrema se localizaron en las entidades de Oaxaca, Chiapas y Guerrero, <\/strong>m\u00e1s espec\u00edficamente se distinguen regiones como El Nayar (hogar de los pueblos Cora y Huichol en Nayarit), la Tarahumara, Altos de Chiapas y la Mixteca (Oaxaca, Puebla y Guerrero)<\/p>\n<p><strong>Estas comunidades que viven en situaci\u00f3n de pobreza y pobreza extrema, no han podido salir de esta din\u00e1mica, <\/strong>una de las razones, es que las autoridades gubernamentales no han podido ayudar de forma real. \u00a0Sin embargo, han surgido instituciones que se preocupan y ocupan por resolver este tipo de problem\u00e1tica social y econ\u00f3mica para dar mejor calidad de vida.<\/p>\n<p><strong><b>Fondo para la Paz IAP,<\/b><\/strong>\u00a0es una Agencia de Desarrollo creada en 1994 para contribuir a mejorar las condiciones de vida de las localidades, rurales predominantemente ind\u00edgenas de forma sostenible, ampliando sus capacidad y oportunidades de m\u00e1s de 100 comunidades, con la colaboraci\u00f3n de sus mismos habilitantes, instituciones, empresas y gobierno, sembrando la de semilla para cosechar los cambios de forma sostenible.<\/p>\n<p><strong>Esto lo logran a trav\u00e9s de tres ejes de acci\u00f3n:<\/strong><strong>\u00a0<\/strong><\/p>\n<ol>\n<li>Generaci\u00f3n de conocimientos<\/li>\n<li>Mejora de condiciones de vida<\/li>\n<li>Organizaci\u00f3n Comunitaria.<\/li>\n<\/ol>\n<p>Para facilitar proceso de desarrollo que consolidan, cohesionan y crean capacidades autogestivas.<\/p>\n<p><strong>La capacitaci\u00f3n va dirigida a: <\/strong><\/p>\n<ul>\n<li>Medio ambiente,<\/li>\n<li>Derechos humanos,<\/li>\n<li>Agua y saneamiento,<\/li>\n<li>Microemprendimientos,<\/li>\n<li>Capacidades para la vida,<\/li>\n<li>Empoderamiento de la mujer, como eje de la familia<\/li>\n<\/ul>\n<p>Resultados positivos que logran mejoramiento en la vida de estas comunidades, que sin el apoyo de Agencias como Fondo para la Paz no lo lograr\u00edan<\/p>\n<ol>\n<li>Desarrollo de Proyectos Participativos beneficiando a m\u00e1s de 40,000 personas en 8 grupos en 5 Estados de la Rep\u00fablica.<\/li>\n<li>Mejora en las condiciones de vida contando con acceso al agua, juventudes participando en espacios escolares mejorados, mejores ingresos<\/li>\n<li>Aprovechamiento de los recursos naturales, con la siembra de \u00e1rboles, tratamiento de aguas residuales, siembra de para autosustento y venta.<\/li>\n<li>Potencializaci\u00f3n de habilidades en esas comunidades en condiciones de respeto.<\/li>\n<\/ol>\n<p>Logrado estas capacidades, van trabajando con otras comunidades que est\u00e1n en estas condiciones, integrando y gestionando la colaboraci\u00f3n de los miembros de la comunicad a beneficiar y a otros actores, como gobierno, empresas, entre otras.<\/p>\n","protected":false},"excerpt":{"rendered":"<p>Seg\u00fan el INEGI*, M\u00e9xico en 2020 contaba con una poblaci\u00f3n de 126,014,024 millones de personas,\u00a0de los cuales, el grado promedio de escolaridad de 15 a\u00f1os y m\u00e1s es del 9.7 y 7,177,185 millones de 5 a\u00f1os y m\u00e1s son hablante de lengua ind\u00edgena. Asimismo, el CONEVAL** se\u00f1ala que, en 2020, los municipios con mayor porcentaje [&hellip;]<\/p>\n","protected":false},"author":27,"featured_media":1051,"comment_status":"open","ping_status":"closed","sticky":false,"template":"","format":"standard","meta":{"footnotes":""},"categories":[6],"tags":[],"class_list":["post-1050","post","type-post","status-publish","format-standard","has-post-thumbnail","hentry","category-noticias"],"yoast_head":"<!-- This site is optimized with the Yoast SEO plugin v27.5 - https:\/\/yoast.com\/product\/yoast-seo-wordpress\/ -->\n<title>Chiapas, Guerreo y Oaxaca entidades con mayor \u00edndice de pobreza extrema - Historias que inspiran...<\/title>\n<meta name=\"robots\" content=\"index, follow, max-snippet:-1, max-image-preview:large, max-video-preview:-1\" \/>\n<link rel=\"canonical\" href=\"https:\/\/somos-hermanos.mx\/index.php\/2025\/08\/04\/chiapas-guerreo-y-oaxaca-entidades-con-mayor-indice-de-pobreza-extrema\/\" \/>\n<meta property=\"og:locale\" content=\"es_MX\" \/>\n<meta property=\"og:type\" content=\"article\" \/>\n<meta property=\"og:title\" content=\"Chiapas, Guerreo y Oaxaca entidades con mayor \u00edndice de pobreza extrema - Historias que inspiran...\" \/>\n<meta property=\"og:description\" content=\"Seg\u00fan el INEGI*, M\u00e9xico en 2020 contaba con una poblaci\u00f3n de 126,014,024 millones de personas,\u00a0de los cuales, el grado promedio de escolaridad de 15 a\u00f1os y m\u00e1s es del 9.7 y 7,177,185 millones de 5 a\u00f1os y m\u00e1s son hablante de lengua ind\u00edgena. Asimismo, el CONEVAL** se\u00f1ala que, en 2020, los municipios con mayor porcentaje [&hellip;]\" \/>\n<meta property=\"og:url\" content=\"https:\/\/somos-hermanos.mx\/index.php\/2025\/08\/04\/chiapas-guerreo-y-oaxaca-entidades-con-mayor-indice-de-pobreza-extrema\/\" \/>\n<meta property=\"og:site_name\" content=\"Historias que inspiran...\" \/>\n<meta property=\"article:publisher\" content=\"https:\/\/www.facebook.com\/SomosHermanosIAP\/\" \/>\n<meta property=\"article:published_time\" content=\"2025-08-04T10:22:34+00:00\" \/>\n<meta property=\"og:image\" content=\"https:\/\/somos-hermanos.mx\/wp-content\/uploads\/2025\/08\/lapaz2.jpeg\" \/>\n\t<meta property=\"og:image:width\" content=\"1080\" \/>\n\t<meta property=\"og:image:height\" content=\"1346\" \/>\n\t<meta property=\"og:image:type\" content=\"image\/jpeg\" \/>\n<meta name=\"author\" content=\"Beatriz Chora Guzm\u00e1n\" \/>\n<meta name=\"twitter:card\" content=\"summary_large_image\" \/>\n<meta name=\"twitter:creator\" content=\"@Somos__Hermanos\" \/>\n<meta name=\"twitter:site\" content=\"@Somos__Hermanos\" \/>\n<meta name=\"twitter:label1\" content=\"Escrito por\" \/>\n\t<meta name=\"twitter:data1\" content=\"Beatriz Chora Guzm\u00e1n\" \/>\n\t<meta name=\"twitter:label2\" content=\"Tiempo de lectura\" \/>\n\t<meta name=\"twitter:data2\" content=\"3 minutos\" \/>\n<script type=\"application\/ld+json\" class=\"yoast-schema-graph\">{\"@context\":\"https:\\\/\\\/schema.org\",\"@graph\":[{\"@type\":\"Article\",\"@id\":\"https:\\\/\\\/somos-hermanos.mx\\\/index.php\\\/2025\\\/08\\\/04\\\/chiapas-guerreo-y-oaxaca-entidades-con-mayor-indice-de-pobreza-extrema\\\/#article\",\"isPartOf\":{\"@id\":\"https:\\\/\\\/somos-hermanos.mx\\\/index.php\\\/2025\\\/08\\\/04\\\/chiapas-guerreo-y-oaxaca-entidades-con-mayor-indice-de-pobreza-extrema\\\/\"},\"author\":{\"name\":\"Beatriz Chora Guzm\u00e1n\",\"@id\":\"https:\\\/\\\/somos-hermanos.mx\\\/#\\\/schema\\\/person\\\/b19b77952ccfcc29216b64875087fd1d\"},\"headline\":\"Chiapas, Guerreo y Oaxaca entidades con mayor \u00edndice de pobreza extrema\",\"datePublished\":\"2025-08-04T10:22:34+00:00\",\"mainEntityOfPage\":{\"@id\":\"https:\\\/\\\/somos-hermanos.mx\\\/index.php\\\/2025\\\/08\\\/04\\\/chiapas-guerreo-y-oaxaca-entidades-con-mayor-indice-de-pobreza-extrema\\\/\"},\"wordCount\":439,\"commentCount\":0,\"publisher\":{\"@id\":\"https:\\\/\\\/somos-hermanos.mx\\\/#organization\"},\"image\":{\"@id\":\"https:\\\/\\\/somos-hermanos.mx\\\/index.php\\\/2025\\\/08\\\/04\\\/chiapas-guerreo-y-oaxaca-entidades-con-mayor-indice-de-pobreza-extrema\\\/#primaryimage\"},\"thumbnailUrl\":\"https:\\\/\\\/somos-hermanos.mx\\\/wp-content\\\/uploads\\\/2025\\\/08\\\/lapaz2.jpeg\",\"articleSection\":[\"Noticias\"],\"inLanguage\":\"es\",\"potentialAction\":[{\"@type\":\"CommentAction\",\"name\":\"Comment\",\"target\":[\"https:\\\/\\\/somos-hermanos.mx\\\/index.php\\\/2025\\\/08\\\/04\\\/chiapas-guerreo-y-oaxaca-entidades-con-mayor-indice-de-pobreza-extrema\\\/#respond\"]}]},{\"@type\":\"WebPage\",\"@id\":\"https:\\\/\\\/somos-hermanos.mx\\\/index.php\\\/2025\\\/08\\\/04\\\/chiapas-guerreo-y-oaxaca-entidades-con-mayor-indice-de-pobreza-extrema\\\/\",\"url\":\"https:\\\/\\\/somos-hermanos.mx\\\/index.php\\\/2025\\\/08\\\/04\\\/chiapas-guerreo-y-oaxaca-entidades-con-mayor-indice-de-pobreza-extrema\\\/\",\"name\":\"Chiapas, Guerreo y Oaxaca entidades con mayor \u00edndice de pobreza extrema - Historias que inspiran...\",\"isPartOf\":{\"@id\":\"https:\\\/\\\/somos-hermanos.mx\\\/#website\"},\"primaryImageOfPage\":{\"@id\":\"https:\\\/\\\/somos-hermanos.mx\\\/index.php\\\/2025\\\/08\\\/04\\\/chiapas-guerreo-y-oaxaca-entidades-con-mayor-indice-de-pobreza-extrema\\\/#primaryimage\"},\"image\":{\"@id\":\"https:\\\/\\\/somos-hermanos.mx\\\/index.php\\\/2025\\\/08\\\/04\\\/chiapas-guerreo-y-oaxaca-entidades-con-mayor-indice-de-pobreza-extrema\\\/#primaryimage\"},\"thumbnailUrl\":\"https:\\\/\\\/somos-hermanos.mx\\\/wp-content\\\/uploads\\\/2025\\\/08\\\/lapaz2.jpeg\",\"datePublished\":\"2025-08-04T10:22:34+00:00\",\"breadcrumb\":{\"@id\":\"https:\\\/\\\/somos-hermanos.mx\\\/index.php\\\/2025\\\/08\\\/04\\\/chiapas-guerreo-y-oaxaca-entidades-con-mayor-indice-de-pobreza-extrema\\\/#breadcrumb\"},\"inLanguage\":\"es\",\"potentialAction\":[{\"@type\":\"ReadAction\",\"target\":[\"https:\\\/\\\/somos-hermanos.mx\\\/index.php\\\/2025\\\/08\\\/04\\\/chiapas-guerreo-y-oaxaca-entidades-con-mayor-indice-de-pobreza-extrema\\\/\"]}]},{\"@type\":\"ImageObject\",\"inLanguage\":\"es\",\"@id\":\"https:\\\/\\\/somos-hermanos.mx\\\/index.php\\\/2025\\\/08\\\/04\\\/chiapas-guerreo-y-oaxaca-entidades-con-mayor-indice-de-pobreza-extrema\\\/#primaryimage\",\"url\":\"https:\\\/\\\/somos-hermanos.mx\\\/wp-content\\\/uploads\\\/2025\\\/08\\\/lapaz2.jpeg\",\"contentUrl\":\"https:\\\/\\\/somos-hermanos.mx\\\/wp-content\\\/uploads\\\/2025\\\/08\\\/lapaz2.jpeg\",\"width\":1080,\"height\":1346},{\"@type\":\"BreadcrumbList\",\"@id\":\"https:\\\/\\\/somos-hermanos.mx\\\/index.php\\\/2025\\\/08\\\/04\\\/chiapas-guerreo-y-oaxaca-entidades-con-mayor-indice-de-pobreza-extrema\\\/#breadcrumb\",\"itemListElement\":[{\"@type\":\"ListItem\",\"position\":1,\"name\":\"Inicio\",\"item\":\"https:\\\/\\\/somos-hermanos.mx\\\/\"},{\"@type\":\"ListItem\",\"position\":2,\"name\":\"Chiapas, Guerreo y Oaxaca entidades con mayor \u00edndice de pobreza extrema\"}]},{\"@type\":\"WebSite\",\"@id\":\"https:\\\/\\\/somos-hermanos.mx\\\/#website\",\"url\":\"https:\\\/\\\/somos-hermanos.mx\\\/\",\"name\":\"Historias que inspiran...\",\"description\":\"Somos la voz del altruismo en M\u00e9xico\",\"publisher\":{\"@id\":\"https:\\\/\\\/somos-hermanos.mx\\\/#organization\"},\"potentialAction\":[{\"@type\":\"SearchAction\",\"target\":{\"@type\":\"EntryPoint\",\"urlTemplate\":\"https:\\\/\\\/somos-hermanos.mx\\\/?s={search_term_string}\"},\"query-input\":{\"@type\":\"PropertyValueSpecification\",\"valueRequired\":true,\"valueName\":\"search_term_string\"}}],\"inLanguage\":\"es\"},{\"@type\":\"Organization\",\"@id\":\"https:\\\/\\\/somos-hermanos.mx\\\/#organization\",\"name\":\"Somos Hermanos\",\"url\":\"https:\\\/\\\/somos-hermanos.mx\\\/\",\"logo\":{\"@type\":\"ImageObject\",\"inLanguage\":\"es\",\"@id\":\"https:\\\/\\\/somos-hermanos.mx\\\/#\\\/schema\\\/logo\\\/image\\\/\",\"url\":\"https:\\\/\\\/somos-hermanos.mx\\\/wp-content\\\/uploads\\\/2025\\\/08\\\/SH30-1.jpeg\",\"contentUrl\":\"https:\\\/\\\/somos-hermanos.mx\\\/wp-content\\\/uploads\\\/2025\\\/08\\\/SH30-1.jpeg\",\"width\":1600,\"height\":1142,\"caption\":\"Somos Hermanos\"},\"image\":{\"@id\":\"https:\\\/\\\/somos-hermanos.mx\\\/#\\\/schema\\\/logo\\\/image\\\/\"},\"sameAs\":[\"https:\\\/\\\/www.facebook.com\\\/SomosHermanosIAP\\\/\",\"https:\\\/\\\/x.com\\\/Somos__Hermanos\",\"https:\\\/\\\/www.instagram.com\\\/somos__hermanos\\\/#\",\"https:\\\/\\\/www.tiktok.com\\\/@somoshermanosiap\",\"https:\\\/\\\/www.youtube.com\\\/@somoshermanosiap1201\\\/videos\"]},{\"@type\":\"Person\",\"@id\":\"https:\\\/\\\/somos-hermanos.mx\\\/#\\\/schema\\\/person\\\/b19b77952ccfcc29216b64875087fd1d\",\"name\":\"Beatriz Chora Guzm\u00e1n\",\"image\":{\"@type\":\"ImageObject\",\"inLanguage\":\"es\",\"@id\":\"https:\\\/\\\/secure.gravatar.com\\\/avatar\\\/989d787ee1763c8a47386fa8fc7a28b2ca0543ace37e917230a50f8165df7e6c?s=96&d=mm&r=g\",\"url\":\"https:\\\/\\\/secure.gravatar.com\\\/avatar\\\/989d787ee1763c8a47386fa8fc7a28b2ca0543ace37e917230a50f8165df7e6c?s=96&d=mm&r=g\",\"contentUrl\":\"https:\\\/\\\/secure.gravatar.com\\\/avatar\\\/989d787ee1763c8a47386fa8fc7a28b2ca0543ace37e917230a50f8165df7e6c?s=96&d=mm&r=g\",\"caption\":\"Beatriz Chora Guzm\u00e1n\"},\"url\":\"https:\\\/\\\/somos-hermanos.mx\\\/index.php\\\/author\\\/beatriz-chora-guzman\\\/\"}]}<\/script>\n<!-- \/ Yoast SEO plugin. -->","yoast_head_json":{"title":"Chiapas, Guerreo y Oaxaca entidades con mayor \u00edndice de pobreza extrema - Historias que inspiran...","robots":{"index":"index","follow":"follow","max-snippet":"max-snippet:-1","max-image-preview":"max-image-preview:large","max-video-preview":"max-video-preview:-1"},"canonical":"https:\/\/somos-hermanos.mx\/index.php\/2025\/08\/04\/chiapas-guerreo-y-oaxaca-entidades-con-mayor-indice-de-pobreza-extrema\/","og_locale":"es_MX","og_type":"article","og_title":"Chiapas, Guerreo y Oaxaca entidades con mayor \u00edndice de pobreza extrema - Historias que inspiran...","og_description":"Seg\u00fan el INEGI*, M\u00e9xico en 2020 contaba con una poblaci\u00f3n de 126,014,024 millones de personas,\u00a0de los cuales, el grado promedio de escolaridad de 15 a\u00f1os y m\u00e1s es del 9.7 y 7,177,185 millones de 5 a\u00f1os y m\u00e1s son hablante de lengua ind\u00edgena. Asimismo, el CONEVAL** se\u00f1ala que, en 2020, los municipios con mayor porcentaje [&hellip;]","og_url":"https:\/\/somos-hermanos.mx\/index.php\/2025\/08\/04\/chiapas-guerreo-y-oaxaca-entidades-con-mayor-indice-de-pobreza-extrema\/","og_site_name":"Historias que inspiran...","article_publisher":"https:\/\/www.facebook.com\/SomosHermanosIAP\/","article_published_time":"2025-08-04T10:22:34+00:00","og_image":[{"width":1080,"height":1346,"url":"https:\/\/somos-hermanos.mx\/wp-content\/uploads\/2025\/08\/lapaz2.jpeg","type":"image\/jpeg"}],"author":"Beatriz Chora Guzm\u00e1n","twitter_card":"summary_large_image","twitter_creator":"@Somos__Hermanos","twitter_site":"@Somos__Hermanos","twitter_misc":{"Escrito por":"Beatriz Chora Guzm\u00e1n","Tiempo de lectura":"3 minutos"},"schema":{"@context":"https:\/\/schema.org","@graph":[{"@type":"Article","@id":"https:\/\/somos-hermanos.mx\/index.php\/2025\/08\/04\/chiapas-guerreo-y-oaxaca-entidades-con-mayor-indice-de-pobreza-extrema\/#article","isPartOf":{"@id":"https:\/\/somos-hermanos.mx\/index.php\/2025\/08\/04\/chiapas-guerreo-y-oaxaca-entidades-con-mayor-indice-de-pobreza-extrema\/"},"author":{"name":"Beatriz Chora Guzm\u00e1n","@id":"https:\/\/somos-hermanos.mx\/#\/schema\/person\/b19b77952ccfcc29216b64875087fd1d"},"headline":"Chiapas, Guerreo y Oaxaca entidades con mayor \u00edndice de pobreza extrema","datePublished":"2025-08-04T10:22:34+00:00","mainEntityOfPage":{"@id":"https:\/\/somos-hermanos.mx\/index.php\/2025\/08\/04\/chiapas-guerreo-y-oaxaca-entidades-con-mayor-indice-de-pobreza-extrema\/"},"wordCount":439,"commentCount":0,"publisher":{"@id":"https:\/\/somos-hermanos.mx\/#organization"},"image":{"@id":"https:\/\/somos-hermanos.mx\/index.php\/2025\/08\/04\/chiapas-guerreo-y-oaxaca-entidades-con-mayor-indice-de-pobreza-extrema\/#primaryimage"},"thumbnailUrl":"https:\/\/somos-hermanos.mx\/wp-content\/uploads\/2025\/08\/lapaz2.jpeg","articleSection":["Noticias"],"inLanguage":"es","potentialAction":[{"@type":"CommentAction","name":"Comment","target":["https:\/\/somos-hermanos.mx\/index.php\/2025\/08\/04\/chiapas-guerreo-y-oaxaca-entidades-con-mayor-indice-de-pobreza-extrema\/#respond"]}]},{"@type":"WebPage","@id":"https:\/\/somos-hermanos.mx\/index.php\/2025\/08\/04\/chiapas-guerreo-y-oaxaca-entidades-con-mayor-indice-de-pobreza-extrema\/","url":"https:\/\/somos-hermanos.mx\/index.php\/2025\/08\/04\/chiapas-guerreo-y-oaxaca-entidades-con-mayor-indice-de-pobreza-extrema\/","name":"Chiapas, Guerreo y Oaxaca entidades con mayor \u00edndice de pobreza extrema - Historias que inspiran...","isPartOf":{"@id":"https:\/\/somos-hermanos.mx\/#website"},"primaryImageOfPage":{"@id":"https:\/\/somos-hermanos.mx\/index.php\/2025\/08\/04\/chiapas-guerreo-y-oaxaca-entidades-con-mayor-indice-de-pobreza-extrema\/#primaryimage"},"image":{"@id":"https:\/\/somos-hermanos.mx\/index.php\/2025\/08\/04\/chiapas-guerreo-y-oaxaca-entidades-con-mayor-indice-de-pobreza-extrema\/#primaryimage"},"thumbnailUrl":"https:\/\/somos-hermanos.mx\/wp-content\/uploads\/2025\/08\/lapaz2.jpeg","datePublished":"2025-08-04T10:22:34+00:00","breadcrumb":{"@id":"https:\/\/somos-hermanos.mx\/index.php\/2025\/08\/04\/chiapas-guerreo-y-oaxaca-entidades-con-mayor-indice-de-pobreza-extrema\/#breadcrumb"},"inLanguage":"es","potentialAction":[{"@type":"ReadAction","target":["https:\/\/somos-hermanos.mx\/index.php\/2025\/08\/04\/chiapas-guerreo-y-oaxaca-entidades-con-mayor-indice-de-pobreza-extrema\/"]}]},{"@type":"ImageObject","inLanguage":"es","@id":"https:\/\/somos-hermanos.mx\/index.php\/2025\/08\/04\/chiapas-guerreo-y-oaxaca-entidades-con-mayor-indice-de-pobreza-extrema\/#primaryimage","url":"https:\/\/somos-hermanos.mx\/wp-content\/uploads\/2025\/08\/lapaz2.jpeg","contentUrl":"https:\/\/somos-hermanos.mx\/wp-content\/uploads\/2025\/08\/lapaz2.jpeg","width":1080,"height":1346},{"@type":"BreadcrumbList","@id":"https:\/\/somos-hermanos.mx\/index.php\/2025\/08\/04\/chiapas-guerreo-y-oaxaca-entidades-con-mayor-indice-de-pobreza-extrema\/#breadcrumb","itemListElement":[{"@type":"ListItem","position":1,"name":"Inicio","item":"https:\/\/somos-hermanos.mx\/"},{"@type":"ListItem","position":2,"name":"Chiapas, Guerreo y Oaxaca entidades con mayor \u00edndice de pobreza extrema"}]},{"@type":"WebSite","@id":"https:\/\/somos-hermanos.mx\/#website","url":"https:\/\/somos-hermanos.mx\/","name":"Historias que inspiran...","description":"Somos la voz del altruismo en M\u00e9xico","publisher":{"@id":"https:\/\/somos-hermanos.mx\/#organization"},"potentialAction":[{"@type":"SearchAction","target":{"@type":"EntryPoint","urlTemplate":"https:\/\/somos-hermanos.mx\/?s={search_term_string}"},"query-input":{"@type":"PropertyValueSpecification","valueRequired":true,"valueName":"search_term_string"}}],"inLanguage":"es"},{"@type":"Organization","@id":"https:\/\/somos-hermanos.mx\/#organization","name":"Somos Hermanos","url":"https:\/\/somos-hermanos.mx\/","logo":{"@type":"ImageObject","inLanguage":"es","@id":"https:\/\/somos-hermanos.mx\/#\/schema\/logo\/image\/","url":"https:\/\/somos-hermanos.mx\/wp-content\/uploads\/2025\/08\/SH30-1.jpeg","contentUrl":"https:\/\/somos-hermanos.mx\/wp-content\/uploads\/2025\/08\/SH30-1.jpeg","width":1600,"height":1142,"caption":"Somos Hermanos"},"image":{"@id":"https:\/\/somos-hermanos.mx\/#\/schema\/logo\/image\/"},"sameAs":["https:\/\/www.facebook.com\/SomosHermanosIAP\/","https:\/\/x.com\/Somos__Hermanos","https:\/\/www.instagram.com\/somos__hermanos\/#","https:\/\/www.tiktok.com\/@somoshermanosiap","https:\/\/www.youtube.com\/@somoshermanosiap1201\/videos"]},{"@type":"Person","@id":"https:\/\/somos-hermanos.mx\/#\/schema\/person\/b19b77952ccfcc29216b64875087fd1d","name":"Beatriz Chora Guzm\u00e1n","image":{"@type":"ImageObject","inLanguage":"es","@id":"https:\/\/secure.gravatar.com\/avatar\/989d787ee1763c8a47386fa8fc7a28b2ca0543ace37e917230a50f8165df7e6c?s=96&d=mm&r=g","url":"https:\/\/secure.gravatar.com\/avatar\/989d787ee1763c8a47386fa8fc7a28b2ca0543ace37e917230a50f8165df7e6c?s=96&d=mm&r=g","contentUrl":"https:\/\/secure.gravatar.com\/avatar\/989d787ee1763c8a47386fa8fc7a28b2ca0543ace37e917230a50f8165df7e6c?s=96&d=mm&r=g","caption":"Beatriz Chora Guzm\u00e1n"},"url":"https:\/\/somos-hermanos.mx\/index.php\/author\/beatriz-chora-guzman\/"}]}},"_links":{"self":[{"href":"https:\/\/somos-hermanos.mx\/index.php\/wp-json\/wp\/v2\/posts\/1050","targetHints":{"allow":["GET"]}}],"collection":[{"href":"https:\/\/somos-hermanos.mx\/index.php\/wp-json\/wp\/v2\/posts"}],"about":[{"href":"https:\/\/somos-hermanos.mx\/index.php\/wp-json\/wp\/v2\/types\/post"}],"author":[{"embeddable":true,"href":"https:\/\/somos-hermanos.mx\/index.php\/wp-json\/wp\/v2\/users\/27"}],"replies":[{"embeddable":true,"href":"https:\/\/somos-hermanos.mx\/index.php\/wp-json\/wp\/v2\/comments?post=1050"}],"version-history":[{"count":1,"href":"https:\/\/somos-hermanos.mx\/index.php\/wp-json\/wp\/v2\/posts\/1050\/revisions"}],"predecessor-version":[{"id":1052,"href":"https:\/\/somos-hermanos.mx\/index.php\/wp-json\/wp\/v2\/posts\/1050\/revisions\/1052"}],"wp:featuredmedia":[{"embeddable":true,"href":"https:\/\/somos-hermanos.mx\/index.php\/wp-json\/wp\/v2\/media\/1051"}],"wp:attachment":[{"href":"https:\/\/somos-hermanos.mx\/index.php\/wp-json\/wp\/v2\/media?parent=1050"}],"wp:term":[{"taxonomy":"category","embeddable":true,"href":"https:\/\/somos-hermanos.mx\/index.php\/wp-json\/wp\/v2\/categories?post=1050"},{"taxonomy":"post_tag","embeddable":true,"href":"https:\/\/somos-hermanos.mx\/index.php\/wp-json\/wp\/v2\/tags?post=1050"}],"curies":[{"name":"wp","href":"https:\/\/api.w.org\/{rel}","templated":true}]}}