{"id":1047,"date":"2025-08-04T04:20:36","date_gmt":"2025-08-04T10:20:36","guid":{"rendered":"https:\/\/somos-hermanos.mx\/?p=1047"},"modified":"2025-08-04T04:20:36","modified_gmt":"2025-08-04T10:20:36","slug":"fundacion-integra-22-anos-cambiando-vidas-en-ciudad-juarez","status":"publish","type":"post","link":"https:\/\/somos-hermanos.mx\/index.php\/2025\/08\/04\/fundacion-integra-22-anos-cambiando-vidas-en-ciudad-juarez\/","title":{"rendered":"Fundaci\u00f3n Integra: 22 a\u00f1os cambiando vidas en Ciudad Ju\u00e1rez"},"content":{"rendered":"<p>La Fundaci\u00f3n Integra AC nace en 2002 como una respuesta a la necesidad de contar con un espacio especializado para la atenci\u00f3n de personas con discapacidad en Ciudad Ju\u00e1rez.<\/p>\n<p>Desde entonces, <strong>ha trabajado de manera ininterrumpida por m\u00e1s de 22 a\u00f1os, brindando servicios profesionales que mejoran la calidad de vida de sus beneficiarios.<\/strong><\/p>\n<p>Su misi\u00f3n es <strong>promover la rehabilitaci\u00f3n integral de personas con discapacidad, <\/strong>fomentando el desarrollo de su potencial humano y su integraci\u00f3n plena a la sociedad.<\/p>\n<p>Esto se realiza de manera directa o mediante alianzas con instituciones y organismos no lucrativos autorizados para recibir donativos deducibles, inscritos en el Registro Nacional de Organizaciones de la Sociedad Civil.<\/p>\n<p><strong>En Ciudad Ju\u00e1rez existen m\u00e1s de 200 mil personas con alg\u00fan tipo de discapacidad. <\/strong>Fundaci\u00f3n Integra responde a esta realidad con programas y servicios de la m\u00e1s alta calidad, dise\u00f1ados por terapeutas y profesionales especializados en discapacidad.<\/p>\n<p>Sus instalaciones est\u00e1n adaptadas para convertirse en un entorno seguro y de desarrollo para las personas atendidas, as\u00ed como para sus familias.<\/p>\n<p>Adem\u00e1s de la atenci\u00f3n terap\u00e9utica y m\u00e9dica, <strong>Fundaci\u00f3n Integra impulsa la cultura del respeto, la aceptaci\u00f3n y la integraci\u00f3n social de las personas con discapacidad.<\/strong>\u00a0Promueve la educaci\u00f3n de la sociedad civil en torno a estos valores, generando conciencia sobre la importancia de la inclusi\u00f3n y la equidad.<\/p>\n<p>Hoy m\u00e1s que nunca, Fundaci\u00f3n Integra necesita del compromiso de quienes creen en una sociedad m\u00e1s justa, emp\u00e1tica e incluyente. Tu apoyo puede marcar una diferencia real en la vida de quienes enfrentan diariamente barreras f\u00edsicas, sociales y emocionales.<\/p>\n<p>Al realizar un donativo, te conviertes en parte activa de una red que brinda esperanza, rehabilitaci\u00f3n y nuevas oportunidades.<\/p>\n<p>Cada aportaci\u00f3n ayuda a sostener programas especializados, mantener espacios dignos y seguir transformando vidas. S\u00famate, comparte y apoya: juntos podemos construir una comunidad donde nadie quede fuera.<\/p>\n","protected":false},"excerpt":{"rendered":"<p>La Fundaci\u00f3n Integra AC nace en 2002 como una respuesta a la necesidad de contar con un espacio especializado para la atenci\u00f3n de personas con discapacidad en Ciudad Ju\u00e1rez. Desde entonces, ha trabajado de manera ininterrumpida por m\u00e1s de 22 a\u00f1os, brindando servicios profesionales que mejoran la calidad de vida de sus beneficiarios. Su misi\u00f3n [&hellip;]<\/p>\n","protected":false},"author":16,"featured_media":1048,"comment_status":"open","ping_status":"closed","sticky":false,"template":"","format":"standard","meta":{"footnotes":""},"categories":[6],"tags":[],"class_list":["post-1047","post","type-post","status-publish","format-standard","has-post-thumbnail","hentry","category-noticias"],"yoast_head":"<!-- This site is optimized with the Yoast SEO plugin v27.5 - https:\/\/yoast.com\/product\/yoast-seo-wordpress\/ -->\n<title>Fundaci\u00f3n Integra: 22 a\u00f1os cambiando vidas en Ciudad Ju\u00e1rez - Historias que inspiran...<\/title>\n<meta name=\"robots\" content=\"index, follow, max-snippet:-1, max-image-preview:large, max-video-preview:-1\" \/>\n<link rel=\"canonical\" href=\"https:\/\/somos-hermanos.mx\/index.php\/2025\/08\/04\/fundacion-integra-22-anos-cambiando-vidas-en-ciudad-juarez\/\" \/>\n<meta property=\"og:locale\" content=\"es_MX\" \/>\n<meta property=\"og:type\" content=\"article\" \/>\n<meta property=\"og:title\" content=\"Fundaci\u00f3n Integra: 22 a\u00f1os cambiando vidas en Ciudad Ju\u00e1rez - Historias que inspiran...\" \/>\n<meta property=\"og:description\" content=\"La Fundaci\u00f3n Integra AC nace en 2002 como una respuesta a la necesidad de contar con un espacio especializado para la atenci\u00f3n de personas con discapacidad en Ciudad Ju\u00e1rez. Desde entonces, ha trabajado de manera ininterrumpida por m\u00e1s de 22 a\u00f1os, brindando servicios profesionales que mejoran la calidad de vida de sus beneficiarios. Su misi\u00f3n [&hellip;]\" \/>\n<meta property=\"og:url\" content=\"https:\/\/somos-hermanos.mx\/index.php\/2025\/08\/04\/fundacion-integra-22-anos-cambiando-vidas-en-ciudad-juarez\/\" \/>\n<meta property=\"og:site_name\" content=\"Historias que inspiran...\" \/>\n<meta property=\"article:publisher\" content=\"https:\/\/www.facebook.com\/SomosHermanosIAP\/\" \/>\n<meta property=\"article:published_time\" content=\"2025-08-04T10:20:36+00:00\" \/>\n<meta property=\"og:image\" content=\"https:\/\/somos-hermanos.mx\/wp-content\/uploads\/2025\/08\/integra1.jpeg\" \/>\n\t<meta property=\"og:image:width\" content=\"1600\" \/>\n\t<meta property=\"og:image:height\" content=\"1200\" \/>\n\t<meta property=\"og:image:type\" content=\"image\/jpeg\" \/>\n<meta name=\"author\" content=\"Jorge Plascencia Gonz\u00e1lez\" \/>\n<meta name=\"twitter:card\" content=\"summary_large_image\" \/>\n<meta name=\"twitter:creator\" content=\"@Somos__Hermanos\" \/>\n<meta name=\"twitter:site\" content=\"@Somos__Hermanos\" \/>\n<meta name=\"twitter:label1\" content=\"Escrito por\" \/>\n\t<meta name=\"twitter:data1\" content=\"Jorge Plascencia Gonz\u00e1lez\" \/>\n\t<meta name=\"twitter:label2\" content=\"Tiempo de lectura\" \/>\n\t<meta name=\"twitter:data2\" content=\"2 minutos\" \/>\n<script type=\"application\/ld+json\" class=\"yoast-schema-graph\">{\"@context\":\"https:\\\/\\\/schema.org\",\"@graph\":[{\"@type\":\"Article\",\"@id\":\"https:\\\/\\\/somos-hermanos.mx\\\/index.php\\\/2025\\\/08\\\/04\\\/fundacion-integra-22-anos-cambiando-vidas-en-ciudad-juarez\\\/#article\",\"isPartOf\":{\"@id\":\"https:\\\/\\\/somos-hermanos.mx\\\/index.php\\\/2025\\\/08\\\/04\\\/fundacion-integra-22-anos-cambiando-vidas-en-ciudad-juarez\\\/\"},\"author\":{\"name\":\"Jorge Plascencia Gonz\u00e1lez\",\"@id\":\"https:\\\/\\\/somos-hermanos.mx\\\/#\\\/schema\\\/person\\\/310a45203a309f04e24f754c2ffd78b2\"},\"headline\":\"Fundaci\u00f3n Integra: 22 a\u00f1os cambiando vidas en Ciudad Ju\u00e1rez\",\"datePublished\":\"2025-08-04T10:20:36+00:00\",\"mainEntityOfPage\":{\"@id\":\"https:\\\/\\\/somos-hermanos.mx\\\/index.php\\\/2025\\\/08\\\/04\\\/fundacion-integra-22-anos-cambiando-vidas-en-ciudad-juarez\\\/\"},\"wordCount\":341,\"commentCount\":0,\"publisher\":{\"@id\":\"https:\\\/\\\/somos-hermanos.mx\\\/#organization\"},\"image\":{\"@id\":\"https:\\\/\\\/somos-hermanos.mx\\\/index.php\\\/2025\\\/08\\\/04\\\/fundacion-integra-22-anos-cambiando-vidas-en-ciudad-juarez\\\/#primaryimage\"},\"thumbnailUrl\":\"https:\\\/\\\/somos-hermanos.mx\\\/wp-content\\\/uploads\\\/2025\\\/08\\\/integra1.jpeg\",\"articleSection\":[\"Noticias\"],\"inLanguage\":\"es\",\"potentialAction\":[{\"@type\":\"CommentAction\",\"name\":\"Comment\",\"target\":[\"https:\\\/\\\/somos-hermanos.mx\\\/index.php\\\/2025\\\/08\\\/04\\\/fundacion-integra-22-anos-cambiando-vidas-en-ciudad-juarez\\\/#respond\"]}]},{\"@type\":\"WebPage\",\"@id\":\"https:\\\/\\\/somos-hermanos.mx\\\/index.php\\\/2025\\\/08\\\/04\\\/fundacion-integra-22-anos-cambiando-vidas-en-ciudad-juarez\\\/\",\"url\":\"https:\\\/\\\/somos-hermanos.mx\\\/index.php\\\/2025\\\/08\\\/04\\\/fundacion-integra-22-anos-cambiando-vidas-en-ciudad-juarez\\\/\",\"name\":\"Fundaci\u00f3n Integra: 22 a\u00f1os cambiando vidas en Ciudad Ju\u00e1rez - Historias que inspiran...\",\"isPartOf\":{\"@id\":\"https:\\\/\\\/somos-hermanos.mx\\\/#website\"},\"primaryImageOfPage\":{\"@id\":\"https:\\\/\\\/somos-hermanos.mx\\\/index.php\\\/2025\\\/08\\\/04\\\/fundacion-integra-22-anos-cambiando-vidas-en-ciudad-juarez\\\/#primaryimage\"},\"image\":{\"@id\":\"https:\\\/\\\/somos-hermanos.mx\\\/index.php\\\/2025\\\/08\\\/04\\\/fundacion-integra-22-anos-cambiando-vidas-en-ciudad-juarez\\\/#primaryimage\"},\"thumbnailUrl\":\"https:\\\/\\\/somos-hermanos.mx\\\/wp-content\\\/uploads\\\/2025\\\/08\\\/integra1.jpeg\",\"datePublished\":\"2025-08-04T10:20:36+00:00\",\"breadcrumb\":{\"@id\":\"https:\\\/\\\/somos-hermanos.mx\\\/index.php\\\/2025\\\/08\\\/04\\\/fundacion-integra-22-anos-cambiando-vidas-en-ciudad-juarez\\\/#breadcrumb\"},\"inLanguage\":\"es\",\"potentialAction\":[{\"@type\":\"ReadAction\",\"target\":[\"https:\\\/\\\/somos-hermanos.mx\\\/index.php\\\/2025\\\/08\\\/04\\\/fundacion-integra-22-anos-cambiando-vidas-en-ciudad-juarez\\\/\"]}]},{\"@type\":\"ImageObject\",\"inLanguage\":\"es\",\"@id\":\"https:\\\/\\\/somos-hermanos.mx\\\/index.php\\\/2025\\\/08\\\/04\\\/fundacion-integra-22-anos-cambiando-vidas-en-ciudad-juarez\\\/#primaryimage\",\"url\":\"https:\\\/\\\/somos-hermanos.mx\\\/wp-content\\\/uploads\\\/2025\\\/08\\\/integra1.jpeg\",\"contentUrl\":\"https:\\\/\\\/somos-hermanos.mx\\\/wp-content\\\/uploads\\\/2025\\\/08\\\/integra1.jpeg\",\"width\":1600,\"height\":1200},{\"@type\":\"BreadcrumbList\",\"@id\":\"https:\\\/\\\/somos-hermanos.mx\\\/index.php\\\/2025\\\/08\\\/04\\\/fundacion-integra-22-anos-cambiando-vidas-en-ciudad-juarez\\\/#breadcrumb\",\"itemListElement\":[{\"@type\":\"ListItem\",\"position\":1,\"name\":\"Inicio\",\"item\":\"https:\\\/\\\/somos-hermanos.mx\\\/\"},{\"@type\":\"ListItem\",\"position\":2,\"name\":\"Fundaci\u00f3n Integra: 22 a\u00f1os cambiando vidas en Ciudad Ju\u00e1rez\"}]},{\"@type\":\"WebSite\",\"@id\":\"https:\\\/\\\/somos-hermanos.mx\\\/#website\",\"url\":\"https:\\\/\\\/somos-hermanos.mx\\\/\",\"name\":\"Historias que inspiran...\",\"description\":\"Somos la voz del altruismo en M\u00e9xico\",\"publisher\":{\"@id\":\"https:\\\/\\\/somos-hermanos.mx\\\/#organization\"},\"potentialAction\":[{\"@type\":\"SearchAction\",\"target\":{\"@type\":\"EntryPoint\",\"urlTemplate\":\"https:\\\/\\\/somos-hermanos.mx\\\/?s={search_term_string}\"},\"query-input\":{\"@type\":\"PropertyValueSpecification\",\"valueRequired\":true,\"valueName\":\"search_term_string\"}}],\"inLanguage\":\"es\"},{\"@type\":\"Organization\",\"@id\":\"https:\\\/\\\/somos-hermanos.mx\\\/#organization\",\"name\":\"Somos Hermanos\",\"url\":\"https:\\\/\\\/somos-hermanos.mx\\\/\",\"logo\":{\"@type\":\"ImageObject\",\"inLanguage\":\"es\",\"@id\":\"https:\\\/\\\/somos-hermanos.mx\\\/#\\\/schema\\\/logo\\\/image\\\/\",\"url\":\"https:\\\/\\\/somos-hermanos.mx\\\/wp-content\\\/uploads\\\/2025\\\/08\\\/SH30-1.jpeg\",\"contentUrl\":\"https:\\\/\\\/somos-hermanos.mx\\\/wp-content\\\/uploads\\\/2025\\\/08\\\/SH30-1.jpeg\",\"width\":1600,\"height\":1142,\"caption\":\"Somos Hermanos\"},\"image\":{\"@id\":\"https:\\\/\\\/somos-hermanos.mx\\\/#\\\/schema\\\/logo\\\/image\\\/\"},\"sameAs\":[\"https:\\\/\\\/www.facebook.com\\\/SomosHermanosIAP\\\/\",\"https:\\\/\\\/x.com\\\/Somos__Hermanos\",\"https:\\\/\\\/www.instagram.com\\\/somos__hermanos\\\/#\",\"https:\\\/\\\/www.tiktok.com\\\/@somoshermanosiap\",\"https:\\\/\\\/www.youtube.com\\\/@somoshermanosiap1201\\\/videos\"]},{\"@type\":\"Person\",\"@id\":\"https:\\\/\\\/somos-hermanos.mx\\\/#\\\/schema\\\/person\\\/310a45203a309f04e24f754c2ffd78b2\",\"name\":\"Jorge Plascencia Gonz\u00e1lez\",\"image\":{\"@type\":\"ImageObject\",\"inLanguage\":\"es\",\"@id\":\"https:\\\/\\\/secure.gravatar.com\\\/avatar\\\/64861ec16c81c93b8ca0cb6e8211fcb69e209928bb5e8c177618e37513c17ed7?s=96&d=mm&r=g\",\"url\":\"https:\\\/\\\/secure.gravatar.com\\\/avatar\\\/64861ec16c81c93b8ca0cb6e8211fcb69e209928bb5e8c177618e37513c17ed7?s=96&d=mm&r=g\",\"contentUrl\":\"https:\\\/\\\/secure.gravatar.com\\\/avatar\\\/64861ec16c81c93b8ca0cb6e8211fcb69e209928bb5e8c177618e37513c17ed7?s=96&d=mm&r=g\",\"caption\":\"Jorge Plascencia Gonz\u00e1lez\"},\"url\":\"https:\\\/\\\/somos-hermanos.mx\\\/index.php\\\/author\\\/jorge-plascencia-gonzalez\\\/\"}]}<\/script>\n<!-- \/ Yoast SEO plugin. -->","yoast_head_json":{"title":"Fundaci\u00f3n Integra: 22 a\u00f1os cambiando vidas en Ciudad Ju\u00e1rez - Historias que inspiran...","robots":{"index":"index","follow":"follow","max-snippet":"max-snippet:-1","max-image-preview":"max-image-preview:large","max-video-preview":"max-video-preview:-1"},"canonical":"https:\/\/somos-hermanos.mx\/index.php\/2025\/08\/04\/fundacion-integra-22-anos-cambiando-vidas-en-ciudad-juarez\/","og_locale":"es_MX","og_type":"article","og_title":"Fundaci\u00f3n Integra: 22 a\u00f1os cambiando vidas en Ciudad Ju\u00e1rez - Historias que inspiran...","og_description":"La Fundaci\u00f3n Integra AC nace en 2002 como una respuesta a la necesidad de contar con un espacio especializado para la atenci\u00f3n de personas con discapacidad en Ciudad Ju\u00e1rez. Desde entonces, ha trabajado de manera ininterrumpida por m\u00e1s de 22 a\u00f1os, brindando servicios profesionales que mejoran la calidad de vida de sus beneficiarios. Su misi\u00f3n [&hellip;]","og_url":"https:\/\/somos-hermanos.mx\/index.php\/2025\/08\/04\/fundacion-integra-22-anos-cambiando-vidas-en-ciudad-juarez\/","og_site_name":"Historias que inspiran...","article_publisher":"https:\/\/www.facebook.com\/SomosHermanosIAP\/","article_published_time":"2025-08-04T10:20:36+00:00","og_image":[{"width":1600,"height":1200,"url":"https:\/\/somos-hermanos.mx\/wp-content\/uploads\/2025\/08\/integra1.jpeg","type":"image\/jpeg"}],"author":"Jorge Plascencia Gonz\u00e1lez","twitter_card":"summary_large_image","twitter_creator":"@Somos__Hermanos","twitter_site":"@Somos__Hermanos","twitter_misc":{"Escrito por":"Jorge Plascencia Gonz\u00e1lez","Tiempo de lectura":"2 minutos"},"schema":{"@context":"https:\/\/schema.org","@graph":[{"@type":"Article","@id":"https:\/\/somos-hermanos.mx\/index.php\/2025\/08\/04\/fundacion-integra-22-anos-cambiando-vidas-en-ciudad-juarez\/#article","isPartOf":{"@id":"https:\/\/somos-hermanos.mx\/index.php\/2025\/08\/04\/fundacion-integra-22-anos-cambiando-vidas-en-ciudad-juarez\/"},"author":{"name":"Jorge Plascencia Gonz\u00e1lez","@id":"https:\/\/somos-hermanos.mx\/#\/schema\/person\/310a45203a309f04e24f754c2ffd78b2"},"headline":"Fundaci\u00f3n Integra: 22 a\u00f1os cambiando vidas en Ciudad Ju\u00e1rez","datePublished":"2025-08-04T10:20:36+00:00","mainEntityOfPage":{"@id":"https:\/\/somos-hermanos.mx\/index.php\/2025\/08\/04\/fundacion-integra-22-anos-cambiando-vidas-en-ciudad-juarez\/"},"wordCount":341,"commentCount":0,"publisher":{"@id":"https:\/\/somos-hermanos.mx\/#organization"},"image":{"@id":"https:\/\/somos-hermanos.mx\/index.php\/2025\/08\/04\/fundacion-integra-22-anos-cambiando-vidas-en-ciudad-juarez\/#primaryimage"},"thumbnailUrl":"https:\/\/somos-hermanos.mx\/wp-content\/uploads\/2025\/08\/integra1.jpeg","articleSection":["Noticias"],"inLanguage":"es","potentialAction":[{"@type":"CommentAction","name":"Comment","target":["https:\/\/somos-hermanos.mx\/index.php\/2025\/08\/04\/fundacion-integra-22-anos-cambiando-vidas-en-ciudad-juarez\/#respond"]}]},{"@type":"WebPage","@id":"https:\/\/somos-hermanos.mx\/index.php\/2025\/08\/04\/fundacion-integra-22-anos-cambiando-vidas-en-ciudad-juarez\/","url":"https:\/\/somos-hermanos.mx\/index.php\/2025\/08\/04\/fundacion-integra-22-anos-cambiando-vidas-en-ciudad-juarez\/","name":"Fundaci\u00f3n Integra: 22 a\u00f1os cambiando vidas en Ciudad Ju\u00e1rez - Historias que inspiran...","isPartOf":{"@id":"https:\/\/somos-hermanos.mx\/#website"},"primaryImageOfPage":{"@id":"https:\/\/somos-hermanos.mx\/index.php\/2025\/08\/04\/fundacion-integra-22-anos-cambiando-vidas-en-ciudad-juarez\/#primaryimage"},"image":{"@id":"https:\/\/somos-hermanos.mx\/index.php\/2025\/08\/04\/fundacion-integra-22-anos-cambiando-vidas-en-ciudad-juarez\/#primaryimage"},"thumbnailUrl":"https:\/\/somos-hermanos.mx\/wp-content\/uploads\/2025\/08\/integra1.jpeg","datePublished":"2025-08-04T10:20:36+00:00","breadcrumb":{"@id":"https:\/\/somos-hermanos.mx\/index.php\/2025\/08\/04\/fundacion-integra-22-anos-cambiando-vidas-en-ciudad-juarez\/#breadcrumb"},"inLanguage":"es","potentialAction":[{"@type":"ReadAction","target":["https:\/\/somos-hermanos.mx\/index.php\/2025\/08\/04\/fundacion-integra-22-anos-cambiando-vidas-en-ciudad-juarez\/"]}]},{"@type":"ImageObject","inLanguage":"es","@id":"https:\/\/somos-hermanos.mx\/index.php\/2025\/08\/04\/fundacion-integra-22-anos-cambiando-vidas-en-ciudad-juarez\/#primaryimage","url":"https:\/\/somos-hermanos.mx\/wp-content\/uploads\/2025\/08\/integra1.jpeg","contentUrl":"https:\/\/somos-hermanos.mx\/wp-content\/uploads\/2025\/08\/integra1.jpeg","width":1600,"height":1200},{"@type":"BreadcrumbList","@id":"https:\/\/somos-hermanos.mx\/index.php\/2025\/08\/04\/fundacion-integra-22-anos-cambiando-vidas-en-ciudad-juarez\/#breadcrumb","itemListElement":[{"@type":"ListItem","position":1,"name":"Inicio","item":"https:\/\/somos-hermanos.mx\/"},{"@type":"ListItem","position":2,"name":"Fundaci\u00f3n Integra: 22 a\u00f1os cambiando vidas en Ciudad Ju\u00e1rez"}]},{"@type":"WebSite","@id":"https:\/\/somos-hermanos.mx\/#website","url":"https:\/\/somos-hermanos.mx\/","name":"Historias que inspiran...","description":"Somos la voz del altruismo en M\u00e9xico","publisher":{"@id":"https:\/\/somos-hermanos.mx\/#organization"},"potentialAction":[{"@type":"SearchAction","target":{"@type":"EntryPoint","urlTemplate":"https:\/\/somos-hermanos.mx\/?s={search_term_string}"},"query-input":{"@type":"PropertyValueSpecification","valueRequired":true,"valueName":"search_term_string"}}],"inLanguage":"es"},{"@type":"Organization","@id":"https:\/\/somos-hermanos.mx\/#organization","name":"Somos Hermanos","url":"https:\/\/somos-hermanos.mx\/","logo":{"@type":"ImageObject","inLanguage":"es","@id":"https:\/\/somos-hermanos.mx\/#\/schema\/logo\/image\/","url":"https:\/\/somos-hermanos.mx\/wp-content\/uploads\/2025\/08\/SH30-1.jpeg","contentUrl":"https:\/\/somos-hermanos.mx\/wp-content\/uploads\/2025\/08\/SH30-1.jpeg","width":1600,"height":1142,"caption":"Somos Hermanos"},"image":{"@id":"https:\/\/somos-hermanos.mx\/#\/schema\/logo\/image\/"},"sameAs":["https:\/\/www.facebook.com\/SomosHermanosIAP\/","https:\/\/x.com\/Somos__Hermanos","https:\/\/www.instagram.com\/somos__hermanos\/#","https:\/\/www.tiktok.com\/@somoshermanosiap","https:\/\/www.youtube.com\/@somoshermanosiap1201\/videos"]},{"@type":"Person","@id":"https:\/\/somos-hermanos.mx\/#\/schema\/person\/310a45203a309f04e24f754c2ffd78b2","name":"Jorge Plascencia Gonz\u00e1lez","image":{"@type":"ImageObject","inLanguage":"es","@id":"https:\/\/secure.gravatar.com\/avatar\/64861ec16c81c93b8ca0cb6e8211fcb69e209928bb5e8c177618e37513c17ed7?s=96&d=mm&r=g","url":"https:\/\/secure.gravatar.com\/avatar\/64861ec16c81c93b8ca0cb6e8211fcb69e209928bb5e8c177618e37513c17ed7?s=96&d=mm&r=g","contentUrl":"https:\/\/secure.gravatar.com\/avatar\/64861ec16c81c93b8ca0cb6e8211fcb69e209928bb5e8c177618e37513c17ed7?s=96&d=mm&r=g","caption":"Jorge Plascencia Gonz\u00e1lez"},"url":"https:\/\/somos-hermanos.mx\/index.php\/author\/jorge-plascencia-gonzalez\/"}]}},"_links":{"self":[{"href":"https:\/\/somos-hermanos.mx\/index.php\/wp-json\/wp\/v2\/posts\/1047","targetHints":{"allow":["GET"]}}],"collection":[{"href":"https:\/\/somos-hermanos.mx\/index.php\/wp-json\/wp\/v2\/posts"}],"about":[{"href":"https:\/\/somos-hermanos.mx\/index.php\/wp-json\/wp\/v2\/types\/post"}],"author":[{"embeddable":true,"href":"https:\/\/somos-hermanos.mx\/index.php\/wp-json\/wp\/v2\/users\/16"}],"replies":[{"embeddable":true,"href":"https:\/\/somos-hermanos.mx\/index.php\/wp-json\/wp\/v2\/comments?post=1047"}],"version-history":[{"count":1,"href":"https:\/\/somos-hermanos.mx\/index.php\/wp-json\/wp\/v2\/posts\/1047\/revisions"}],"predecessor-version":[{"id":1049,"href":"https:\/\/somos-hermanos.mx\/index.php\/wp-json\/wp\/v2\/posts\/1047\/revisions\/1049"}],"wp:featuredmedia":[{"embeddable":true,"href":"https:\/\/somos-hermanos.mx\/index.php\/wp-json\/wp\/v2\/media\/1048"}],"wp:attachment":[{"href":"https:\/\/somos-hermanos.mx\/index.php\/wp-json\/wp\/v2\/media?parent=1047"}],"wp:term":[{"taxonomy":"category","embeddable":true,"href":"https:\/\/somos-hermanos.mx\/index.php\/wp-json\/wp\/v2\/categories?post=1047"},{"taxonomy":"post_tag","embeddable":true,"href":"https:\/\/somos-hermanos.mx\/index.php\/wp-json\/wp\/v2\/tags?post=1047"}],"curies":[{"name":"wp","href":"https:\/\/api.w.org\/{rel}","templated":true}]}}