{"id":1041,"date":"2025-08-04T04:18:16","date_gmt":"2025-08-04T10:18:16","guid":{"rendered":"https:\/\/somos-hermanos.mx\/?p=1041"},"modified":"2025-08-04T04:18:16","modified_gmt":"2025-08-04T10:18:16","slug":"angelitos-de-cristal-una-esperanza-para-ninos-con-huesos-de-cristal-en-mexico","status":"publish","type":"post","link":"https:\/\/somos-hermanos.mx\/index.php\/2025\/08\/04\/angelitos-de-cristal-una-esperanza-para-ninos-con-huesos-de-cristal-en-mexico\/","title":{"rendered":"Angelitos de Cristal: Una Esperanza para ni\u00f1os con huesos de cristal en M\u00e9xico"},"content":{"rendered":"<p>La <strong>Osteog\u00e9nesis Imperfecta (OI), com\u00fanmente conocida como \u201chuesos de cristal\u201d <\/strong>representa una condici\u00f3n cong\u00e9nita y hereditaria que afecta a individuos desde su nacimiento, caracteriz\u00e1ndose por una fragilidad \u00f3sea extrema que conduce a fracturas frecuentes y deformidades.<\/p>\n<p>La causa principal de esta enfermedad <strong>es una mutaci\u00f3n en el gen que produce col\u00e1geno tipo 1, una prote\u00edna esencial para la estructura y resistencia de los huesos.<\/strong>\u00a0Como resultado, las personas con OI enfrentan una realidad marcada por la vulnerabilidad f\u00edsica, que limita su movilidad y les impone una serie de desaf\u00edos tanto f\u00edsicos como emocionales.<\/p>\n<p><strong>En M\u00e9xico, se estima que entre seis y siete mil personas viven con esta condici\u00f3n, <\/strong>aunque las cifras oficiales son escasas. Esta realidad evidencia la necesidad de mecanismos que brinden apoyo integral a quienes enfrentan esta condici\u00f3n, particularmente en un pa\u00eds donde la conciencia social y los recursos especializados a\u00fan est\u00e1n en desarrollo.<\/p>\n<p>Es en este contexto que surge la labor de organizaciones como <strong>Angelitos de Cristal IAP, una instituci\u00f3n dedicada a mejorar la calidad de vida de ni\u00f1os y j\u00f3venes con Osteog\u00e9nesis Imperfecta <\/strong>mediante atenci\u00f3n m\u00e9dica especializada, terapias de rehabilitaci\u00f3n y acciones de sensibilizaci\u00f3n social.<\/p>\n<p>La misi\u00f3n de Angelitos de Cristal IAP se centra en <strong>proporcionar un tratamiento integral<\/strong>\u00a0que abarque tanto la rehabilitaci\u00f3n f\u00edsica como el apoyo emocional y social, con el objetivo de reducir las discapacidades y promover la inclusi\u00f3n social de los pacientes.<\/p>\n<p>La organizaci\u00f3n trabaja en estrecha colaboraci\u00f3n con pacientes como Yael, Jos\u00e9 Jossmar, Fernanda y Sof\u00eda, quienes, con el respaldo de terapias f\u00edsicas, emocionales y educativas, han logrado superar en parte las dificultades derivadas de su enfermedad y avanzar hacia una vida con mayor autonom\u00eda y dignidad.<\/p>\n<p>Este esfuerzo no solo implica atenci\u00f3n m\u00e9dica, sino tambi\u00e9n un cambio en la percepci\u00f3n social acerca de las personas con discapacidad. La sensibilizaci\u00f3n y la inclusi\u00f3n son herramientas fundamentales para promover un entorno m\u00e1s justo y equitativo, donde cada individuo, sin importar su condici\u00f3n, tenga la oportunidad de desarrollarse plenamente.<\/p>\n<p>La labor de Angelitos de Cristal es un ejemplo de c\u00f3mo la solidaridad, la empat\u00eda y la acci\u00f3n organizada pueden marcar una diferencia significativa en vidas que de otra manera enfrentan m\u00faltiples obst\u00e1culos.<\/p>\n<p>La Osteog\u00e9nesis Imperfecta es una enfermedad que demanda atenci\u00f3n especializada y una visi\u00f3n integral que contemple no solo la salud f\u00edsica, sino tambi\u00e9n el bienestar emocional y la integraci\u00f3n social.<\/p>\n<p>La labor de instituciones como Angelitos de Cristal I.A.P. demuestra que, a trav\u00e9s del compromiso y la sensibilidad social, es posible ofrecer esperanza y mejorar la calidad de vida de quienes enfrentan esta condici\u00f3n.<\/p>\n<p>La conciencia y el apoyo comunitario son fundamentales para construir una sociedad m\u00e1s inclusiva, donde las diferencias no sean barreras sino motivos de respeto y solidaridad.<\/p>\n","protected":false},"excerpt":{"rendered":"<p>La Osteog\u00e9nesis Imperfecta (OI), com\u00fanmente conocida como \u201chuesos de cristal\u201d representa una condici\u00f3n cong\u00e9nita y hereditaria que afecta a individuos desde su nacimiento, caracteriz\u00e1ndose por una fragilidad \u00f3sea extrema que conduce a fracturas frecuentes y deformidades. La causa principal de esta enfermedad es una mutaci\u00f3n en el gen que produce col\u00e1geno tipo 1, una prote\u00edna [&hellip;]<\/p>\n","protected":false},"author":25,"featured_media":1042,"comment_status":"open","ping_status":"closed","sticky":false,"template":"","format":"standard","meta":{"footnotes":""},"categories":[6],"tags":[],"class_list":["post-1041","post","type-post","status-publish","format-standard","has-post-thumbnail","hentry","category-noticias"],"yoast_head":"<!-- This site is optimized with the Yoast SEO plugin v27.5 - https:\/\/yoast.com\/product\/yoast-seo-wordpress\/ -->\n<title>Angelitos de Cristal: Una Esperanza para ni\u00f1os con huesos de cristal en M\u00e9xico - Historias que inspiran...<\/title>\n<meta name=\"robots\" content=\"index, follow, max-snippet:-1, max-image-preview:large, max-video-preview:-1\" \/>\n<link rel=\"canonical\" href=\"https:\/\/somos-hermanos.mx\/index.php\/2025\/08\/04\/angelitos-de-cristal-una-esperanza-para-ninos-con-huesos-de-cristal-en-mexico\/\" \/>\n<meta property=\"og:locale\" content=\"es_MX\" \/>\n<meta property=\"og:type\" content=\"article\" \/>\n<meta property=\"og:title\" content=\"Angelitos de Cristal: Una Esperanza para ni\u00f1os con huesos de cristal en M\u00e9xico - Historias que inspiran...\" \/>\n<meta property=\"og:description\" content=\"La Osteog\u00e9nesis Imperfecta (OI), com\u00fanmente conocida como \u201chuesos de cristal\u201d representa una condici\u00f3n cong\u00e9nita y hereditaria que afecta a individuos desde su nacimiento, caracteriz\u00e1ndose por una fragilidad \u00f3sea extrema que conduce a fracturas frecuentes y deformidades. La causa principal de esta enfermedad es una mutaci\u00f3n en el gen que produce col\u00e1geno tipo 1, una prote\u00edna [&hellip;]\" \/>\n<meta property=\"og:url\" content=\"https:\/\/somos-hermanos.mx\/index.php\/2025\/08\/04\/angelitos-de-cristal-una-esperanza-para-ninos-con-huesos-de-cristal-en-mexico\/\" \/>\n<meta property=\"og:site_name\" content=\"Historias que inspiran...\" \/>\n<meta property=\"article:publisher\" content=\"https:\/\/www.facebook.com\/SomosHermanosIAP\/\" \/>\n<meta property=\"article:published_time\" content=\"2025-08-04T10:18:16+00:00\" \/>\n<meta property=\"og:image\" content=\"https:\/\/somos-hermanos.mx\/wp-content\/uploads\/2025\/08\/ange.jpeg\" \/>\n\t<meta property=\"og:image:width\" content=\"1600\" \/>\n\t<meta property=\"og:image:height\" content=\"901\" \/>\n\t<meta property=\"og:image:type\" content=\"image\/jpeg\" \/>\n<meta name=\"author\" content=\"Ricardo Mart\u00ednez Ram\u00edrez\" \/>\n<meta name=\"twitter:card\" content=\"summary_large_image\" \/>\n<meta name=\"twitter:creator\" content=\"@Somos__Hermanos\" \/>\n<meta name=\"twitter:site\" content=\"@Somos__Hermanos\" \/>\n<meta name=\"twitter:label1\" content=\"Escrito por\" \/>\n\t<meta name=\"twitter:data1\" content=\"Ricardo Mart\u00ednez Ram\u00edrez\" \/>\n\t<meta name=\"twitter:label2\" content=\"Tiempo de lectura\" \/>\n\t<meta name=\"twitter:data2\" content=\"3 minutos\" \/>\n<script type=\"application\/ld+json\" class=\"yoast-schema-graph\">{\"@context\":\"https:\\\/\\\/schema.org\",\"@graph\":[{\"@type\":\"Article\",\"@id\":\"https:\\\/\\\/somos-hermanos.mx\\\/index.php\\\/2025\\\/08\\\/04\\\/angelitos-de-cristal-una-esperanza-para-ninos-con-huesos-de-cristal-en-mexico\\\/#article\",\"isPartOf\":{\"@id\":\"https:\\\/\\\/somos-hermanos.mx\\\/index.php\\\/2025\\\/08\\\/04\\\/angelitos-de-cristal-una-esperanza-para-ninos-con-huesos-de-cristal-en-mexico\\\/\"},\"author\":{\"name\":\"Ricardo Mart\u00ednez Ram\u00edrez\",\"@id\":\"https:\\\/\\\/somos-hermanos.mx\\\/#\\\/schema\\\/person\\\/8f173caf3165cc629ef3803568901def\"},\"headline\":\"Angelitos de Cristal: Una Esperanza para ni\u00f1os con huesos de cristal en M\u00e9xico\",\"datePublished\":\"2025-08-04T10:18:16+00:00\",\"mainEntityOfPage\":{\"@id\":\"https:\\\/\\\/somos-hermanos.mx\\\/index.php\\\/2025\\\/08\\\/04\\\/angelitos-de-cristal-una-esperanza-para-ninos-con-huesos-de-cristal-en-mexico\\\/\"},\"wordCount\":521,\"commentCount\":0,\"publisher\":{\"@id\":\"https:\\\/\\\/somos-hermanos.mx\\\/#organization\"},\"image\":{\"@id\":\"https:\\\/\\\/somos-hermanos.mx\\\/index.php\\\/2025\\\/08\\\/04\\\/angelitos-de-cristal-una-esperanza-para-ninos-con-huesos-de-cristal-en-mexico\\\/#primaryimage\"},\"thumbnailUrl\":\"https:\\\/\\\/somos-hermanos.mx\\\/wp-content\\\/uploads\\\/2025\\\/08\\\/ange.jpeg\",\"articleSection\":[\"Noticias\"],\"inLanguage\":\"es\",\"potentialAction\":[{\"@type\":\"CommentAction\",\"name\":\"Comment\",\"target\":[\"https:\\\/\\\/somos-hermanos.mx\\\/index.php\\\/2025\\\/08\\\/04\\\/angelitos-de-cristal-una-esperanza-para-ninos-con-huesos-de-cristal-en-mexico\\\/#respond\"]}]},{\"@type\":\"WebPage\",\"@id\":\"https:\\\/\\\/somos-hermanos.mx\\\/index.php\\\/2025\\\/08\\\/04\\\/angelitos-de-cristal-una-esperanza-para-ninos-con-huesos-de-cristal-en-mexico\\\/\",\"url\":\"https:\\\/\\\/somos-hermanos.mx\\\/index.php\\\/2025\\\/08\\\/04\\\/angelitos-de-cristal-una-esperanza-para-ninos-con-huesos-de-cristal-en-mexico\\\/\",\"name\":\"Angelitos de Cristal: Una Esperanza para ni\u00f1os con huesos de cristal en M\u00e9xico - Historias que inspiran...\",\"isPartOf\":{\"@id\":\"https:\\\/\\\/somos-hermanos.mx\\\/#website\"},\"primaryImageOfPage\":{\"@id\":\"https:\\\/\\\/somos-hermanos.mx\\\/index.php\\\/2025\\\/08\\\/04\\\/angelitos-de-cristal-una-esperanza-para-ninos-con-huesos-de-cristal-en-mexico\\\/#primaryimage\"},\"image\":{\"@id\":\"https:\\\/\\\/somos-hermanos.mx\\\/index.php\\\/2025\\\/08\\\/04\\\/angelitos-de-cristal-una-esperanza-para-ninos-con-huesos-de-cristal-en-mexico\\\/#primaryimage\"},\"thumbnailUrl\":\"https:\\\/\\\/somos-hermanos.mx\\\/wp-content\\\/uploads\\\/2025\\\/08\\\/ange.jpeg\",\"datePublished\":\"2025-08-04T10:18:16+00:00\",\"breadcrumb\":{\"@id\":\"https:\\\/\\\/somos-hermanos.mx\\\/index.php\\\/2025\\\/08\\\/04\\\/angelitos-de-cristal-una-esperanza-para-ninos-con-huesos-de-cristal-en-mexico\\\/#breadcrumb\"},\"inLanguage\":\"es\",\"potentialAction\":[{\"@type\":\"ReadAction\",\"target\":[\"https:\\\/\\\/somos-hermanos.mx\\\/index.php\\\/2025\\\/08\\\/04\\\/angelitos-de-cristal-una-esperanza-para-ninos-con-huesos-de-cristal-en-mexico\\\/\"]}]},{\"@type\":\"ImageObject\",\"inLanguage\":\"es\",\"@id\":\"https:\\\/\\\/somos-hermanos.mx\\\/index.php\\\/2025\\\/08\\\/04\\\/angelitos-de-cristal-una-esperanza-para-ninos-con-huesos-de-cristal-en-mexico\\\/#primaryimage\",\"url\":\"https:\\\/\\\/somos-hermanos.mx\\\/wp-content\\\/uploads\\\/2025\\\/08\\\/ange.jpeg\",\"contentUrl\":\"https:\\\/\\\/somos-hermanos.mx\\\/wp-content\\\/uploads\\\/2025\\\/08\\\/ange.jpeg\",\"width\":1600,\"height\":901},{\"@type\":\"BreadcrumbList\",\"@id\":\"https:\\\/\\\/somos-hermanos.mx\\\/index.php\\\/2025\\\/08\\\/04\\\/angelitos-de-cristal-una-esperanza-para-ninos-con-huesos-de-cristal-en-mexico\\\/#breadcrumb\",\"itemListElement\":[{\"@type\":\"ListItem\",\"position\":1,\"name\":\"Inicio\",\"item\":\"https:\\\/\\\/somos-hermanos.mx\\\/\"},{\"@type\":\"ListItem\",\"position\":2,\"name\":\"Angelitos de Cristal: Una Esperanza para ni\u00f1os con huesos de cristal en M\u00e9xico\"}]},{\"@type\":\"WebSite\",\"@id\":\"https:\\\/\\\/somos-hermanos.mx\\\/#website\",\"url\":\"https:\\\/\\\/somos-hermanos.mx\\\/\",\"name\":\"Historias que inspiran...\",\"description\":\"Somos la voz del altruismo en M\u00e9xico\",\"publisher\":{\"@id\":\"https:\\\/\\\/somos-hermanos.mx\\\/#organization\"},\"potentialAction\":[{\"@type\":\"SearchAction\",\"target\":{\"@type\":\"EntryPoint\",\"urlTemplate\":\"https:\\\/\\\/somos-hermanos.mx\\\/?s={search_term_string}\"},\"query-input\":{\"@type\":\"PropertyValueSpecification\",\"valueRequired\":true,\"valueName\":\"search_term_string\"}}],\"inLanguage\":\"es\"},{\"@type\":\"Organization\",\"@id\":\"https:\\\/\\\/somos-hermanos.mx\\\/#organization\",\"name\":\"Somos Hermanos\",\"url\":\"https:\\\/\\\/somos-hermanos.mx\\\/\",\"logo\":{\"@type\":\"ImageObject\",\"inLanguage\":\"es\",\"@id\":\"https:\\\/\\\/somos-hermanos.mx\\\/#\\\/schema\\\/logo\\\/image\\\/\",\"url\":\"https:\\\/\\\/somos-hermanos.mx\\\/wp-content\\\/uploads\\\/2025\\\/08\\\/SH30-1.jpeg\",\"contentUrl\":\"https:\\\/\\\/somos-hermanos.mx\\\/wp-content\\\/uploads\\\/2025\\\/08\\\/SH30-1.jpeg\",\"width\":1600,\"height\":1142,\"caption\":\"Somos Hermanos\"},\"image\":{\"@id\":\"https:\\\/\\\/somos-hermanos.mx\\\/#\\\/schema\\\/logo\\\/image\\\/\"},\"sameAs\":[\"https:\\\/\\\/www.facebook.com\\\/SomosHermanosIAP\\\/\",\"https:\\\/\\\/x.com\\\/Somos__Hermanos\",\"https:\\\/\\\/www.instagram.com\\\/somos__hermanos\\\/#\",\"https:\\\/\\\/www.tiktok.com\\\/@somoshermanosiap\",\"https:\\\/\\\/www.youtube.com\\\/@somoshermanosiap1201\\\/videos\"]},{\"@type\":\"Person\",\"@id\":\"https:\\\/\\\/somos-hermanos.mx\\\/#\\\/schema\\\/person\\\/8f173caf3165cc629ef3803568901def\",\"name\":\"Ricardo Mart\u00ednez Ram\u00edrez\",\"image\":{\"@type\":\"ImageObject\",\"inLanguage\":\"es\",\"@id\":\"https:\\\/\\\/secure.gravatar.com\\\/avatar\\\/6ed8168d80af8603b51892c57b44e62148260531576c3eb92aa1298119d9c0f9?s=96&d=mm&r=g\",\"url\":\"https:\\\/\\\/secure.gravatar.com\\\/avatar\\\/6ed8168d80af8603b51892c57b44e62148260531576c3eb92aa1298119d9c0f9?s=96&d=mm&r=g\",\"contentUrl\":\"https:\\\/\\\/secure.gravatar.com\\\/avatar\\\/6ed8168d80af8603b51892c57b44e62148260531576c3eb92aa1298119d9c0f9?s=96&d=mm&r=g\",\"caption\":\"Ricardo Mart\u00ednez Ram\u00edrez\"},\"url\":\"https:\\\/\\\/somos-hermanos.mx\\\/index.php\\\/author\\\/ricardo-martinez-ramirez\\\/\"}]}<\/script>\n<!-- \/ Yoast SEO plugin. -->","yoast_head_json":{"title":"Angelitos de Cristal: Una Esperanza para ni\u00f1os con huesos de cristal en M\u00e9xico - Historias que inspiran...","robots":{"index":"index","follow":"follow","max-snippet":"max-snippet:-1","max-image-preview":"max-image-preview:large","max-video-preview":"max-video-preview:-1"},"canonical":"https:\/\/somos-hermanos.mx\/index.php\/2025\/08\/04\/angelitos-de-cristal-una-esperanza-para-ninos-con-huesos-de-cristal-en-mexico\/","og_locale":"es_MX","og_type":"article","og_title":"Angelitos de Cristal: Una Esperanza para ni\u00f1os con huesos de cristal en M\u00e9xico - Historias que inspiran...","og_description":"La Osteog\u00e9nesis Imperfecta (OI), com\u00fanmente conocida como \u201chuesos de cristal\u201d representa una condici\u00f3n cong\u00e9nita y hereditaria que afecta a individuos desde su nacimiento, caracteriz\u00e1ndose por una fragilidad \u00f3sea extrema que conduce a fracturas frecuentes y deformidades. La causa principal de esta enfermedad es una mutaci\u00f3n en el gen que produce col\u00e1geno tipo 1, una prote\u00edna [&hellip;]","og_url":"https:\/\/somos-hermanos.mx\/index.php\/2025\/08\/04\/angelitos-de-cristal-una-esperanza-para-ninos-con-huesos-de-cristal-en-mexico\/","og_site_name":"Historias que inspiran...","article_publisher":"https:\/\/www.facebook.com\/SomosHermanosIAP\/","article_published_time":"2025-08-04T10:18:16+00:00","og_image":[{"width":1600,"height":901,"url":"https:\/\/somos-hermanos.mx\/wp-content\/uploads\/2025\/08\/ange.jpeg","type":"image\/jpeg"}],"author":"Ricardo Mart\u00ednez Ram\u00edrez","twitter_card":"summary_large_image","twitter_creator":"@Somos__Hermanos","twitter_site":"@Somos__Hermanos","twitter_misc":{"Escrito por":"Ricardo Mart\u00ednez Ram\u00edrez","Tiempo de lectura":"3 minutos"},"schema":{"@context":"https:\/\/schema.org","@graph":[{"@type":"Article","@id":"https:\/\/somos-hermanos.mx\/index.php\/2025\/08\/04\/angelitos-de-cristal-una-esperanza-para-ninos-con-huesos-de-cristal-en-mexico\/#article","isPartOf":{"@id":"https:\/\/somos-hermanos.mx\/index.php\/2025\/08\/04\/angelitos-de-cristal-una-esperanza-para-ninos-con-huesos-de-cristal-en-mexico\/"},"author":{"name":"Ricardo Mart\u00ednez Ram\u00edrez","@id":"https:\/\/somos-hermanos.mx\/#\/schema\/person\/8f173caf3165cc629ef3803568901def"},"headline":"Angelitos de Cristal: Una Esperanza para ni\u00f1os con huesos de cristal en M\u00e9xico","datePublished":"2025-08-04T10:18:16+00:00","mainEntityOfPage":{"@id":"https:\/\/somos-hermanos.mx\/index.php\/2025\/08\/04\/angelitos-de-cristal-una-esperanza-para-ninos-con-huesos-de-cristal-en-mexico\/"},"wordCount":521,"commentCount":0,"publisher":{"@id":"https:\/\/somos-hermanos.mx\/#organization"},"image":{"@id":"https:\/\/somos-hermanos.mx\/index.php\/2025\/08\/04\/angelitos-de-cristal-una-esperanza-para-ninos-con-huesos-de-cristal-en-mexico\/#primaryimage"},"thumbnailUrl":"https:\/\/somos-hermanos.mx\/wp-content\/uploads\/2025\/08\/ange.jpeg","articleSection":["Noticias"],"inLanguage":"es","potentialAction":[{"@type":"CommentAction","name":"Comment","target":["https:\/\/somos-hermanos.mx\/index.php\/2025\/08\/04\/angelitos-de-cristal-una-esperanza-para-ninos-con-huesos-de-cristal-en-mexico\/#respond"]}]},{"@type":"WebPage","@id":"https:\/\/somos-hermanos.mx\/index.php\/2025\/08\/04\/angelitos-de-cristal-una-esperanza-para-ninos-con-huesos-de-cristal-en-mexico\/","url":"https:\/\/somos-hermanos.mx\/index.php\/2025\/08\/04\/angelitos-de-cristal-una-esperanza-para-ninos-con-huesos-de-cristal-en-mexico\/","name":"Angelitos de Cristal: Una Esperanza para ni\u00f1os con huesos de cristal en M\u00e9xico - Historias que inspiran...","isPartOf":{"@id":"https:\/\/somos-hermanos.mx\/#website"},"primaryImageOfPage":{"@id":"https:\/\/somos-hermanos.mx\/index.php\/2025\/08\/04\/angelitos-de-cristal-una-esperanza-para-ninos-con-huesos-de-cristal-en-mexico\/#primaryimage"},"image":{"@id":"https:\/\/somos-hermanos.mx\/index.php\/2025\/08\/04\/angelitos-de-cristal-una-esperanza-para-ninos-con-huesos-de-cristal-en-mexico\/#primaryimage"},"thumbnailUrl":"https:\/\/somos-hermanos.mx\/wp-content\/uploads\/2025\/08\/ange.jpeg","datePublished":"2025-08-04T10:18:16+00:00","breadcrumb":{"@id":"https:\/\/somos-hermanos.mx\/index.php\/2025\/08\/04\/angelitos-de-cristal-una-esperanza-para-ninos-con-huesos-de-cristal-en-mexico\/#breadcrumb"},"inLanguage":"es","potentialAction":[{"@type":"ReadAction","target":["https:\/\/somos-hermanos.mx\/index.php\/2025\/08\/04\/angelitos-de-cristal-una-esperanza-para-ninos-con-huesos-de-cristal-en-mexico\/"]}]},{"@type":"ImageObject","inLanguage":"es","@id":"https:\/\/somos-hermanos.mx\/index.php\/2025\/08\/04\/angelitos-de-cristal-una-esperanza-para-ninos-con-huesos-de-cristal-en-mexico\/#primaryimage","url":"https:\/\/somos-hermanos.mx\/wp-content\/uploads\/2025\/08\/ange.jpeg","contentUrl":"https:\/\/somos-hermanos.mx\/wp-content\/uploads\/2025\/08\/ange.jpeg","width":1600,"height":901},{"@type":"BreadcrumbList","@id":"https:\/\/somos-hermanos.mx\/index.php\/2025\/08\/04\/angelitos-de-cristal-una-esperanza-para-ninos-con-huesos-de-cristal-en-mexico\/#breadcrumb","itemListElement":[{"@type":"ListItem","position":1,"name":"Inicio","item":"https:\/\/somos-hermanos.mx\/"},{"@type":"ListItem","position":2,"name":"Angelitos de Cristal: Una Esperanza para ni\u00f1os con huesos de cristal en M\u00e9xico"}]},{"@type":"WebSite","@id":"https:\/\/somos-hermanos.mx\/#website","url":"https:\/\/somos-hermanos.mx\/","name":"Historias que inspiran...","description":"Somos la voz del altruismo en M\u00e9xico","publisher":{"@id":"https:\/\/somos-hermanos.mx\/#organization"},"potentialAction":[{"@type":"SearchAction","target":{"@type":"EntryPoint","urlTemplate":"https:\/\/somos-hermanos.mx\/?s={search_term_string}"},"query-input":{"@type":"PropertyValueSpecification","valueRequired":true,"valueName":"search_term_string"}}],"inLanguage":"es"},{"@type":"Organization","@id":"https:\/\/somos-hermanos.mx\/#organization","name":"Somos Hermanos","url":"https:\/\/somos-hermanos.mx\/","logo":{"@type":"ImageObject","inLanguage":"es","@id":"https:\/\/somos-hermanos.mx\/#\/schema\/logo\/image\/","url":"https:\/\/somos-hermanos.mx\/wp-content\/uploads\/2025\/08\/SH30-1.jpeg","contentUrl":"https:\/\/somos-hermanos.mx\/wp-content\/uploads\/2025\/08\/SH30-1.jpeg","width":1600,"height":1142,"caption":"Somos Hermanos"},"image":{"@id":"https:\/\/somos-hermanos.mx\/#\/schema\/logo\/image\/"},"sameAs":["https:\/\/www.facebook.com\/SomosHermanosIAP\/","https:\/\/x.com\/Somos__Hermanos","https:\/\/www.instagram.com\/somos__hermanos\/#","https:\/\/www.tiktok.com\/@somoshermanosiap","https:\/\/www.youtube.com\/@somoshermanosiap1201\/videos"]},{"@type":"Person","@id":"https:\/\/somos-hermanos.mx\/#\/schema\/person\/8f173caf3165cc629ef3803568901def","name":"Ricardo Mart\u00ednez Ram\u00edrez","image":{"@type":"ImageObject","inLanguage":"es","@id":"https:\/\/secure.gravatar.com\/avatar\/6ed8168d80af8603b51892c57b44e62148260531576c3eb92aa1298119d9c0f9?s=96&d=mm&r=g","url":"https:\/\/secure.gravatar.com\/avatar\/6ed8168d80af8603b51892c57b44e62148260531576c3eb92aa1298119d9c0f9?s=96&d=mm&r=g","contentUrl":"https:\/\/secure.gravatar.com\/avatar\/6ed8168d80af8603b51892c57b44e62148260531576c3eb92aa1298119d9c0f9?s=96&d=mm&r=g","caption":"Ricardo Mart\u00ednez Ram\u00edrez"},"url":"https:\/\/somos-hermanos.mx\/index.php\/author\/ricardo-martinez-ramirez\/"}]}},"_links":{"self":[{"href":"https:\/\/somos-hermanos.mx\/index.php\/wp-json\/wp\/v2\/posts\/1041","targetHints":{"allow":["GET"]}}],"collection":[{"href":"https:\/\/somos-hermanos.mx\/index.php\/wp-json\/wp\/v2\/posts"}],"about":[{"href":"https:\/\/somos-hermanos.mx\/index.php\/wp-json\/wp\/v2\/types\/post"}],"author":[{"embeddable":true,"href":"https:\/\/somos-hermanos.mx\/index.php\/wp-json\/wp\/v2\/users\/25"}],"replies":[{"embeddable":true,"href":"https:\/\/somos-hermanos.mx\/index.php\/wp-json\/wp\/v2\/comments?post=1041"}],"version-history":[{"count":1,"href":"https:\/\/somos-hermanos.mx\/index.php\/wp-json\/wp\/v2\/posts\/1041\/revisions"}],"predecessor-version":[{"id":1043,"href":"https:\/\/somos-hermanos.mx\/index.php\/wp-json\/wp\/v2\/posts\/1041\/revisions\/1043"}],"wp:featuredmedia":[{"embeddable":true,"href":"https:\/\/somos-hermanos.mx\/index.php\/wp-json\/wp\/v2\/media\/1042"}],"wp:attachment":[{"href":"https:\/\/somos-hermanos.mx\/index.php\/wp-json\/wp\/v2\/media?parent=1041"}],"wp:term":[{"taxonomy":"category","embeddable":true,"href":"https:\/\/somos-hermanos.mx\/index.php\/wp-json\/wp\/v2\/categories?post=1041"},{"taxonomy":"post_tag","embeddable":true,"href":"https:\/\/somos-hermanos.mx\/index.php\/wp-json\/wp\/v2\/tags?post=1041"}],"curies":[{"name":"wp","href":"https:\/\/api.w.org\/{rel}","templated":true}]}}