{"id":104,"date":"2025-08-02T00:22:32","date_gmt":"2025-08-02T00:22:32","guid":{"rendered":"https:\/\/somos-hermanos.mx\/?p=104"},"modified":"2025-08-02T23:55:01","modified_gmt":"2025-08-03T05:55:01","slug":"fortalecen-la-justicia-y-los-derechos-de-los-pueblos-indigenas","status":"publish","type":"post","link":"https:\/\/somos-hermanos.mx\/index.php\/2025\/08\/02\/fortalecen-la-justicia-y-los-derechos-de-los-pueblos-indigenas\/","title":{"rendered":"Fortalecen la justicia y los derechos de los pueblos ind\u00edgenas"},"content":{"rendered":"<p>Los pueblos ind\u00edgenas enfrentan diversas barreras para acceder a la justicia, incluyendo la discriminaci\u00f3n, racismo y la falta de int\u00e9rpretes en lenguas ind\u00edgenas, adem\u00e1s de la falta de capacitaci\u00f3n en derechos ind\u00edgenas por parte de servidores p\u00fablicos. Por ello en el a\u00f1o 2005 un grupo de profesionales ind\u00edgenas se comprometieron con los derechos ling\u00fc\u00edsticos de las personas y de las comunidades ind\u00edgenas dando lugar as\u00ed a <strong>El Centro Profesional Ind\u00edgena de Asesor\u00eda, Defensa y Traducci\u00f3n (CEPIADET). <\/strong><\/p>\n<p>CEPIADET <strong>trabaja en regiones de la mixteca, el istmo, la costa, valles centrales y la cuenca de Oaxaca, <\/strong>as\u00ed como en comunidades de Campeche, Yucat\u00e1n y Quintana Roo, financiando su prop\u00f3sito mediante distintas fuentes, incluyendo organismos nacionales e internacionales que apoyan su labor.<\/p>\n<p>Por medio de diversas actividades, como la interpretaci\u00f3n, la difusi\u00f3n de derechos ind\u00edgenas y la capacidad de int\u00e9rpretes, buscan fortalecer la justicia intercultural y la autonom\u00eda de las comunidades. De igual manera establece e investiga alianzas con Organizaciones de la Sociedad Civil (OSC) y organismos gubernamentales para ayudar a garantizar los derechos de las personas ind\u00edgenas.<\/p>\n<p>Con la participaci\u00f3n de abogados biling\u00fces ind\u00edgenas originarios de distintos pueblos ind\u00edgenas del Estado de Oaxaca buscan la garant\u00eda del <strong>acceso a la justicia para hablantes de lengua ind\u00edgenas, desde \u00e1mbitos p\u00fablicos y privados,<\/strong> atendiendo diversos requerimientos institucionales. Mediante materiales informativos, programas de radio y campa\u00f1as difunden informaci\u00f3n sobre los derechos ind\u00edgenas.<\/p>\n<p>La organizaci\u00f3n promueve espacios y procesos formativos con autoridades de comunidades y pueblos ind\u00edgenas para fortalecer sus derechos colectivos como la autonom\u00eda, la libre determinaci\u00f3n y el acceso a la justicia logrando integrar conocimientos propios de las comunidades y perspectivas de g\u00e9nero, antirracismo y diversidad legal.<\/p>\n<p>Su trabajo se enriquece gracias a las alianzas estrat\u00e9gicas, participando activamente en redes como la Red Nacional de Int\u00e9rpretes y Traductores de Lenguas Ind\u00edgenas (RENITLI), el Grupo Interdisciplinario e Intercultural contra la Desaparici\u00f3n Forzada y la Tortura, la Plataforma de Derechos Humanos de Oaxaca, la Red para el Fortalecimiento de Juzgar con Igualdad de G\u00e9nero e Inclusi\u00f3n Social (GESI), y el Observatorio sobre Combate a la Tortura, consolidando sus esfuerzos para promover los derechos humanos y fortalecer la justicia con perspectiva de g\u00e9nero e inclusi\u00f3n.<\/p>\n","protected":false},"excerpt":{"rendered":"<p>Los pueblos ind\u00edgenas enfrentan diversas barreras para acceder a la justicia, incluyendo la discriminaci\u00f3n, racismo y la falta de int\u00e9rpretes en lenguas ind\u00edgenas, adem\u00e1s de la falta de capacitaci\u00f3n en derechos ind\u00edgenas por parte de servidores p\u00fablicos. Por ello en el a\u00f1o 2005 un grupo de profesionales ind\u00edgenas se comprometieron con los derechos ling\u00fc\u00edsticos de [&hellip;]<\/p>\n","protected":false},"author":4,"featured_media":105,"comment_status":"open","ping_status":"closed","sticky":false,"template":"","format":"standard","meta":{"footnotes":""},"categories":[6],"tags":[],"class_list":["post-104","post","type-post","status-publish","format-standard","has-post-thumbnail","hentry","category-noticias"],"yoast_head":"<!-- This site is optimized with the Yoast SEO plugin v27.5 - https:\/\/yoast.com\/product\/yoast-seo-wordpress\/ -->\n<title>Fortalecen la justicia y los derechos de los pueblos ind\u00edgenas - Historias que inspiran...<\/title>\n<meta name=\"robots\" content=\"index, follow, max-snippet:-1, max-image-preview:large, max-video-preview:-1\" \/>\n<link rel=\"canonical\" href=\"https:\/\/somos-hermanos.mx\/index.php\/2025\/08\/02\/fortalecen-la-justicia-y-los-derechos-de-los-pueblos-indigenas\/\" \/>\n<meta property=\"og:locale\" content=\"es_MX\" \/>\n<meta property=\"og:type\" content=\"article\" \/>\n<meta property=\"og:title\" content=\"Fortalecen la justicia y los derechos de los pueblos ind\u00edgenas - Historias que inspiran...\" \/>\n<meta property=\"og:description\" content=\"Los pueblos ind\u00edgenas enfrentan diversas barreras para acceder a la justicia, incluyendo la discriminaci\u00f3n, racismo y la falta de int\u00e9rpretes en lenguas ind\u00edgenas, adem\u00e1s de la falta de capacitaci\u00f3n en derechos ind\u00edgenas por parte de servidores p\u00fablicos. Por ello en el a\u00f1o 2005 un grupo de profesionales ind\u00edgenas se comprometieron con los derechos ling\u00fc\u00edsticos de [&hellip;]\" \/>\n<meta property=\"og:url\" content=\"https:\/\/somos-hermanos.mx\/index.php\/2025\/08\/02\/fortalecen-la-justicia-y-los-derechos-de-los-pueblos-indigenas\/\" \/>\n<meta property=\"og:site_name\" content=\"Historias que inspiran...\" \/>\n<meta property=\"article:publisher\" content=\"https:\/\/www.facebook.com\/SomosHermanosIAP\/\" \/>\n<meta property=\"article:published_time\" content=\"2025-08-02T00:22:32+00:00\" \/>\n<meta property=\"article:modified_time\" content=\"2025-08-03T05:55:01+00:00\" \/>\n<meta property=\"og:image\" content=\"https:\/\/somos-hermanos.mx\/wp-content\/uploads\/2025\/08\/Logo-oficial-de-cepiadet.png\" \/>\n\t<meta property=\"og:image:width\" content=\"1020\" \/>\n\t<meta property=\"og:image:height\" content=\"1024\" \/>\n\t<meta property=\"og:image:type\" content=\"image\/png\" \/>\n<meta name=\"author\" content=\"Diana D\u00edaz Cardoza\" \/>\n<meta name=\"twitter:card\" content=\"summary_large_image\" \/>\n<meta name=\"twitter:creator\" content=\"@Somos__Hermanos\" \/>\n<meta name=\"twitter:site\" content=\"@Somos__Hermanos\" \/>\n<meta name=\"twitter:label1\" content=\"Escrito por\" \/>\n\t<meta name=\"twitter:data1\" content=\"Diana D\u00edaz Cardoza\" \/>\n\t<meta name=\"twitter:label2\" content=\"Tiempo de lectura\" \/>\n\t<meta name=\"twitter:data2\" content=\"2 minutos\" \/>\n<script type=\"application\/ld+json\" class=\"yoast-schema-graph\">{\"@context\":\"https:\\\/\\\/schema.org\",\"@graph\":[{\"@type\":\"Article\",\"@id\":\"https:\\\/\\\/somos-hermanos.mx\\\/index.php\\\/2025\\\/08\\\/02\\\/fortalecen-la-justicia-y-los-derechos-de-los-pueblos-indigenas\\\/#article\",\"isPartOf\":{\"@id\":\"https:\\\/\\\/somos-hermanos.mx\\\/index.php\\\/2025\\\/08\\\/02\\\/fortalecen-la-justicia-y-los-derechos-de-los-pueblos-indigenas\\\/\"},\"author\":{\"name\":\"Diana D\u00edaz Cardoza\",\"@id\":\"https:\\\/\\\/somos-hermanos.mx\\\/#\\\/schema\\\/person\\\/410425922654f3768f310e5949e1d304\"},\"headline\":\"Fortalecen la justicia y los derechos de los pueblos ind\u00edgenas\",\"datePublished\":\"2025-08-02T00:22:32+00:00\",\"dateModified\":\"2025-08-03T05:55:01+00:00\",\"mainEntityOfPage\":{\"@id\":\"https:\\\/\\\/somos-hermanos.mx\\\/index.php\\\/2025\\\/08\\\/02\\\/fortalecen-la-justicia-y-los-derechos-de-los-pueblos-indigenas\\\/\"},\"wordCount\":414,\"commentCount\":0,\"publisher\":{\"@id\":\"https:\\\/\\\/somos-hermanos.mx\\\/#organization\"},\"image\":{\"@id\":\"https:\\\/\\\/somos-hermanos.mx\\\/index.php\\\/2025\\\/08\\\/02\\\/fortalecen-la-justicia-y-los-derechos-de-los-pueblos-indigenas\\\/#primaryimage\"},\"thumbnailUrl\":\"https:\\\/\\\/somos-hermanos.mx\\\/wp-content\\\/uploads\\\/2025\\\/08\\\/Logo-oficial-de-cepiadet.png\",\"articleSection\":[\"Noticias\"],\"inLanguage\":\"es\",\"potentialAction\":[{\"@type\":\"CommentAction\",\"name\":\"Comment\",\"target\":[\"https:\\\/\\\/somos-hermanos.mx\\\/index.php\\\/2025\\\/08\\\/02\\\/fortalecen-la-justicia-y-los-derechos-de-los-pueblos-indigenas\\\/#respond\"]}]},{\"@type\":\"WebPage\",\"@id\":\"https:\\\/\\\/somos-hermanos.mx\\\/index.php\\\/2025\\\/08\\\/02\\\/fortalecen-la-justicia-y-los-derechos-de-los-pueblos-indigenas\\\/\",\"url\":\"https:\\\/\\\/somos-hermanos.mx\\\/index.php\\\/2025\\\/08\\\/02\\\/fortalecen-la-justicia-y-los-derechos-de-los-pueblos-indigenas\\\/\",\"name\":\"Fortalecen la justicia y los derechos de los pueblos ind\u00edgenas - Historias que inspiran...\",\"isPartOf\":{\"@id\":\"https:\\\/\\\/somos-hermanos.mx\\\/#website\"},\"primaryImageOfPage\":{\"@id\":\"https:\\\/\\\/somos-hermanos.mx\\\/index.php\\\/2025\\\/08\\\/02\\\/fortalecen-la-justicia-y-los-derechos-de-los-pueblos-indigenas\\\/#primaryimage\"},\"image\":{\"@id\":\"https:\\\/\\\/somos-hermanos.mx\\\/index.php\\\/2025\\\/08\\\/02\\\/fortalecen-la-justicia-y-los-derechos-de-los-pueblos-indigenas\\\/#primaryimage\"},\"thumbnailUrl\":\"https:\\\/\\\/somos-hermanos.mx\\\/wp-content\\\/uploads\\\/2025\\\/08\\\/Logo-oficial-de-cepiadet.png\",\"datePublished\":\"2025-08-02T00:22:32+00:00\",\"dateModified\":\"2025-08-03T05:55:01+00:00\",\"breadcrumb\":{\"@id\":\"https:\\\/\\\/somos-hermanos.mx\\\/index.php\\\/2025\\\/08\\\/02\\\/fortalecen-la-justicia-y-los-derechos-de-los-pueblos-indigenas\\\/#breadcrumb\"},\"inLanguage\":\"es\",\"potentialAction\":[{\"@type\":\"ReadAction\",\"target\":[\"https:\\\/\\\/somos-hermanos.mx\\\/index.php\\\/2025\\\/08\\\/02\\\/fortalecen-la-justicia-y-los-derechos-de-los-pueblos-indigenas\\\/\"]}]},{\"@type\":\"ImageObject\",\"inLanguage\":\"es\",\"@id\":\"https:\\\/\\\/somos-hermanos.mx\\\/index.php\\\/2025\\\/08\\\/02\\\/fortalecen-la-justicia-y-los-derechos-de-los-pueblos-indigenas\\\/#primaryimage\",\"url\":\"https:\\\/\\\/somos-hermanos.mx\\\/wp-content\\\/uploads\\\/2025\\\/08\\\/Logo-oficial-de-cepiadet.png\",\"contentUrl\":\"https:\\\/\\\/somos-hermanos.mx\\\/wp-content\\\/uploads\\\/2025\\\/08\\\/Logo-oficial-de-cepiadet.png\",\"width\":1020,\"height\":1024},{\"@type\":\"BreadcrumbList\",\"@id\":\"https:\\\/\\\/somos-hermanos.mx\\\/index.php\\\/2025\\\/08\\\/02\\\/fortalecen-la-justicia-y-los-derechos-de-los-pueblos-indigenas\\\/#breadcrumb\",\"itemListElement\":[{\"@type\":\"ListItem\",\"position\":1,\"name\":\"Inicio\",\"item\":\"https:\\\/\\\/somos-hermanos.mx\\\/\"},{\"@type\":\"ListItem\",\"position\":2,\"name\":\"Fortalecen la justicia y los derechos de los pueblos ind\u00edgenas\"}]},{\"@type\":\"WebSite\",\"@id\":\"https:\\\/\\\/somos-hermanos.mx\\\/#website\",\"url\":\"https:\\\/\\\/somos-hermanos.mx\\\/\",\"name\":\"Historias que inspiran...\",\"description\":\"Somos la voz del altruismo en M\u00e9xico\",\"publisher\":{\"@id\":\"https:\\\/\\\/somos-hermanos.mx\\\/#organization\"},\"potentialAction\":[{\"@type\":\"SearchAction\",\"target\":{\"@type\":\"EntryPoint\",\"urlTemplate\":\"https:\\\/\\\/somos-hermanos.mx\\\/?s={search_term_string}\"},\"query-input\":{\"@type\":\"PropertyValueSpecification\",\"valueRequired\":true,\"valueName\":\"search_term_string\"}}],\"inLanguage\":\"es\"},{\"@type\":\"Organization\",\"@id\":\"https:\\\/\\\/somos-hermanos.mx\\\/#organization\",\"name\":\"Somos Hermanos\",\"url\":\"https:\\\/\\\/somos-hermanos.mx\\\/\",\"logo\":{\"@type\":\"ImageObject\",\"inLanguage\":\"es\",\"@id\":\"https:\\\/\\\/somos-hermanos.mx\\\/#\\\/schema\\\/logo\\\/image\\\/\",\"url\":\"https:\\\/\\\/somos-hermanos.mx\\\/wp-content\\\/uploads\\\/2025\\\/08\\\/SH30-1.jpeg\",\"contentUrl\":\"https:\\\/\\\/somos-hermanos.mx\\\/wp-content\\\/uploads\\\/2025\\\/08\\\/SH30-1.jpeg\",\"width\":1600,\"height\":1142,\"caption\":\"Somos Hermanos\"},\"image\":{\"@id\":\"https:\\\/\\\/somos-hermanos.mx\\\/#\\\/schema\\\/logo\\\/image\\\/\"},\"sameAs\":[\"https:\\\/\\\/www.facebook.com\\\/SomosHermanosIAP\\\/\",\"https:\\\/\\\/x.com\\\/Somos__Hermanos\",\"https:\\\/\\\/www.instagram.com\\\/somos__hermanos\\\/#\",\"https:\\\/\\\/www.tiktok.com\\\/@somoshermanosiap\",\"https:\\\/\\\/www.youtube.com\\\/@somoshermanosiap1201\\\/videos\"]},{\"@type\":\"Person\",\"@id\":\"https:\\\/\\\/somos-hermanos.mx\\\/#\\\/schema\\\/person\\\/410425922654f3768f310e5949e1d304\",\"name\":\"Diana D\u00edaz Cardoza\",\"image\":{\"@type\":\"ImageObject\",\"inLanguage\":\"es\",\"@id\":\"https:\\\/\\\/secure.gravatar.com\\\/avatar\\\/f80bf4377c9bc6108877fbe8e6e6a08647dd8a628846d62be4318348e3a367f7?s=96&d=mm&r=g\",\"url\":\"https:\\\/\\\/secure.gravatar.com\\\/avatar\\\/f80bf4377c9bc6108877fbe8e6e6a08647dd8a628846d62be4318348e3a367f7?s=96&d=mm&r=g\",\"contentUrl\":\"https:\\\/\\\/secure.gravatar.com\\\/avatar\\\/f80bf4377c9bc6108877fbe8e6e6a08647dd8a628846d62be4318348e3a367f7?s=96&d=mm&r=g\",\"caption\":\"Diana D\u00edaz Cardoza\"},\"url\":\"https:\\\/\\\/somos-hermanos.mx\\\/index.php\\\/author\\\/diana-diaz-cardoza\\\/\"}]}<\/script>\n<!-- \/ Yoast SEO plugin. -->","yoast_head_json":{"title":"Fortalecen la justicia y los derechos de los pueblos ind\u00edgenas - Historias que inspiran...","robots":{"index":"index","follow":"follow","max-snippet":"max-snippet:-1","max-image-preview":"max-image-preview:large","max-video-preview":"max-video-preview:-1"},"canonical":"https:\/\/somos-hermanos.mx\/index.php\/2025\/08\/02\/fortalecen-la-justicia-y-los-derechos-de-los-pueblos-indigenas\/","og_locale":"es_MX","og_type":"article","og_title":"Fortalecen la justicia y los derechos de los pueblos ind\u00edgenas - Historias que inspiran...","og_description":"Los pueblos ind\u00edgenas enfrentan diversas barreras para acceder a la justicia, incluyendo la discriminaci\u00f3n, racismo y la falta de int\u00e9rpretes en lenguas ind\u00edgenas, adem\u00e1s de la falta de capacitaci\u00f3n en derechos ind\u00edgenas por parte de servidores p\u00fablicos. Por ello en el a\u00f1o 2005 un grupo de profesionales ind\u00edgenas se comprometieron con los derechos ling\u00fc\u00edsticos de [&hellip;]","og_url":"https:\/\/somos-hermanos.mx\/index.php\/2025\/08\/02\/fortalecen-la-justicia-y-los-derechos-de-los-pueblos-indigenas\/","og_site_name":"Historias que inspiran...","article_publisher":"https:\/\/www.facebook.com\/SomosHermanosIAP\/","article_published_time":"2025-08-02T00:22:32+00:00","article_modified_time":"2025-08-03T05:55:01+00:00","og_image":[{"width":1020,"height":1024,"url":"https:\/\/somos-hermanos.mx\/wp-content\/uploads\/2025\/08\/Logo-oficial-de-cepiadet.png","type":"image\/png"}],"author":"Diana D\u00edaz Cardoza","twitter_card":"summary_large_image","twitter_creator":"@Somos__Hermanos","twitter_site":"@Somos__Hermanos","twitter_misc":{"Escrito por":"Diana D\u00edaz Cardoza","Tiempo de lectura":"2 minutos"},"schema":{"@context":"https:\/\/schema.org","@graph":[{"@type":"Article","@id":"https:\/\/somos-hermanos.mx\/index.php\/2025\/08\/02\/fortalecen-la-justicia-y-los-derechos-de-los-pueblos-indigenas\/#article","isPartOf":{"@id":"https:\/\/somos-hermanos.mx\/index.php\/2025\/08\/02\/fortalecen-la-justicia-y-los-derechos-de-los-pueblos-indigenas\/"},"author":{"name":"Diana D\u00edaz Cardoza","@id":"https:\/\/somos-hermanos.mx\/#\/schema\/person\/410425922654f3768f310e5949e1d304"},"headline":"Fortalecen la justicia y los derechos de los pueblos ind\u00edgenas","datePublished":"2025-08-02T00:22:32+00:00","dateModified":"2025-08-03T05:55:01+00:00","mainEntityOfPage":{"@id":"https:\/\/somos-hermanos.mx\/index.php\/2025\/08\/02\/fortalecen-la-justicia-y-los-derechos-de-los-pueblos-indigenas\/"},"wordCount":414,"commentCount":0,"publisher":{"@id":"https:\/\/somos-hermanos.mx\/#organization"},"image":{"@id":"https:\/\/somos-hermanos.mx\/index.php\/2025\/08\/02\/fortalecen-la-justicia-y-los-derechos-de-los-pueblos-indigenas\/#primaryimage"},"thumbnailUrl":"https:\/\/somos-hermanos.mx\/wp-content\/uploads\/2025\/08\/Logo-oficial-de-cepiadet.png","articleSection":["Noticias"],"inLanguage":"es","potentialAction":[{"@type":"CommentAction","name":"Comment","target":["https:\/\/somos-hermanos.mx\/index.php\/2025\/08\/02\/fortalecen-la-justicia-y-los-derechos-de-los-pueblos-indigenas\/#respond"]}]},{"@type":"WebPage","@id":"https:\/\/somos-hermanos.mx\/index.php\/2025\/08\/02\/fortalecen-la-justicia-y-los-derechos-de-los-pueblos-indigenas\/","url":"https:\/\/somos-hermanos.mx\/index.php\/2025\/08\/02\/fortalecen-la-justicia-y-los-derechos-de-los-pueblos-indigenas\/","name":"Fortalecen la justicia y los derechos de los pueblos ind\u00edgenas - Historias que inspiran...","isPartOf":{"@id":"https:\/\/somos-hermanos.mx\/#website"},"primaryImageOfPage":{"@id":"https:\/\/somos-hermanos.mx\/index.php\/2025\/08\/02\/fortalecen-la-justicia-y-los-derechos-de-los-pueblos-indigenas\/#primaryimage"},"image":{"@id":"https:\/\/somos-hermanos.mx\/index.php\/2025\/08\/02\/fortalecen-la-justicia-y-los-derechos-de-los-pueblos-indigenas\/#primaryimage"},"thumbnailUrl":"https:\/\/somos-hermanos.mx\/wp-content\/uploads\/2025\/08\/Logo-oficial-de-cepiadet.png","datePublished":"2025-08-02T00:22:32+00:00","dateModified":"2025-08-03T05:55:01+00:00","breadcrumb":{"@id":"https:\/\/somos-hermanos.mx\/index.php\/2025\/08\/02\/fortalecen-la-justicia-y-los-derechos-de-los-pueblos-indigenas\/#breadcrumb"},"inLanguage":"es","potentialAction":[{"@type":"ReadAction","target":["https:\/\/somos-hermanos.mx\/index.php\/2025\/08\/02\/fortalecen-la-justicia-y-los-derechos-de-los-pueblos-indigenas\/"]}]},{"@type":"ImageObject","inLanguage":"es","@id":"https:\/\/somos-hermanos.mx\/index.php\/2025\/08\/02\/fortalecen-la-justicia-y-los-derechos-de-los-pueblos-indigenas\/#primaryimage","url":"https:\/\/somos-hermanos.mx\/wp-content\/uploads\/2025\/08\/Logo-oficial-de-cepiadet.png","contentUrl":"https:\/\/somos-hermanos.mx\/wp-content\/uploads\/2025\/08\/Logo-oficial-de-cepiadet.png","width":1020,"height":1024},{"@type":"BreadcrumbList","@id":"https:\/\/somos-hermanos.mx\/index.php\/2025\/08\/02\/fortalecen-la-justicia-y-los-derechos-de-los-pueblos-indigenas\/#breadcrumb","itemListElement":[{"@type":"ListItem","position":1,"name":"Inicio","item":"https:\/\/somos-hermanos.mx\/"},{"@type":"ListItem","position":2,"name":"Fortalecen la justicia y los derechos de los pueblos ind\u00edgenas"}]},{"@type":"WebSite","@id":"https:\/\/somos-hermanos.mx\/#website","url":"https:\/\/somos-hermanos.mx\/","name":"Historias que inspiran...","description":"Somos la voz del altruismo en M\u00e9xico","publisher":{"@id":"https:\/\/somos-hermanos.mx\/#organization"},"potentialAction":[{"@type":"SearchAction","target":{"@type":"EntryPoint","urlTemplate":"https:\/\/somos-hermanos.mx\/?s={search_term_string}"},"query-input":{"@type":"PropertyValueSpecification","valueRequired":true,"valueName":"search_term_string"}}],"inLanguage":"es"},{"@type":"Organization","@id":"https:\/\/somos-hermanos.mx\/#organization","name":"Somos Hermanos","url":"https:\/\/somos-hermanos.mx\/","logo":{"@type":"ImageObject","inLanguage":"es","@id":"https:\/\/somos-hermanos.mx\/#\/schema\/logo\/image\/","url":"https:\/\/somos-hermanos.mx\/wp-content\/uploads\/2025\/08\/SH30-1.jpeg","contentUrl":"https:\/\/somos-hermanos.mx\/wp-content\/uploads\/2025\/08\/SH30-1.jpeg","width":1600,"height":1142,"caption":"Somos Hermanos"},"image":{"@id":"https:\/\/somos-hermanos.mx\/#\/schema\/logo\/image\/"},"sameAs":["https:\/\/www.facebook.com\/SomosHermanosIAP\/","https:\/\/x.com\/Somos__Hermanos","https:\/\/www.instagram.com\/somos__hermanos\/#","https:\/\/www.tiktok.com\/@somoshermanosiap","https:\/\/www.youtube.com\/@somoshermanosiap1201\/videos"]},{"@type":"Person","@id":"https:\/\/somos-hermanos.mx\/#\/schema\/person\/410425922654f3768f310e5949e1d304","name":"Diana D\u00edaz Cardoza","image":{"@type":"ImageObject","inLanguage":"es","@id":"https:\/\/secure.gravatar.com\/avatar\/f80bf4377c9bc6108877fbe8e6e6a08647dd8a628846d62be4318348e3a367f7?s=96&d=mm&r=g","url":"https:\/\/secure.gravatar.com\/avatar\/f80bf4377c9bc6108877fbe8e6e6a08647dd8a628846d62be4318348e3a367f7?s=96&d=mm&r=g","contentUrl":"https:\/\/secure.gravatar.com\/avatar\/f80bf4377c9bc6108877fbe8e6e6a08647dd8a628846d62be4318348e3a367f7?s=96&d=mm&r=g","caption":"Diana D\u00edaz Cardoza"},"url":"https:\/\/somos-hermanos.mx\/index.php\/author\/diana-diaz-cardoza\/"}]}},"_links":{"self":[{"href":"https:\/\/somos-hermanos.mx\/index.php\/wp-json\/wp\/v2\/posts\/104","targetHints":{"allow":["GET"]}}],"collection":[{"href":"https:\/\/somos-hermanos.mx\/index.php\/wp-json\/wp\/v2\/posts"}],"about":[{"href":"https:\/\/somos-hermanos.mx\/index.php\/wp-json\/wp\/v2\/types\/post"}],"author":[{"embeddable":true,"href":"https:\/\/somos-hermanos.mx\/index.php\/wp-json\/wp\/v2\/users\/4"}],"replies":[{"embeddable":true,"href":"https:\/\/somos-hermanos.mx\/index.php\/wp-json\/wp\/v2\/comments?post=104"}],"version-history":[{"count":1,"href":"https:\/\/somos-hermanos.mx\/index.php\/wp-json\/wp\/v2\/posts\/104\/revisions"}],"predecessor-version":[{"id":106,"href":"https:\/\/somos-hermanos.mx\/index.php\/wp-json\/wp\/v2\/posts\/104\/revisions\/106"}],"wp:featuredmedia":[{"embeddable":true,"href":"https:\/\/somos-hermanos.mx\/index.php\/wp-json\/wp\/v2\/media\/105"}],"wp:attachment":[{"href":"https:\/\/somos-hermanos.mx\/index.php\/wp-json\/wp\/v2\/media?parent=104"}],"wp:term":[{"taxonomy":"category","embeddable":true,"href":"https:\/\/somos-hermanos.mx\/index.php\/wp-json\/wp\/v2\/categories?post=104"},{"taxonomy":"post_tag","embeddable":true,"href":"https:\/\/somos-hermanos.mx\/index.php\/wp-json\/wp\/v2\/tags?post=104"}],"curies":[{"name":"wp","href":"https:\/\/api.w.org\/{rel}","templated":true}]}}