{"id":1038,"date":"2025-08-04T04:17:03","date_gmt":"2025-08-04T10:17:03","guid":{"rendered":"https:\/\/somos-hermanos.mx\/?p=1038"},"modified":"2025-08-04T04:17:03","modified_gmt":"2025-08-04T10:17:03","slug":"una-fundacion-con-raices-y-compromiso-paj-iap","status":"publish","type":"post","link":"https:\/\/somos-hermanos.mx\/index.php\/2025\/08\/04\/una-fundacion-con-raices-y-compromiso-paj-iap\/","title":{"rendered":"Una fundaci\u00f3n con ra\u00edces y compromiso: PAJ IAP"},"content":{"rendered":"<p>La Fundaci\u00f3n Proyecto Salesiano para Am\u00e9rica <strong>impulsa el desarrollo integral de ni\u00f1as, ni\u00f1os y j\u00f3venes en situaci\u00f3n vulnerable,<\/strong>\u00a0fortaleciendo su educaci\u00f3n, valores y liderazgo comunitario.<em>\u00a0<\/em><\/p>\n<p>La Fundaci\u00f3n Proyecto Salesiano para Am\u00e9rica (PAJ) <strong>nace en 2011 como un esfuerzo conjunto de las obras salesianas de M\u00e9xico <\/strong>para atender a ni\u00f1as, ni\u00f1os, adolescentes y j\u00f3venes en situaci\u00f3n de vulnerabilidad.<\/p>\n<p>Desde entonces, <strong>ha consolidado una red de proyectos en 18 estados de la Rep\u00fablica, <\/strong>con presencia en comunidades donde las juventudes enfrentan pobreza, exclusi\u00f3n social, violencia o falta de acceso a educaci\u00f3n.<\/p>\n<p>Inspirada en el carisma de Don Bosco y en la pedagog\u00eda salesiana, la PAJ trabaja con un modelo educativo y comunitario que impulsa la dignidad, la participaci\u00f3n y el desarrollo integral de cada persona, priorizando el acompa\u00f1amiento humano en espacios seguros y formativos.<\/p>\n<p><strong>Impacto: cifras que hablan de esperanza<\/strong><\/p>\n<p>De acuerdo con su m\u00e1s reciente reporte de impacto, <strong>la fundaci\u00f3n ha beneficiado a m\u00e1s de 20,000 ni\u00f1as, ni\u00f1os y j\u00f3venes en todo M\u00e9xico,<\/strong>\u00a0brindando alimentaci\u00f3n, espacios de aprendizaje, talleres de habilidades para la vida, salud preventiva y formaci\u00f3n en valores.<\/p>\n<p><strong>A trav\u00e9s de programas como:<\/strong><\/p>\n<ul>\n<li><strong>Ni\u00f1ez con Futuro: <\/strong>atenci\u00f3n integral y prevenci\u00f3n de riesgos para ni\u00f1as y ni\u00f1os en situaci\u00f3n de calle o vulnerabilidad.<\/li>\n<li>\n<strong>Construyendo Sue\u00f1os:<\/strong>reinserci\u00f3n escolar y desarrollo de habilidades socioemocionales.<\/li>\n<li><strong>Escuelas de Ciudadan\u00eda y Liderazgo: <\/strong>formaci\u00f3n de j\u00f3venes como agentes de cambio en sus comunidades.<\/li>\n<\/ul>\n<p>La PAJ contribuye a que las juventudes descubran sus capacidades, fortalezcan su autoestima y construyan proyectos de vida alejados de la violencia o el abandono.<\/p>\n<p><strong>Juventud: una prioridad global y local<\/strong><\/p>\n<p>El trabajo de PAJ se alinea con los principios del <strong>D\u00eda Internacional de la Juventud, que se celebra cada 12 de agosto por iniciativa de la ONU, <\/strong>con el objetivo de reconocer la importancia de la participaci\u00f3n de los j\u00f3venes en la sociedad y su papel en el desarrollo sostenible.<\/p>\n<p>Actualmente, m\u00e1s de 1,200 millones de j\u00f3venes de entre 15 y 24 a\u00f1os viven en el mundo, representando el 16 % de la poblaci\u00f3n global (ONU Juventud). Este potencial necesita ser impulsado con oportunidades de educaci\u00f3n de calidad, espacios de participaci\u00f3n y pol\u00edticas p\u00fablicas que permitan a las juventudes ser protagonistas en la construcci\u00f3n de comunidades justas y pac\u00edficas, misi\u00f3n que la Fundaci\u00f3n PAJ materializa d\u00eda con d\u00eda.<\/p>\n<p>C\u00f3mo sumarte al cambio.<\/p>\n<p>La Fundaci\u00f3n PAJ invita a todas las personas interesadas en contribuir al desarrollo de la juventud a sumarse como voluntarios, donantes o aliados estrat\u00e9gicos.<\/p>\n<p>Los recursos y colaboraciones se destinan directamente a fortalecer los programas en comunidades prioritarias, brindando a ni\u00f1as, ni\u00f1os y j\u00f3venes la posibilidad de crecer en entornos seguros, con acceso a educaci\u00f3n, salud y formaci\u00f3n humana.<\/p>\n","protected":false},"excerpt":{"rendered":"<p>La Fundaci\u00f3n Proyecto Salesiano para Am\u00e9rica impulsa el desarrollo integral de ni\u00f1as, ni\u00f1os y j\u00f3venes en situaci\u00f3n vulnerable,\u00a0fortaleciendo su educaci\u00f3n, valores y liderazgo comunitario.\u00a0 La Fundaci\u00f3n Proyecto Salesiano para Am\u00e9rica (PAJ) nace en 2011 como un esfuerzo conjunto de las obras salesianas de M\u00e9xico para atender a ni\u00f1as, ni\u00f1os, adolescentes y j\u00f3venes en situaci\u00f3n de [&hellip;]<\/p>\n","protected":false},"author":14,"featured_media":1039,"comment_status":"open","ping_status":"closed","sticky":false,"template":"","format":"standard","meta":{"footnotes":""},"categories":[6],"tags":[],"class_list":["post-1038","post","type-post","status-publish","format-standard","has-post-thumbnail","hentry","category-noticias"],"yoast_head":"<!-- This site is optimized with the Yoast SEO plugin v27.5 - https:\/\/yoast.com\/product\/yoast-seo-wordpress\/ -->\n<title>Una fundaci\u00f3n con ra\u00edces y compromiso: PAJ IAP - Historias que inspiran...<\/title>\n<meta name=\"robots\" content=\"index, follow, max-snippet:-1, max-image-preview:large, max-video-preview:-1\" \/>\n<link rel=\"canonical\" href=\"https:\/\/somos-hermanos.mx\/index.php\/2025\/08\/04\/una-fundacion-con-raices-y-compromiso-paj-iap\/\" \/>\n<meta property=\"og:locale\" content=\"es_MX\" \/>\n<meta property=\"og:type\" content=\"article\" \/>\n<meta property=\"og:title\" content=\"Una fundaci\u00f3n con ra\u00edces y compromiso: PAJ IAP - Historias que inspiran...\" \/>\n<meta property=\"og:description\" content=\"La Fundaci\u00f3n Proyecto Salesiano para Am\u00e9rica impulsa el desarrollo integral de ni\u00f1as, ni\u00f1os y j\u00f3venes en situaci\u00f3n vulnerable,\u00a0fortaleciendo su educaci\u00f3n, valores y liderazgo comunitario.\u00a0 La Fundaci\u00f3n Proyecto Salesiano para Am\u00e9rica (PAJ) nace en 2011 como un esfuerzo conjunto de las obras salesianas de M\u00e9xico para atender a ni\u00f1as, ni\u00f1os, adolescentes y j\u00f3venes en situaci\u00f3n de [&hellip;]\" \/>\n<meta property=\"og:url\" content=\"https:\/\/somos-hermanos.mx\/index.php\/2025\/08\/04\/una-fundacion-con-raices-y-compromiso-paj-iap\/\" \/>\n<meta property=\"og:site_name\" content=\"Historias que inspiran...\" \/>\n<meta property=\"article:publisher\" content=\"https:\/\/www.facebook.com\/SomosHermanosIAP\/\" \/>\n<meta property=\"article:published_time\" content=\"2025-08-04T10:17:03+00:00\" \/>\n<meta property=\"og:image\" content=\"https:\/\/somos-hermanos.mx\/wp-content\/uploads\/2025\/08\/promo1.jpeg\" \/>\n\t<meta property=\"og:image:width\" content=\"947\" \/>\n\t<meta property=\"og:image:height\" content=\"539\" \/>\n\t<meta property=\"og:image:type\" content=\"image\/jpeg\" \/>\n<meta name=\"author\" content=\"Ivon D\u00edaz Rojas\" \/>\n<meta name=\"twitter:card\" content=\"summary_large_image\" \/>\n<meta name=\"twitter:creator\" content=\"@Somos__Hermanos\" \/>\n<meta name=\"twitter:site\" content=\"@Somos__Hermanos\" \/>\n<meta name=\"twitter:label1\" content=\"Escrito por\" \/>\n\t<meta name=\"twitter:data1\" content=\"Ivon D\u00edaz Rojas\" \/>\n\t<meta name=\"twitter:label2\" content=\"Tiempo de lectura\" \/>\n\t<meta name=\"twitter:data2\" content=\"3 minutos\" \/>\n<script type=\"application\/ld+json\" class=\"yoast-schema-graph\">{\"@context\":\"https:\\\/\\\/schema.org\",\"@graph\":[{\"@type\":\"Article\",\"@id\":\"https:\\\/\\\/somos-hermanos.mx\\\/index.php\\\/2025\\\/08\\\/04\\\/una-fundacion-con-raices-y-compromiso-paj-iap\\\/#article\",\"isPartOf\":{\"@id\":\"https:\\\/\\\/somos-hermanos.mx\\\/index.php\\\/2025\\\/08\\\/04\\\/una-fundacion-con-raices-y-compromiso-paj-iap\\\/\"},\"author\":{\"name\":\"Ivon D\u00edaz Rojas\",\"@id\":\"https:\\\/\\\/somos-hermanos.mx\\\/#\\\/schema\\\/person\\\/ca47b05d4e7735cde01b6c20df3ff500\"},\"headline\":\"Una fundaci\u00f3n con ra\u00edces y compromiso: PAJ IAP\",\"datePublished\":\"2025-08-04T10:17:03+00:00\",\"mainEntityOfPage\":{\"@id\":\"https:\\\/\\\/somos-hermanos.mx\\\/index.php\\\/2025\\\/08\\\/04\\\/una-fundacion-con-raices-y-compromiso-paj-iap\\\/\"},\"wordCount\":506,\"commentCount\":0,\"publisher\":{\"@id\":\"https:\\\/\\\/somos-hermanos.mx\\\/#organization\"},\"image\":{\"@id\":\"https:\\\/\\\/somos-hermanos.mx\\\/index.php\\\/2025\\\/08\\\/04\\\/una-fundacion-con-raices-y-compromiso-paj-iap\\\/#primaryimage\"},\"thumbnailUrl\":\"https:\\\/\\\/somos-hermanos.mx\\\/wp-content\\\/uploads\\\/2025\\\/08\\\/promo1.jpeg\",\"articleSection\":[\"Noticias\"],\"inLanguage\":\"es\",\"potentialAction\":[{\"@type\":\"CommentAction\",\"name\":\"Comment\",\"target\":[\"https:\\\/\\\/somos-hermanos.mx\\\/index.php\\\/2025\\\/08\\\/04\\\/una-fundacion-con-raices-y-compromiso-paj-iap\\\/#respond\"]}]},{\"@type\":\"WebPage\",\"@id\":\"https:\\\/\\\/somos-hermanos.mx\\\/index.php\\\/2025\\\/08\\\/04\\\/una-fundacion-con-raices-y-compromiso-paj-iap\\\/\",\"url\":\"https:\\\/\\\/somos-hermanos.mx\\\/index.php\\\/2025\\\/08\\\/04\\\/una-fundacion-con-raices-y-compromiso-paj-iap\\\/\",\"name\":\"Una fundaci\u00f3n con ra\u00edces y compromiso: PAJ IAP - Historias que inspiran...\",\"isPartOf\":{\"@id\":\"https:\\\/\\\/somos-hermanos.mx\\\/#website\"},\"primaryImageOfPage\":{\"@id\":\"https:\\\/\\\/somos-hermanos.mx\\\/index.php\\\/2025\\\/08\\\/04\\\/una-fundacion-con-raices-y-compromiso-paj-iap\\\/#primaryimage\"},\"image\":{\"@id\":\"https:\\\/\\\/somos-hermanos.mx\\\/index.php\\\/2025\\\/08\\\/04\\\/una-fundacion-con-raices-y-compromiso-paj-iap\\\/#primaryimage\"},\"thumbnailUrl\":\"https:\\\/\\\/somos-hermanos.mx\\\/wp-content\\\/uploads\\\/2025\\\/08\\\/promo1.jpeg\",\"datePublished\":\"2025-08-04T10:17:03+00:00\",\"breadcrumb\":{\"@id\":\"https:\\\/\\\/somos-hermanos.mx\\\/index.php\\\/2025\\\/08\\\/04\\\/una-fundacion-con-raices-y-compromiso-paj-iap\\\/#breadcrumb\"},\"inLanguage\":\"es\",\"potentialAction\":[{\"@type\":\"ReadAction\",\"target\":[\"https:\\\/\\\/somos-hermanos.mx\\\/index.php\\\/2025\\\/08\\\/04\\\/una-fundacion-con-raices-y-compromiso-paj-iap\\\/\"]}]},{\"@type\":\"ImageObject\",\"inLanguage\":\"es\",\"@id\":\"https:\\\/\\\/somos-hermanos.mx\\\/index.php\\\/2025\\\/08\\\/04\\\/una-fundacion-con-raices-y-compromiso-paj-iap\\\/#primaryimage\",\"url\":\"https:\\\/\\\/somos-hermanos.mx\\\/wp-content\\\/uploads\\\/2025\\\/08\\\/promo1.jpeg\",\"contentUrl\":\"https:\\\/\\\/somos-hermanos.mx\\\/wp-content\\\/uploads\\\/2025\\\/08\\\/promo1.jpeg\",\"width\":947,\"height\":539},{\"@type\":\"BreadcrumbList\",\"@id\":\"https:\\\/\\\/somos-hermanos.mx\\\/index.php\\\/2025\\\/08\\\/04\\\/una-fundacion-con-raices-y-compromiso-paj-iap\\\/#breadcrumb\",\"itemListElement\":[{\"@type\":\"ListItem\",\"position\":1,\"name\":\"Inicio\",\"item\":\"https:\\\/\\\/somos-hermanos.mx\\\/\"},{\"@type\":\"ListItem\",\"position\":2,\"name\":\"Una fundaci\u00f3n con ra\u00edces y compromiso: PAJ IAP\"}]},{\"@type\":\"WebSite\",\"@id\":\"https:\\\/\\\/somos-hermanos.mx\\\/#website\",\"url\":\"https:\\\/\\\/somos-hermanos.mx\\\/\",\"name\":\"Historias que inspiran...\",\"description\":\"Somos la voz del altruismo en M\u00e9xico\",\"publisher\":{\"@id\":\"https:\\\/\\\/somos-hermanos.mx\\\/#organization\"},\"potentialAction\":[{\"@type\":\"SearchAction\",\"target\":{\"@type\":\"EntryPoint\",\"urlTemplate\":\"https:\\\/\\\/somos-hermanos.mx\\\/?s={search_term_string}\"},\"query-input\":{\"@type\":\"PropertyValueSpecification\",\"valueRequired\":true,\"valueName\":\"search_term_string\"}}],\"inLanguage\":\"es\"},{\"@type\":\"Organization\",\"@id\":\"https:\\\/\\\/somos-hermanos.mx\\\/#organization\",\"name\":\"Somos Hermanos\",\"url\":\"https:\\\/\\\/somos-hermanos.mx\\\/\",\"logo\":{\"@type\":\"ImageObject\",\"inLanguage\":\"es\",\"@id\":\"https:\\\/\\\/somos-hermanos.mx\\\/#\\\/schema\\\/logo\\\/image\\\/\",\"url\":\"https:\\\/\\\/somos-hermanos.mx\\\/wp-content\\\/uploads\\\/2025\\\/08\\\/SH30-1.jpeg\",\"contentUrl\":\"https:\\\/\\\/somos-hermanos.mx\\\/wp-content\\\/uploads\\\/2025\\\/08\\\/SH30-1.jpeg\",\"width\":1600,\"height\":1142,\"caption\":\"Somos Hermanos\"},\"image\":{\"@id\":\"https:\\\/\\\/somos-hermanos.mx\\\/#\\\/schema\\\/logo\\\/image\\\/\"},\"sameAs\":[\"https:\\\/\\\/www.facebook.com\\\/SomosHermanosIAP\\\/\",\"https:\\\/\\\/x.com\\\/Somos__Hermanos\",\"https:\\\/\\\/www.instagram.com\\\/somos__hermanos\\\/#\",\"https:\\\/\\\/www.tiktok.com\\\/@somoshermanosiap\",\"https:\\\/\\\/www.youtube.com\\\/@somoshermanosiap1201\\\/videos\"]},{\"@type\":\"Person\",\"@id\":\"https:\\\/\\\/somos-hermanos.mx\\\/#\\\/schema\\\/person\\\/ca47b05d4e7735cde01b6c20df3ff500\",\"name\":\"Ivon D\u00edaz Rojas\",\"image\":{\"@type\":\"ImageObject\",\"inLanguage\":\"es\",\"@id\":\"https:\\\/\\\/secure.gravatar.com\\\/avatar\\\/1c19107828bb690213f343d5aa89eef40d6744894d5f632754fec79e3043dbb3?s=96&d=mm&r=g\",\"url\":\"https:\\\/\\\/secure.gravatar.com\\\/avatar\\\/1c19107828bb690213f343d5aa89eef40d6744894d5f632754fec79e3043dbb3?s=96&d=mm&r=g\",\"contentUrl\":\"https:\\\/\\\/secure.gravatar.com\\\/avatar\\\/1c19107828bb690213f343d5aa89eef40d6744894d5f632754fec79e3043dbb3?s=96&d=mm&r=g\",\"caption\":\"Ivon D\u00edaz Rojas\"},\"url\":\"https:\\\/\\\/somos-hermanos.mx\\\/index.php\\\/author\\\/ivon-diaz-rojas\\\/\"}]}<\/script>\n<!-- \/ Yoast SEO plugin. -->","yoast_head_json":{"title":"Una fundaci\u00f3n con ra\u00edces y compromiso: PAJ IAP - Historias que inspiran...","robots":{"index":"index","follow":"follow","max-snippet":"max-snippet:-1","max-image-preview":"max-image-preview:large","max-video-preview":"max-video-preview:-1"},"canonical":"https:\/\/somos-hermanos.mx\/index.php\/2025\/08\/04\/una-fundacion-con-raices-y-compromiso-paj-iap\/","og_locale":"es_MX","og_type":"article","og_title":"Una fundaci\u00f3n con ra\u00edces y compromiso: PAJ IAP - Historias que inspiran...","og_description":"La Fundaci\u00f3n Proyecto Salesiano para Am\u00e9rica impulsa el desarrollo integral de ni\u00f1as, ni\u00f1os y j\u00f3venes en situaci\u00f3n vulnerable,\u00a0fortaleciendo su educaci\u00f3n, valores y liderazgo comunitario.\u00a0 La Fundaci\u00f3n Proyecto Salesiano para Am\u00e9rica (PAJ) nace en 2011 como un esfuerzo conjunto de las obras salesianas de M\u00e9xico para atender a ni\u00f1as, ni\u00f1os, adolescentes y j\u00f3venes en situaci\u00f3n de [&hellip;]","og_url":"https:\/\/somos-hermanos.mx\/index.php\/2025\/08\/04\/una-fundacion-con-raices-y-compromiso-paj-iap\/","og_site_name":"Historias que inspiran...","article_publisher":"https:\/\/www.facebook.com\/SomosHermanosIAP\/","article_published_time":"2025-08-04T10:17:03+00:00","og_image":[{"width":947,"height":539,"url":"https:\/\/somos-hermanos.mx\/wp-content\/uploads\/2025\/08\/promo1.jpeg","type":"image\/jpeg"}],"author":"Ivon D\u00edaz Rojas","twitter_card":"summary_large_image","twitter_creator":"@Somos__Hermanos","twitter_site":"@Somos__Hermanos","twitter_misc":{"Escrito por":"Ivon D\u00edaz Rojas","Tiempo de lectura":"3 minutos"},"schema":{"@context":"https:\/\/schema.org","@graph":[{"@type":"Article","@id":"https:\/\/somos-hermanos.mx\/index.php\/2025\/08\/04\/una-fundacion-con-raices-y-compromiso-paj-iap\/#article","isPartOf":{"@id":"https:\/\/somos-hermanos.mx\/index.php\/2025\/08\/04\/una-fundacion-con-raices-y-compromiso-paj-iap\/"},"author":{"name":"Ivon D\u00edaz Rojas","@id":"https:\/\/somos-hermanos.mx\/#\/schema\/person\/ca47b05d4e7735cde01b6c20df3ff500"},"headline":"Una fundaci\u00f3n con ra\u00edces y compromiso: PAJ IAP","datePublished":"2025-08-04T10:17:03+00:00","mainEntityOfPage":{"@id":"https:\/\/somos-hermanos.mx\/index.php\/2025\/08\/04\/una-fundacion-con-raices-y-compromiso-paj-iap\/"},"wordCount":506,"commentCount":0,"publisher":{"@id":"https:\/\/somos-hermanos.mx\/#organization"},"image":{"@id":"https:\/\/somos-hermanos.mx\/index.php\/2025\/08\/04\/una-fundacion-con-raices-y-compromiso-paj-iap\/#primaryimage"},"thumbnailUrl":"https:\/\/somos-hermanos.mx\/wp-content\/uploads\/2025\/08\/promo1.jpeg","articleSection":["Noticias"],"inLanguage":"es","potentialAction":[{"@type":"CommentAction","name":"Comment","target":["https:\/\/somos-hermanos.mx\/index.php\/2025\/08\/04\/una-fundacion-con-raices-y-compromiso-paj-iap\/#respond"]}]},{"@type":"WebPage","@id":"https:\/\/somos-hermanos.mx\/index.php\/2025\/08\/04\/una-fundacion-con-raices-y-compromiso-paj-iap\/","url":"https:\/\/somos-hermanos.mx\/index.php\/2025\/08\/04\/una-fundacion-con-raices-y-compromiso-paj-iap\/","name":"Una fundaci\u00f3n con ra\u00edces y compromiso: PAJ IAP - Historias que inspiran...","isPartOf":{"@id":"https:\/\/somos-hermanos.mx\/#website"},"primaryImageOfPage":{"@id":"https:\/\/somos-hermanos.mx\/index.php\/2025\/08\/04\/una-fundacion-con-raices-y-compromiso-paj-iap\/#primaryimage"},"image":{"@id":"https:\/\/somos-hermanos.mx\/index.php\/2025\/08\/04\/una-fundacion-con-raices-y-compromiso-paj-iap\/#primaryimage"},"thumbnailUrl":"https:\/\/somos-hermanos.mx\/wp-content\/uploads\/2025\/08\/promo1.jpeg","datePublished":"2025-08-04T10:17:03+00:00","breadcrumb":{"@id":"https:\/\/somos-hermanos.mx\/index.php\/2025\/08\/04\/una-fundacion-con-raices-y-compromiso-paj-iap\/#breadcrumb"},"inLanguage":"es","potentialAction":[{"@type":"ReadAction","target":["https:\/\/somos-hermanos.mx\/index.php\/2025\/08\/04\/una-fundacion-con-raices-y-compromiso-paj-iap\/"]}]},{"@type":"ImageObject","inLanguage":"es","@id":"https:\/\/somos-hermanos.mx\/index.php\/2025\/08\/04\/una-fundacion-con-raices-y-compromiso-paj-iap\/#primaryimage","url":"https:\/\/somos-hermanos.mx\/wp-content\/uploads\/2025\/08\/promo1.jpeg","contentUrl":"https:\/\/somos-hermanos.mx\/wp-content\/uploads\/2025\/08\/promo1.jpeg","width":947,"height":539},{"@type":"BreadcrumbList","@id":"https:\/\/somos-hermanos.mx\/index.php\/2025\/08\/04\/una-fundacion-con-raices-y-compromiso-paj-iap\/#breadcrumb","itemListElement":[{"@type":"ListItem","position":1,"name":"Inicio","item":"https:\/\/somos-hermanos.mx\/"},{"@type":"ListItem","position":2,"name":"Una fundaci\u00f3n con ra\u00edces y compromiso: PAJ IAP"}]},{"@type":"WebSite","@id":"https:\/\/somos-hermanos.mx\/#website","url":"https:\/\/somos-hermanos.mx\/","name":"Historias que inspiran...","description":"Somos la voz del altruismo en M\u00e9xico","publisher":{"@id":"https:\/\/somos-hermanos.mx\/#organization"},"potentialAction":[{"@type":"SearchAction","target":{"@type":"EntryPoint","urlTemplate":"https:\/\/somos-hermanos.mx\/?s={search_term_string}"},"query-input":{"@type":"PropertyValueSpecification","valueRequired":true,"valueName":"search_term_string"}}],"inLanguage":"es"},{"@type":"Organization","@id":"https:\/\/somos-hermanos.mx\/#organization","name":"Somos Hermanos","url":"https:\/\/somos-hermanos.mx\/","logo":{"@type":"ImageObject","inLanguage":"es","@id":"https:\/\/somos-hermanos.mx\/#\/schema\/logo\/image\/","url":"https:\/\/somos-hermanos.mx\/wp-content\/uploads\/2025\/08\/SH30-1.jpeg","contentUrl":"https:\/\/somos-hermanos.mx\/wp-content\/uploads\/2025\/08\/SH30-1.jpeg","width":1600,"height":1142,"caption":"Somos Hermanos"},"image":{"@id":"https:\/\/somos-hermanos.mx\/#\/schema\/logo\/image\/"},"sameAs":["https:\/\/www.facebook.com\/SomosHermanosIAP\/","https:\/\/x.com\/Somos__Hermanos","https:\/\/www.instagram.com\/somos__hermanos\/#","https:\/\/www.tiktok.com\/@somoshermanosiap","https:\/\/www.youtube.com\/@somoshermanosiap1201\/videos"]},{"@type":"Person","@id":"https:\/\/somos-hermanos.mx\/#\/schema\/person\/ca47b05d4e7735cde01b6c20df3ff500","name":"Ivon D\u00edaz Rojas","image":{"@type":"ImageObject","inLanguage":"es","@id":"https:\/\/secure.gravatar.com\/avatar\/1c19107828bb690213f343d5aa89eef40d6744894d5f632754fec79e3043dbb3?s=96&d=mm&r=g","url":"https:\/\/secure.gravatar.com\/avatar\/1c19107828bb690213f343d5aa89eef40d6744894d5f632754fec79e3043dbb3?s=96&d=mm&r=g","contentUrl":"https:\/\/secure.gravatar.com\/avatar\/1c19107828bb690213f343d5aa89eef40d6744894d5f632754fec79e3043dbb3?s=96&d=mm&r=g","caption":"Ivon D\u00edaz Rojas"},"url":"https:\/\/somos-hermanos.mx\/index.php\/author\/ivon-diaz-rojas\/"}]}},"_links":{"self":[{"href":"https:\/\/somos-hermanos.mx\/index.php\/wp-json\/wp\/v2\/posts\/1038","targetHints":{"allow":["GET"]}}],"collection":[{"href":"https:\/\/somos-hermanos.mx\/index.php\/wp-json\/wp\/v2\/posts"}],"about":[{"href":"https:\/\/somos-hermanos.mx\/index.php\/wp-json\/wp\/v2\/types\/post"}],"author":[{"embeddable":true,"href":"https:\/\/somos-hermanos.mx\/index.php\/wp-json\/wp\/v2\/users\/14"}],"replies":[{"embeddable":true,"href":"https:\/\/somos-hermanos.mx\/index.php\/wp-json\/wp\/v2\/comments?post=1038"}],"version-history":[{"count":1,"href":"https:\/\/somos-hermanos.mx\/index.php\/wp-json\/wp\/v2\/posts\/1038\/revisions"}],"predecessor-version":[{"id":1040,"href":"https:\/\/somos-hermanos.mx\/index.php\/wp-json\/wp\/v2\/posts\/1038\/revisions\/1040"}],"wp:featuredmedia":[{"embeddable":true,"href":"https:\/\/somos-hermanos.mx\/index.php\/wp-json\/wp\/v2\/media\/1039"}],"wp:attachment":[{"href":"https:\/\/somos-hermanos.mx\/index.php\/wp-json\/wp\/v2\/media?parent=1038"}],"wp:term":[{"taxonomy":"category","embeddable":true,"href":"https:\/\/somos-hermanos.mx\/index.php\/wp-json\/wp\/v2\/categories?post=1038"},{"taxonomy":"post_tag","embeddable":true,"href":"https:\/\/somos-hermanos.mx\/index.php\/wp-json\/wp\/v2\/tags?post=1038"}],"curies":[{"name":"wp","href":"https:\/\/api.w.org\/{rel}","templated":true}]}}