{"id":1035,"date":"2025-08-04T04:15:41","date_gmt":"2025-08-04T10:15:41","guid":{"rendered":"https:\/\/somos-hermanos.mx\/?p=1035"},"modified":"2025-08-04T04:15:41","modified_gmt":"2025-08-04T10:15:41","slug":"amecat-el-angel-guardian-ante-el-cancer-de-tiroides","status":"publish","type":"post","link":"https:\/\/somos-hermanos.mx\/index.php\/2025\/08\/04\/amecat-el-angel-guardian-ante-el-cancer-de-tiroides\/","title":{"rendered":"AMECAT: El \u00e1ngel guardi\u00e1n ante el c\u00e1ncer de tiroides"},"content":{"rendered":"<p>Aquellos malestares de salud que indican que algo no est\u00e1 bien con nuestro cuerpo <strong>nos pueden cambiar la vida para siempre. <\/strong>A sus 40 a\u00f1os y despu\u00e9s de tres embarazos <strong>Claudia Figueroa Pitayo relata que tras verse al espejo una ma\u00f1ana del a\u00f1o 2007 encontr\u00f3 una protuberancia en su cuello de lado izquierdo. <\/strong><\/p>\n<p>Un m\u00e9dico especialista en acupuntura, pero que tambi\u00e9n era m\u00e9dico internista y anestesi\u00f3logo, le explic\u00f3 que por los s\u00edntomas que presentaba <strong>era probable que tuviese dificultades con la tiroides <\/strong>as\u00ed que la envi\u00f3 con un cirujano onc\u00f3logo, tras la revisi\u00f3n le explicar\u00edan m\u00e1s tarde que ten\u00eda muchos ganglios y que era necesario realizar una biopsia, el estudio finalmente confirm\u00f3 la presencia de c\u00e1ncer papilar de tiroides con met\u00e1stasis a ganglios del cuello y mediastino.<\/p>\n<p><strong>Para Claudia su experiencia con el c\u00e1ncer fue inspiraci\u00f3n para fundar AMECAT <\/strong><strong><br \/>\n<\/strong><strong>(Asociaci\u00f3n de Pacientes C\u00e1ncer de Tiroides M\u00e9xico), <\/strong>una fundaci\u00f3n encargada de promover la investigaci\u00f3n de la enfermedad, as\u00ed como la realizaci\u00f3n de diversas actividades para hacer conciencia del c\u00e1ncer de tiroides y enfermedades de la gl\u00e1ndula tiroides brindando orientaci\u00f3n y apoyo integral a pacientes con c\u00e1ncer tiroideo a trav\u00e9s de tratamientos, y referencia con m\u00e9dicos especialistas para una segunda opini\u00f3n.<\/p>\n<p>A trav\u00e9s del compromiso, el respeto, la solidaridad y la responsabilidad, <strong>AMECAT se encarga de visibilizar la dificultad emocional que conlleva la enfermedad, pues a pesar de las altas tasas de supervivencia del c\u00e1ncer de tiroides, <\/strong>su diagn\u00f3stico suele comportar un fuerte impacto emocional tanto para el paciente como para su familia.<\/p>\n<p>AMECAT destaca por ser aliado junto con otras organizaciones de la sociedad civil e instituciones del programa \u201cLuzca bien si\u00e9ntase mejor M\u00e9xico\u201d en el cual se realizan talleres bimestrales y actividades gratuitas como sesiones de psicooncolog\u00eda, caf\u00e9s de di\u00e1logo, sesiones de oncoimagen y foros de sensibilizaci\u00f3n, en las cuales se les brindan herramientas para mejorar su imagen durante el tratamiento y posterior a \u00e9ste, recobrar de una mejor forma su autoestima.<\/p>\n<p>Con diversos testimonios a su favor est\u00e1 fundaci\u00f3n demuestra ser la luz y la red de apoyo que diariamente acompa\u00f1a con entereza al enfermo que est\u00e1 dispuesto a rehacer una vida pese a cargar con una gran dificultad como lo es el c\u00e1ncer de tiroides. Para conocer m\u00e1s acerca de esta asociaci\u00f3n visita el sitio web <a href=\"https:\/\/amecatmexico.org\/index.html\"><u>https:\/\/amecatmexico.org\/index.html<\/u><\/a>\u00a0o buscarlos a trav\u00e9s de redes sociales.<\/p>\n","protected":false},"excerpt":{"rendered":"<p>Aquellos malestares de salud que indican que algo no est\u00e1 bien con nuestro cuerpo nos pueden cambiar la vida para siempre. A sus 40 a\u00f1os y despu\u00e9s de tres embarazos Claudia Figueroa Pitayo relata que tras verse al espejo una ma\u00f1ana del a\u00f1o 2007 encontr\u00f3 una protuberancia en su cuello de lado izquierdo. Un m\u00e9dico [&hellip;]<\/p>\n","protected":false},"author":28,"featured_media":1036,"comment_status":"open","ping_status":"closed","sticky":false,"template":"","format":"standard","meta":{"footnotes":""},"categories":[6],"tags":[],"class_list":["post-1035","post","type-post","status-publish","format-standard","has-post-thumbnail","hentry","category-noticias"],"yoast_head":"<!-- This site is optimized with the Yoast SEO plugin v27.5 - https:\/\/yoast.com\/product\/yoast-seo-wordpress\/ -->\n<title>AMECAT: El \u00e1ngel guardi\u00e1n ante el c\u00e1ncer de tiroides - Historias que inspiran...<\/title>\n<meta name=\"robots\" content=\"index, follow, max-snippet:-1, max-image-preview:large, max-video-preview:-1\" \/>\n<link rel=\"canonical\" href=\"https:\/\/somos-hermanos.mx\/index.php\/2025\/08\/04\/amecat-el-angel-guardian-ante-el-cancer-de-tiroides\/\" \/>\n<meta property=\"og:locale\" content=\"es_MX\" \/>\n<meta property=\"og:type\" content=\"article\" \/>\n<meta property=\"og:title\" content=\"AMECAT: El \u00e1ngel guardi\u00e1n ante el c\u00e1ncer de tiroides - Historias que inspiran...\" \/>\n<meta property=\"og:description\" content=\"Aquellos malestares de salud que indican que algo no est\u00e1 bien con nuestro cuerpo nos pueden cambiar la vida para siempre. A sus 40 a\u00f1os y despu\u00e9s de tres embarazos Claudia Figueroa Pitayo relata que tras verse al espejo una ma\u00f1ana del a\u00f1o 2007 encontr\u00f3 una protuberancia en su cuello de lado izquierdo. Un m\u00e9dico [&hellip;]\" \/>\n<meta property=\"og:url\" content=\"https:\/\/somos-hermanos.mx\/index.php\/2025\/08\/04\/amecat-el-angel-guardian-ante-el-cancer-de-tiroides\/\" \/>\n<meta property=\"og:site_name\" content=\"Historias que inspiran...\" \/>\n<meta property=\"article:publisher\" content=\"https:\/\/www.facebook.com\/SomosHermanosIAP\/\" \/>\n<meta property=\"article:published_time\" content=\"2025-08-04T10:15:41+00:00\" \/>\n<meta property=\"og:image\" content=\"https:\/\/somos-hermanos.mx\/wp-content\/uploads\/2025\/08\/mecat.jpeg\" \/>\n\t<meta property=\"og:image:width\" content=\"1080\" \/>\n\t<meta property=\"og:image:height\" content=\"443\" \/>\n\t<meta property=\"og:image:type\" content=\"image\/jpeg\" \/>\n<meta name=\"author\" content=\"Jocelyn Guzm\u00e1n Mart\u00ednez\" \/>\n<meta name=\"twitter:card\" content=\"summary_large_image\" \/>\n<meta name=\"twitter:creator\" content=\"@Somos__Hermanos\" \/>\n<meta name=\"twitter:site\" content=\"@Somos__Hermanos\" \/>\n<meta name=\"twitter:label1\" content=\"Escrito por\" \/>\n\t<meta name=\"twitter:data1\" content=\"Jocelyn Guzm\u00e1n Mart\u00ednez\" \/>\n\t<meta name=\"twitter:label2\" content=\"Tiempo de lectura\" \/>\n\t<meta name=\"twitter:data2\" content=\"2 minutos\" \/>\n<script type=\"application\/ld+json\" class=\"yoast-schema-graph\">{\"@context\":\"https:\\\/\\\/schema.org\",\"@graph\":[{\"@type\":\"Article\",\"@id\":\"https:\\\/\\\/somos-hermanos.mx\\\/index.php\\\/2025\\\/08\\\/04\\\/amecat-el-angel-guardian-ante-el-cancer-de-tiroides\\\/#article\",\"isPartOf\":{\"@id\":\"https:\\\/\\\/somos-hermanos.mx\\\/index.php\\\/2025\\\/08\\\/04\\\/amecat-el-angel-guardian-ante-el-cancer-de-tiroides\\\/\"},\"author\":{\"name\":\"Jocelyn Guzm\u00e1n Mart\u00ednez\",\"@id\":\"https:\\\/\\\/somos-hermanos.mx\\\/#\\\/schema\\\/person\\\/0cd447ea54751f11595557ee49ac6f23\"},\"headline\":\"AMECAT: El \u00e1ngel guardi\u00e1n ante el c\u00e1ncer de tiroides\",\"datePublished\":\"2025-08-04T10:15:41+00:00\",\"mainEntityOfPage\":{\"@id\":\"https:\\\/\\\/somos-hermanos.mx\\\/index.php\\\/2025\\\/08\\\/04\\\/amecat-el-angel-guardian-ante-el-cancer-de-tiroides\\\/\"},\"wordCount\":445,\"commentCount\":0,\"publisher\":{\"@id\":\"https:\\\/\\\/somos-hermanos.mx\\\/#organization\"},\"image\":{\"@id\":\"https:\\\/\\\/somos-hermanos.mx\\\/index.php\\\/2025\\\/08\\\/04\\\/amecat-el-angel-guardian-ante-el-cancer-de-tiroides\\\/#primaryimage\"},\"thumbnailUrl\":\"https:\\\/\\\/somos-hermanos.mx\\\/wp-content\\\/uploads\\\/2025\\\/08\\\/mecat.jpeg\",\"articleSection\":[\"Noticias\"],\"inLanguage\":\"es\",\"potentialAction\":[{\"@type\":\"CommentAction\",\"name\":\"Comment\",\"target\":[\"https:\\\/\\\/somos-hermanos.mx\\\/index.php\\\/2025\\\/08\\\/04\\\/amecat-el-angel-guardian-ante-el-cancer-de-tiroides\\\/#respond\"]}]},{\"@type\":\"WebPage\",\"@id\":\"https:\\\/\\\/somos-hermanos.mx\\\/index.php\\\/2025\\\/08\\\/04\\\/amecat-el-angel-guardian-ante-el-cancer-de-tiroides\\\/\",\"url\":\"https:\\\/\\\/somos-hermanos.mx\\\/index.php\\\/2025\\\/08\\\/04\\\/amecat-el-angel-guardian-ante-el-cancer-de-tiroides\\\/\",\"name\":\"AMECAT: El \u00e1ngel guardi\u00e1n ante el c\u00e1ncer de tiroides - Historias que inspiran...\",\"isPartOf\":{\"@id\":\"https:\\\/\\\/somos-hermanos.mx\\\/#website\"},\"primaryImageOfPage\":{\"@id\":\"https:\\\/\\\/somos-hermanos.mx\\\/index.php\\\/2025\\\/08\\\/04\\\/amecat-el-angel-guardian-ante-el-cancer-de-tiroides\\\/#primaryimage\"},\"image\":{\"@id\":\"https:\\\/\\\/somos-hermanos.mx\\\/index.php\\\/2025\\\/08\\\/04\\\/amecat-el-angel-guardian-ante-el-cancer-de-tiroides\\\/#primaryimage\"},\"thumbnailUrl\":\"https:\\\/\\\/somos-hermanos.mx\\\/wp-content\\\/uploads\\\/2025\\\/08\\\/mecat.jpeg\",\"datePublished\":\"2025-08-04T10:15:41+00:00\",\"breadcrumb\":{\"@id\":\"https:\\\/\\\/somos-hermanos.mx\\\/index.php\\\/2025\\\/08\\\/04\\\/amecat-el-angel-guardian-ante-el-cancer-de-tiroides\\\/#breadcrumb\"},\"inLanguage\":\"es\",\"potentialAction\":[{\"@type\":\"ReadAction\",\"target\":[\"https:\\\/\\\/somos-hermanos.mx\\\/index.php\\\/2025\\\/08\\\/04\\\/amecat-el-angel-guardian-ante-el-cancer-de-tiroides\\\/\"]}]},{\"@type\":\"ImageObject\",\"inLanguage\":\"es\",\"@id\":\"https:\\\/\\\/somos-hermanos.mx\\\/index.php\\\/2025\\\/08\\\/04\\\/amecat-el-angel-guardian-ante-el-cancer-de-tiroides\\\/#primaryimage\",\"url\":\"https:\\\/\\\/somos-hermanos.mx\\\/wp-content\\\/uploads\\\/2025\\\/08\\\/mecat.jpeg\",\"contentUrl\":\"https:\\\/\\\/somos-hermanos.mx\\\/wp-content\\\/uploads\\\/2025\\\/08\\\/mecat.jpeg\",\"width\":1080,\"height\":443},{\"@type\":\"BreadcrumbList\",\"@id\":\"https:\\\/\\\/somos-hermanos.mx\\\/index.php\\\/2025\\\/08\\\/04\\\/amecat-el-angel-guardian-ante-el-cancer-de-tiroides\\\/#breadcrumb\",\"itemListElement\":[{\"@type\":\"ListItem\",\"position\":1,\"name\":\"Inicio\",\"item\":\"https:\\\/\\\/somos-hermanos.mx\\\/\"},{\"@type\":\"ListItem\",\"position\":2,\"name\":\"AMECAT: El \u00e1ngel guardi\u00e1n ante el c\u00e1ncer de tiroides\"}]},{\"@type\":\"WebSite\",\"@id\":\"https:\\\/\\\/somos-hermanos.mx\\\/#website\",\"url\":\"https:\\\/\\\/somos-hermanos.mx\\\/\",\"name\":\"Historias que inspiran...\",\"description\":\"Somos la voz del altruismo en M\u00e9xico\",\"publisher\":{\"@id\":\"https:\\\/\\\/somos-hermanos.mx\\\/#organization\"},\"potentialAction\":[{\"@type\":\"SearchAction\",\"target\":{\"@type\":\"EntryPoint\",\"urlTemplate\":\"https:\\\/\\\/somos-hermanos.mx\\\/?s={search_term_string}\"},\"query-input\":{\"@type\":\"PropertyValueSpecification\",\"valueRequired\":true,\"valueName\":\"search_term_string\"}}],\"inLanguage\":\"es\"},{\"@type\":\"Organization\",\"@id\":\"https:\\\/\\\/somos-hermanos.mx\\\/#organization\",\"name\":\"Somos Hermanos\",\"url\":\"https:\\\/\\\/somos-hermanos.mx\\\/\",\"logo\":{\"@type\":\"ImageObject\",\"inLanguage\":\"es\",\"@id\":\"https:\\\/\\\/somos-hermanos.mx\\\/#\\\/schema\\\/logo\\\/image\\\/\",\"url\":\"https:\\\/\\\/somos-hermanos.mx\\\/wp-content\\\/uploads\\\/2025\\\/08\\\/SH30-1.jpeg\",\"contentUrl\":\"https:\\\/\\\/somos-hermanos.mx\\\/wp-content\\\/uploads\\\/2025\\\/08\\\/SH30-1.jpeg\",\"width\":1600,\"height\":1142,\"caption\":\"Somos Hermanos\"},\"image\":{\"@id\":\"https:\\\/\\\/somos-hermanos.mx\\\/#\\\/schema\\\/logo\\\/image\\\/\"},\"sameAs\":[\"https:\\\/\\\/www.facebook.com\\\/SomosHermanosIAP\\\/\",\"https:\\\/\\\/x.com\\\/Somos__Hermanos\",\"https:\\\/\\\/www.instagram.com\\\/somos__hermanos\\\/#\",\"https:\\\/\\\/www.tiktok.com\\\/@somoshermanosiap\",\"https:\\\/\\\/www.youtube.com\\\/@somoshermanosiap1201\\\/videos\"]},{\"@type\":\"Person\",\"@id\":\"https:\\\/\\\/somos-hermanos.mx\\\/#\\\/schema\\\/person\\\/0cd447ea54751f11595557ee49ac6f23\",\"name\":\"Jocelyn Guzm\u00e1n Mart\u00ednez\",\"image\":{\"@type\":\"ImageObject\",\"inLanguage\":\"es\",\"@id\":\"https:\\\/\\\/secure.gravatar.com\\\/avatar\\\/d5074038e8796d4eae4d9158911a66cce26c4f3f9e96ee6629aafc5c0638e08c?s=96&d=mm&r=g\",\"url\":\"https:\\\/\\\/secure.gravatar.com\\\/avatar\\\/d5074038e8796d4eae4d9158911a66cce26c4f3f9e96ee6629aafc5c0638e08c?s=96&d=mm&r=g\",\"contentUrl\":\"https:\\\/\\\/secure.gravatar.com\\\/avatar\\\/d5074038e8796d4eae4d9158911a66cce26c4f3f9e96ee6629aafc5c0638e08c?s=96&d=mm&r=g\",\"caption\":\"Jocelyn Guzm\u00e1n Mart\u00ednez\"},\"url\":\"https:\\\/\\\/somos-hermanos.mx\\\/index.php\\\/author\\\/jocelyn-guzman-martinez\\\/\"}]}<\/script>\n<!-- \/ Yoast SEO plugin. -->","yoast_head_json":{"title":"AMECAT: El \u00e1ngel guardi\u00e1n ante el c\u00e1ncer de tiroides - Historias que inspiran...","robots":{"index":"index","follow":"follow","max-snippet":"max-snippet:-1","max-image-preview":"max-image-preview:large","max-video-preview":"max-video-preview:-1"},"canonical":"https:\/\/somos-hermanos.mx\/index.php\/2025\/08\/04\/amecat-el-angel-guardian-ante-el-cancer-de-tiroides\/","og_locale":"es_MX","og_type":"article","og_title":"AMECAT: El \u00e1ngel guardi\u00e1n ante el c\u00e1ncer de tiroides - Historias que inspiran...","og_description":"Aquellos malestares de salud que indican que algo no est\u00e1 bien con nuestro cuerpo nos pueden cambiar la vida para siempre. A sus 40 a\u00f1os y despu\u00e9s de tres embarazos Claudia Figueroa Pitayo relata que tras verse al espejo una ma\u00f1ana del a\u00f1o 2007 encontr\u00f3 una protuberancia en su cuello de lado izquierdo. Un m\u00e9dico [&hellip;]","og_url":"https:\/\/somos-hermanos.mx\/index.php\/2025\/08\/04\/amecat-el-angel-guardian-ante-el-cancer-de-tiroides\/","og_site_name":"Historias que inspiran...","article_publisher":"https:\/\/www.facebook.com\/SomosHermanosIAP\/","article_published_time":"2025-08-04T10:15:41+00:00","og_image":[{"width":1080,"height":443,"url":"https:\/\/somos-hermanos.mx\/wp-content\/uploads\/2025\/08\/mecat.jpeg","type":"image\/jpeg"}],"author":"Jocelyn Guzm\u00e1n Mart\u00ednez","twitter_card":"summary_large_image","twitter_creator":"@Somos__Hermanos","twitter_site":"@Somos__Hermanos","twitter_misc":{"Escrito por":"Jocelyn Guzm\u00e1n Mart\u00ednez","Tiempo de lectura":"2 minutos"},"schema":{"@context":"https:\/\/schema.org","@graph":[{"@type":"Article","@id":"https:\/\/somos-hermanos.mx\/index.php\/2025\/08\/04\/amecat-el-angel-guardian-ante-el-cancer-de-tiroides\/#article","isPartOf":{"@id":"https:\/\/somos-hermanos.mx\/index.php\/2025\/08\/04\/amecat-el-angel-guardian-ante-el-cancer-de-tiroides\/"},"author":{"name":"Jocelyn Guzm\u00e1n Mart\u00ednez","@id":"https:\/\/somos-hermanos.mx\/#\/schema\/person\/0cd447ea54751f11595557ee49ac6f23"},"headline":"AMECAT: El \u00e1ngel guardi\u00e1n ante el c\u00e1ncer de tiroides","datePublished":"2025-08-04T10:15:41+00:00","mainEntityOfPage":{"@id":"https:\/\/somos-hermanos.mx\/index.php\/2025\/08\/04\/amecat-el-angel-guardian-ante-el-cancer-de-tiroides\/"},"wordCount":445,"commentCount":0,"publisher":{"@id":"https:\/\/somos-hermanos.mx\/#organization"},"image":{"@id":"https:\/\/somos-hermanos.mx\/index.php\/2025\/08\/04\/amecat-el-angel-guardian-ante-el-cancer-de-tiroides\/#primaryimage"},"thumbnailUrl":"https:\/\/somos-hermanos.mx\/wp-content\/uploads\/2025\/08\/mecat.jpeg","articleSection":["Noticias"],"inLanguage":"es","potentialAction":[{"@type":"CommentAction","name":"Comment","target":["https:\/\/somos-hermanos.mx\/index.php\/2025\/08\/04\/amecat-el-angel-guardian-ante-el-cancer-de-tiroides\/#respond"]}]},{"@type":"WebPage","@id":"https:\/\/somos-hermanos.mx\/index.php\/2025\/08\/04\/amecat-el-angel-guardian-ante-el-cancer-de-tiroides\/","url":"https:\/\/somos-hermanos.mx\/index.php\/2025\/08\/04\/amecat-el-angel-guardian-ante-el-cancer-de-tiroides\/","name":"AMECAT: El \u00e1ngel guardi\u00e1n ante el c\u00e1ncer de tiroides - Historias que inspiran...","isPartOf":{"@id":"https:\/\/somos-hermanos.mx\/#website"},"primaryImageOfPage":{"@id":"https:\/\/somos-hermanos.mx\/index.php\/2025\/08\/04\/amecat-el-angel-guardian-ante-el-cancer-de-tiroides\/#primaryimage"},"image":{"@id":"https:\/\/somos-hermanos.mx\/index.php\/2025\/08\/04\/amecat-el-angel-guardian-ante-el-cancer-de-tiroides\/#primaryimage"},"thumbnailUrl":"https:\/\/somos-hermanos.mx\/wp-content\/uploads\/2025\/08\/mecat.jpeg","datePublished":"2025-08-04T10:15:41+00:00","breadcrumb":{"@id":"https:\/\/somos-hermanos.mx\/index.php\/2025\/08\/04\/amecat-el-angel-guardian-ante-el-cancer-de-tiroides\/#breadcrumb"},"inLanguage":"es","potentialAction":[{"@type":"ReadAction","target":["https:\/\/somos-hermanos.mx\/index.php\/2025\/08\/04\/amecat-el-angel-guardian-ante-el-cancer-de-tiroides\/"]}]},{"@type":"ImageObject","inLanguage":"es","@id":"https:\/\/somos-hermanos.mx\/index.php\/2025\/08\/04\/amecat-el-angel-guardian-ante-el-cancer-de-tiroides\/#primaryimage","url":"https:\/\/somos-hermanos.mx\/wp-content\/uploads\/2025\/08\/mecat.jpeg","contentUrl":"https:\/\/somos-hermanos.mx\/wp-content\/uploads\/2025\/08\/mecat.jpeg","width":1080,"height":443},{"@type":"BreadcrumbList","@id":"https:\/\/somos-hermanos.mx\/index.php\/2025\/08\/04\/amecat-el-angel-guardian-ante-el-cancer-de-tiroides\/#breadcrumb","itemListElement":[{"@type":"ListItem","position":1,"name":"Inicio","item":"https:\/\/somos-hermanos.mx\/"},{"@type":"ListItem","position":2,"name":"AMECAT: El \u00e1ngel guardi\u00e1n ante el c\u00e1ncer de tiroides"}]},{"@type":"WebSite","@id":"https:\/\/somos-hermanos.mx\/#website","url":"https:\/\/somos-hermanos.mx\/","name":"Historias que inspiran...","description":"Somos la voz del altruismo en M\u00e9xico","publisher":{"@id":"https:\/\/somos-hermanos.mx\/#organization"},"potentialAction":[{"@type":"SearchAction","target":{"@type":"EntryPoint","urlTemplate":"https:\/\/somos-hermanos.mx\/?s={search_term_string}"},"query-input":{"@type":"PropertyValueSpecification","valueRequired":true,"valueName":"search_term_string"}}],"inLanguage":"es"},{"@type":"Organization","@id":"https:\/\/somos-hermanos.mx\/#organization","name":"Somos Hermanos","url":"https:\/\/somos-hermanos.mx\/","logo":{"@type":"ImageObject","inLanguage":"es","@id":"https:\/\/somos-hermanos.mx\/#\/schema\/logo\/image\/","url":"https:\/\/somos-hermanos.mx\/wp-content\/uploads\/2025\/08\/SH30-1.jpeg","contentUrl":"https:\/\/somos-hermanos.mx\/wp-content\/uploads\/2025\/08\/SH30-1.jpeg","width":1600,"height":1142,"caption":"Somos Hermanos"},"image":{"@id":"https:\/\/somos-hermanos.mx\/#\/schema\/logo\/image\/"},"sameAs":["https:\/\/www.facebook.com\/SomosHermanosIAP\/","https:\/\/x.com\/Somos__Hermanos","https:\/\/www.instagram.com\/somos__hermanos\/#","https:\/\/www.tiktok.com\/@somoshermanosiap","https:\/\/www.youtube.com\/@somoshermanosiap1201\/videos"]},{"@type":"Person","@id":"https:\/\/somos-hermanos.mx\/#\/schema\/person\/0cd447ea54751f11595557ee49ac6f23","name":"Jocelyn Guzm\u00e1n Mart\u00ednez","image":{"@type":"ImageObject","inLanguage":"es","@id":"https:\/\/secure.gravatar.com\/avatar\/d5074038e8796d4eae4d9158911a66cce26c4f3f9e96ee6629aafc5c0638e08c?s=96&d=mm&r=g","url":"https:\/\/secure.gravatar.com\/avatar\/d5074038e8796d4eae4d9158911a66cce26c4f3f9e96ee6629aafc5c0638e08c?s=96&d=mm&r=g","contentUrl":"https:\/\/secure.gravatar.com\/avatar\/d5074038e8796d4eae4d9158911a66cce26c4f3f9e96ee6629aafc5c0638e08c?s=96&d=mm&r=g","caption":"Jocelyn Guzm\u00e1n Mart\u00ednez"},"url":"https:\/\/somos-hermanos.mx\/index.php\/author\/jocelyn-guzman-martinez\/"}]}},"_links":{"self":[{"href":"https:\/\/somos-hermanos.mx\/index.php\/wp-json\/wp\/v2\/posts\/1035","targetHints":{"allow":["GET"]}}],"collection":[{"href":"https:\/\/somos-hermanos.mx\/index.php\/wp-json\/wp\/v2\/posts"}],"about":[{"href":"https:\/\/somos-hermanos.mx\/index.php\/wp-json\/wp\/v2\/types\/post"}],"author":[{"embeddable":true,"href":"https:\/\/somos-hermanos.mx\/index.php\/wp-json\/wp\/v2\/users\/28"}],"replies":[{"embeddable":true,"href":"https:\/\/somos-hermanos.mx\/index.php\/wp-json\/wp\/v2\/comments?post=1035"}],"version-history":[{"count":1,"href":"https:\/\/somos-hermanos.mx\/index.php\/wp-json\/wp\/v2\/posts\/1035\/revisions"}],"predecessor-version":[{"id":1037,"href":"https:\/\/somos-hermanos.mx\/index.php\/wp-json\/wp\/v2\/posts\/1035\/revisions\/1037"}],"wp:featuredmedia":[{"embeddable":true,"href":"https:\/\/somos-hermanos.mx\/index.php\/wp-json\/wp\/v2\/media\/1036"}],"wp:attachment":[{"href":"https:\/\/somos-hermanos.mx\/index.php\/wp-json\/wp\/v2\/media?parent=1035"}],"wp:term":[{"taxonomy":"category","embeddable":true,"href":"https:\/\/somos-hermanos.mx\/index.php\/wp-json\/wp\/v2\/categories?post=1035"},{"taxonomy":"post_tag","embeddable":true,"href":"https:\/\/somos-hermanos.mx\/index.php\/wp-json\/wp\/v2\/tags?post=1035"}],"curies":[{"name":"wp","href":"https:\/\/api.w.org\/{rel}","templated":true}]}}