{"id":1032,"date":"2025-08-04T04:14:49","date_gmt":"2025-08-04T10:14:49","guid":{"rendered":"https:\/\/somos-hermanos.mx\/?p=1032"},"modified":"2025-08-04T04:14:49","modified_gmt":"2025-08-04T10:14:49","slug":"villas-construyendo-futuros-solidos-desde-la-infancia","status":"publish","type":"post","link":"https:\/\/somos-hermanos.mx\/index.php\/2025\/08\/04\/villas-construyendo-futuros-solidos-desde-la-infancia\/","title":{"rendered":"Villas: construyendo futuros s\u00f3lidos desde la infancia"},"content":{"rendered":"<p>Villas naci\u00f3 en 1996 con la firme convicci\u00f3n de <strong>atender la desprotecci\u00f3n y vulnerabilidad que enfrentan muchos ni\u00f1os, interviniendo de manera integral en su desarrollo <\/strong>para contrarrestar problem\u00e1ticas sociales que surgen por la falta de atenci\u00f3n oportuna durante la infancia. Su objetivo es claro: transformar vidas desde las bases, ofreciendo un entorno seguro y propicio para el crecimiento.<\/p>\n<p>Para cumplir su misi\u00f3n, Villas implementa dos modelos fundamentales:<\/p>\n<ul>\n<li>El primero es el modelo de evaluaci\u00f3n, orientado a identificar las \u00e1reas de desarrollo de cada ni\u00f1o para determinar necesidades espec\u00edficas de intervenci\u00f3n.<\/li>\n<li>El segundo es el modelo de atenci\u00f3n, que dise\u00f1a estrategias precisas para impulsar el bienestar infantil, seleccionando las herramientas id\u00f3neas para cada caso.<\/li>\n<\/ul>\n<p><strong><b>Servicios que transforman vidas<\/b><\/strong><\/p>\n<p>El impacto de Villas se traduce en una variedad de servicios que acompa\u00f1an a los ni\u00f1os desde sus primeros d\u00edas. <strong>La educaci\u00f3n inicial, que va desde los 45 d\u00edas de nacidos hasta los 3 a\u00f1os, <\/strong>ofrece asesor\u00eda a padres, alimentaci\u00f3n supervisada, estimulaci\u00f3n lectora y un seguimiento continuo del desarrollo infantil, asegurando un ambiente estable y emp\u00e1tico.<\/p>\n<p>Posteriormente, el preescolar, de 3 a 6 a\u00f1os, combina el programa oficial de la SEP con un horario extendido que estimula relaciones, comunicaci\u00f3n y las habilidades innatas de cada peque\u00f1o. Por su parte, Villas Club, dirigido a ni\u00f1os de 6 a 12 a\u00f1os, funciona como una estancia no escolar que fomenta el aprendizaje mediante el juego, el deporte, paseos educativos y apoyo escolar, fortaleciendo valores, identidad y empat\u00eda.<\/p>\n<p><strong><b>Apoyo integral a las familias<\/b><\/strong><strong><b>\u00a0<\/b><\/strong><\/p>\n<p>Consciente de que el desarrollo infantil depende en gran medida del entorno familiar, Villas ofrece el programa Villas Familia, un acompa\u00f1amiento profesional que forma a los padres en temas de parentalidad, fortaleciendo el apego seguro y el v\u00ednculo afectivo en cada etapa del crecimiento de sus hijos.<\/p>\n<p>Aunado a esto, la academia de f\u00fatbol, dirigida a ni\u00f1os y adolescentes de 6 a 15 a\u00f1os, integra la t\u00e9cnica deportiva con el trabajo en equipo y la formaci\u00f3n en valores, contribuyendo as\u00ed al desarrollo f\u00edsico, emocional y social.<\/p>\n<p><strong><b>\u00bfC\u00f3mo sumarse a la causa?<\/b><\/strong><\/p>\n<p>Villas cuenta con diversos centros donde brinda estos servicios, disponibles tanto de forma presencial como en l\u00ednea, facilitando el acceso a m\u00e1s familias. Adem\u00e1s, invita a la sociedad a colaborar mediante donativos, para continuar construyendo el sue\u00f1o compartido de una sociedad m\u00e1s justa y solidaria, comenzando desde la infancia.<\/p>\n","protected":false},"excerpt":{"rendered":"<p>Villas naci\u00f3 en 1996 con la firme convicci\u00f3n de atender la desprotecci\u00f3n y vulnerabilidad que enfrentan muchos ni\u00f1os, interviniendo de manera integral en su desarrollo para contrarrestar problem\u00e1ticas sociales que surgen por la falta de atenci\u00f3n oportuna durante la infancia. Su objetivo es claro: transformar vidas desde las bases, ofreciendo un entorno seguro y propicio [&hellip;]<\/p>\n","protected":false},"author":24,"featured_media":1033,"comment_status":"open","ping_status":"closed","sticky":false,"template":"","format":"standard","meta":{"footnotes":""},"categories":[6],"tags":[],"class_list":["post-1032","post","type-post","status-publish","format-standard","has-post-thumbnail","hentry","category-noticias"],"yoast_head":"<!-- This site is optimized with the Yoast SEO plugin v27.5 - https:\/\/yoast.com\/product\/yoast-seo-wordpress\/ -->\n<title>Villas: construyendo futuros s\u00f3lidos desde la infancia - Historias que inspiran...<\/title>\n<meta name=\"robots\" content=\"index, follow, max-snippet:-1, max-image-preview:large, max-video-preview:-1\" \/>\n<link rel=\"canonical\" href=\"https:\/\/somos-hermanos.mx\/index.php\/2025\/08\/04\/villas-construyendo-futuros-solidos-desde-la-infancia\/\" \/>\n<meta property=\"og:locale\" content=\"es_MX\" \/>\n<meta property=\"og:type\" content=\"article\" \/>\n<meta property=\"og:title\" content=\"Villas: construyendo futuros s\u00f3lidos desde la infancia - Historias que inspiran...\" \/>\n<meta property=\"og:description\" content=\"Villas naci\u00f3 en 1996 con la firme convicci\u00f3n de atender la desprotecci\u00f3n y vulnerabilidad que enfrentan muchos ni\u00f1os, interviniendo de manera integral en su desarrollo para contrarrestar problem\u00e1ticas sociales que surgen por la falta de atenci\u00f3n oportuna durante la infancia. Su objetivo es claro: transformar vidas desde las bases, ofreciendo un entorno seguro y propicio [&hellip;]\" \/>\n<meta property=\"og:url\" content=\"https:\/\/somos-hermanos.mx\/index.php\/2025\/08\/04\/villas-construyendo-futuros-solidos-desde-la-infancia\/\" \/>\n<meta property=\"og:site_name\" content=\"Historias que inspiran...\" \/>\n<meta property=\"article:publisher\" content=\"https:\/\/www.facebook.com\/SomosHermanosIAP\/\" \/>\n<meta property=\"article:published_time\" content=\"2025-08-04T10:14:49+00:00\" \/>\n<meta property=\"og:image\" content=\"https:\/\/somos-hermanos.mx\/wp-content\/uploads\/2025\/08\/villas.jpeg\" \/>\n\t<meta property=\"og:image:width\" content=\"1079\" \/>\n\t<meta property=\"og:image:height\" content=\"1079\" \/>\n\t<meta property=\"og:image:type\" content=\"image\/jpeg\" \/>\n<meta name=\"author\" content=\"Joaquin Samano Rodriguez\" \/>\n<meta name=\"twitter:card\" content=\"summary_large_image\" \/>\n<meta name=\"twitter:creator\" content=\"@Somos__Hermanos\" \/>\n<meta name=\"twitter:site\" content=\"@Somos__Hermanos\" \/>\n<meta name=\"twitter:label1\" content=\"Escrito por\" \/>\n\t<meta name=\"twitter:data1\" content=\"Joaquin Samano Rodriguez\" \/>\n\t<meta name=\"twitter:label2\" content=\"Tiempo de lectura\" \/>\n\t<meta name=\"twitter:data2\" content=\"2 minutos\" \/>\n<script type=\"application\/ld+json\" class=\"yoast-schema-graph\">{\"@context\":\"https:\\\/\\\/schema.org\",\"@graph\":[{\"@type\":\"Article\",\"@id\":\"https:\\\/\\\/somos-hermanos.mx\\\/index.php\\\/2025\\\/08\\\/04\\\/villas-construyendo-futuros-solidos-desde-la-infancia\\\/#article\",\"isPartOf\":{\"@id\":\"https:\\\/\\\/somos-hermanos.mx\\\/index.php\\\/2025\\\/08\\\/04\\\/villas-construyendo-futuros-solidos-desde-la-infancia\\\/\"},\"author\":{\"name\":\"Joaquin Samano Rodriguez\",\"@id\":\"https:\\\/\\\/somos-hermanos.mx\\\/#\\\/schema\\\/person\\\/5b3557797474582d21f3cc36320a00fb\"},\"headline\":\"Villas: construyendo futuros s\u00f3lidos desde la infancia\",\"datePublished\":\"2025-08-04T10:14:49+00:00\",\"mainEntityOfPage\":{\"@id\":\"https:\\\/\\\/somos-hermanos.mx\\\/index.php\\\/2025\\\/08\\\/04\\\/villas-construyendo-futuros-solidos-desde-la-infancia\\\/\"},\"wordCount\":428,\"commentCount\":0,\"publisher\":{\"@id\":\"https:\\\/\\\/somos-hermanos.mx\\\/#organization\"},\"image\":{\"@id\":\"https:\\\/\\\/somos-hermanos.mx\\\/index.php\\\/2025\\\/08\\\/04\\\/villas-construyendo-futuros-solidos-desde-la-infancia\\\/#primaryimage\"},\"thumbnailUrl\":\"https:\\\/\\\/somos-hermanos.mx\\\/wp-content\\\/uploads\\\/2025\\\/08\\\/villas.jpeg\",\"articleSection\":[\"Noticias\"],\"inLanguage\":\"es\",\"potentialAction\":[{\"@type\":\"CommentAction\",\"name\":\"Comment\",\"target\":[\"https:\\\/\\\/somos-hermanos.mx\\\/index.php\\\/2025\\\/08\\\/04\\\/villas-construyendo-futuros-solidos-desde-la-infancia\\\/#respond\"]}]},{\"@type\":\"WebPage\",\"@id\":\"https:\\\/\\\/somos-hermanos.mx\\\/index.php\\\/2025\\\/08\\\/04\\\/villas-construyendo-futuros-solidos-desde-la-infancia\\\/\",\"url\":\"https:\\\/\\\/somos-hermanos.mx\\\/index.php\\\/2025\\\/08\\\/04\\\/villas-construyendo-futuros-solidos-desde-la-infancia\\\/\",\"name\":\"Villas: construyendo futuros s\u00f3lidos desde la infancia - Historias que inspiran...\",\"isPartOf\":{\"@id\":\"https:\\\/\\\/somos-hermanos.mx\\\/#website\"},\"primaryImageOfPage\":{\"@id\":\"https:\\\/\\\/somos-hermanos.mx\\\/index.php\\\/2025\\\/08\\\/04\\\/villas-construyendo-futuros-solidos-desde-la-infancia\\\/#primaryimage\"},\"image\":{\"@id\":\"https:\\\/\\\/somos-hermanos.mx\\\/index.php\\\/2025\\\/08\\\/04\\\/villas-construyendo-futuros-solidos-desde-la-infancia\\\/#primaryimage\"},\"thumbnailUrl\":\"https:\\\/\\\/somos-hermanos.mx\\\/wp-content\\\/uploads\\\/2025\\\/08\\\/villas.jpeg\",\"datePublished\":\"2025-08-04T10:14:49+00:00\",\"breadcrumb\":{\"@id\":\"https:\\\/\\\/somos-hermanos.mx\\\/index.php\\\/2025\\\/08\\\/04\\\/villas-construyendo-futuros-solidos-desde-la-infancia\\\/#breadcrumb\"},\"inLanguage\":\"es\",\"potentialAction\":[{\"@type\":\"ReadAction\",\"target\":[\"https:\\\/\\\/somos-hermanos.mx\\\/index.php\\\/2025\\\/08\\\/04\\\/villas-construyendo-futuros-solidos-desde-la-infancia\\\/\"]}]},{\"@type\":\"ImageObject\",\"inLanguage\":\"es\",\"@id\":\"https:\\\/\\\/somos-hermanos.mx\\\/index.php\\\/2025\\\/08\\\/04\\\/villas-construyendo-futuros-solidos-desde-la-infancia\\\/#primaryimage\",\"url\":\"https:\\\/\\\/somos-hermanos.mx\\\/wp-content\\\/uploads\\\/2025\\\/08\\\/villas.jpeg\",\"contentUrl\":\"https:\\\/\\\/somos-hermanos.mx\\\/wp-content\\\/uploads\\\/2025\\\/08\\\/villas.jpeg\",\"width\":1079,\"height\":1079},{\"@type\":\"BreadcrumbList\",\"@id\":\"https:\\\/\\\/somos-hermanos.mx\\\/index.php\\\/2025\\\/08\\\/04\\\/villas-construyendo-futuros-solidos-desde-la-infancia\\\/#breadcrumb\",\"itemListElement\":[{\"@type\":\"ListItem\",\"position\":1,\"name\":\"Inicio\",\"item\":\"https:\\\/\\\/somos-hermanos.mx\\\/\"},{\"@type\":\"ListItem\",\"position\":2,\"name\":\"Villas: construyendo futuros s\u00f3lidos desde la infancia\"}]},{\"@type\":\"WebSite\",\"@id\":\"https:\\\/\\\/somos-hermanos.mx\\\/#website\",\"url\":\"https:\\\/\\\/somos-hermanos.mx\\\/\",\"name\":\"Historias que inspiran...\",\"description\":\"Somos la voz del altruismo en M\u00e9xico\",\"publisher\":{\"@id\":\"https:\\\/\\\/somos-hermanos.mx\\\/#organization\"},\"potentialAction\":[{\"@type\":\"SearchAction\",\"target\":{\"@type\":\"EntryPoint\",\"urlTemplate\":\"https:\\\/\\\/somos-hermanos.mx\\\/?s={search_term_string}\"},\"query-input\":{\"@type\":\"PropertyValueSpecification\",\"valueRequired\":true,\"valueName\":\"search_term_string\"}}],\"inLanguage\":\"es\"},{\"@type\":\"Organization\",\"@id\":\"https:\\\/\\\/somos-hermanos.mx\\\/#organization\",\"name\":\"Somos Hermanos\",\"url\":\"https:\\\/\\\/somos-hermanos.mx\\\/\",\"logo\":{\"@type\":\"ImageObject\",\"inLanguage\":\"es\",\"@id\":\"https:\\\/\\\/somos-hermanos.mx\\\/#\\\/schema\\\/logo\\\/image\\\/\",\"url\":\"https:\\\/\\\/somos-hermanos.mx\\\/wp-content\\\/uploads\\\/2025\\\/08\\\/SH30-1.jpeg\",\"contentUrl\":\"https:\\\/\\\/somos-hermanos.mx\\\/wp-content\\\/uploads\\\/2025\\\/08\\\/SH30-1.jpeg\",\"width\":1600,\"height\":1142,\"caption\":\"Somos Hermanos\"},\"image\":{\"@id\":\"https:\\\/\\\/somos-hermanos.mx\\\/#\\\/schema\\\/logo\\\/image\\\/\"},\"sameAs\":[\"https:\\\/\\\/www.facebook.com\\\/SomosHermanosIAP\\\/\",\"https:\\\/\\\/x.com\\\/Somos__Hermanos\",\"https:\\\/\\\/www.instagram.com\\\/somos__hermanos\\\/#\",\"https:\\\/\\\/www.tiktok.com\\\/@somoshermanosiap\",\"https:\\\/\\\/www.youtube.com\\\/@somoshermanosiap1201\\\/videos\"]},{\"@type\":\"Person\",\"@id\":\"https:\\\/\\\/somos-hermanos.mx\\\/#\\\/schema\\\/person\\\/5b3557797474582d21f3cc36320a00fb\",\"name\":\"Joaquin Samano Rodriguez\",\"image\":{\"@type\":\"ImageObject\",\"inLanguage\":\"es\",\"@id\":\"https:\\\/\\\/secure.gravatar.com\\\/avatar\\\/27bf3879265a77b9831b2ead2a268051b3e31f39ceebd5858d7cdd8540196a35?s=96&d=mm&r=g\",\"url\":\"https:\\\/\\\/secure.gravatar.com\\\/avatar\\\/27bf3879265a77b9831b2ead2a268051b3e31f39ceebd5858d7cdd8540196a35?s=96&d=mm&r=g\",\"contentUrl\":\"https:\\\/\\\/secure.gravatar.com\\\/avatar\\\/27bf3879265a77b9831b2ead2a268051b3e31f39ceebd5858d7cdd8540196a35?s=96&d=mm&r=g\",\"caption\":\"Joaquin Samano Rodriguez\"},\"url\":\"https:\\\/\\\/somos-hermanos.mx\\\/index.php\\\/author\\\/joaquin-samano-rodriguez\\\/\"}]}<\/script>\n<!-- \/ Yoast SEO plugin. -->","yoast_head_json":{"title":"Villas: construyendo futuros s\u00f3lidos desde la infancia - Historias que inspiran...","robots":{"index":"index","follow":"follow","max-snippet":"max-snippet:-1","max-image-preview":"max-image-preview:large","max-video-preview":"max-video-preview:-1"},"canonical":"https:\/\/somos-hermanos.mx\/index.php\/2025\/08\/04\/villas-construyendo-futuros-solidos-desde-la-infancia\/","og_locale":"es_MX","og_type":"article","og_title":"Villas: construyendo futuros s\u00f3lidos desde la infancia - Historias que inspiran...","og_description":"Villas naci\u00f3 en 1996 con la firme convicci\u00f3n de atender la desprotecci\u00f3n y vulnerabilidad que enfrentan muchos ni\u00f1os, interviniendo de manera integral en su desarrollo para contrarrestar problem\u00e1ticas sociales que surgen por la falta de atenci\u00f3n oportuna durante la infancia. Su objetivo es claro: transformar vidas desde las bases, ofreciendo un entorno seguro y propicio [&hellip;]","og_url":"https:\/\/somos-hermanos.mx\/index.php\/2025\/08\/04\/villas-construyendo-futuros-solidos-desde-la-infancia\/","og_site_name":"Historias que inspiran...","article_publisher":"https:\/\/www.facebook.com\/SomosHermanosIAP\/","article_published_time":"2025-08-04T10:14:49+00:00","og_image":[{"width":1079,"height":1079,"url":"https:\/\/somos-hermanos.mx\/wp-content\/uploads\/2025\/08\/villas.jpeg","type":"image\/jpeg"}],"author":"Joaquin Samano Rodriguez","twitter_card":"summary_large_image","twitter_creator":"@Somos__Hermanos","twitter_site":"@Somos__Hermanos","twitter_misc":{"Escrito por":"Joaquin Samano Rodriguez","Tiempo de lectura":"2 minutos"},"schema":{"@context":"https:\/\/schema.org","@graph":[{"@type":"Article","@id":"https:\/\/somos-hermanos.mx\/index.php\/2025\/08\/04\/villas-construyendo-futuros-solidos-desde-la-infancia\/#article","isPartOf":{"@id":"https:\/\/somos-hermanos.mx\/index.php\/2025\/08\/04\/villas-construyendo-futuros-solidos-desde-la-infancia\/"},"author":{"name":"Joaquin Samano Rodriguez","@id":"https:\/\/somos-hermanos.mx\/#\/schema\/person\/5b3557797474582d21f3cc36320a00fb"},"headline":"Villas: construyendo futuros s\u00f3lidos desde la infancia","datePublished":"2025-08-04T10:14:49+00:00","mainEntityOfPage":{"@id":"https:\/\/somos-hermanos.mx\/index.php\/2025\/08\/04\/villas-construyendo-futuros-solidos-desde-la-infancia\/"},"wordCount":428,"commentCount":0,"publisher":{"@id":"https:\/\/somos-hermanos.mx\/#organization"},"image":{"@id":"https:\/\/somos-hermanos.mx\/index.php\/2025\/08\/04\/villas-construyendo-futuros-solidos-desde-la-infancia\/#primaryimage"},"thumbnailUrl":"https:\/\/somos-hermanos.mx\/wp-content\/uploads\/2025\/08\/villas.jpeg","articleSection":["Noticias"],"inLanguage":"es","potentialAction":[{"@type":"CommentAction","name":"Comment","target":["https:\/\/somos-hermanos.mx\/index.php\/2025\/08\/04\/villas-construyendo-futuros-solidos-desde-la-infancia\/#respond"]}]},{"@type":"WebPage","@id":"https:\/\/somos-hermanos.mx\/index.php\/2025\/08\/04\/villas-construyendo-futuros-solidos-desde-la-infancia\/","url":"https:\/\/somos-hermanos.mx\/index.php\/2025\/08\/04\/villas-construyendo-futuros-solidos-desde-la-infancia\/","name":"Villas: construyendo futuros s\u00f3lidos desde la infancia - Historias que inspiran...","isPartOf":{"@id":"https:\/\/somos-hermanos.mx\/#website"},"primaryImageOfPage":{"@id":"https:\/\/somos-hermanos.mx\/index.php\/2025\/08\/04\/villas-construyendo-futuros-solidos-desde-la-infancia\/#primaryimage"},"image":{"@id":"https:\/\/somos-hermanos.mx\/index.php\/2025\/08\/04\/villas-construyendo-futuros-solidos-desde-la-infancia\/#primaryimage"},"thumbnailUrl":"https:\/\/somos-hermanos.mx\/wp-content\/uploads\/2025\/08\/villas.jpeg","datePublished":"2025-08-04T10:14:49+00:00","breadcrumb":{"@id":"https:\/\/somos-hermanos.mx\/index.php\/2025\/08\/04\/villas-construyendo-futuros-solidos-desde-la-infancia\/#breadcrumb"},"inLanguage":"es","potentialAction":[{"@type":"ReadAction","target":["https:\/\/somos-hermanos.mx\/index.php\/2025\/08\/04\/villas-construyendo-futuros-solidos-desde-la-infancia\/"]}]},{"@type":"ImageObject","inLanguage":"es","@id":"https:\/\/somos-hermanos.mx\/index.php\/2025\/08\/04\/villas-construyendo-futuros-solidos-desde-la-infancia\/#primaryimage","url":"https:\/\/somos-hermanos.mx\/wp-content\/uploads\/2025\/08\/villas.jpeg","contentUrl":"https:\/\/somos-hermanos.mx\/wp-content\/uploads\/2025\/08\/villas.jpeg","width":1079,"height":1079},{"@type":"BreadcrumbList","@id":"https:\/\/somos-hermanos.mx\/index.php\/2025\/08\/04\/villas-construyendo-futuros-solidos-desde-la-infancia\/#breadcrumb","itemListElement":[{"@type":"ListItem","position":1,"name":"Inicio","item":"https:\/\/somos-hermanos.mx\/"},{"@type":"ListItem","position":2,"name":"Villas: construyendo futuros s\u00f3lidos desde la infancia"}]},{"@type":"WebSite","@id":"https:\/\/somos-hermanos.mx\/#website","url":"https:\/\/somos-hermanos.mx\/","name":"Historias que inspiran...","description":"Somos la voz del altruismo en M\u00e9xico","publisher":{"@id":"https:\/\/somos-hermanos.mx\/#organization"},"potentialAction":[{"@type":"SearchAction","target":{"@type":"EntryPoint","urlTemplate":"https:\/\/somos-hermanos.mx\/?s={search_term_string}"},"query-input":{"@type":"PropertyValueSpecification","valueRequired":true,"valueName":"search_term_string"}}],"inLanguage":"es"},{"@type":"Organization","@id":"https:\/\/somos-hermanos.mx\/#organization","name":"Somos Hermanos","url":"https:\/\/somos-hermanos.mx\/","logo":{"@type":"ImageObject","inLanguage":"es","@id":"https:\/\/somos-hermanos.mx\/#\/schema\/logo\/image\/","url":"https:\/\/somos-hermanos.mx\/wp-content\/uploads\/2025\/08\/SH30-1.jpeg","contentUrl":"https:\/\/somos-hermanos.mx\/wp-content\/uploads\/2025\/08\/SH30-1.jpeg","width":1600,"height":1142,"caption":"Somos Hermanos"},"image":{"@id":"https:\/\/somos-hermanos.mx\/#\/schema\/logo\/image\/"},"sameAs":["https:\/\/www.facebook.com\/SomosHermanosIAP\/","https:\/\/x.com\/Somos__Hermanos","https:\/\/www.instagram.com\/somos__hermanos\/#","https:\/\/www.tiktok.com\/@somoshermanosiap","https:\/\/www.youtube.com\/@somoshermanosiap1201\/videos"]},{"@type":"Person","@id":"https:\/\/somos-hermanos.mx\/#\/schema\/person\/5b3557797474582d21f3cc36320a00fb","name":"Joaquin Samano Rodriguez","image":{"@type":"ImageObject","inLanguage":"es","@id":"https:\/\/secure.gravatar.com\/avatar\/27bf3879265a77b9831b2ead2a268051b3e31f39ceebd5858d7cdd8540196a35?s=96&d=mm&r=g","url":"https:\/\/secure.gravatar.com\/avatar\/27bf3879265a77b9831b2ead2a268051b3e31f39ceebd5858d7cdd8540196a35?s=96&d=mm&r=g","contentUrl":"https:\/\/secure.gravatar.com\/avatar\/27bf3879265a77b9831b2ead2a268051b3e31f39ceebd5858d7cdd8540196a35?s=96&d=mm&r=g","caption":"Joaquin Samano Rodriguez"},"url":"https:\/\/somos-hermanos.mx\/index.php\/author\/joaquin-samano-rodriguez\/"}]}},"_links":{"self":[{"href":"https:\/\/somos-hermanos.mx\/index.php\/wp-json\/wp\/v2\/posts\/1032","targetHints":{"allow":["GET"]}}],"collection":[{"href":"https:\/\/somos-hermanos.mx\/index.php\/wp-json\/wp\/v2\/posts"}],"about":[{"href":"https:\/\/somos-hermanos.mx\/index.php\/wp-json\/wp\/v2\/types\/post"}],"author":[{"embeddable":true,"href":"https:\/\/somos-hermanos.mx\/index.php\/wp-json\/wp\/v2\/users\/24"}],"replies":[{"embeddable":true,"href":"https:\/\/somos-hermanos.mx\/index.php\/wp-json\/wp\/v2\/comments?post=1032"}],"version-history":[{"count":1,"href":"https:\/\/somos-hermanos.mx\/index.php\/wp-json\/wp\/v2\/posts\/1032\/revisions"}],"predecessor-version":[{"id":1034,"href":"https:\/\/somos-hermanos.mx\/index.php\/wp-json\/wp\/v2\/posts\/1032\/revisions\/1034"}],"wp:featuredmedia":[{"embeddable":true,"href":"https:\/\/somos-hermanos.mx\/index.php\/wp-json\/wp\/v2\/media\/1033"}],"wp:attachment":[{"href":"https:\/\/somos-hermanos.mx\/index.php\/wp-json\/wp\/v2\/media?parent=1032"}],"wp:term":[{"taxonomy":"category","embeddable":true,"href":"https:\/\/somos-hermanos.mx\/index.php\/wp-json\/wp\/v2\/categories?post=1032"},{"taxonomy":"post_tag","embeddable":true,"href":"https:\/\/somos-hermanos.mx\/index.php\/wp-json\/wp\/v2\/tags?post=1032"}],"curies":[{"name":"wp","href":"https:\/\/api.w.org\/{rel}","templated":true}]}}