{"id":1029,"date":"2025-08-04T04:13:35","date_gmt":"2025-08-04T10:13:35","guid":{"rendered":"https:\/\/somos-hermanos.mx\/?p=1029"},"modified":"2025-08-04T04:13:35","modified_gmt":"2025-08-04T10:13:35","slug":"la-enfermedad-renal-cronica-afecta-a-mas-de-13-millones-de-mexicano","status":"publish","type":"post","link":"https:\/\/somos-hermanos.mx\/index.php\/2025\/08\/04\/la-enfermedad-renal-cronica-afecta-a-mas-de-13-millones-de-mexicano\/","title":{"rendered":"La enfermedad renal cr\u00f3nica afecta a m\u00e1s de 13 millones de mexicano"},"content":{"rendered":"<p><strong>\u00bfSabe qu\u00e9 es la Enfermedad Renal Cr\u00f3nica?<\/strong><\/p>\n<p>Este padecimiento <strong>es una de las principales causas de muerte en el pa\u00eds y actualmente afecta a m\u00e1s de 13 millones de personas. <\/strong>Lamentablemente, es una enfermedad silenciosa que muchas veces no se detecta a tiempo.<\/p>\n<p>Por ello, NefroVida AC es una instituci\u00f3n sin fines de lucro que, desde 2007, se ha comprometido a <strong>ofrecer servicios especializados en la detecci\u00f3n, prevenci\u00f3n y tratamiento de la Enfermedad Renal Cr\u00f3nica <\/strong>a personas de escasos recursos que residen en San Juan del R\u00edo, Quer\u00e9taro, y sus alrededores.<\/p>\n<p>A lo largo de estos a\u00f1os, NefroVida se ha encargado de formar un equipo completo de m\u00e9dicos que brinden atenci\u00f3n y seguridad a los pacientes. Adem\u00e1s, han incorporado servicios de psicolog\u00eda, tanatolog\u00eda y nutrici\u00f3n con el objetivo de complementar la recuperaci\u00f3n y atenci\u00f3n integral de sus beneficiarios.<\/p>\n<p>Es importante mencionar que, aunque sus servicios est\u00e1n destinados principalmente a personas sin seguridad social que requieren tratamientos sustitutivos como di\u00e1lisis peritoneal, hemodi\u00e1lisis o protocolos de trasplante, <strong>tambi\u00e9n ofrecen al p\u00fablico en general servicios de laboratorio. <\/strong>Gracias a estos, es posible detectar oportunamente la enfermedad y brindar atenci\u00f3n m\u00e9dica adecuada.<\/p>\n<p>Entre sus an\u00e1lisis de laboratorio se incluyen: biometr\u00eda hem\u00e1tica, examen general de orina, qu\u00edmica sangu\u00ednea, perfil de l\u00edpidos, electrolitos s\u00e9ricos, pruebas inmunol\u00f3gicas de VDRL y VIH, grupo sangu\u00edneo y factor Rh, hemoglobina glucosilada y reacciones febriles. Adem\u00e1s, puede complementar sus estudios con consultas de nefrolog\u00eda, nefropediatr\u00eda, urolog\u00eda, diabetolog\u00eda y medicina general.<\/p>\n<p>La asociaci\u00f3n tambi\u00e9n cuenta con un programa de donativos. A trav\u00e9s de el, se puede apoyar a pacientes en tratamiento sustitutivo con el pago de sus sesiones de hemodi\u00e1lisis y contribuir a la labor de prevenci\u00f3n de la enfermedad renal en personas en situaci\u00f3n vulnerable. El monto del donativo depende del beneficiario al que desees apoyar: para menores es de $180, adultos $200 y mujeres embarazadas $395.<\/p>\n<p>NefroVida mantiene firmemente sus valores. Todo su trabajo se realiza con honestidad, compromiso, empat\u00eda, solidaridad, tolerancia, calidez, confidencialidad y, sobre todo, con respeto hacia quienes m\u00e1s lo necesitan.<\/p>\n<p>\ud83d\udd17\u00a0<a href=\"https:\/\/www.nefrovidaac.com\/\"><u>https:\/\/www.nefrovidaac.com\/<\/u><\/a><\/p>\n","protected":false},"excerpt":{"rendered":"<p>\u00bfSabe qu\u00e9 es la Enfermedad Renal Cr\u00f3nica? Este padecimiento es una de las principales causas de muerte en el pa\u00eds y actualmente afecta a m\u00e1s de 13 millones de personas. Lamentablemente, es una enfermedad silenciosa que muchas veces no se detecta a tiempo. Por ello, NefroVida AC es una instituci\u00f3n sin fines de lucro que, [&hellip;]<\/p>\n","protected":false},"author":15,"featured_media":1030,"comment_status":"open","ping_status":"closed","sticky":false,"template":"","format":"standard","meta":{"footnotes":""},"categories":[6],"tags":[],"class_list":["post-1029","post","type-post","status-publish","format-standard","has-post-thumbnail","hentry","category-noticias"],"yoast_head":"<!-- This site is optimized with the Yoast SEO plugin v27.5 - https:\/\/yoast.com\/product\/yoast-seo-wordpress\/ -->\n<title>La enfermedad renal cr\u00f3nica afecta a m\u00e1s de 13 millones de mexicano - Historias que inspiran...<\/title>\n<meta name=\"robots\" content=\"index, follow, max-snippet:-1, max-image-preview:large, max-video-preview:-1\" \/>\n<link rel=\"canonical\" href=\"https:\/\/somos-hermanos.mx\/index.php\/2025\/08\/04\/la-enfermedad-renal-cronica-afecta-a-mas-de-13-millones-de-mexicano\/\" \/>\n<meta property=\"og:locale\" content=\"es_MX\" \/>\n<meta property=\"og:type\" content=\"article\" \/>\n<meta property=\"og:title\" content=\"La enfermedad renal cr\u00f3nica afecta a m\u00e1s de 13 millones de mexicano - Historias que inspiran...\" \/>\n<meta property=\"og:description\" content=\"\u00bfSabe qu\u00e9 es la Enfermedad Renal Cr\u00f3nica? Este padecimiento es una de las principales causas de muerte en el pa\u00eds y actualmente afecta a m\u00e1s de 13 millones de personas. Lamentablemente, es una enfermedad silenciosa que muchas veces no se detecta a tiempo. Por ello, NefroVida AC es una instituci\u00f3n sin fines de lucro que, [&hellip;]\" \/>\n<meta property=\"og:url\" content=\"https:\/\/somos-hermanos.mx\/index.php\/2025\/08\/04\/la-enfermedad-renal-cronica-afecta-a-mas-de-13-millones-de-mexicano\/\" \/>\n<meta property=\"og:site_name\" content=\"Historias que inspiran...\" \/>\n<meta property=\"article:publisher\" content=\"https:\/\/www.facebook.com\/SomosHermanosIAP\/\" \/>\n<meta property=\"article:published_time\" content=\"2025-08-04T10:13:35+00:00\" \/>\n<meta property=\"og:image\" content=\"https:\/\/somos-hermanos.mx\/wp-content\/uploads\/2025\/08\/nefro2.jpeg\" \/>\n\t<meta property=\"og:image:width\" content=\"1280\" \/>\n\t<meta property=\"og:image:height\" content=\"928\" \/>\n\t<meta property=\"og:image:type\" content=\"image\/jpeg\" \/>\n<meta name=\"author\" content=\"Itzel Montiel Luna\" \/>\n<meta name=\"twitter:card\" content=\"summary_large_image\" \/>\n<meta name=\"twitter:creator\" content=\"@Somos__Hermanos\" \/>\n<meta name=\"twitter:site\" content=\"@Somos__Hermanos\" \/>\n<meta name=\"twitter:label1\" content=\"Escrito por\" \/>\n\t<meta name=\"twitter:data1\" content=\"Itzel Montiel Luna\" \/>\n\t<meta name=\"twitter:label2\" content=\"Tiempo de lectura\" \/>\n\t<meta name=\"twitter:data2\" content=\"2 minutos\" \/>\n<script type=\"application\/ld+json\" class=\"yoast-schema-graph\">{\"@context\":\"https:\\\/\\\/schema.org\",\"@graph\":[{\"@type\":\"Article\",\"@id\":\"https:\\\/\\\/somos-hermanos.mx\\\/index.php\\\/2025\\\/08\\\/04\\\/la-enfermedad-renal-cronica-afecta-a-mas-de-13-millones-de-mexicano\\\/#article\",\"isPartOf\":{\"@id\":\"https:\\\/\\\/somos-hermanos.mx\\\/index.php\\\/2025\\\/08\\\/04\\\/la-enfermedad-renal-cronica-afecta-a-mas-de-13-millones-de-mexicano\\\/\"},\"author\":{\"name\":\"Itzel Montiel Luna\",\"@id\":\"https:\\\/\\\/somos-hermanos.mx\\\/#\\\/schema\\\/person\\\/0998f178948ff64bb6e8e1479a973eb7\"},\"headline\":\"La enfermedad renal cr\u00f3nica afecta a m\u00e1s de 13 millones de mexicano\",\"datePublished\":\"2025-08-04T10:13:35+00:00\",\"mainEntityOfPage\":{\"@id\":\"https:\\\/\\\/somos-hermanos.mx\\\/index.php\\\/2025\\\/08\\\/04\\\/la-enfermedad-renal-cronica-afecta-a-mas-de-13-millones-de-mexicano\\\/\"},\"wordCount\":393,\"commentCount\":0,\"publisher\":{\"@id\":\"https:\\\/\\\/somos-hermanos.mx\\\/#organization\"},\"image\":{\"@id\":\"https:\\\/\\\/somos-hermanos.mx\\\/index.php\\\/2025\\\/08\\\/04\\\/la-enfermedad-renal-cronica-afecta-a-mas-de-13-millones-de-mexicano\\\/#primaryimage\"},\"thumbnailUrl\":\"https:\\\/\\\/somos-hermanos.mx\\\/wp-content\\\/uploads\\\/2025\\\/08\\\/nefro2.jpeg\",\"articleSection\":[\"Noticias\"],\"inLanguage\":\"es\",\"potentialAction\":[{\"@type\":\"CommentAction\",\"name\":\"Comment\",\"target\":[\"https:\\\/\\\/somos-hermanos.mx\\\/index.php\\\/2025\\\/08\\\/04\\\/la-enfermedad-renal-cronica-afecta-a-mas-de-13-millones-de-mexicano\\\/#respond\"]}]},{\"@type\":\"WebPage\",\"@id\":\"https:\\\/\\\/somos-hermanos.mx\\\/index.php\\\/2025\\\/08\\\/04\\\/la-enfermedad-renal-cronica-afecta-a-mas-de-13-millones-de-mexicano\\\/\",\"url\":\"https:\\\/\\\/somos-hermanos.mx\\\/index.php\\\/2025\\\/08\\\/04\\\/la-enfermedad-renal-cronica-afecta-a-mas-de-13-millones-de-mexicano\\\/\",\"name\":\"La enfermedad renal cr\u00f3nica afecta a m\u00e1s de 13 millones de mexicano - Historias que inspiran...\",\"isPartOf\":{\"@id\":\"https:\\\/\\\/somos-hermanos.mx\\\/#website\"},\"primaryImageOfPage\":{\"@id\":\"https:\\\/\\\/somos-hermanos.mx\\\/index.php\\\/2025\\\/08\\\/04\\\/la-enfermedad-renal-cronica-afecta-a-mas-de-13-millones-de-mexicano\\\/#primaryimage\"},\"image\":{\"@id\":\"https:\\\/\\\/somos-hermanos.mx\\\/index.php\\\/2025\\\/08\\\/04\\\/la-enfermedad-renal-cronica-afecta-a-mas-de-13-millones-de-mexicano\\\/#primaryimage\"},\"thumbnailUrl\":\"https:\\\/\\\/somos-hermanos.mx\\\/wp-content\\\/uploads\\\/2025\\\/08\\\/nefro2.jpeg\",\"datePublished\":\"2025-08-04T10:13:35+00:00\",\"breadcrumb\":{\"@id\":\"https:\\\/\\\/somos-hermanos.mx\\\/index.php\\\/2025\\\/08\\\/04\\\/la-enfermedad-renal-cronica-afecta-a-mas-de-13-millones-de-mexicano\\\/#breadcrumb\"},\"inLanguage\":\"es\",\"potentialAction\":[{\"@type\":\"ReadAction\",\"target\":[\"https:\\\/\\\/somos-hermanos.mx\\\/index.php\\\/2025\\\/08\\\/04\\\/la-enfermedad-renal-cronica-afecta-a-mas-de-13-millones-de-mexicano\\\/\"]}]},{\"@type\":\"ImageObject\",\"inLanguage\":\"es\",\"@id\":\"https:\\\/\\\/somos-hermanos.mx\\\/index.php\\\/2025\\\/08\\\/04\\\/la-enfermedad-renal-cronica-afecta-a-mas-de-13-millones-de-mexicano\\\/#primaryimage\",\"url\":\"https:\\\/\\\/somos-hermanos.mx\\\/wp-content\\\/uploads\\\/2025\\\/08\\\/nefro2.jpeg\",\"contentUrl\":\"https:\\\/\\\/somos-hermanos.mx\\\/wp-content\\\/uploads\\\/2025\\\/08\\\/nefro2.jpeg\",\"width\":1280,\"height\":928},{\"@type\":\"BreadcrumbList\",\"@id\":\"https:\\\/\\\/somos-hermanos.mx\\\/index.php\\\/2025\\\/08\\\/04\\\/la-enfermedad-renal-cronica-afecta-a-mas-de-13-millones-de-mexicano\\\/#breadcrumb\",\"itemListElement\":[{\"@type\":\"ListItem\",\"position\":1,\"name\":\"Inicio\",\"item\":\"https:\\\/\\\/somos-hermanos.mx\\\/\"},{\"@type\":\"ListItem\",\"position\":2,\"name\":\"La enfermedad renal cr\u00f3nica afecta a m\u00e1s de 13 millones de mexicano\"}]},{\"@type\":\"WebSite\",\"@id\":\"https:\\\/\\\/somos-hermanos.mx\\\/#website\",\"url\":\"https:\\\/\\\/somos-hermanos.mx\\\/\",\"name\":\"Historias que inspiran...\",\"description\":\"Somos la voz del altruismo en M\u00e9xico\",\"publisher\":{\"@id\":\"https:\\\/\\\/somos-hermanos.mx\\\/#organization\"},\"potentialAction\":[{\"@type\":\"SearchAction\",\"target\":{\"@type\":\"EntryPoint\",\"urlTemplate\":\"https:\\\/\\\/somos-hermanos.mx\\\/?s={search_term_string}\"},\"query-input\":{\"@type\":\"PropertyValueSpecification\",\"valueRequired\":true,\"valueName\":\"search_term_string\"}}],\"inLanguage\":\"es\"},{\"@type\":\"Organization\",\"@id\":\"https:\\\/\\\/somos-hermanos.mx\\\/#organization\",\"name\":\"Somos Hermanos\",\"url\":\"https:\\\/\\\/somos-hermanos.mx\\\/\",\"logo\":{\"@type\":\"ImageObject\",\"inLanguage\":\"es\",\"@id\":\"https:\\\/\\\/somos-hermanos.mx\\\/#\\\/schema\\\/logo\\\/image\\\/\",\"url\":\"https:\\\/\\\/somos-hermanos.mx\\\/wp-content\\\/uploads\\\/2025\\\/08\\\/SH30-1.jpeg\",\"contentUrl\":\"https:\\\/\\\/somos-hermanos.mx\\\/wp-content\\\/uploads\\\/2025\\\/08\\\/SH30-1.jpeg\",\"width\":1600,\"height\":1142,\"caption\":\"Somos Hermanos\"},\"image\":{\"@id\":\"https:\\\/\\\/somos-hermanos.mx\\\/#\\\/schema\\\/logo\\\/image\\\/\"},\"sameAs\":[\"https:\\\/\\\/www.facebook.com\\\/SomosHermanosIAP\\\/\",\"https:\\\/\\\/x.com\\\/Somos__Hermanos\",\"https:\\\/\\\/www.instagram.com\\\/somos__hermanos\\\/#\",\"https:\\\/\\\/www.tiktok.com\\\/@somoshermanosiap\",\"https:\\\/\\\/www.youtube.com\\\/@somoshermanosiap1201\\\/videos\"]},{\"@type\":\"Person\",\"@id\":\"https:\\\/\\\/somos-hermanos.mx\\\/#\\\/schema\\\/person\\\/0998f178948ff64bb6e8e1479a973eb7\",\"name\":\"Itzel Montiel Luna\",\"image\":{\"@type\":\"ImageObject\",\"inLanguage\":\"es\",\"@id\":\"https:\\\/\\\/secure.gravatar.com\\\/avatar\\\/fa18ed3df0c81049a1f84da7aea98a9f130aedfb6076ab013d6451875eb77a7b?s=96&d=mm&r=g\",\"url\":\"https:\\\/\\\/secure.gravatar.com\\\/avatar\\\/fa18ed3df0c81049a1f84da7aea98a9f130aedfb6076ab013d6451875eb77a7b?s=96&d=mm&r=g\",\"contentUrl\":\"https:\\\/\\\/secure.gravatar.com\\\/avatar\\\/fa18ed3df0c81049a1f84da7aea98a9f130aedfb6076ab013d6451875eb77a7b?s=96&d=mm&r=g\",\"caption\":\"Itzel Montiel Luna\"},\"url\":\"https:\\\/\\\/somos-hermanos.mx\\\/index.php\\\/author\\\/itzel-montiel-luna\\\/\"}]}<\/script>\n<!-- \/ Yoast SEO plugin. -->","yoast_head_json":{"title":"La enfermedad renal cr\u00f3nica afecta a m\u00e1s de 13 millones de mexicano - Historias que inspiran...","robots":{"index":"index","follow":"follow","max-snippet":"max-snippet:-1","max-image-preview":"max-image-preview:large","max-video-preview":"max-video-preview:-1"},"canonical":"https:\/\/somos-hermanos.mx\/index.php\/2025\/08\/04\/la-enfermedad-renal-cronica-afecta-a-mas-de-13-millones-de-mexicano\/","og_locale":"es_MX","og_type":"article","og_title":"La enfermedad renal cr\u00f3nica afecta a m\u00e1s de 13 millones de mexicano - Historias que inspiran...","og_description":"\u00bfSabe qu\u00e9 es la Enfermedad Renal Cr\u00f3nica? Este padecimiento es una de las principales causas de muerte en el pa\u00eds y actualmente afecta a m\u00e1s de 13 millones de personas. Lamentablemente, es una enfermedad silenciosa que muchas veces no se detecta a tiempo. Por ello, NefroVida AC es una instituci\u00f3n sin fines de lucro que, [&hellip;]","og_url":"https:\/\/somos-hermanos.mx\/index.php\/2025\/08\/04\/la-enfermedad-renal-cronica-afecta-a-mas-de-13-millones-de-mexicano\/","og_site_name":"Historias que inspiran...","article_publisher":"https:\/\/www.facebook.com\/SomosHermanosIAP\/","article_published_time":"2025-08-04T10:13:35+00:00","og_image":[{"width":1280,"height":928,"url":"https:\/\/somos-hermanos.mx\/wp-content\/uploads\/2025\/08\/nefro2.jpeg","type":"image\/jpeg"}],"author":"Itzel Montiel Luna","twitter_card":"summary_large_image","twitter_creator":"@Somos__Hermanos","twitter_site":"@Somos__Hermanos","twitter_misc":{"Escrito por":"Itzel Montiel Luna","Tiempo de lectura":"2 minutos"},"schema":{"@context":"https:\/\/schema.org","@graph":[{"@type":"Article","@id":"https:\/\/somos-hermanos.mx\/index.php\/2025\/08\/04\/la-enfermedad-renal-cronica-afecta-a-mas-de-13-millones-de-mexicano\/#article","isPartOf":{"@id":"https:\/\/somos-hermanos.mx\/index.php\/2025\/08\/04\/la-enfermedad-renal-cronica-afecta-a-mas-de-13-millones-de-mexicano\/"},"author":{"name":"Itzel Montiel Luna","@id":"https:\/\/somos-hermanos.mx\/#\/schema\/person\/0998f178948ff64bb6e8e1479a973eb7"},"headline":"La enfermedad renal cr\u00f3nica afecta a m\u00e1s de 13 millones de mexicano","datePublished":"2025-08-04T10:13:35+00:00","mainEntityOfPage":{"@id":"https:\/\/somos-hermanos.mx\/index.php\/2025\/08\/04\/la-enfermedad-renal-cronica-afecta-a-mas-de-13-millones-de-mexicano\/"},"wordCount":393,"commentCount":0,"publisher":{"@id":"https:\/\/somos-hermanos.mx\/#organization"},"image":{"@id":"https:\/\/somos-hermanos.mx\/index.php\/2025\/08\/04\/la-enfermedad-renal-cronica-afecta-a-mas-de-13-millones-de-mexicano\/#primaryimage"},"thumbnailUrl":"https:\/\/somos-hermanos.mx\/wp-content\/uploads\/2025\/08\/nefro2.jpeg","articleSection":["Noticias"],"inLanguage":"es","potentialAction":[{"@type":"CommentAction","name":"Comment","target":["https:\/\/somos-hermanos.mx\/index.php\/2025\/08\/04\/la-enfermedad-renal-cronica-afecta-a-mas-de-13-millones-de-mexicano\/#respond"]}]},{"@type":"WebPage","@id":"https:\/\/somos-hermanos.mx\/index.php\/2025\/08\/04\/la-enfermedad-renal-cronica-afecta-a-mas-de-13-millones-de-mexicano\/","url":"https:\/\/somos-hermanos.mx\/index.php\/2025\/08\/04\/la-enfermedad-renal-cronica-afecta-a-mas-de-13-millones-de-mexicano\/","name":"La enfermedad renal cr\u00f3nica afecta a m\u00e1s de 13 millones de mexicano - Historias que inspiran...","isPartOf":{"@id":"https:\/\/somos-hermanos.mx\/#website"},"primaryImageOfPage":{"@id":"https:\/\/somos-hermanos.mx\/index.php\/2025\/08\/04\/la-enfermedad-renal-cronica-afecta-a-mas-de-13-millones-de-mexicano\/#primaryimage"},"image":{"@id":"https:\/\/somos-hermanos.mx\/index.php\/2025\/08\/04\/la-enfermedad-renal-cronica-afecta-a-mas-de-13-millones-de-mexicano\/#primaryimage"},"thumbnailUrl":"https:\/\/somos-hermanos.mx\/wp-content\/uploads\/2025\/08\/nefro2.jpeg","datePublished":"2025-08-04T10:13:35+00:00","breadcrumb":{"@id":"https:\/\/somos-hermanos.mx\/index.php\/2025\/08\/04\/la-enfermedad-renal-cronica-afecta-a-mas-de-13-millones-de-mexicano\/#breadcrumb"},"inLanguage":"es","potentialAction":[{"@type":"ReadAction","target":["https:\/\/somos-hermanos.mx\/index.php\/2025\/08\/04\/la-enfermedad-renal-cronica-afecta-a-mas-de-13-millones-de-mexicano\/"]}]},{"@type":"ImageObject","inLanguage":"es","@id":"https:\/\/somos-hermanos.mx\/index.php\/2025\/08\/04\/la-enfermedad-renal-cronica-afecta-a-mas-de-13-millones-de-mexicano\/#primaryimage","url":"https:\/\/somos-hermanos.mx\/wp-content\/uploads\/2025\/08\/nefro2.jpeg","contentUrl":"https:\/\/somos-hermanos.mx\/wp-content\/uploads\/2025\/08\/nefro2.jpeg","width":1280,"height":928},{"@type":"BreadcrumbList","@id":"https:\/\/somos-hermanos.mx\/index.php\/2025\/08\/04\/la-enfermedad-renal-cronica-afecta-a-mas-de-13-millones-de-mexicano\/#breadcrumb","itemListElement":[{"@type":"ListItem","position":1,"name":"Inicio","item":"https:\/\/somos-hermanos.mx\/"},{"@type":"ListItem","position":2,"name":"La enfermedad renal cr\u00f3nica afecta a m\u00e1s de 13 millones de mexicano"}]},{"@type":"WebSite","@id":"https:\/\/somos-hermanos.mx\/#website","url":"https:\/\/somos-hermanos.mx\/","name":"Historias que inspiran...","description":"Somos la voz del altruismo en M\u00e9xico","publisher":{"@id":"https:\/\/somos-hermanos.mx\/#organization"},"potentialAction":[{"@type":"SearchAction","target":{"@type":"EntryPoint","urlTemplate":"https:\/\/somos-hermanos.mx\/?s={search_term_string}"},"query-input":{"@type":"PropertyValueSpecification","valueRequired":true,"valueName":"search_term_string"}}],"inLanguage":"es"},{"@type":"Organization","@id":"https:\/\/somos-hermanos.mx\/#organization","name":"Somos Hermanos","url":"https:\/\/somos-hermanos.mx\/","logo":{"@type":"ImageObject","inLanguage":"es","@id":"https:\/\/somos-hermanos.mx\/#\/schema\/logo\/image\/","url":"https:\/\/somos-hermanos.mx\/wp-content\/uploads\/2025\/08\/SH30-1.jpeg","contentUrl":"https:\/\/somos-hermanos.mx\/wp-content\/uploads\/2025\/08\/SH30-1.jpeg","width":1600,"height":1142,"caption":"Somos Hermanos"},"image":{"@id":"https:\/\/somos-hermanos.mx\/#\/schema\/logo\/image\/"},"sameAs":["https:\/\/www.facebook.com\/SomosHermanosIAP\/","https:\/\/x.com\/Somos__Hermanos","https:\/\/www.instagram.com\/somos__hermanos\/#","https:\/\/www.tiktok.com\/@somoshermanosiap","https:\/\/www.youtube.com\/@somoshermanosiap1201\/videos"]},{"@type":"Person","@id":"https:\/\/somos-hermanos.mx\/#\/schema\/person\/0998f178948ff64bb6e8e1479a973eb7","name":"Itzel Montiel Luna","image":{"@type":"ImageObject","inLanguage":"es","@id":"https:\/\/secure.gravatar.com\/avatar\/fa18ed3df0c81049a1f84da7aea98a9f130aedfb6076ab013d6451875eb77a7b?s=96&d=mm&r=g","url":"https:\/\/secure.gravatar.com\/avatar\/fa18ed3df0c81049a1f84da7aea98a9f130aedfb6076ab013d6451875eb77a7b?s=96&d=mm&r=g","contentUrl":"https:\/\/secure.gravatar.com\/avatar\/fa18ed3df0c81049a1f84da7aea98a9f130aedfb6076ab013d6451875eb77a7b?s=96&d=mm&r=g","caption":"Itzel Montiel Luna"},"url":"https:\/\/somos-hermanos.mx\/index.php\/author\/itzel-montiel-luna\/"}]}},"_links":{"self":[{"href":"https:\/\/somos-hermanos.mx\/index.php\/wp-json\/wp\/v2\/posts\/1029","targetHints":{"allow":["GET"]}}],"collection":[{"href":"https:\/\/somos-hermanos.mx\/index.php\/wp-json\/wp\/v2\/posts"}],"about":[{"href":"https:\/\/somos-hermanos.mx\/index.php\/wp-json\/wp\/v2\/types\/post"}],"author":[{"embeddable":true,"href":"https:\/\/somos-hermanos.mx\/index.php\/wp-json\/wp\/v2\/users\/15"}],"replies":[{"embeddable":true,"href":"https:\/\/somos-hermanos.mx\/index.php\/wp-json\/wp\/v2\/comments?post=1029"}],"version-history":[{"count":1,"href":"https:\/\/somos-hermanos.mx\/index.php\/wp-json\/wp\/v2\/posts\/1029\/revisions"}],"predecessor-version":[{"id":1031,"href":"https:\/\/somos-hermanos.mx\/index.php\/wp-json\/wp\/v2\/posts\/1029\/revisions\/1031"}],"wp:featuredmedia":[{"embeddable":true,"href":"https:\/\/somos-hermanos.mx\/index.php\/wp-json\/wp\/v2\/media\/1030"}],"wp:attachment":[{"href":"https:\/\/somos-hermanos.mx\/index.php\/wp-json\/wp\/v2\/media?parent=1029"}],"wp:term":[{"taxonomy":"category","embeddable":true,"href":"https:\/\/somos-hermanos.mx\/index.php\/wp-json\/wp\/v2\/categories?post=1029"},{"taxonomy":"post_tag","embeddable":true,"href":"https:\/\/somos-hermanos.mx\/index.php\/wp-json\/wp\/v2\/tags?post=1029"}],"curies":[{"name":"wp","href":"https:\/\/api.w.org\/{rel}","templated":true}]}}