{"id":1026,"date":"2025-08-04T04:12:34","date_gmt":"2025-08-04T10:12:34","guid":{"rendered":"https:\/\/somos-hermanos.mx\/?p=1026"},"modified":"2025-08-04T04:12:34","modified_gmt":"2025-08-04T10:12:34","slug":"solo-por-ayudar-tres-decadas-de-compromiso-con-los-mas-vulnerables","status":"publish","type":"post","link":"https:\/\/somos-hermanos.mx\/index.php\/2025\/08\/04\/solo-por-ayudar-tres-decadas-de-compromiso-con-los-mas-vulnerables\/","title":{"rendered":"\u201cS\u00f3lo por Ayudar\u201d: Tres d\u00e9cadas de compromiso con los m\u00e1s vulnerables"},"content":{"rendered":"<p>Fundada en 1985 por la periodista Lolita Ayala tras el devastador terremoto que sacudi\u00f3 la capital mexicana, la organizaci\u00f3n <strong>S\u00f3lo por Ayudar IAP<\/strong>\u00a0<strong>se ha consolidado como una de las instituciones de asistencia privada m\u00e1s activas y comprometidas del pa\u00eds. <\/strong>Su misi\u00f3n: mejorar la calidad de vida de las personas en situaci\u00f3n de desventaja, brindando apoyo en salud, alimentaci\u00f3n, vivienda y bienestar social.<\/p>\n<p>A lo largo de sus m\u00e1s de 36 a\u00f1os de historia, la fundaci\u00f3n ha desarrollado una red de programas que abordan problem\u00e1ticas urgentes. A continuaci\u00f3n, enlistamos algunos de ellos:<\/p>\n<ul>\n<li><strong>Salud:<\/strong>La fundaci\u00f3n brinda apoyo a pacientes con enfermedades como c\u00e1ncer de mama, leucemia e insuficiencia renal cr\u00f3nica. En 2020, por ejemplo, atendieron a 400 mujeres con c\u00e1ncer de mama, se apoy\u00f3 a 28 personas con trasplantes renales y a 140 con tratamientos contra la leucemia.<\/li>\n<li><strong>Banco de medicamentos:<\/strong>Han distribuido m\u00e1s de dos millones de medicamentos y suplementos a personas sin acceso a tratamientos m\u00e9dicos.<\/li>\n<li><strong>Cirug\u00edas y pr\u00f3tesis:<\/strong>A trav\u00e9s de sus apoyos m\u00e9dicos, se llev\u00f3 a cabo la realizaci\u00f3n de cirug\u00edas de cataratas, entrega de pr\u00f3tesis, sillas de ruedas, muletas, aparatos auditivos y visuales.<\/li>\n<li><strong>Alimentaci\u00f3n y vestimenta:<\/strong>Se encargaron del acopio y distribuci\u00f3n de m\u00e1s de 1,800 toneladas de alimentos, ropa, calzado y prendas de cama.<\/li>\n<li><strong>Vivienda:<\/strong>Desde sus inicios, la fundaci\u00f3n ha trabajado en la fabricaci\u00f3n, construcci\u00f3n y rehabilitaci\u00f3n de viviendas para personas damnificadas.<\/li>\n<li><strong>Bienestar animal:<\/strong>A trav\u00e9s del Comit\u00e9 Pro-Animal, promueven campa\u00f1as de esterilizaci\u00f3n y adopci\u00f3n de perros y gatos.<\/li>\n<li><strong>Emergencias sanitarias:<\/strong>Durante la pandemia, se implementaron programas de apoyo para familias que perdieron su empleo.<\/li>\n<\/ul>\n<p>Seg\u00fan datos del Movimiento de Acci\u00f3n Social, <strong>la fundaci\u00f3n ha beneficiado a m\u00e1s de un mill\u00f3n de personas de forma indirecta y a cientos de miles de manera directa a trav\u00e9s de asesor\u00edas, empoderamiento social y programas de ayuda humanitaria. <\/strong>Opera a trav\u00e9s de un enfoque de transparencia y claridad: el 95.5% de sus recursos se destinan a gastos operativos, y s\u00f3lo el 4.5% a gastos de otra \u00edndole.<\/p>\n<p>\u201cSentimos que ayudar no es un m\u00e9rito, es una obligaci\u00f3n y un compromiso de todos los que tenemos un poquito m\u00e1s\u201d, afirma Lolita Ayala, quien contin\u00faa al frente de la organizaci\u00f3n. Su lema es \u201cayudar es retribuir a la vida un poco de lo que nos da\u201d, lo cual resume a la perfecci\u00f3n el esp\u00edritu que ha guiado a esta fundaci\u00f3n desde sus inicios.<\/p>\n<p>Sin duda alguna, la Fundaci\u00f3n <strong>Solo Por Ayudar es una luz en medio de la oscuridad para las personas que la conocen y han recibido su apoyo a lo largo de los a\u00f1os,<\/strong>\u00a0pues la labor que desempe\u00f1an ha dejado una huella profunda en miles de personas, como lo reflejan los tanto sus beneficiarios como sus voluntarios.<\/p>\n<p>Esperamos que pronto su labor se pueda extender m\u00e1s all\u00e1 de M\u00e9xico y Latinoam\u00e9rica y que su alcance para la ayuda humanitaria sea de un radio a\u00fan mayor.<\/p>\n","protected":false},"excerpt":{"rendered":"<p>Fundada en 1985 por la periodista Lolita Ayala tras el devastador terremoto que sacudi\u00f3 la capital mexicana, la organizaci\u00f3n S\u00f3lo por Ayudar IAP\u00a0se ha consolidado como una de las instituciones de asistencia privada m\u00e1s activas y comprometidas del pa\u00eds. Su misi\u00f3n: mejorar la calidad de vida de las personas en situaci\u00f3n de desventaja, brindando apoyo [&hellip;]<\/p>\n","protected":false},"author":9,"featured_media":1027,"comment_status":"open","ping_status":"closed","sticky":false,"template":"","format":"standard","meta":{"footnotes":""},"categories":[6],"tags":[],"class_list":["post-1026","post","type-post","status-publish","format-standard","has-post-thumbnail","hentry","category-noticias"],"yoast_head":"<!-- This site is optimized with the Yoast SEO plugin v27.5 - https:\/\/yoast.com\/product\/yoast-seo-wordpress\/ -->\n<title>\u201cS\u00f3lo por Ayudar\u201d: Tres d\u00e9cadas de compromiso con los m\u00e1s vulnerables - Historias que inspiran...<\/title>\n<meta name=\"robots\" content=\"index, follow, max-snippet:-1, max-image-preview:large, max-video-preview:-1\" \/>\n<link rel=\"canonical\" href=\"https:\/\/somos-hermanos.mx\/index.php\/2025\/08\/04\/solo-por-ayudar-tres-decadas-de-compromiso-con-los-mas-vulnerables\/\" \/>\n<meta property=\"og:locale\" content=\"es_MX\" \/>\n<meta property=\"og:type\" content=\"article\" \/>\n<meta property=\"og:title\" content=\"\u201cS\u00f3lo por Ayudar\u201d: Tres d\u00e9cadas de compromiso con los m\u00e1s vulnerables - Historias que inspiran...\" \/>\n<meta property=\"og:description\" content=\"Fundada en 1985 por la periodista Lolita Ayala tras el devastador terremoto que sacudi\u00f3 la capital mexicana, la organizaci\u00f3n S\u00f3lo por Ayudar IAP\u00a0se ha consolidado como una de las instituciones de asistencia privada m\u00e1s activas y comprometidas del pa\u00eds. Su misi\u00f3n: mejorar la calidad de vida de las personas en situaci\u00f3n de desventaja, brindando apoyo [&hellip;]\" \/>\n<meta property=\"og:url\" content=\"https:\/\/somos-hermanos.mx\/index.php\/2025\/08\/04\/solo-por-ayudar-tres-decadas-de-compromiso-con-los-mas-vulnerables\/\" \/>\n<meta property=\"og:site_name\" content=\"Historias que inspiran...\" \/>\n<meta property=\"article:publisher\" content=\"https:\/\/www.facebook.com\/SomosHermanosIAP\/\" \/>\n<meta property=\"article:published_time\" content=\"2025-08-04T10:12:34+00:00\" \/>\n<meta property=\"og:image\" content=\"https:\/\/somos-hermanos.mx\/wp-content\/uploads\/2025\/08\/spa1.jpeg\" \/>\n\t<meta property=\"og:image:width\" content=\"1280\" \/>\n\t<meta property=\"og:image:height\" content=\"1028\" \/>\n\t<meta property=\"og:image:type\" content=\"image\/jpeg\" \/>\n<meta name=\"author\" content=\"Miguel Riestra P\u00e9rez\" \/>\n<meta name=\"twitter:card\" content=\"summary_large_image\" \/>\n<meta name=\"twitter:creator\" content=\"@Somos__Hermanos\" \/>\n<meta name=\"twitter:site\" content=\"@Somos__Hermanos\" \/>\n<meta name=\"twitter:label1\" content=\"Escrito por\" \/>\n\t<meta name=\"twitter:data1\" content=\"Miguel Riestra P\u00e9rez\" \/>\n\t<meta name=\"twitter:label2\" content=\"Tiempo de lectura\" \/>\n\t<meta name=\"twitter:data2\" content=\"3 minutos\" \/>\n<script type=\"application\/ld+json\" class=\"yoast-schema-graph\">{\"@context\":\"https:\\\/\\\/schema.org\",\"@graph\":[{\"@type\":\"Article\",\"@id\":\"https:\\\/\\\/somos-hermanos.mx\\\/index.php\\\/2025\\\/08\\\/04\\\/solo-por-ayudar-tres-decadas-de-compromiso-con-los-mas-vulnerables\\\/#article\",\"isPartOf\":{\"@id\":\"https:\\\/\\\/somos-hermanos.mx\\\/index.php\\\/2025\\\/08\\\/04\\\/solo-por-ayudar-tres-decadas-de-compromiso-con-los-mas-vulnerables\\\/\"},\"author\":{\"name\":\"Miguel Riestra P\u00e9rez\",\"@id\":\"https:\\\/\\\/somos-hermanos.mx\\\/#\\\/schema\\\/person\\\/1e925550f6b28edafdbf7e36bf8b90c9\"},\"headline\":\"\u201cS\u00f3lo por Ayudar\u201d: Tres d\u00e9cadas de compromiso con los m\u00e1s vulnerables\",\"datePublished\":\"2025-08-04T10:12:34+00:00\",\"mainEntityOfPage\":{\"@id\":\"https:\\\/\\\/somos-hermanos.mx\\\/index.php\\\/2025\\\/08\\\/04\\\/solo-por-ayudar-tres-decadas-de-compromiso-con-los-mas-vulnerables\\\/\"},\"wordCount\":545,\"commentCount\":0,\"publisher\":{\"@id\":\"https:\\\/\\\/somos-hermanos.mx\\\/#organization\"},\"image\":{\"@id\":\"https:\\\/\\\/somos-hermanos.mx\\\/index.php\\\/2025\\\/08\\\/04\\\/solo-por-ayudar-tres-decadas-de-compromiso-con-los-mas-vulnerables\\\/#primaryimage\"},\"thumbnailUrl\":\"https:\\\/\\\/somos-hermanos.mx\\\/wp-content\\\/uploads\\\/2025\\\/08\\\/spa1.jpeg\",\"articleSection\":[\"Noticias\"],\"inLanguage\":\"es\",\"potentialAction\":[{\"@type\":\"CommentAction\",\"name\":\"Comment\",\"target\":[\"https:\\\/\\\/somos-hermanos.mx\\\/index.php\\\/2025\\\/08\\\/04\\\/solo-por-ayudar-tres-decadas-de-compromiso-con-los-mas-vulnerables\\\/#respond\"]}]},{\"@type\":\"WebPage\",\"@id\":\"https:\\\/\\\/somos-hermanos.mx\\\/index.php\\\/2025\\\/08\\\/04\\\/solo-por-ayudar-tres-decadas-de-compromiso-con-los-mas-vulnerables\\\/\",\"url\":\"https:\\\/\\\/somos-hermanos.mx\\\/index.php\\\/2025\\\/08\\\/04\\\/solo-por-ayudar-tres-decadas-de-compromiso-con-los-mas-vulnerables\\\/\",\"name\":\"\u201cS\u00f3lo por Ayudar\u201d: Tres d\u00e9cadas de compromiso con los m\u00e1s vulnerables - Historias que inspiran...\",\"isPartOf\":{\"@id\":\"https:\\\/\\\/somos-hermanos.mx\\\/#website\"},\"primaryImageOfPage\":{\"@id\":\"https:\\\/\\\/somos-hermanos.mx\\\/index.php\\\/2025\\\/08\\\/04\\\/solo-por-ayudar-tres-decadas-de-compromiso-con-los-mas-vulnerables\\\/#primaryimage\"},\"image\":{\"@id\":\"https:\\\/\\\/somos-hermanos.mx\\\/index.php\\\/2025\\\/08\\\/04\\\/solo-por-ayudar-tres-decadas-de-compromiso-con-los-mas-vulnerables\\\/#primaryimage\"},\"thumbnailUrl\":\"https:\\\/\\\/somos-hermanos.mx\\\/wp-content\\\/uploads\\\/2025\\\/08\\\/spa1.jpeg\",\"datePublished\":\"2025-08-04T10:12:34+00:00\",\"breadcrumb\":{\"@id\":\"https:\\\/\\\/somos-hermanos.mx\\\/index.php\\\/2025\\\/08\\\/04\\\/solo-por-ayudar-tres-decadas-de-compromiso-con-los-mas-vulnerables\\\/#breadcrumb\"},\"inLanguage\":\"es\",\"potentialAction\":[{\"@type\":\"ReadAction\",\"target\":[\"https:\\\/\\\/somos-hermanos.mx\\\/index.php\\\/2025\\\/08\\\/04\\\/solo-por-ayudar-tres-decadas-de-compromiso-con-los-mas-vulnerables\\\/\"]}]},{\"@type\":\"ImageObject\",\"inLanguage\":\"es\",\"@id\":\"https:\\\/\\\/somos-hermanos.mx\\\/index.php\\\/2025\\\/08\\\/04\\\/solo-por-ayudar-tres-decadas-de-compromiso-con-los-mas-vulnerables\\\/#primaryimage\",\"url\":\"https:\\\/\\\/somos-hermanos.mx\\\/wp-content\\\/uploads\\\/2025\\\/08\\\/spa1.jpeg\",\"contentUrl\":\"https:\\\/\\\/somos-hermanos.mx\\\/wp-content\\\/uploads\\\/2025\\\/08\\\/spa1.jpeg\",\"width\":1280,\"height\":1028},{\"@type\":\"BreadcrumbList\",\"@id\":\"https:\\\/\\\/somos-hermanos.mx\\\/index.php\\\/2025\\\/08\\\/04\\\/solo-por-ayudar-tres-decadas-de-compromiso-con-los-mas-vulnerables\\\/#breadcrumb\",\"itemListElement\":[{\"@type\":\"ListItem\",\"position\":1,\"name\":\"Inicio\",\"item\":\"https:\\\/\\\/somos-hermanos.mx\\\/\"},{\"@type\":\"ListItem\",\"position\":2,\"name\":\"\u201cS\u00f3lo por Ayudar\u201d: Tres d\u00e9cadas de compromiso con los m\u00e1s vulnerables\"}]},{\"@type\":\"WebSite\",\"@id\":\"https:\\\/\\\/somos-hermanos.mx\\\/#website\",\"url\":\"https:\\\/\\\/somos-hermanos.mx\\\/\",\"name\":\"Historias que inspiran...\",\"description\":\"Somos la voz del altruismo en M\u00e9xico\",\"publisher\":{\"@id\":\"https:\\\/\\\/somos-hermanos.mx\\\/#organization\"},\"potentialAction\":[{\"@type\":\"SearchAction\",\"target\":{\"@type\":\"EntryPoint\",\"urlTemplate\":\"https:\\\/\\\/somos-hermanos.mx\\\/?s={search_term_string}\"},\"query-input\":{\"@type\":\"PropertyValueSpecification\",\"valueRequired\":true,\"valueName\":\"search_term_string\"}}],\"inLanguage\":\"es\"},{\"@type\":\"Organization\",\"@id\":\"https:\\\/\\\/somos-hermanos.mx\\\/#organization\",\"name\":\"Somos Hermanos\",\"url\":\"https:\\\/\\\/somos-hermanos.mx\\\/\",\"logo\":{\"@type\":\"ImageObject\",\"inLanguage\":\"es\",\"@id\":\"https:\\\/\\\/somos-hermanos.mx\\\/#\\\/schema\\\/logo\\\/image\\\/\",\"url\":\"https:\\\/\\\/somos-hermanos.mx\\\/wp-content\\\/uploads\\\/2025\\\/08\\\/SH30-1.jpeg\",\"contentUrl\":\"https:\\\/\\\/somos-hermanos.mx\\\/wp-content\\\/uploads\\\/2025\\\/08\\\/SH30-1.jpeg\",\"width\":1600,\"height\":1142,\"caption\":\"Somos Hermanos\"},\"image\":{\"@id\":\"https:\\\/\\\/somos-hermanos.mx\\\/#\\\/schema\\\/logo\\\/image\\\/\"},\"sameAs\":[\"https:\\\/\\\/www.facebook.com\\\/SomosHermanosIAP\\\/\",\"https:\\\/\\\/x.com\\\/Somos__Hermanos\",\"https:\\\/\\\/www.instagram.com\\\/somos__hermanos\\\/#\",\"https:\\\/\\\/www.tiktok.com\\\/@somoshermanosiap\",\"https:\\\/\\\/www.youtube.com\\\/@somoshermanosiap1201\\\/videos\"]},{\"@type\":\"Person\",\"@id\":\"https:\\\/\\\/somos-hermanos.mx\\\/#\\\/schema\\\/person\\\/1e925550f6b28edafdbf7e36bf8b90c9\",\"name\":\"Miguel Riestra P\u00e9rez\",\"image\":{\"@type\":\"ImageObject\",\"inLanguage\":\"es\",\"@id\":\"https:\\\/\\\/secure.gravatar.com\\\/avatar\\\/d46497e241a78e642ea099b6acbfb6199a867f0d3fdb39c05f5d0c47f490e0d6?s=96&d=mm&r=g\",\"url\":\"https:\\\/\\\/secure.gravatar.com\\\/avatar\\\/d46497e241a78e642ea099b6acbfb6199a867f0d3fdb39c05f5d0c47f490e0d6?s=96&d=mm&r=g\",\"contentUrl\":\"https:\\\/\\\/secure.gravatar.com\\\/avatar\\\/d46497e241a78e642ea099b6acbfb6199a867f0d3fdb39c05f5d0c47f490e0d6?s=96&d=mm&r=g\",\"caption\":\"Miguel Riestra P\u00e9rez\"},\"url\":\"https:\\\/\\\/somos-hermanos.mx\\\/index.php\\\/author\\\/miguel-riestra-perez\\\/\"}]}<\/script>\n<!-- \/ Yoast SEO plugin. -->","yoast_head_json":{"title":"\u201cS\u00f3lo por Ayudar\u201d: Tres d\u00e9cadas de compromiso con los m\u00e1s vulnerables - Historias que inspiran...","robots":{"index":"index","follow":"follow","max-snippet":"max-snippet:-1","max-image-preview":"max-image-preview:large","max-video-preview":"max-video-preview:-1"},"canonical":"https:\/\/somos-hermanos.mx\/index.php\/2025\/08\/04\/solo-por-ayudar-tres-decadas-de-compromiso-con-los-mas-vulnerables\/","og_locale":"es_MX","og_type":"article","og_title":"\u201cS\u00f3lo por Ayudar\u201d: Tres d\u00e9cadas de compromiso con los m\u00e1s vulnerables - Historias que inspiran...","og_description":"Fundada en 1985 por la periodista Lolita Ayala tras el devastador terremoto que sacudi\u00f3 la capital mexicana, la organizaci\u00f3n S\u00f3lo por Ayudar IAP\u00a0se ha consolidado como una de las instituciones de asistencia privada m\u00e1s activas y comprometidas del pa\u00eds. Su misi\u00f3n: mejorar la calidad de vida de las personas en situaci\u00f3n de desventaja, brindando apoyo [&hellip;]","og_url":"https:\/\/somos-hermanos.mx\/index.php\/2025\/08\/04\/solo-por-ayudar-tres-decadas-de-compromiso-con-los-mas-vulnerables\/","og_site_name":"Historias que inspiran...","article_publisher":"https:\/\/www.facebook.com\/SomosHermanosIAP\/","article_published_time":"2025-08-04T10:12:34+00:00","og_image":[{"width":1280,"height":1028,"url":"https:\/\/somos-hermanos.mx\/wp-content\/uploads\/2025\/08\/spa1.jpeg","type":"image\/jpeg"}],"author":"Miguel Riestra P\u00e9rez","twitter_card":"summary_large_image","twitter_creator":"@Somos__Hermanos","twitter_site":"@Somos__Hermanos","twitter_misc":{"Escrito por":"Miguel Riestra P\u00e9rez","Tiempo de lectura":"3 minutos"},"schema":{"@context":"https:\/\/schema.org","@graph":[{"@type":"Article","@id":"https:\/\/somos-hermanos.mx\/index.php\/2025\/08\/04\/solo-por-ayudar-tres-decadas-de-compromiso-con-los-mas-vulnerables\/#article","isPartOf":{"@id":"https:\/\/somos-hermanos.mx\/index.php\/2025\/08\/04\/solo-por-ayudar-tres-decadas-de-compromiso-con-los-mas-vulnerables\/"},"author":{"name":"Miguel Riestra P\u00e9rez","@id":"https:\/\/somos-hermanos.mx\/#\/schema\/person\/1e925550f6b28edafdbf7e36bf8b90c9"},"headline":"\u201cS\u00f3lo por Ayudar\u201d: Tres d\u00e9cadas de compromiso con los m\u00e1s vulnerables","datePublished":"2025-08-04T10:12:34+00:00","mainEntityOfPage":{"@id":"https:\/\/somos-hermanos.mx\/index.php\/2025\/08\/04\/solo-por-ayudar-tres-decadas-de-compromiso-con-los-mas-vulnerables\/"},"wordCount":545,"commentCount":0,"publisher":{"@id":"https:\/\/somos-hermanos.mx\/#organization"},"image":{"@id":"https:\/\/somos-hermanos.mx\/index.php\/2025\/08\/04\/solo-por-ayudar-tres-decadas-de-compromiso-con-los-mas-vulnerables\/#primaryimage"},"thumbnailUrl":"https:\/\/somos-hermanos.mx\/wp-content\/uploads\/2025\/08\/spa1.jpeg","articleSection":["Noticias"],"inLanguage":"es","potentialAction":[{"@type":"CommentAction","name":"Comment","target":["https:\/\/somos-hermanos.mx\/index.php\/2025\/08\/04\/solo-por-ayudar-tres-decadas-de-compromiso-con-los-mas-vulnerables\/#respond"]}]},{"@type":"WebPage","@id":"https:\/\/somos-hermanos.mx\/index.php\/2025\/08\/04\/solo-por-ayudar-tres-decadas-de-compromiso-con-los-mas-vulnerables\/","url":"https:\/\/somos-hermanos.mx\/index.php\/2025\/08\/04\/solo-por-ayudar-tres-decadas-de-compromiso-con-los-mas-vulnerables\/","name":"\u201cS\u00f3lo por Ayudar\u201d: Tres d\u00e9cadas de compromiso con los m\u00e1s vulnerables - Historias que inspiran...","isPartOf":{"@id":"https:\/\/somos-hermanos.mx\/#website"},"primaryImageOfPage":{"@id":"https:\/\/somos-hermanos.mx\/index.php\/2025\/08\/04\/solo-por-ayudar-tres-decadas-de-compromiso-con-los-mas-vulnerables\/#primaryimage"},"image":{"@id":"https:\/\/somos-hermanos.mx\/index.php\/2025\/08\/04\/solo-por-ayudar-tres-decadas-de-compromiso-con-los-mas-vulnerables\/#primaryimage"},"thumbnailUrl":"https:\/\/somos-hermanos.mx\/wp-content\/uploads\/2025\/08\/spa1.jpeg","datePublished":"2025-08-04T10:12:34+00:00","breadcrumb":{"@id":"https:\/\/somos-hermanos.mx\/index.php\/2025\/08\/04\/solo-por-ayudar-tres-decadas-de-compromiso-con-los-mas-vulnerables\/#breadcrumb"},"inLanguage":"es","potentialAction":[{"@type":"ReadAction","target":["https:\/\/somos-hermanos.mx\/index.php\/2025\/08\/04\/solo-por-ayudar-tres-decadas-de-compromiso-con-los-mas-vulnerables\/"]}]},{"@type":"ImageObject","inLanguage":"es","@id":"https:\/\/somos-hermanos.mx\/index.php\/2025\/08\/04\/solo-por-ayudar-tres-decadas-de-compromiso-con-los-mas-vulnerables\/#primaryimage","url":"https:\/\/somos-hermanos.mx\/wp-content\/uploads\/2025\/08\/spa1.jpeg","contentUrl":"https:\/\/somos-hermanos.mx\/wp-content\/uploads\/2025\/08\/spa1.jpeg","width":1280,"height":1028},{"@type":"BreadcrumbList","@id":"https:\/\/somos-hermanos.mx\/index.php\/2025\/08\/04\/solo-por-ayudar-tres-decadas-de-compromiso-con-los-mas-vulnerables\/#breadcrumb","itemListElement":[{"@type":"ListItem","position":1,"name":"Inicio","item":"https:\/\/somos-hermanos.mx\/"},{"@type":"ListItem","position":2,"name":"\u201cS\u00f3lo por Ayudar\u201d: Tres d\u00e9cadas de compromiso con los m\u00e1s vulnerables"}]},{"@type":"WebSite","@id":"https:\/\/somos-hermanos.mx\/#website","url":"https:\/\/somos-hermanos.mx\/","name":"Historias que inspiran...","description":"Somos la voz del altruismo en M\u00e9xico","publisher":{"@id":"https:\/\/somos-hermanos.mx\/#organization"},"potentialAction":[{"@type":"SearchAction","target":{"@type":"EntryPoint","urlTemplate":"https:\/\/somos-hermanos.mx\/?s={search_term_string}"},"query-input":{"@type":"PropertyValueSpecification","valueRequired":true,"valueName":"search_term_string"}}],"inLanguage":"es"},{"@type":"Organization","@id":"https:\/\/somos-hermanos.mx\/#organization","name":"Somos Hermanos","url":"https:\/\/somos-hermanos.mx\/","logo":{"@type":"ImageObject","inLanguage":"es","@id":"https:\/\/somos-hermanos.mx\/#\/schema\/logo\/image\/","url":"https:\/\/somos-hermanos.mx\/wp-content\/uploads\/2025\/08\/SH30-1.jpeg","contentUrl":"https:\/\/somos-hermanos.mx\/wp-content\/uploads\/2025\/08\/SH30-1.jpeg","width":1600,"height":1142,"caption":"Somos Hermanos"},"image":{"@id":"https:\/\/somos-hermanos.mx\/#\/schema\/logo\/image\/"},"sameAs":["https:\/\/www.facebook.com\/SomosHermanosIAP\/","https:\/\/x.com\/Somos__Hermanos","https:\/\/www.instagram.com\/somos__hermanos\/#","https:\/\/www.tiktok.com\/@somoshermanosiap","https:\/\/www.youtube.com\/@somoshermanosiap1201\/videos"]},{"@type":"Person","@id":"https:\/\/somos-hermanos.mx\/#\/schema\/person\/1e925550f6b28edafdbf7e36bf8b90c9","name":"Miguel Riestra P\u00e9rez","image":{"@type":"ImageObject","inLanguage":"es","@id":"https:\/\/secure.gravatar.com\/avatar\/d46497e241a78e642ea099b6acbfb6199a867f0d3fdb39c05f5d0c47f490e0d6?s=96&d=mm&r=g","url":"https:\/\/secure.gravatar.com\/avatar\/d46497e241a78e642ea099b6acbfb6199a867f0d3fdb39c05f5d0c47f490e0d6?s=96&d=mm&r=g","contentUrl":"https:\/\/secure.gravatar.com\/avatar\/d46497e241a78e642ea099b6acbfb6199a867f0d3fdb39c05f5d0c47f490e0d6?s=96&d=mm&r=g","caption":"Miguel Riestra P\u00e9rez"},"url":"https:\/\/somos-hermanos.mx\/index.php\/author\/miguel-riestra-perez\/"}]}},"_links":{"self":[{"href":"https:\/\/somos-hermanos.mx\/index.php\/wp-json\/wp\/v2\/posts\/1026","targetHints":{"allow":["GET"]}}],"collection":[{"href":"https:\/\/somos-hermanos.mx\/index.php\/wp-json\/wp\/v2\/posts"}],"about":[{"href":"https:\/\/somos-hermanos.mx\/index.php\/wp-json\/wp\/v2\/types\/post"}],"author":[{"embeddable":true,"href":"https:\/\/somos-hermanos.mx\/index.php\/wp-json\/wp\/v2\/users\/9"}],"replies":[{"embeddable":true,"href":"https:\/\/somos-hermanos.mx\/index.php\/wp-json\/wp\/v2\/comments?post=1026"}],"version-history":[{"count":1,"href":"https:\/\/somos-hermanos.mx\/index.php\/wp-json\/wp\/v2\/posts\/1026\/revisions"}],"predecessor-version":[{"id":1028,"href":"https:\/\/somos-hermanos.mx\/index.php\/wp-json\/wp\/v2\/posts\/1026\/revisions\/1028"}],"wp:featuredmedia":[{"embeddable":true,"href":"https:\/\/somos-hermanos.mx\/index.php\/wp-json\/wp\/v2\/media\/1027"}],"wp:attachment":[{"href":"https:\/\/somos-hermanos.mx\/index.php\/wp-json\/wp\/v2\/media?parent=1026"}],"wp:term":[{"taxonomy":"category","embeddable":true,"href":"https:\/\/somos-hermanos.mx\/index.php\/wp-json\/wp\/v2\/categories?post=1026"},{"taxonomy":"post_tag","embeddable":true,"href":"https:\/\/somos-hermanos.mx\/index.php\/wp-json\/wp\/v2\/tags?post=1026"}],"curies":[{"name":"wp","href":"https:\/\/api.w.org\/{rel}","templated":true}]}}