{"id":1023,"date":"2025-08-04T04:11:25","date_gmt":"2025-08-04T10:11:25","guid":{"rendered":"https:\/\/somos-hermanos.mx\/?p=1023"},"modified":"2025-08-04T04:11:25","modified_gmt":"2025-08-04T10:11:25","slug":"en-ganac-iap-suenan-con-la-cura-contra-el-cancer-infantil","status":"publish","type":"post","link":"https:\/\/somos-hermanos.mx\/index.php\/2025\/08\/04\/en-ganac-iap-suenan-con-la-cura-contra-el-cancer-infantil\/","title":{"rendered":"En GANAC IAP sue\u00f1an con la cura contra el c\u00e1ncer infantil"},"content":{"rendered":"<p>Desde Sinaloa el Grupo de Amigos Afectados por C\u00e1ncer (GANAC) IAP trabaja firmemente por un acompa\u00f1amiento integral en ni\u00f1os y j\u00f3venes que por causa econ\u00f3mica no pueden continuar con su tratamiento contra el c\u00e1ncer.<\/p>\n<p>Cinco son sus pilares fundamentales de intervenci\u00f3n, asegurando as\u00ed que se cubran las necesidades b\u00e1sicas de los beneficiarios.<\/p>\n<p>La instituci\u00f3n surte actualmente cerca de 800 recetas para los ni\u00f1os y j\u00f3venes en medicamentos que representan los insumos necesarios para sus quimioterapias y estudios especiales.<\/p>\n<ul>\n<li>Como el impacto de GANAC IAP es a lo largo de todo el estado de Sinaloa, apoyan al a\u00f1o con aproximadamente 500 viajes terrestres para el paciente y un acompa\u00f1ante, que incluso en ocasiones puede tratarse de pasajes a\u00e9reos.<\/li>\n<li>Cubrir esta necesidad b\u00e1sica es primordial, y gracias al apoyo de Panam\u00e1 y Tai Pak otorgan platillos diarios los 365 d\u00edas al a\u00f1o. Tambi\u00e9n gracias al DIF reparten despensas mensuales y recientemente se incluy\u00f3 el apoyo de lunch de snacks saludables en sus visitas a GANAC IAP.<\/li>\n<li><strong>Investigaci\u00f3n y equipamiento.<\/strong>La capacitaci\u00f3n no est\u00e1 fuera de la mesa, y producto de valiosas alianzas la organizaci\u00f3n ha podido instruir a especialistas en oncolog\u00eda del Hospital Pedi\u00e1trico de Sinaloa. A lo largo de 30 a\u00f1os han proporcionado equipo m\u00e9dico valioso para el \u00e1rea oncol\u00f3gica, incluyendo quir\u00f3fanos y equipos de anestesia.<\/li>\n<li><strong>Acompa\u00f1amiento emocional.<\/strong>GANAC TE ACOMPA\u00d1A es el programa mediante el cual las familias de la instituci\u00f3n se fortalecen de la mano de profesionales y en conjunto se organizan actividades anualmente con el soporte de empresas y voluntarios para generar pertenencia y comunidad.<\/li>\n<\/ul>\n<p>En GANAC IAP saben que el c\u00e1ncer no se detiene, por lo que trabajan d\u00eda con d\u00eda para y dentro de las iniciativas se encuentra \u00c1ngeles de Esperanza, programa de apadrinamiento que contribuye de forma autom\u00e1tica y mensual a trav\u00e9s de donaciones con el fin de estar un paso m\u00e1s cerca de ayudar a ni\u00f1os y j\u00f3venes contra la enfermedad.<\/p>\n<p>Durante 29 a\u00f1os, <strong>GANAC IAP ha acompa\u00f1ado a m\u00e1s de 3,600 familias a brindarles acompa\u00f1amiento integral <\/strong>en la lucha contra el c\u00e1ncer.<\/p>\n<p>Cada vez la organizaci\u00f3n se acerca m\u00e1s a su primordial objetivo de curar el c\u00e1ncer infantil y para cada ni\u00f1o y joven beneficiario de este admirable Grupo de Amigos, el impacto de la instituci\u00f3n se traduce en una gran oportunidad de vida.<\/p>\n<p><em>Visita su sitio web:<\/em><\/p>\n<p><a href=\"https:\/\/ganac.org.mx\/\"><em><u>https:\/\/ganac.org.mx\/<\/u><\/em><\/a><\/p>\n","protected":false},"excerpt":{"rendered":"<p>Desde Sinaloa el Grupo de Amigos Afectados por C\u00e1ncer (GANAC) IAP trabaja firmemente por un acompa\u00f1amiento integral en ni\u00f1os y j\u00f3venes que por causa econ\u00f3mica no pueden continuar con su tratamiento contra el c\u00e1ncer. Cinco son sus pilares fundamentales de intervenci\u00f3n, asegurando as\u00ed que se cubran las necesidades b\u00e1sicas de los beneficiarios. La instituci\u00f3n surte [&hellip;]<\/p>\n","protected":false},"author":10,"featured_media":1024,"comment_status":"open","ping_status":"closed","sticky":false,"template":"","format":"standard","meta":{"footnotes":""},"categories":[6],"tags":[],"class_list":["post-1023","post","type-post","status-publish","format-standard","has-post-thumbnail","hentry","category-noticias"],"yoast_head":"<!-- This site is optimized with the Yoast SEO plugin v27.5 - https:\/\/yoast.com\/product\/yoast-seo-wordpress\/ -->\n<title>En GANAC IAP sue\u00f1an con la cura contra el c\u00e1ncer infantil - Historias que inspiran...<\/title>\n<meta name=\"robots\" content=\"index, follow, max-snippet:-1, max-image-preview:large, max-video-preview:-1\" \/>\n<link rel=\"canonical\" href=\"https:\/\/somos-hermanos.mx\/index.php\/2025\/08\/04\/en-ganac-iap-suenan-con-la-cura-contra-el-cancer-infantil\/\" \/>\n<meta property=\"og:locale\" content=\"es_MX\" \/>\n<meta property=\"og:type\" content=\"article\" \/>\n<meta property=\"og:title\" content=\"En GANAC IAP sue\u00f1an con la cura contra el c\u00e1ncer infantil - Historias que inspiran...\" \/>\n<meta property=\"og:description\" content=\"Desde Sinaloa el Grupo de Amigos Afectados por C\u00e1ncer (GANAC) IAP trabaja firmemente por un acompa\u00f1amiento integral en ni\u00f1os y j\u00f3venes que por causa econ\u00f3mica no pueden continuar con su tratamiento contra el c\u00e1ncer. Cinco son sus pilares fundamentales de intervenci\u00f3n, asegurando as\u00ed que se cubran las necesidades b\u00e1sicas de los beneficiarios. La instituci\u00f3n surte [&hellip;]\" \/>\n<meta property=\"og:url\" content=\"https:\/\/somos-hermanos.mx\/index.php\/2025\/08\/04\/en-ganac-iap-suenan-con-la-cura-contra-el-cancer-infantil\/\" \/>\n<meta property=\"og:site_name\" content=\"Historias que inspiran...\" \/>\n<meta property=\"article:publisher\" content=\"https:\/\/www.facebook.com\/SomosHermanosIAP\/\" \/>\n<meta property=\"article:published_time\" content=\"2025-08-04T10:11:25+00:00\" \/>\n<meta property=\"og:image\" content=\"https:\/\/somos-hermanos.mx\/wp-content\/uploads\/2025\/08\/ganacc2.jpeg\" \/>\n\t<meta property=\"og:image:width\" content=\"1280\" \/>\n\t<meta property=\"og:image:height\" content=\"1600\" \/>\n\t<meta property=\"og:image:type\" content=\"image\/jpeg\" \/>\n<meta name=\"author\" content=\"Carlos Hernandez Huerta\" \/>\n<meta name=\"twitter:card\" content=\"summary_large_image\" \/>\n<meta name=\"twitter:creator\" content=\"@Somos__Hermanos\" \/>\n<meta name=\"twitter:site\" content=\"@Somos__Hermanos\" \/>\n<meta name=\"twitter:label1\" content=\"Escrito por\" \/>\n\t<meta name=\"twitter:data1\" content=\"Carlos Hernandez Huerta\" \/>\n\t<meta name=\"twitter:label2\" content=\"Tiempo de lectura\" \/>\n\t<meta name=\"twitter:data2\" content=\"2 minutos\" \/>\n<script type=\"application\/ld+json\" class=\"yoast-schema-graph\">{\"@context\":\"https:\\\/\\\/schema.org\",\"@graph\":[{\"@type\":\"Article\",\"@id\":\"https:\\\/\\\/somos-hermanos.mx\\\/index.php\\\/2025\\\/08\\\/04\\\/en-ganac-iap-suenan-con-la-cura-contra-el-cancer-infantil\\\/#article\",\"isPartOf\":{\"@id\":\"https:\\\/\\\/somos-hermanos.mx\\\/index.php\\\/2025\\\/08\\\/04\\\/en-ganac-iap-suenan-con-la-cura-contra-el-cancer-infantil\\\/\"},\"author\":{\"name\":\"Carlos Hernandez Huerta\",\"@id\":\"https:\\\/\\\/somos-hermanos.mx\\\/#\\\/schema\\\/person\\\/2466d21e6ade208f45dbc821298d62b6\"},\"headline\":\"En GANAC IAP sue\u00f1an con la cura contra el c\u00e1ncer infantil\",\"datePublished\":\"2025-08-04T10:11:25+00:00\",\"mainEntityOfPage\":{\"@id\":\"https:\\\/\\\/somos-hermanos.mx\\\/index.php\\\/2025\\\/08\\\/04\\\/en-ganac-iap-suenan-con-la-cura-contra-el-cancer-infantil\\\/\"},\"wordCount\":444,\"commentCount\":0,\"publisher\":{\"@id\":\"https:\\\/\\\/somos-hermanos.mx\\\/#organization\"},\"image\":{\"@id\":\"https:\\\/\\\/somos-hermanos.mx\\\/index.php\\\/2025\\\/08\\\/04\\\/en-ganac-iap-suenan-con-la-cura-contra-el-cancer-infantil\\\/#primaryimage\"},\"thumbnailUrl\":\"https:\\\/\\\/somos-hermanos.mx\\\/wp-content\\\/uploads\\\/2025\\\/08\\\/ganacc2.jpeg\",\"articleSection\":[\"Noticias\"],\"inLanguage\":\"es\",\"potentialAction\":[{\"@type\":\"CommentAction\",\"name\":\"Comment\",\"target\":[\"https:\\\/\\\/somos-hermanos.mx\\\/index.php\\\/2025\\\/08\\\/04\\\/en-ganac-iap-suenan-con-la-cura-contra-el-cancer-infantil\\\/#respond\"]}]},{\"@type\":\"WebPage\",\"@id\":\"https:\\\/\\\/somos-hermanos.mx\\\/index.php\\\/2025\\\/08\\\/04\\\/en-ganac-iap-suenan-con-la-cura-contra-el-cancer-infantil\\\/\",\"url\":\"https:\\\/\\\/somos-hermanos.mx\\\/index.php\\\/2025\\\/08\\\/04\\\/en-ganac-iap-suenan-con-la-cura-contra-el-cancer-infantil\\\/\",\"name\":\"En GANAC IAP sue\u00f1an con la cura contra el c\u00e1ncer infantil - Historias que inspiran...\",\"isPartOf\":{\"@id\":\"https:\\\/\\\/somos-hermanos.mx\\\/#website\"},\"primaryImageOfPage\":{\"@id\":\"https:\\\/\\\/somos-hermanos.mx\\\/index.php\\\/2025\\\/08\\\/04\\\/en-ganac-iap-suenan-con-la-cura-contra-el-cancer-infantil\\\/#primaryimage\"},\"image\":{\"@id\":\"https:\\\/\\\/somos-hermanos.mx\\\/index.php\\\/2025\\\/08\\\/04\\\/en-ganac-iap-suenan-con-la-cura-contra-el-cancer-infantil\\\/#primaryimage\"},\"thumbnailUrl\":\"https:\\\/\\\/somos-hermanos.mx\\\/wp-content\\\/uploads\\\/2025\\\/08\\\/ganacc2.jpeg\",\"datePublished\":\"2025-08-04T10:11:25+00:00\",\"breadcrumb\":{\"@id\":\"https:\\\/\\\/somos-hermanos.mx\\\/index.php\\\/2025\\\/08\\\/04\\\/en-ganac-iap-suenan-con-la-cura-contra-el-cancer-infantil\\\/#breadcrumb\"},\"inLanguage\":\"es\",\"potentialAction\":[{\"@type\":\"ReadAction\",\"target\":[\"https:\\\/\\\/somos-hermanos.mx\\\/index.php\\\/2025\\\/08\\\/04\\\/en-ganac-iap-suenan-con-la-cura-contra-el-cancer-infantil\\\/\"]}]},{\"@type\":\"ImageObject\",\"inLanguage\":\"es\",\"@id\":\"https:\\\/\\\/somos-hermanos.mx\\\/index.php\\\/2025\\\/08\\\/04\\\/en-ganac-iap-suenan-con-la-cura-contra-el-cancer-infantil\\\/#primaryimage\",\"url\":\"https:\\\/\\\/somos-hermanos.mx\\\/wp-content\\\/uploads\\\/2025\\\/08\\\/ganacc2.jpeg\",\"contentUrl\":\"https:\\\/\\\/somos-hermanos.mx\\\/wp-content\\\/uploads\\\/2025\\\/08\\\/ganacc2.jpeg\",\"width\":1280,\"height\":1600},{\"@type\":\"BreadcrumbList\",\"@id\":\"https:\\\/\\\/somos-hermanos.mx\\\/index.php\\\/2025\\\/08\\\/04\\\/en-ganac-iap-suenan-con-la-cura-contra-el-cancer-infantil\\\/#breadcrumb\",\"itemListElement\":[{\"@type\":\"ListItem\",\"position\":1,\"name\":\"Inicio\",\"item\":\"https:\\\/\\\/somos-hermanos.mx\\\/\"},{\"@type\":\"ListItem\",\"position\":2,\"name\":\"En GANAC IAP sue\u00f1an con la cura contra el c\u00e1ncer infantil\"}]},{\"@type\":\"WebSite\",\"@id\":\"https:\\\/\\\/somos-hermanos.mx\\\/#website\",\"url\":\"https:\\\/\\\/somos-hermanos.mx\\\/\",\"name\":\"Historias que inspiran...\",\"description\":\"Somos la voz del altruismo en M\u00e9xico\",\"publisher\":{\"@id\":\"https:\\\/\\\/somos-hermanos.mx\\\/#organization\"},\"potentialAction\":[{\"@type\":\"SearchAction\",\"target\":{\"@type\":\"EntryPoint\",\"urlTemplate\":\"https:\\\/\\\/somos-hermanos.mx\\\/?s={search_term_string}\"},\"query-input\":{\"@type\":\"PropertyValueSpecification\",\"valueRequired\":true,\"valueName\":\"search_term_string\"}}],\"inLanguage\":\"es\"},{\"@type\":\"Organization\",\"@id\":\"https:\\\/\\\/somos-hermanos.mx\\\/#organization\",\"name\":\"Somos Hermanos\",\"url\":\"https:\\\/\\\/somos-hermanos.mx\\\/\",\"logo\":{\"@type\":\"ImageObject\",\"inLanguage\":\"es\",\"@id\":\"https:\\\/\\\/somos-hermanos.mx\\\/#\\\/schema\\\/logo\\\/image\\\/\",\"url\":\"https:\\\/\\\/somos-hermanos.mx\\\/wp-content\\\/uploads\\\/2025\\\/08\\\/SH30-1.jpeg\",\"contentUrl\":\"https:\\\/\\\/somos-hermanos.mx\\\/wp-content\\\/uploads\\\/2025\\\/08\\\/SH30-1.jpeg\",\"width\":1600,\"height\":1142,\"caption\":\"Somos Hermanos\"},\"image\":{\"@id\":\"https:\\\/\\\/somos-hermanos.mx\\\/#\\\/schema\\\/logo\\\/image\\\/\"},\"sameAs\":[\"https:\\\/\\\/www.facebook.com\\\/SomosHermanosIAP\\\/\",\"https:\\\/\\\/x.com\\\/Somos__Hermanos\",\"https:\\\/\\\/www.instagram.com\\\/somos__hermanos\\\/#\",\"https:\\\/\\\/www.tiktok.com\\\/@somoshermanosiap\",\"https:\\\/\\\/www.youtube.com\\\/@somoshermanosiap1201\\\/videos\"]},{\"@type\":\"Person\",\"@id\":\"https:\\\/\\\/somos-hermanos.mx\\\/#\\\/schema\\\/person\\\/2466d21e6ade208f45dbc821298d62b6\",\"name\":\"Carlos Hernandez Huerta\",\"image\":{\"@type\":\"ImageObject\",\"inLanguage\":\"es\",\"@id\":\"https:\\\/\\\/secure.gravatar.com\\\/avatar\\\/51f6e8e89626306c560ccd8823655e34da99a1f976b5f71bb93591c6b45fd128?s=96&d=mm&r=g\",\"url\":\"https:\\\/\\\/secure.gravatar.com\\\/avatar\\\/51f6e8e89626306c560ccd8823655e34da99a1f976b5f71bb93591c6b45fd128?s=96&d=mm&r=g\",\"contentUrl\":\"https:\\\/\\\/secure.gravatar.com\\\/avatar\\\/51f6e8e89626306c560ccd8823655e34da99a1f976b5f71bb93591c6b45fd128?s=96&d=mm&r=g\",\"caption\":\"Carlos Hernandez Huerta\"},\"url\":\"https:\\\/\\\/somos-hermanos.mx\\\/index.php\\\/author\\\/carlos-hernandez-huerta\\\/\"}]}<\/script>\n<!-- \/ Yoast SEO plugin. -->","yoast_head_json":{"title":"En GANAC IAP sue\u00f1an con la cura contra el c\u00e1ncer infantil - Historias que inspiran...","robots":{"index":"index","follow":"follow","max-snippet":"max-snippet:-1","max-image-preview":"max-image-preview:large","max-video-preview":"max-video-preview:-1"},"canonical":"https:\/\/somos-hermanos.mx\/index.php\/2025\/08\/04\/en-ganac-iap-suenan-con-la-cura-contra-el-cancer-infantil\/","og_locale":"es_MX","og_type":"article","og_title":"En GANAC IAP sue\u00f1an con la cura contra el c\u00e1ncer infantil - Historias que inspiran...","og_description":"Desde Sinaloa el Grupo de Amigos Afectados por C\u00e1ncer (GANAC) IAP trabaja firmemente por un acompa\u00f1amiento integral en ni\u00f1os y j\u00f3venes que por causa econ\u00f3mica no pueden continuar con su tratamiento contra el c\u00e1ncer. Cinco son sus pilares fundamentales de intervenci\u00f3n, asegurando as\u00ed que se cubran las necesidades b\u00e1sicas de los beneficiarios. La instituci\u00f3n surte [&hellip;]","og_url":"https:\/\/somos-hermanos.mx\/index.php\/2025\/08\/04\/en-ganac-iap-suenan-con-la-cura-contra-el-cancer-infantil\/","og_site_name":"Historias que inspiran...","article_publisher":"https:\/\/www.facebook.com\/SomosHermanosIAP\/","article_published_time":"2025-08-04T10:11:25+00:00","og_image":[{"width":1280,"height":1600,"url":"https:\/\/somos-hermanos.mx\/wp-content\/uploads\/2025\/08\/ganacc2.jpeg","type":"image\/jpeg"}],"author":"Carlos Hernandez Huerta","twitter_card":"summary_large_image","twitter_creator":"@Somos__Hermanos","twitter_site":"@Somos__Hermanos","twitter_misc":{"Escrito por":"Carlos Hernandez Huerta","Tiempo de lectura":"2 minutos"},"schema":{"@context":"https:\/\/schema.org","@graph":[{"@type":"Article","@id":"https:\/\/somos-hermanos.mx\/index.php\/2025\/08\/04\/en-ganac-iap-suenan-con-la-cura-contra-el-cancer-infantil\/#article","isPartOf":{"@id":"https:\/\/somos-hermanos.mx\/index.php\/2025\/08\/04\/en-ganac-iap-suenan-con-la-cura-contra-el-cancer-infantil\/"},"author":{"name":"Carlos Hernandez Huerta","@id":"https:\/\/somos-hermanos.mx\/#\/schema\/person\/2466d21e6ade208f45dbc821298d62b6"},"headline":"En GANAC IAP sue\u00f1an con la cura contra el c\u00e1ncer infantil","datePublished":"2025-08-04T10:11:25+00:00","mainEntityOfPage":{"@id":"https:\/\/somos-hermanos.mx\/index.php\/2025\/08\/04\/en-ganac-iap-suenan-con-la-cura-contra-el-cancer-infantil\/"},"wordCount":444,"commentCount":0,"publisher":{"@id":"https:\/\/somos-hermanos.mx\/#organization"},"image":{"@id":"https:\/\/somos-hermanos.mx\/index.php\/2025\/08\/04\/en-ganac-iap-suenan-con-la-cura-contra-el-cancer-infantil\/#primaryimage"},"thumbnailUrl":"https:\/\/somos-hermanos.mx\/wp-content\/uploads\/2025\/08\/ganacc2.jpeg","articleSection":["Noticias"],"inLanguage":"es","potentialAction":[{"@type":"CommentAction","name":"Comment","target":["https:\/\/somos-hermanos.mx\/index.php\/2025\/08\/04\/en-ganac-iap-suenan-con-la-cura-contra-el-cancer-infantil\/#respond"]}]},{"@type":"WebPage","@id":"https:\/\/somos-hermanos.mx\/index.php\/2025\/08\/04\/en-ganac-iap-suenan-con-la-cura-contra-el-cancer-infantil\/","url":"https:\/\/somos-hermanos.mx\/index.php\/2025\/08\/04\/en-ganac-iap-suenan-con-la-cura-contra-el-cancer-infantil\/","name":"En GANAC IAP sue\u00f1an con la cura contra el c\u00e1ncer infantil - Historias que inspiran...","isPartOf":{"@id":"https:\/\/somos-hermanos.mx\/#website"},"primaryImageOfPage":{"@id":"https:\/\/somos-hermanos.mx\/index.php\/2025\/08\/04\/en-ganac-iap-suenan-con-la-cura-contra-el-cancer-infantil\/#primaryimage"},"image":{"@id":"https:\/\/somos-hermanos.mx\/index.php\/2025\/08\/04\/en-ganac-iap-suenan-con-la-cura-contra-el-cancer-infantil\/#primaryimage"},"thumbnailUrl":"https:\/\/somos-hermanos.mx\/wp-content\/uploads\/2025\/08\/ganacc2.jpeg","datePublished":"2025-08-04T10:11:25+00:00","breadcrumb":{"@id":"https:\/\/somos-hermanos.mx\/index.php\/2025\/08\/04\/en-ganac-iap-suenan-con-la-cura-contra-el-cancer-infantil\/#breadcrumb"},"inLanguage":"es","potentialAction":[{"@type":"ReadAction","target":["https:\/\/somos-hermanos.mx\/index.php\/2025\/08\/04\/en-ganac-iap-suenan-con-la-cura-contra-el-cancer-infantil\/"]}]},{"@type":"ImageObject","inLanguage":"es","@id":"https:\/\/somos-hermanos.mx\/index.php\/2025\/08\/04\/en-ganac-iap-suenan-con-la-cura-contra-el-cancer-infantil\/#primaryimage","url":"https:\/\/somos-hermanos.mx\/wp-content\/uploads\/2025\/08\/ganacc2.jpeg","contentUrl":"https:\/\/somos-hermanos.mx\/wp-content\/uploads\/2025\/08\/ganacc2.jpeg","width":1280,"height":1600},{"@type":"BreadcrumbList","@id":"https:\/\/somos-hermanos.mx\/index.php\/2025\/08\/04\/en-ganac-iap-suenan-con-la-cura-contra-el-cancer-infantil\/#breadcrumb","itemListElement":[{"@type":"ListItem","position":1,"name":"Inicio","item":"https:\/\/somos-hermanos.mx\/"},{"@type":"ListItem","position":2,"name":"En GANAC IAP sue\u00f1an con la cura contra el c\u00e1ncer infantil"}]},{"@type":"WebSite","@id":"https:\/\/somos-hermanos.mx\/#website","url":"https:\/\/somos-hermanos.mx\/","name":"Historias que inspiran...","description":"Somos la voz del altruismo en M\u00e9xico","publisher":{"@id":"https:\/\/somos-hermanos.mx\/#organization"},"potentialAction":[{"@type":"SearchAction","target":{"@type":"EntryPoint","urlTemplate":"https:\/\/somos-hermanos.mx\/?s={search_term_string}"},"query-input":{"@type":"PropertyValueSpecification","valueRequired":true,"valueName":"search_term_string"}}],"inLanguage":"es"},{"@type":"Organization","@id":"https:\/\/somos-hermanos.mx\/#organization","name":"Somos Hermanos","url":"https:\/\/somos-hermanos.mx\/","logo":{"@type":"ImageObject","inLanguage":"es","@id":"https:\/\/somos-hermanos.mx\/#\/schema\/logo\/image\/","url":"https:\/\/somos-hermanos.mx\/wp-content\/uploads\/2025\/08\/SH30-1.jpeg","contentUrl":"https:\/\/somos-hermanos.mx\/wp-content\/uploads\/2025\/08\/SH30-1.jpeg","width":1600,"height":1142,"caption":"Somos Hermanos"},"image":{"@id":"https:\/\/somos-hermanos.mx\/#\/schema\/logo\/image\/"},"sameAs":["https:\/\/www.facebook.com\/SomosHermanosIAP\/","https:\/\/x.com\/Somos__Hermanos","https:\/\/www.instagram.com\/somos__hermanos\/#","https:\/\/www.tiktok.com\/@somoshermanosiap","https:\/\/www.youtube.com\/@somoshermanosiap1201\/videos"]},{"@type":"Person","@id":"https:\/\/somos-hermanos.mx\/#\/schema\/person\/2466d21e6ade208f45dbc821298d62b6","name":"Carlos Hernandez Huerta","image":{"@type":"ImageObject","inLanguage":"es","@id":"https:\/\/secure.gravatar.com\/avatar\/51f6e8e89626306c560ccd8823655e34da99a1f976b5f71bb93591c6b45fd128?s=96&d=mm&r=g","url":"https:\/\/secure.gravatar.com\/avatar\/51f6e8e89626306c560ccd8823655e34da99a1f976b5f71bb93591c6b45fd128?s=96&d=mm&r=g","contentUrl":"https:\/\/secure.gravatar.com\/avatar\/51f6e8e89626306c560ccd8823655e34da99a1f976b5f71bb93591c6b45fd128?s=96&d=mm&r=g","caption":"Carlos Hernandez Huerta"},"url":"https:\/\/somos-hermanos.mx\/index.php\/author\/carlos-hernandez-huerta\/"}]}},"_links":{"self":[{"href":"https:\/\/somos-hermanos.mx\/index.php\/wp-json\/wp\/v2\/posts\/1023","targetHints":{"allow":["GET"]}}],"collection":[{"href":"https:\/\/somos-hermanos.mx\/index.php\/wp-json\/wp\/v2\/posts"}],"about":[{"href":"https:\/\/somos-hermanos.mx\/index.php\/wp-json\/wp\/v2\/types\/post"}],"author":[{"embeddable":true,"href":"https:\/\/somos-hermanos.mx\/index.php\/wp-json\/wp\/v2\/users\/10"}],"replies":[{"embeddable":true,"href":"https:\/\/somos-hermanos.mx\/index.php\/wp-json\/wp\/v2\/comments?post=1023"}],"version-history":[{"count":1,"href":"https:\/\/somos-hermanos.mx\/index.php\/wp-json\/wp\/v2\/posts\/1023\/revisions"}],"predecessor-version":[{"id":1025,"href":"https:\/\/somos-hermanos.mx\/index.php\/wp-json\/wp\/v2\/posts\/1023\/revisions\/1025"}],"wp:featuredmedia":[{"embeddable":true,"href":"https:\/\/somos-hermanos.mx\/index.php\/wp-json\/wp\/v2\/media\/1024"}],"wp:attachment":[{"href":"https:\/\/somos-hermanos.mx\/index.php\/wp-json\/wp\/v2\/media?parent=1023"}],"wp:term":[{"taxonomy":"category","embeddable":true,"href":"https:\/\/somos-hermanos.mx\/index.php\/wp-json\/wp\/v2\/categories?post=1023"},{"taxonomy":"post_tag","embeddable":true,"href":"https:\/\/somos-hermanos.mx\/index.php\/wp-json\/wp\/v2\/tags?post=1023"}],"curies":[{"name":"wp","href":"https:\/\/api.w.org\/{rel}","templated":true}]}}