{"id":1017,"date":"2025-08-04T04:08:45","date_gmt":"2025-08-04T10:08:45","guid":{"rendered":"https:\/\/somos-hermanos.mx\/?p=1017"},"modified":"2025-08-04T04:08:45","modified_gmt":"2025-08-04T10:08:45","slug":"feedi-19-anos-construyendo-inclusion-con-educacion-rehabilitacion-y-compromiso-social","status":"publish","type":"post","link":"https:\/\/somos-hermanos.mx\/index.php\/2025\/08\/04\/feedi-19-anos-construyendo-inclusion-con-educacion-rehabilitacion-y-compromiso-social\/","title":{"rendered":"FEEDI: 19 a\u00f1os construyendo inclusi\u00f3n con educaci\u00f3n, rehabilitaci\u00f3n y compromiso social"},"content":{"rendered":"<p>En Manzanillo, Colima, una organizaci\u00f3n ha transformado vidas durante casi dos d\u00e9cadas: la <strong>Fundaci\u00f3n de Educaci\u00f3n Especial y Desarrollo Integral IAP (FEEDI). <\/strong>Con 19 a\u00f1os de experiencia, esta instituci\u00f3n sin fines de lucro se ha convertido en un referente regional en la atenci\u00f3n a personas con discapacidad en situaci\u00f3n de vulnerabilidad, brindando educaci\u00f3n especial, rehabilitaci\u00f3n f\u00edsica y emocional, capacitaci\u00f3n para la vida y acompa\u00f1amiento familiar.<\/p>\n<p>Desde sus inicios, FEEDI ha mantenido una visi\u00f3n clara y comprometida: <strong>construir una sociedad m\u00e1s incluyente, donde las personas con discapacidad no solo tengan acceso a la educaci\u00f3n, sino tambi\u00e9n a las herramientas necesarias para alcanzar una vida aut\u00f3noma, digna y productiva. <\/strong>Su misi\u00f3n es ofrecer una respuesta integral a las necesidades de desarrollo de ni\u00f1os, j\u00f3venes y adultos con discapacidad, especialmente aquellos que enfrentan contextos de pobreza o exclusi\u00f3n social.<\/p>\n<p><strong>Educaci\u00f3n adaptada y enfoque integral<\/strong><strong>\u00a0<\/strong><\/p>\n<p><strong>La labor educativa de FEEDI se basa en una combinaci\u00f3n del curr\u00edculo oficial de la Secretar\u00eda de Educaci\u00f3n P\u00fablica (SEP) con el M\u00e9todo Filadelfia, <\/strong>una propuesta pedag\u00f3gica centrada en el respeto a la individualidad, la participaci\u00f3n activa y el aprendizaje significativo. En su centro educativo, la fundaci\u00f3n ofrece niveles de preescolar y primaria adaptados, talleres de lectura y escritura funcional, y actividades dise\u00f1adas para fortalecer habilidades cognitivas, f\u00edsicas, sociales y emocionales.<\/p>\n<p>Adem\u00e1s, se llevan a cabo talleres complementarios, como m\u00fasica, computaci\u00f3n, cocina, actividades deportivas y formaci\u00f3n en valores, que apuntan a un desarrollo integral de cada persona. FEEDI tambi\u00e9n incluye un enfoque terap\u00e9utico en su modelo, brindando rehabilitaci\u00f3n f\u00edsica y emocional, as\u00ed como asesor\u00eda y contenci\u00f3n a las familias.<\/p>\n<p>La familia es una pieza clave en el modelo de intervenci\u00f3n. La fundaci\u00f3n ofrece orientaci\u00f3n psicol\u00f3gica, acompa\u00f1amiento pedag\u00f3gico y espacios de participaci\u00f3n para madres, padres y cuidadores. Al fortalecer la red de apoyo, se generan entornos m\u00e1s inclusivos y sostenibles para las personas con discapacidad.<\/p>\n<p><strong>C\u00f3mo donar con confianza<\/strong><\/p>\n<p>FEEDI pone a disposici\u00f3n de la ciudadan\u00eda diversas formas de colaborar, ofreciendo donaciones seguras, deducibles de impuestos y con total transparencia.<\/p>\n<p>Las formas de aportar incluyen:<\/p>\n<p>Donaciones en l\u00ednea mediante tarjeta bancaria o PayPal, desde su sitio web, con montos sugeridos de $200, $500 o $1,000 MXN.<\/p>\n<p>Transferencias bancarias a BBVA, a nombre de Fundaci\u00f3n FEEDI I.A.P., utilizando la CLABE 012095001169337933.<\/p>\n<p>Todas las aportaciones son 100\u202f% deducibles de impuestos. Para obtener el comprobante fiscal (CFDI), los donantes deben enviar sus datos completos: RFC con homoclave, nombre o raz\u00f3n social, domicilio fiscal, r\u00e9gimen fiscal y c\u00f3digo postal. En caso de no contar con esta informaci\u00f3n o que contenga errores, se emite un recibo gen\u00e9rico no deducible.<\/p>\n<p>Adem\u00e1s, FEEDI publica semanalmente un registro actualizado de donativos y comparte avances institucionales y testimonios en sus redes sociales y sitio web. Esta pol\u00edtica de transparencia y rendici\u00f3n de cuentas fortalece la confianza y el compromiso entre donantes, beneficiarios y sociedad.<\/p>\n<p><strong>M\u00e1s all\u00e1 del aula: impacto humano y social<\/strong><\/p>\n<p>En M\u00e9xico, m\u00e1s del 50\u202f% de las personas con discapacidad vive en condiciones de pobreza, y muchas enfrentan m\u00faltiples formas de exclusi\u00f3n: educativa, laboral y social. FEEDI trabaja justamente para revertir esa realidad, generando oportunidades concretas que cambian vidas.<\/p>\n<p>Cada ni\u00f1o que aprende a leer, cada joven que logra comunicarse con mayor autonom\u00eda, cada adulto que accede a terapias o herramientas para su desarrollo personal, representa el resultado de un trabajo constante, sensible y bien articulado.<\/p>\n<p><strong>FEEDI demuestra que la discapacidad no debe ser una barrera para el acceso a derechos, sino una oportunidad <\/strong>para que la sociedad ejerza su responsabilidad colectiva: educar, incluir y dignificar.<\/p>\n<p><strong>\u00bfC\u00f3mo sumarse?<\/strong><\/p>\n<p>Quienes deseen colaborar con esta causa pueden hacerlo como donantes recurrentes, empresas aliadas o voluntarios. La fundaci\u00f3n tambi\u00e9n mantiene abiertas sus puertas para generar alianzas institucionales y fomentar la responsabilidad social en distintos sectores.<\/p>\n<p><em>Para mayor informaci\u00f3n, puedes contactar a FEEDI en los siguientes canales:<\/em><\/p>\n<p><em>Correo general: contacto@fundacionfeedi.org<\/em><\/p>\n<p><em>Correo para donativos: donativos@fundacionfeedi.org<\/em><\/p>\n<p><em>Tel\u00e9fono: (314) 333 7338<\/em><\/p>\n<p><em>Direcci\u00f3n: Av. Paseo de las Gaviotas #1082, Fracc. Del Sol, Valle de las Garzas, Manzanillo, Colima, C.P. 28219<\/em><\/p>\n","protected":false},"excerpt":{"rendered":"<p>En Manzanillo, Colima, una organizaci\u00f3n ha transformado vidas durante casi dos d\u00e9cadas: la Fundaci\u00f3n de Educaci\u00f3n Especial y Desarrollo Integral IAP (FEEDI). Con 19 a\u00f1os de experiencia, esta instituci\u00f3n sin fines de lucro se ha convertido en un referente regional en la atenci\u00f3n a personas con discapacidad en situaci\u00f3n de vulnerabilidad, brindando educaci\u00f3n especial, rehabilitaci\u00f3n [&hellip;]<\/p>\n","protected":false},"author":23,"featured_media":1018,"comment_status":"open","ping_status":"closed","sticky":false,"template":"","format":"standard","meta":{"footnotes":""},"categories":[6],"tags":[],"class_list":["post-1017","post","type-post","status-publish","format-standard","has-post-thumbnail","hentry","category-noticias"],"yoast_head":"<!-- This site is optimized with the Yoast SEO plugin v27.5 - https:\/\/yoast.com\/product\/yoast-seo-wordpress\/ -->\n<title>FEEDI: 19 a\u00f1os construyendo inclusi\u00f3n con educaci\u00f3n, rehabilitaci\u00f3n y compromiso social - Historias que inspiran...<\/title>\n<meta name=\"robots\" content=\"index, follow, max-snippet:-1, max-image-preview:large, max-video-preview:-1\" \/>\n<link rel=\"canonical\" href=\"https:\/\/somos-hermanos.mx\/index.php\/2025\/08\/04\/feedi-19-anos-construyendo-inclusion-con-educacion-rehabilitacion-y-compromiso-social\/\" \/>\n<meta property=\"og:locale\" content=\"es_MX\" \/>\n<meta property=\"og:type\" content=\"article\" \/>\n<meta property=\"og:title\" content=\"FEEDI: 19 a\u00f1os construyendo inclusi\u00f3n con educaci\u00f3n, rehabilitaci\u00f3n y compromiso social - Historias que inspiran...\" \/>\n<meta property=\"og:description\" content=\"En Manzanillo, Colima, una organizaci\u00f3n ha transformado vidas durante casi dos d\u00e9cadas: la Fundaci\u00f3n de Educaci\u00f3n Especial y Desarrollo Integral IAP (FEEDI). Con 19 a\u00f1os de experiencia, esta instituci\u00f3n sin fines de lucro se ha convertido en un referente regional en la atenci\u00f3n a personas con discapacidad en situaci\u00f3n de vulnerabilidad, brindando educaci\u00f3n especial, rehabilitaci\u00f3n [&hellip;]\" \/>\n<meta property=\"og:url\" content=\"https:\/\/somos-hermanos.mx\/index.php\/2025\/08\/04\/feedi-19-anos-construyendo-inclusion-con-educacion-rehabilitacion-y-compromiso-social\/\" \/>\n<meta property=\"og:site_name\" content=\"Historias que inspiran...\" \/>\n<meta property=\"article:publisher\" content=\"https:\/\/www.facebook.com\/SomosHermanosIAP\/\" \/>\n<meta property=\"article:published_time\" content=\"2025-08-04T10:08:45+00:00\" \/>\n<meta property=\"og:image\" content=\"https:\/\/somos-hermanos.mx\/wp-content\/uploads\/2025\/08\/feed1.jpeg\" \/>\n\t<meta property=\"og:image:width\" content=\"1600\" \/>\n\t<meta property=\"og:image:height\" content=\"1200\" \/>\n\t<meta property=\"og:image:type\" content=\"image\/jpeg\" \/>\n<meta name=\"author\" content=\"Jorge Luevanos Colunga\" \/>\n<meta name=\"twitter:card\" content=\"summary_large_image\" \/>\n<meta name=\"twitter:creator\" content=\"@Somos__Hermanos\" \/>\n<meta name=\"twitter:site\" content=\"@Somos__Hermanos\" \/>\n<meta name=\"twitter:label1\" content=\"Escrito por\" \/>\n\t<meta name=\"twitter:data1\" content=\"Jorge Luevanos Colunga\" \/>\n\t<meta name=\"twitter:label2\" content=\"Tiempo de lectura\" \/>\n\t<meta name=\"twitter:data2\" content=\"4 minutos\" \/>\n<script type=\"application\/ld+json\" class=\"yoast-schema-graph\">{\"@context\":\"https:\\\/\\\/schema.org\",\"@graph\":[{\"@type\":\"Article\",\"@id\":\"https:\\\/\\\/somos-hermanos.mx\\\/index.php\\\/2025\\\/08\\\/04\\\/feedi-19-anos-construyendo-inclusion-con-educacion-rehabilitacion-y-compromiso-social\\\/#article\",\"isPartOf\":{\"@id\":\"https:\\\/\\\/somos-hermanos.mx\\\/index.php\\\/2025\\\/08\\\/04\\\/feedi-19-anos-construyendo-inclusion-con-educacion-rehabilitacion-y-compromiso-social\\\/\"},\"author\":{\"name\":\"Jorge Luevanos Colunga\",\"@id\":\"https:\\\/\\\/somos-hermanos.mx\\\/#\\\/schema\\\/person\\\/9a6f4846be3f6417120bd52d3c372a2a\"},\"headline\":\"FEEDI: 19 a\u00f1os construyendo inclusi\u00f3n con educaci\u00f3n, rehabilitaci\u00f3n y compromiso social\",\"datePublished\":\"2025-08-04T10:08:45+00:00\",\"mainEntityOfPage\":{\"@id\":\"https:\\\/\\\/somos-hermanos.mx\\\/index.php\\\/2025\\\/08\\\/04\\\/feedi-19-anos-construyendo-inclusion-con-educacion-rehabilitacion-y-compromiso-social\\\/\"},\"wordCount\":742,\"commentCount\":0,\"publisher\":{\"@id\":\"https:\\\/\\\/somos-hermanos.mx\\\/#organization\"},\"image\":{\"@id\":\"https:\\\/\\\/somos-hermanos.mx\\\/index.php\\\/2025\\\/08\\\/04\\\/feedi-19-anos-construyendo-inclusion-con-educacion-rehabilitacion-y-compromiso-social\\\/#primaryimage\"},\"thumbnailUrl\":\"https:\\\/\\\/somos-hermanos.mx\\\/wp-content\\\/uploads\\\/2025\\\/08\\\/feed1.jpeg\",\"articleSection\":[\"Noticias\"],\"inLanguage\":\"es\",\"potentialAction\":[{\"@type\":\"CommentAction\",\"name\":\"Comment\",\"target\":[\"https:\\\/\\\/somos-hermanos.mx\\\/index.php\\\/2025\\\/08\\\/04\\\/feedi-19-anos-construyendo-inclusion-con-educacion-rehabilitacion-y-compromiso-social\\\/#respond\"]}]},{\"@type\":\"WebPage\",\"@id\":\"https:\\\/\\\/somos-hermanos.mx\\\/index.php\\\/2025\\\/08\\\/04\\\/feedi-19-anos-construyendo-inclusion-con-educacion-rehabilitacion-y-compromiso-social\\\/\",\"url\":\"https:\\\/\\\/somos-hermanos.mx\\\/index.php\\\/2025\\\/08\\\/04\\\/feedi-19-anos-construyendo-inclusion-con-educacion-rehabilitacion-y-compromiso-social\\\/\",\"name\":\"FEEDI: 19 a\u00f1os construyendo inclusi\u00f3n con educaci\u00f3n, rehabilitaci\u00f3n y compromiso social - Historias que inspiran...\",\"isPartOf\":{\"@id\":\"https:\\\/\\\/somos-hermanos.mx\\\/#website\"},\"primaryImageOfPage\":{\"@id\":\"https:\\\/\\\/somos-hermanos.mx\\\/index.php\\\/2025\\\/08\\\/04\\\/feedi-19-anos-construyendo-inclusion-con-educacion-rehabilitacion-y-compromiso-social\\\/#primaryimage\"},\"image\":{\"@id\":\"https:\\\/\\\/somos-hermanos.mx\\\/index.php\\\/2025\\\/08\\\/04\\\/feedi-19-anos-construyendo-inclusion-con-educacion-rehabilitacion-y-compromiso-social\\\/#primaryimage\"},\"thumbnailUrl\":\"https:\\\/\\\/somos-hermanos.mx\\\/wp-content\\\/uploads\\\/2025\\\/08\\\/feed1.jpeg\",\"datePublished\":\"2025-08-04T10:08:45+00:00\",\"breadcrumb\":{\"@id\":\"https:\\\/\\\/somos-hermanos.mx\\\/index.php\\\/2025\\\/08\\\/04\\\/feedi-19-anos-construyendo-inclusion-con-educacion-rehabilitacion-y-compromiso-social\\\/#breadcrumb\"},\"inLanguage\":\"es\",\"potentialAction\":[{\"@type\":\"ReadAction\",\"target\":[\"https:\\\/\\\/somos-hermanos.mx\\\/index.php\\\/2025\\\/08\\\/04\\\/feedi-19-anos-construyendo-inclusion-con-educacion-rehabilitacion-y-compromiso-social\\\/\"]}]},{\"@type\":\"ImageObject\",\"inLanguage\":\"es\",\"@id\":\"https:\\\/\\\/somos-hermanos.mx\\\/index.php\\\/2025\\\/08\\\/04\\\/feedi-19-anos-construyendo-inclusion-con-educacion-rehabilitacion-y-compromiso-social\\\/#primaryimage\",\"url\":\"https:\\\/\\\/somos-hermanos.mx\\\/wp-content\\\/uploads\\\/2025\\\/08\\\/feed1.jpeg\",\"contentUrl\":\"https:\\\/\\\/somos-hermanos.mx\\\/wp-content\\\/uploads\\\/2025\\\/08\\\/feed1.jpeg\",\"width\":1600,\"height\":1200},{\"@type\":\"BreadcrumbList\",\"@id\":\"https:\\\/\\\/somos-hermanos.mx\\\/index.php\\\/2025\\\/08\\\/04\\\/feedi-19-anos-construyendo-inclusion-con-educacion-rehabilitacion-y-compromiso-social\\\/#breadcrumb\",\"itemListElement\":[{\"@type\":\"ListItem\",\"position\":1,\"name\":\"Inicio\",\"item\":\"https:\\\/\\\/somos-hermanos.mx\\\/\"},{\"@type\":\"ListItem\",\"position\":2,\"name\":\"FEEDI: 19 a\u00f1os construyendo inclusi\u00f3n con educaci\u00f3n, rehabilitaci\u00f3n y compromiso social\"}]},{\"@type\":\"WebSite\",\"@id\":\"https:\\\/\\\/somos-hermanos.mx\\\/#website\",\"url\":\"https:\\\/\\\/somos-hermanos.mx\\\/\",\"name\":\"Historias que inspiran...\",\"description\":\"Somos la voz del altruismo en M\u00e9xico\",\"publisher\":{\"@id\":\"https:\\\/\\\/somos-hermanos.mx\\\/#organization\"},\"potentialAction\":[{\"@type\":\"SearchAction\",\"target\":{\"@type\":\"EntryPoint\",\"urlTemplate\":\"https:\\\/\\\/somos-hermanos.mx\\\/?s={search_term_string}\"},\"query-input\":{\"@type\":\"PropertyValueSpecification\",\"valueRequired\":true,\"valueName\":\"search_term_string\"}}],\"inLanguage\":\"es\"},{\"@type\":\"Organization\",\"@id\":\"https:\\\/\\\/somos-hermanos.mx\\\/#organization\",\"name\":\"Somos Hermanos\",\"url\":\"https:\\\/\\\/somos-hermanos.mx\\\/\",\"logo\":{\"@type\":\"ImageObject\",\"inLanguage\":\"es\",\"@id\":\"https:\\\/\\\/somos-hermanos.mx\\\/#\\\/schema\\\/logo\\\/image\\\/\",\"url\":\"https:\\\/\\\/somos-hermanos.mx\\\/wp-content\\\/uploads\\\/2025\\\/08\\\/SH30-1.jpeg\",\"contentUrl\":\"https:\\\/\\\/somos-hermanos.mx\\\/wp-content\\\/uploads\\\/2025\\\/08\\\/SH30-1.jpeg\",\"width\":1600,\"height\":1142,\"caption\":\"Somos Hermanos\"},\"image\":{\"@id\":\"https:\\\/\\\/somos-hermanos.mx\\\/#\\\/schema\\\/logo\\\/image\\\/\"},\"sameAs\":[\"https:\\\/\\\/www.facebook.com\\\/SomosHermanosIAP\\\/\",\"https:\\\/\\\/x.com\\\/Somos__Hermanos\",\"https:\\\/\\\/www.instagram.com\\\/somos__hermanos\\\/#\",\"https:\\\/\\\/www.tiktok.com\\\/@somoshermanosiap\",\"https:\\\/\\\/www.youtube.com\\\/@somoshermanosiap1201\\\/videos\"]},{\"@type\":\"Person\",\"@id\":\"https:\\\/\\\/somos-hermanos.mx\\\/#\\\/schema\\\/person\\\/9a6f4846be3f6417120bd52d3c372a2a\",\"name\":\"Jorge Luevanos Colunga\",\"image\":{\"@type\":\"ImageObject\",\"inLanguage\":\"es\",\"@id\":\"https:\\\/\\\/secure.gravatar.com\\\/avatar\\\/fe89ce57773d4ca96fa3ec60521226cfd01e86886055be4fe89607061d716c35?s=96&d=mm&r=g\",\"url\":\"https:\\\/\\\/secure.gravatar.com\\\/avatar\\\/fe89ce57773d4ca96fa3ec60521226cfd01e86886055be4fe89607061d716c35?s=96&d=mm&r=g\",\"contentUrl\":\"https:\\\/\\\/secure.gravatar.com\\\/avatar\\\/fe89ce57773d4ca96fa3ec60521226cfd01e86886055be4fe89607061d716c35?s=96&d=mm&r=g\",\"caption\":\"Jorge Luevanos Colunga\"},\"url\":\"https:\\\/\\\/somos-hermanos.mx\\\/index.php\\\/author\\\/jorge-luevanos-colunga\\\/\"}]}<\/script>\n<!-- \/ Yoast SEO plugin. -->","yoast_head_json":{"title":"FEEDI: 19 a\u00f1os construyendo inclusi\u00f3n con educaci\u00f3n, rehabilitaci\u00f3n y compromiso social - Historias que inspiran...","robots":{"index":"index","follow":"follow","max-snippet":"max-snippet:-1","max-image-preview":"max-image-preview:large","max-video-preview":"max-video-preview:-1"},"canonical":"https:\/\/somos-hermanos.mx\/index.php\/2025\/08\/04\/feedi-19-anos-construyendo-inclusion-con-educacion-rehabilitacion-y-compromiso-social\/","og_locale":"es_MX","og_type":"article","og_title":"FEEDI: 19 a\u00f1os construyendo inclusi\u00f3n con educaci\u00f3n, rehabilitaci\u00f3n y compromiso social - Historias que inspiran...","og_description":"En Manzanillo, Colima, una organizaci\u00f3n ha transformado vidas durante casi dos d\u00e9cadas: la Fundaci\u00f3n de Educaci\u00f3n Especial y Desarrollo Integral IAP (FEEDI). Con 19 a\u00f1os de experiencia, esta instituci\u00f3n sin fines de lucro se ha convertido en un referente regional en la atenci\u00f3n a personas con discapacidad en situaci\u00f3n de vulnerabilidad, brindando educaci\u00f3n especial, rehabilitaci\u00f3n [&hellip;]","og_url":"https:\/\/somos-hermanos.mx\/index.php\/2025\/08\/04\/feedi-19-anos-construyendo-inclusion-con-educacion-rehabilitacion-y-compromiso-social\/","og_site_name":"Historias que inspiran...","article_publisher":"https:\/\/www.facebook.com\/SomosHermanosIAP\/","article_published_time":"2025-08-04T10:08:45+00:00","og_image":[{"width":1600,"height":1200,"url":"https:\/\/somos-hermanos.mx\/wp-content\/uploads\/2025\/08\/feed1.jpeg","type":"image\/jpeg"}],"author":"Jorge Luevanos Colunga","twitter_card":"summary_large_image","twitter_creator":"@Somos__Hermanos","twitter_site":"@Somos__Hermanos","twitter_misc":{"Escrito por":"Jorge Luevanos Colunga","Tiempo de lectura":"4 minutos"},"schema":{"@context":"https:\/\/schema.org","@graph":[{"@type":"Article","@id":"https:\/\/somos-hermanos.mx\/index.php\/2025\/08\/04\/feedi-19-anos-construyendo-inclusion-con-educacion-rehabilitacion-y-compromiso-social\/#article","isPartOf":{"@id":"https:\/\/somos-hermanos.mx\/index.php\/2025\/08\/04\/feedi-19-anos-construyendo-inclusion-con-educacion-rehabilitacion-y-compromiso-social\/"},"author":{"name":"Jorge Luevanos Colunga","@id":"https:\/\/somos-hermanos.mx\/#\/schema\/person\/9a6f4846be3f6417120bd52d3c372a2a"},"headline":"FEEDI: 19 a\u00f1os construyendo inclusi\u00f3n con educaci\u00f3n, rehabilitaci\u00f3n y compromiso social","datePublished":"2025-08-04T10:08:45+00:00","mainEntityOfPage":{"@id":"https:\/\/somos-hermanos.mx\/index.php\/2025\/08\/04\/feedi-19-anos-construyendo-inclusion-con-educacion-rehabilitacion-y-compromiso-social\/"},"wordCount":742,"commentCount":0,"publisher":{"@id":"https:\/\/somos-hermanos.mx\/#organization"},"image":{"@id":"https:\/\/somos-hermanos.mx\/index.php\/2025\/08\/04\/feedi-19-anos-construyendo-inclusion-con-educacion-rehabilitacion-y-compromiso-social\/#primaryimage"},"thumbnailUrl":"https:\/\/somos-hermanos.mx\/wp-content\/uploads\/2025\/08\/feed1.jpeg","articleSection":["Noticias"],"inLanguage":"es","potentialAction":[{"@type":"CommentAction","name":"Comment","target":["https:\/\/somos-hermanos.mx\/index.php\/2025\/08\/04\/feedi-19-anos-construyendo-inclusion-con-educacion-rehabilitacion-y-compromiso-social\/#respond"]}]},{"@type":"WebPage","@id":"https:\/\/somos-hermanos.mx\/index.php\/2025\/08\/04\/feedi-19-anos-construyendo-inclusion-con-educacion-rehabilitacion-y-compromiso-social\/","url":"https:\/\/somos-hermanos.mx\/index.php\/2025\/08\/04\/feedi-19-anos-construyendo-inclusion-con-educacion-rehabilitacion-y-compromiso-social\/","name":"FEEDI: 19 a\u00f1os construyendo inclusi\u00f3n con educaci\u00f3n, rehabilitaci\u00f3n y compromiso social - Historias que inspiran...","isPartOf":{"@id":"https:\/\/somos-hermanos.mx\/#website"},"primaryImageOfPage":{"@id":"https:\/\/somos-hermanos.mx\/index.php\/2025\/08\/04\/feedi-19-anos-construyendo-inclusion-con-educacion-rehabilitacion-y-compromiso-social\/#primaryimage"},"image":{"@id":"https:\/\/somos-hermanos.mx\/index.php\/2025\/08\/04\/feedi-19-anos-construyendo-inclusion-con-educacion-rehabilitacion-y-compromiso-social\/#primaryimage"},"thumbnailUrl":"https:\/\/somos-hermanos.mx\/wp-content\/uploads\/2025\/08\/feed1.jpeg","datePublished":"2025-08-04T10:08:45+00:00","breadcrumb":{"@id":"https:\/\/somos-hermanos.mx\/index.php\/2025\/08\/04\/feedi-19-anos-construyendo-inclusion-con-educacion-rehabilitacion-y-compromiso-social\/#breadcrumb"},"inLanguage":"es","potentialAction":[{"@type":"ReadAction","target":["https:\/\/somos-hermanos.mx\/index.php\/2025\/08\/04\/feedi-19-anos-construyendo-inclusion-con-educacion-rehabilitacion-y-compromiso-social\/"]}]},{"@type":"ImageObject","inLanguage":"es","@id":"https:\/\/somos-hermanos.mx\/index.php\/2025\/08\/04\/feedi-19-anos-construyendo-inclusion-con-educacion-rehabilitacion-y-compromiso-social\/#primaryimage","url":"https:\/\/somos-hermanos.mx\/wp-content\/uploads\/2025\/08\/feed1.jpeg","contentUrl":"https:\/\/somos-hermanos.mx\/wp-content\/uploads\/2025\/08\/feed1.jpeg","width":1600,"height":1200},{"@type":"BreadcrumbList","@id":"https:\/\/somos-hermanos.mx\/index.php\/2025\/08\/04\/feedi-19-anos-construyendo-inclusion-con-educacion-rehabilitacion-y-compromiso-social\/#breadcrumb","itemListElement":[{"@type":"ListItem","position":1,"name":"Inicio","item":"https:\/\/somos-hermanos.mx\/"},{"@type":"ListItem","position":2,"name":"FEEDI: 19 a\u00f1os construyendo inclusi\u00f3n con educaci\u00f3n, rehabilitaci\u00f3n y compromiso social"}]},{"@type":"WebSite","@id":"https:\/\/somos-hermanos.mx\/#website","url":"https:\/\/somos-hermanos.mx\/","name":"Historias que inspiran...","description":"Somos la voz del altruismo en M\u00e9xico","publisher":{"@id":"https:\/\/somos-hermanos.mx\/#organization"},"potentialAction":[{"@type":"SearchAction","target":{"@type":"EntryPoint","urlTemplate":"https:\/\/somos-hermanos.mx\/?s={search_term_string}"},"query-input":{"@type":"PropertyValueSpecification","valueRequired":true,"valueName":"search_term_string"}}],"inLanguage":"es"},{"@type":"Organization","@id":"https:\/\/somos-hermanos.mx\/#organization","name":"Somos Hermanos","url":"https:\/\/somos-hermanos.mx\/","logo":{"@type":"ImageObject","inLanguage":"es","@id":"https:\/\/somos-hermanos.mx\/#\/schema\/logo\/image\/","url":"https:\/\/somos-hermanos.mx\/wp-content\/uploads\/2025\/08\/SH30-1.jpeg","contentUrl":"https:\/\/somos-hermanos.mx\/wp-content\/uploads\/2025\/08\/SH30-1.jpeg","width":1600,"height":1142,"caption":"Somos Hermanos"},"image":{"@id":"https:\/\/somos-hermanos.mx\/#\/schema\/logo\/image\/"},"sameAs":["https:\/\/www.facebook.com\/SomosHermanosIAP\/","https:\/\/x.com\/Somos__Hermanos","https:\/\/www.instagram.com\/somos__hermanos\/#","https:\/\/www.tiktok.com\/@somoshermanosiap","https:\/\/www.youtube.com\/@somoshermanosiap1201\/videos"]},{"@type":"Person","@id":"https:\/\/somos-hermanos.mx\/#\/schema\/person\/9a6f4846be3f6417120bd52d3c372a2a","name":"Jorge Luevanos Colunga","image":{"@type":"ImageObject","inLanguage":"es","@id":"https:\/\/secure.gravatar.com\/avatar\/fe89ce57773d4ca96fa3ec60521226cfd01e86886055be4fe89607061d716c35?s=96&d=mm&r=g","url":"https:\/\/secure.gravatar.com\/avatar\/fe89ce57773d4ca96fa3ec60521226cfd01e86886055be4fe89607061d716c35?s=96&d=mm&r=g","contentUrl":"https:\/\/secure.gravatar.com\/avatar\/fe89ce57773d4ca96fa3ec60521226cfd01e86886055be4fe89607061d716c35?s=96&d=mm&r=g","caption":"Jorge Luevanos Colunga"},"url":"https:\/\/somos-hermanos.mx\/index.php\/author\/jorge-luevanos-colunga\/"}]}},"_links":{"self":[{"href":"https:\/\/somos-hermanos.mx\/index.php\/wp-json\/wp\/v2\/posts\/1017","targetHints":{"allow":["GET"]}}],"collection":[{"href":"https:\/\/somos-hermanos.mx\/index.php\/wp-json\/wp\/v2\/posts"}],"about":[{"href":"https:\/\/somos-hermanos.mx\/index.php\/wp-json\/wp\/v2\/types\/post"}],"author":[{"embeddable":true,"href":"https:\/\/somos-hermanos.mx\/index.php\/wp-json\/wp\/v2\/users\/23"}],"replies":[{"embeddable":true,"href":"https:\/\/somos-hermanos.mx\/index.php\/wp-json\/wp\/v2\/comments?post=1017"}],"version-history":[{"count":1,"href":"https:\/\/somos-hermanos.mx\/index.php\/wp-json\/wp\/v2\/posts\/1017\/revisions"}],"predecessor-version":[{"id":1019,"href":"https:\/\/somos-hermanos.mx\/index.php\/wp-json\/wp\/v2\/posts\/1017\/revisions\/1019"}],"wp:featuredmedia":[{"embeddable":true,"href":"https:\/\/somos-hermanos.mx\/index.php\/wp-json\/wp\/v2\/media\/1018"}],"wp:attachment":[{"href":"https:\/\/somos-hermanos.mx\/index.php\/wp-json\/wp\/v2\/media?parent=1017"}],"wp:term":[{"taxonomy":"category","embeddable":true,"href":"https:\/\/somos-hermanos.mx\/index.php\/wp-json\/wp\/v2\/categories?post=1017"},{"taxonomy":"post_tag","embeddable":true,"href":"https:\/\/somos-hermanos.mx\/index.php\/wp-json\/wp\/v2\/tags?post=1017"}],"curies":[{"name":"wp","href":"https:\/\/api.w.org\/{rel}","templated":true}]}}