{"id":1014,"date":"2025-08-04T04:07:21","date_gmt":"2025-08-04T10:07:21","guid":{"rendered":"https:\/\/somos-hermanos.mx\/?p=1014"},"modified":"2025-08-04T04:07:21","modified_gmt":"2025-08-04T10:07:21","slug":"fundacion-caritas-san-maron-una-ayuda-para-todos","status":"publish","type":"post","link":"https:\/\/somos-hermanos.mx\/index.php\/2025\/08\/04\/fundacion-caritas-san-maron-una-ayuda-para-todos\/","title":{"rendered":"Fundaci\u00f3n C\u00e1ritas San Mar\u00f3n: Una ayuda para todos"},"content":{"rendered":"<p>Cuando hablamos de instituciones que se encargan de ofrecer apoyos a grupos vulnerables y a las asociaciones, vienen a nuestra mente algunas fundaciones; sin embargo, existe una que lleva esa ayuda a muchas personas desde la paz.<\/p>\n<p>La Fundaci\u00f3n C\u00e1ritas San Mar\u00f3n IAP es una instituci\u00f3n fundada en 1996 y desde entonces, <strong>se han encargado de ayudar al pr\u00f3jimo desde la fe y la devoci\u00f3n. <\/strong>Su lema <em><i>\u201cServir con amor\u201d<\/i><\/em>\u00a0es una muestra del trabajo que hacen dentro de la fundaci\u00f3n.<\/p>\n<p>La misi\u00f3n de la fundaci\u00f3n es involucrarse en obras ben\u00e9ficas de otras instituciones, han asistido a albergues, asilos, hospitales y casas hogar para brindar becas, medicamentos, art\u00edculos de despensa, \u00fatiles escolares, etc., a las personas que m\u00e1s lo necesitan. De hecho, la ayuda de <strong>la fundaci\u00f3n va m\u00e1s all\u00e1 de dar cosas materiales, tambi\u00e9n han ofrecido apoyo a ni\u00f1os que sufren de alguna enfermedad.<\/strong><\/p>\n<p>En la fundaci\u00f3n han apoyado a las comunidades que han enfrentado fen\u00f3menos naturales; el caso m\u00e1s reciente es el del Hurac\u00e1n Otis (ocurrido en 2023) un suceso que le cambio la vida a miles de personas. Por tal motivo, entregaron todo tipo de v\u00edveres, prendas de vestir y cobijas.<\/p>\n<p><strong><b>Programa nutricional <\/b><\/strong><\/p>\n<p>Uno de los principales objetivos de C\u00e1ritas es brindar el apoyo necesario a los ni\u00f1os, pues son uno de los grupos m\u00e1s propensos a sufrir alg\u00fan tipo da\u00f1o. Tomando en cuenta la importancia del desarrollo f\u00edsico y mental de los ni\u00f1os en la comunidad de Villa Victoria han establecido el programa nutricional.<\/p>\n<p><strong>A lo largo del tiempo han apoyado a distintas organizaciones a realizar su labor y tambi\u00e9n han ayudado a las personas que viven alguna situaci\u00f3n de vulnerabilidad.<\/strong>\u00a0Adem\u00e1s, cada dos meses realizan visitas a comunidades ind\u00edgenas de M\u00e9xico, para llevar el programa de papilla nutricional, el cual busca sacar de la desnutrici\u00f3n a los ni\u00f1os que se encuentran inscritos en el programa.<\/p>\n<p>La papilla que otorgan es un producto 100% mexicano, adem\u00e1s est\u00e1 hecho de amaranto. Esta papilla al ser natural, contiene nutrientes y cualidades nutricionales, lo cual favorece a que el ni\u00f1o tenga un buen estado de salud. El suministro de la papilla a los menores ha contribuido a dar batalla a los problemas de desnutrici\u00f3n.<\/p>\n<p>Actualmente brindan este programa a m\u00e1s de 350 ni\u00f1os de 4 meses a 5 a\u00f1os y sin duda, desde su funcionamiento ha dado muy buenos resultados.<\/p>\n<p>No solo eso, <strong>cuentan con un voluntariado, los cuales tienen la tarea de desarrollar sus habilidades y que puedan realizar acciones que hagan un cambio importante en la vida de las personas. <\/strong><\/p>\n<p>Fortaleciendo el sentido de la solidaridad y empat\u00eda, de esta forma las personas que son parte del voluntariado puedan tener un crecimiento personal y profesional.<\/p>\n<p>En la fundaci\u00f3n le otorgan un apoyo econ\u00f3mico al voluntariado, por lo que si estas interesado de formar parte y ayudar, podr\u00e1s contactarlos a trav\u00e9s de redes sociales.<\/p>\n<p><strong><b>\u00bfC\u00f3mo contactarlos?<\/b><\/strong><\/p>\n<p>Si tienes inter\u00e9s de conocer m\u00e1s sobre la fundaci\u00f3n, puedes visitarlos en sus instalaciones que se encuentran en Eje 6 Sur Tintoreto 78-int 201 c, Cd. de los Deportes, Benito Ju\u00e1rez en la Ciudad de M\u00e9xico.<\/p>\n<p>Si deseas realizar alg\u00fan tipo de donativo podr\u00e1s hacerlo en el Banco Inbursa, el donativo puede ser desde la cantidad que tu desees.<\/p>\n","protected":false},"excerpt":{"rendered":"<p>Cuando hablamos de instituciones que se encargan de ofrecer apoyos a grupos vulnerables y a las asociaciones, vienen a nuestra mente algunas fundaciones; sin embargo, existe una que lleva esa ayuda a muchas personas desde la paz. La Fundaci\u00f3n C\u00e1ritas San Mar\u00f3n IAP es una instituci\u00f3n fundada en 1996 y desde entonces, se han encargado [&hellip;]<\/p>\n","protected":false},"author":19,"featured_media":1015,"comment_status":"open","ping_status":"closed","sticky":false,"template":"","format":"standard","meta":{"footnotes":""},"categories":[6],"tags":[],"class_list":["post-1014","post","type-post","status-publish","format-standard","has-post-thumbnail","hentry","category-noticias"],"yoast_head":"<!-- This site is optimized with the Yoast SEO plugin v27.5 - https:\/\/yoast.com\/product\/yoast-seo-wordpress\/ -->\n<title>Fundaci\u00f3n C\u00e1ritas San Mar\u00f3n: Una ayuda para todos - Historias que inspiran...<\/title>\n<meta name=\"robots\" content=\"index, follow, max-snippet:-1, max-image-preview:large, max-video-preview:-1\" \/>\n<link rel=\"canonical\" href=\"https:\/\/somos-hermanos.mx\/index.php\/2025\/08\/04\/fundacion-caritas-san-maron-una-ayuda-para-todos\/\" \/>\n<meta property=\"og:locale\" content=\"es_MX\" \/>\n<meta property=\"og:type\" content=\"article\" \/>\n<meta property=\"og:title\" content=\"Fundaci\u00f3n C\u00e1ritas San Mar\u00f3n: Una ayuda para todos - Historias que inspiran...\" \/>\n<meta property=\"og:description\" content=\"Cuando hablamos de instituciones que se encargan de ofrecer apoyos a grupos vulnerables y a las asociaciones, vienen a nuestra mente algunas fundaciones; sin embargo, existe una que lleva esa ayuda a muchas personas desde la paz. La Fundaci\u00f3n C\u00e1ritas San Mar\u00f3n IAP es una instituci\u00f3n fundada en 1996 y desde entonces, se han encargado [&hellip;]\" \/>\n<meta property=\"og:url\" content=\"https:\/\/somos-hermanos.mx\/index.php\/2025\/08\/04\/fundacion-caritas-san-maron-una-ayuda-para-todos\/\" \/>\n<meta property=\"og:site_name\" content=\"Historias que inspiran...\" \/>\n<meta property=\"article:publisher\" content=\"https:\/\/www.facebook.com\/SomosHermanosIAP\/\" \/>\n<meta property=\"article:published_time\" content=\"2025-08-04T10:07:21+00:00\" \/>\n<meta property=\"og:image\" content=\"https:\/\/somos-hermanos.mx\/wp-content\/uploads\/2025\/08\/maron1.jpeg\" \/>\n\t<meta property=\"og:image:width\" content=\"960\" \/>\n\t<meta property=\"og:image:height\" content=\"535\" \/>\n\t<meta property=\"og:image:type\" content=\"image\/jpeg\" \/>\n<meta name=\"author\" content=\"Karina Hern\u00e1ndez Flores\" \/>\n<meta name=\"twitter:card\" content=\"summary_large_image\" \/>\n<meta name=\"twitter:creator\" content=\"@Somos__Hermanos\" \/>\n<meta name=\"twitter:site\" content=\"@Somos__Hermanos\" \/>\n<meta name=\"twitter:label1\" content=\"Escrito por\" \/>\n\t<meta name=\"twitter:data1\" content=\"Karina Hern\u00e1ndez Flores\" \/>\n\t<meta name=\"twitter:label2\" content=\"Tiempo de lectura\" \/>\n\t<meta name=\"twitter:data2\" content=\"3 minutos\" \/>\n<script type=\"application\/ld+json\" class=\"yoast-schema-graph\">{\"@context\":\"https:\\\/\\\/schema.org\",\"@graph\":[{\"@type\":\"Article\",\"@id\":\"https:\\\/\\\/somos-hermanos.mx\\\/index.php\\\/2025\\\/08\\\/04\\\/fundacion-caritas-san-maron-una-ayuda-para-todos\\\/#article\",\"isPartOf\":{\"@id\":\"https:\\\/\\\/somos-hermanos.mx\\\/index.php\\\/2025\\\/08\\\/04\\\/fundacion-caritas-san-maron-una-ayuda-para-todos\\\/\"},\"author\":{\"name\":\"Karina Hern\u00e1ndez Flores\",\"@id\":\"https:\\\/\\\/somos-hermanos.mx\\\/#\\\/schema\\\/person\\\/de3ab70150c2d9a40634e5ea37c6ef10\"},\"headline\":\"Fundaci\u00f3n C\u00e1ritas San Mar\u00f3n: Una ayuda para todos\",\"datePublished\":\"2025-08-04T10:07:21+00:00\",\"mainEntityOfPage\":{\"@id\":\"https:\\\/\\\/somos-hermanos.mx\\\/index.php\\\/2025\\\/08\\\/04\\\/fundacion-caritas-san-maron-una-ayuda-para-todos\\\/\"},\"wordCount\":594,\"commentCount\":0,\"publisher\":{\"@id\":\"https:\\\/\\\/somos-hermanos.mx\\\/#organization\"},\"image\":{\"@id\":\"https:\\\/\\\/somos-hermanos.mx\\\/index.php\\\/2025\\\/08\\\/04\\\/fundacion-caritas-san-maron-una-ayuda-para-todos\\\/#primaryimage\"},\"thumbnailUrl\":\"https:\\\/\\\/somos-hermanos.mx\\\/wp-content\\\/uploads\\\/2025\\\/08\\\/maron1.jpeg\",\"articleSection\":[\"Noticias\"],\"inLanguage\":\"es\",\"potentialAction\":[{\"@type\":\"CommentAction\",\"name\":\"Comment\",\"target\":[\"https:\\\/\\\/somos-hermanos.mx\\\/index.php\\\/2025\\\/08\\\/04\\\/fundacion-caritas-san-maron-una-ayuda-para-todos\\\/#respond\"]}]},{\"@type\":\"WebPage\",\"@id\":\"https:\\\/\\\/somos-hermanos.mx\\\/index.php\\\/2025\\\/08\\\/04\\\/fundacion-caritas-san-maron-una-ayuda-para-todos\\\/\",\"url\":\"https:\\\/\\\/somos-hermanos.mx\\\/index.php\\\/2025\\\/08\\\/04\\\/fundacion-caritas-san-maron-una-ayuda-para-todos\\\/\",\"name\":\"Fundaci\u00f3n C\u00e1ritas San Mar\u00f3n: Una ayuda para todos - Historias que inspiran...\",\"isPartOf\":{\"@id\":\"https:\\\/\\\/somos-hermanos.mx\\\/#website\"},\"primaryImageOfPage\":{\"@id\":\"https:\\\/\\\/somos-hermanos.mx\\\/index.php\\\/2025\\\/08\\\/04\\\/fundacion-caritas-san-maron-una-ayuda-para-todos\\\/#primaryimage\"},\"image\":{\"@id\":\"https:\\\/\\\/somos-hermanos.mx\\\/index.php\\\/2025\\\/08\\\/04\\\/fundacion-caritas-san-maron-una-ayuda-para-todos\\\/#primaryimage\"},\"thumbnailUrl\":\"https:\\\/\\\/somos-hermanos.mx\\\/wp-content\\\/uploads\\\/2025\\\/08\\\/maron1.jpeg\",\"datePublished\":\"2025-08-04T10:07:21+00:00\",\"breadcrumb\":{\"@id\":\"https:\\\/\\\/somos-hermanos.mx\\\/index.php\\\/2025\\\/08\\\/04\\\/fundacion-caritas-san-maron-una-ayuda-para-todos\\\/#breadcrumb\"},\"inLanguage\":\"es\",\"potentialAction\":[{\"@type\":\"ReadAction\",\"target\":[\"https:\\\/\\\/somos-hermanos.mx\\\/index.php\\\/2025\\\/08\\\/04\\\/fundacion-caritas-san-maron-una-ayuda-para-todos\\\/\"]}]},{\"@type\":\"ImageObject\",\"inLanguage\":\"es\",\"@id\":\"https:\\\/\\\/somos-hermanos.mx\\\/index.php\\\/2025\\\/08\\\/04\\\/fundacion-caritas-san-maron-una-ayuda-para-todos\\\/#primaryimage\",\"url\":\"https:\\\/\\\/somos-hermanos.mx\\\/wp-content\\\/uploads\\\/2025\\\/08\\\/maron1.jpeg\",\"contentUrl\":\"https:\\\/\\\/somos-hermanos.mx\\\/wp-content\\\/uploads\\\/2025\\\/08\\\/maron1.jpeg\",\"width\":960,\"height\":535},{\"@type\":\"BreadcrumbList\",\"@id\":\"https:\\\/\\\/somos-hermanos.mx\\\/index.php\\\/2025\\\/08\\\/04\\\/fundacion-caritas-san-maron-una-ayuda-para-todos\\\/#breadcrumb\",\"itemListElement\":[{\"@type\":\"ListItem\",\"position\":1,\"name\":\"Inicio\",\"item\":\"https:\\\/\\\/somos-hermanos.mx\\\/\"},{\"@type\":\"ListItem\",\"position\":2,\"name\":\"Fundaci\u00f3n C\u00e1ritas San Mar\u00f3n: Una ayuda para todos\"}]},{\"@type\":\"WebSite\",\"@id\":\"https:\\\/\\\/somos-hermanos.mx\\\/#website\",\"url\":\"https:\\\/\\\/somos-hermanos.mx\\\/\",\"name\":\"Historias que inspiran...\",\"description\":\"Somos la voz del altruismo en M\u00e9xico\",\"publisher\":{\"@id\":\"https:\\\/\\\/somos-hermanos.mx\\\/#organization\"},\"potentialAction\":[{\"@type\":\"SearchAction\",\"target\":{\"@type\":\"EntryPoint\",\"urlTemplate\":\"https:\\\/\\\/somos-hermanos.mx\\\/?s={search_term_string}\"},\"query-input\":{\"@type\":\"PropertyValueSpecification\",\"valueRequired\":true,\"valueName\":\"search_term_string\"}}],\"inLanguage\":\"es\"},{\"@type\":\"Organization\",\"@id\":\"https:\\\/\\\/somos-hermanos.mx\\\/#organization\",\"name\":\"Somos Hermanos\",\"url\":\"https:\\\/\\\/somos-hermanos.mx\\\/\",\"logo\":{\"@type\":\"ImageObject\",\"inLanguage\":\"es\",\"@id\":\"https:\\\/\\\/somos-hermanos.mx\\\/#\\\/schema\\\/logo\\\/image\\\/\",\"url\":\"https:\\\/\\\/somos-hermanos.mx\\\/wp-content\\\/uploads\\\/2025\\\/08\\\/SH30-1.jpeg\",\"contentUrl\":\"https:\\\/\\\/somos-hermanos.mx\\\/wp-content\\\/uploads\\\/2025\\\/08\\\/SH30-1.jpeg\",\"width\":1600,\"height\":1142,\"caption\":\"Somos Hermanos\"},\"image\":{\"@id\":\"https:\\\/\\\/somos-hermanos.mx\\\/#\\\/schema\\\/logo\\\/image\\\/\"},\"sameAs\":[\"https:\\\/\\\/www.facebook.com\\\/SomosHermanosIAP\\\/\",\"https:\\\/\\\/x.com\\\/Somos__Hermanos\",\"https:\\\/\\\/www.instagram.com\\\/somos__hermanos\\\/#\",\"https:\\\/\\\/www.tiktok.com\\\/@somoshermanosiap\",\"https:\\\/\\\/www.youtube.com\\\/@somoshermanosiap1201\\\/videos\"]},{\"@type\":\"Person\",\"@id\":\"https:\\\/\\\/somos-hermanos.mx\\\/#\\\/schema\\\/person\\\/de3ab70150c2d9a40634e5ea37c6ef10\",\"name\":\"Karina Hern\u00e1ndez Flores\",\"image\":{\"@type\":\"ImageObject\",\"inLanguage\":\"es\",\"@id\":\"https:\\\/\\\/secure.gravatar.com\\\/avatar\\\/b881cf961dfbebfa1094490b61a3c10e871664dba37ac04c3a35065d40ed843c?s=96&d=mm&r=g\",\"url\":\"https:\\\/\\\/secure.gravatar.com\\\/avatar\\\/b881cf961dfbebfa1094490b61a3c10e871664dba37ac04c3a35065d40ed843c?s=96&d=mm&r=g\",\"contentUrl\":\"https:\\\/\\\/secure.gravatar.com\\\/avatar\\\/b881cf961dfbebfa1094490b61a3c10e871664dba37ac04c3a35065d40ed843c?s=96&d=mm&r=g\",\"caption\":\"Karina Hern\u00e1ndez Flores\"},\"url\":\"https:\\\/\\\/somos-hermanos.mx\\\/index.php\\\/author\\\/karina-hernandez-flores\\\/\"}]}<\/script>\n<!-- \/ Yoast SEO plugin. -->","yoast_head_json":{"title":"Fundaci\u00f3n C\u00e1ritas San Mar\u00f3n: Una ayuda para todos - Historias que inspiran...","robots":{"index":"index","follow":"follow","max-snippet":"max-snippet:-1","max-image-preview":"max-image-preview:large","max-video-preview":"max-video-preview:-1"},"canonical":"https:\/\/somos-hermanos.mx\/index.php\/2025\/08\/04\/fundacion-caritas-san-maron-una-ayuda-para-todos\/","og_locale":"es_MX","og_type":"article","og_title":"Fundaci\u00f3n C\u00e1ritas San Mar\u00f3n: Una ayuda para todos - Historias que inspiran...","og_description":"Cuando hablamos de instituciones que se encargan de ofrecer apoyos a grupos vulnerables y a las asociaciones, vienen a nuestra mente algunas fundaciones; sin embargo, existe una que lleva esa ayuda a muchas personas desde la paz. La Fundaci\u00f3n C\u00e1ritas San Mar\u00f3n IAP es una instituci\u00f3n fundada en 1996 y desde entonces, se han encargado [&hellip;]","og_url":"https:\/\/somos-hermanos.mx\/index.php\/2025\/08\/04\/fundacion-caritas-san-maron-una-ayuda-para-todos\/","og_site_name":"Historias que inspiran...","article_publisher":"https:\/\/www.facebook.com\/SomosHermanosIAP\/","article_published_time":"2025-08-04T10:07:21+00:00","og_image":[{"width":960,"height":535,"url":"https:\/\/somos-hermanos.mx\/wp-content\/uploads\/2025\/08\/maron1.jpeg","type":"image\/jpeg"}],"author":"Karina Hern\u00e1ndez Flores","twitter_card":"summary_large_image","twitter_creator":"@Somos__Hermanos","twitter_site":"@Somos__Hermanos","twitter_misc":{"Escrito por":"Karina Hern\u00e1ndez Flores","Tiempo de lectura":"3 minutos"},"schema":{"@context":"https:\/\/schema.org","@graph":[{"@type":"Article","@id":"https:\/\/somos-hermanos.mx\/index.php\/2025\/08\/04\/fundacion-caritas-san-maron-una-ayuda-para-todos\/#article","isPartOf":{"@id":"https:\/\/somos-hermanos.mx\/index.php\/2025\/08\/04\/fundacion-caritas-san-maron-una-ayuda-para-todos\/"},"author":{"name":"Karina Hern\u00e1ndez Flores","@id":"https:\/\/somos-hermanos.mx\/#\/schema\/person\/de3ab70150c2d9a40634e5ea37c6ef10"},"headline":"Fundaci\u00f3n C\u00e1ritas San Mar\u00f3n: Una ayuda para todos","datePublished":"2025-08-04T10:07:21+00:00","mainEntityOfPage":{"@id":"https:\/\/somos-hermanos.mx\/index.php\/2025\/08\/04\/fundacion-caritas-san-maron-una-ayuda-para-todos\/"},"wordCount":594,"commentCount":0,"publisher":{"@id":"https:\/\/somos-hermanos.mx\/#organization"},"image":{"@id":"https:\/\/somos-hermanos.mx\/index.php\/2025\/08\/04\/fundacion-caritas-san-maron-una-ayuda-para-todos\/#primaryimage"},"thumbnailUrl":"https:\/\/somos-hermanos.mx\/wp-content\/uploads\/2025\/08\/maron1.jpeg","articleSection":["Noticias"],"inLanguage":"es","potentialAction":[{"@type":"CommentAction","name":"Comment","target":["https:\/\/somos-hermanos.mx\/index.php\/2025\/08\/04\/fundacion-caritas-san-maron-una-ayuda-para-todos\/#respond"]}]},{"@type":"WebPage","@id":"https:\/\/somos-hermanos.mx\/index.php\/2025\/08\/04\/fundacion-caritas-san-maron-una-ayuda-para-todos\/","url":"https:\/\/somos-hermanos.mx\/index.php\/2025\/08\/04\/fundacion-caritas-san-maron-una-ayuda-para-todos\/","name":"Fundaci\u00f3n C\u00e1ritas San Mar\u00f3n: Una ayuda para todos - Historias que inspiran...","isPartOf":{"@id":"https:\/\/somos-hermanos.mx\/#website"},"primaryImageOfPage":{"@id":"https:\/\/somos-hermanos.mx\/index.php\/2025\/08\/04\/fundacion-caritas-san-maron-una-ayuda-para-todos\/#primaryimage"},"image":{"@id":"https:\/\/somos-hermanos.mx\/index.php\/2025\/08\/04\/fundacion-caritas-san-maron-una-ayuda-para-todos\/#primaryimage"},"thumbnailUrl":"https:\/\/somos-hermanos.mx\/wp-content\/uploads\/2025\/08\/maron1.jpeg","datePublished":"2025-08-04T10:07:21+00:00","breadcrumb":{"@id":"https:\/\/somos-hermanos.mx\/index.php\/2025\/08\/04\/fundacion-caritas-san-maron-una-ayuda-para-todos\/#breadcrumb"},"inLanguage":"es","potentialAction":[{"@type":"ReadAction","target":["https:\/\/somos-hermanos.mx\/index.php\/2025\/08\/04\/fundacion-caritas-san-maron-una-ayuda-para-todos\/"]}]},{"@type":"ImageObject","inLanguage":"es","@id":"https:\/\/somos-hermanos.mx\/index.php\/2025\/08\/04\/fundacion-caritas-san-maron-una-ayuda-para-todos\/#primaryimage","url":"https:\/\/somos-hermanos.mx\/wp-content\/uploads\/2025\/08\/maron1.jpeg","contentUrl":"https:\/\/somos-hermanos.mx\/wp-content\/uploads\/2025\/08\/maron1.jpeg","width":960,"height":535},{"@type":"BreadcrumbList","@id":"https:\/\/somos-hermanos.mx\/index.php\/2025\/08\/04\/fundacion-caritas-san-maron-una-ayuda-para-todos\/#breadcrumb","itemListElement":[{"@type":"ListItem","position":1,"name":"Inicio","item":"https:\/\/somos-hermanos.mx\/"},{"@type":"ListItem","position":2,"name":"Fundaci\u00f3n C\u00e1ritas San Mar\u00f3n: Una ayuda para todos"}]},{"@type":"WebSite","@id":"https:\/\/somos-hermanos.mx\/#website","url":"https:\/\/somos-hermanos.mx\/","name":"Historias que inspiran...","description":"Somos la voz del altruismo en M\u00e9xico","publisher":{"@id":"https:\/\/somos-hermanos.mx\/#organization"},"potentialAction":[{"@type":"SearchAction","target":{"@type":"EntryPoint","urlTemplate":"https:\/\/somos-hermanos.mx\/?s={search_term_string}"},"query-input":{"@type":"PropertyValueSpecification","valueRequired":true,"valueName":"search_term_string"}}],"inLanguage":"es"},{"@type":"Organization","@id":"https:\/\/somos-hermanos.mx\/#organization","name":"Somos Hermanos","url":"https:\/\/somos-hermanos.mx\/","logo":{"@type":"ImageObject","inLanguage":"es","@id":"https:\/\/somos-hermanos.mx\/#\/schema\/logo\/image\/","url":"https:\/\/somos-hermanos.mx\/wp-content\/uploads\/2025\/08\/SH30-1.jpeg","contentUrl":"https:\/\/somos-hermanos.mx\/wp-content\/uploads\/2025\/08\/SH30-1.jpeg","width":1600,"height":1142,"caption":"Somos Hermanos"},"image":{"@id":"https:\/\/somos-hermanos.mx\/#\/schema\/logo\/image\/"},"sameAs":["https:\/\/www.facebook.com\/SomosHermanosIAP\/","https:\/\/x.com\/Somos__Hermanos","https:\/\/www.instagram.com\/somos__hermanos\/#","https:\/\/www.tiktok.com\/@somoshermanosiap","https:\/\/www.youtube.com\/@somoshermanosiap1201\/videos"]},{"@type":"Person","@id":"https:\/\/somos-hermanos.mx\/#\/schema\/person\/de3ab70150c2d9a40634e5ea37c6ef10","name":"Karina Hern\u00e1ndez Flores","image":{"@type":"ImageObject","inLanguage":"es","@id":"https:\/\/secure.gravatar.com\/avatar\/b881cf961dfbebfa1094490b61a3c10e871664dba37ac04c3a35065d40ed843c?s=96&d=mm&r=g","url":"https:\/\/secure.gravatar.com\/avatar\/b881cf961dfbebfa1094490b61a3c10e871664dba37ac04c3a35065d40ed843c?s=96&d=mm&r=g","contentUrl":"https:\/\/secure.gravatar.com\/avatar\/b881cf961dfbebfa1094490b61a3c10e871664dba37ac04c3a35065d40ed843c?s=96&d=mm&r=g","caption":"Karina Hern\u00e1ndez Flores"},"url":"https:\/\/somos-hermanos.mx\/index.php\/author\/karina-hernandez-flores\/"}]}},"_links":{"self":[{"href":"https:\/\/somos-hermanos.mx\/index.php\/wp-json\/wp\/v2\/posts\/1014","targetHints":{"allow":["GET"]}}],"collection":[{"href":"https:\/\/somos-hermanos.mx\/index.php\/wp-json\/wp\/v2\/posts"}],"about":[{"href":"https:\/\/somos-hermanos.mx\/index.php\/wp-json\/wp\/v2\/types\/post"}],"author":[{"embeddable":true,"href":"https:\/\/somos-hermanos.mx\/index.php\/wp-json\/wp\/v2\/users\/19"}],"replies":[{"embeddable":true,"href":"https:\/\/somos-hermanos.mx\/index.php\/wp-json\/wp\/v2\/comments?post=1014"}],"version-history":[{"count":1,"href":"https:\/\/somos-hermanos.mx\/index.php\/wp-json\/wp\/v2\/posts\/1014\/revisions"}],"predecessor-version":[{"id":1016,"href":"https:\/\/somos-hermanos.mx\/index.php\/wp-json\/wp\/v2\/posts\/1014\/revisions\/1016"}],"wp:featuredmedia":[{"embeddable":true,"href":"https:\/\/somos-hermanos.mx\/index.php\/wp-json\/wp\/v2\/media\/1015"}],"wp:attachment":[{"href":"https:\/\/somos-hermanos.mx\/index.php\/wp-json\/wp\/v2\/media?parent=1014"}],"wp:term":[{"taxonomy":"category","embeddable":true,"href":"https:\/\/somos-hermanos.mx\/index.php\/wp-json\/wp\/v2\/categories?post=1014"},{"taxonomy":"post_tag","embeddable":true,"href":"https:\/\/somos-hermanos.mx\/index.php\/wp-json\/wp\/v2\/tags?post=1014"}],"curies":[{"name":"wp","href":"https:\/\/api.w.org\/{rel}","templated":true}]}}