{"id":1011,"date":"2025-08-04T04:05:57","date_gmt":"2025-08-04T10:05:57","guid":{"rendered":"https:\/\/somos-hermanos.mx\/?p=1011"},"modified":"2025-08-04T04:05:57","modified_gmt":"2025-08-04T10:05:57","slug":"prevencion-apoyo-y-esperanza-el-trabajo-de-la-amlcc","status":"publish","type":"post","link":"https:\/\/somos-hermanos.mx\/index.php\/2025\/08\/04\/prevencion-apoyo-y-esperanza-el-trabajo-de-la-amlcc\/","title":{"rendered":"Prevenci\u00f3n, apoyo y esperanza, el trabajo de la AMLCC"},"content":{"rendered":"<p>La <strong>Asociaci\u00f3n Mexicana de la Lucha contra el C\u00e1ncer AC<\/strong>\u00a0(AMLCC) es una organizaci\u00f3n civil de car\u00e1cter no lucrativo <strong>fundada en 1972 con el objetivo de otorgar apoyo en la prevenci\u00f3n y comprometida a brindar apoyo integral a pacientes con c\u00e1ncer <\/strong>fomentando la investigaci\u00f3n cient\u00edfica para mejorar los tratamientos oncol\u00f3gicos en M\u00e9xico.<\/p>\n<p>El objetivo de la AMLCC es mejorar la calidad de vida de los pacientes con c\u00e1ncer en M\u00e9xico, <strong>proporcion\u00e1ndoles acceso a servicios m\u00e9dicos de calidad, apoyo emocional y orientaci\u00f3n en todos los aspectos relacionados con su padecimiento.<\/strong>\u00a0Su misi\u00f3n es crear conciencia sobre la prevenci\u00f3n del c\u00e1ncer y garantizar que m\u00e1s personas puedan acceder a los recursos necesarios para enfrentar la enfermedad.<\/p>\n<p>Uno de los principales ejes de la asociaci\u00f3n es promover la <strong>detecci\u00f3n temprana<\/strong>, que es clave para incrementar las tasas de \u00e9xito en el tratamiento del c\u00e1ncer. A trav\u00e9s de sus programas de sensibilizaci\u00f3n, la AMLCC lleva a cabo campa\u00f1as de informaci\u00f3n sobre los signos y s\u00edntomas de los c\u00e1nceres m\u00e1s comunes.<\/p>\n<p><strong>Programas y Servicios<\/strong><\/p>\n<p>A lo largo de un poco m\u00e1s de 50 a\u00f1os, la AMLCC ha sido un referente en la lucha contra el c\u00e1ncer, ofreciendo una amplia gama de servicios y programas que incluyen atenci\u00f3n m\u00e9dica, psicol\u00f3gica y social, as\u00ed como campa\u00f1as educativas y de prevenci\u00f3n. La organizaci\u00f3n se ha consolidado como un pilar fundamental para los pacientes y sus familias, contribuyendo a que m\u00e1s personas tengan acceso a informaci\u00f3n, tratamiento y apoyo en el camino hacia la recuperaci\u00f3n.<\/p>\n<ol>\n<li><strong>Atenci\u00f3n Psicol\u00f3gica y Social<\/strong>: La AMLCC ofrece apoyo emocional tanto a los pacientes como a sus familiares, brindando asesor\u00eda psicol\u00f3gica y social para ayudarlos a enfrentar las dificultades asociadas con el diagn\u00f3stico y tratamiento del c\u00e1ncer. Este acompa\u00f1amiento se extiende a lo largo de todo el proceso de la enfermedad, desde la detecci\u00f3n hasta la remisi\u00f3n.<\/li>\n<li><strong>Educaci\u00f3n y Prevenci\u00f3n<\/strong>: \u201cEducar salva vidas\u201d es una de las frases que se destacan en su programa de educaci\u00f3n de la Asociaci\u00f3n. A trav\u00e9s de tres programas, la organizaci\u00f3n brinda informaci\u00f3n clara, herramientas y acompa\u00f1amiento a los pacientes, cuidadores y a la sociedad. Entre los programas se destaca la escuela para pacientes, pl\u00e1ticas informativas y autocuidado, as\u00ed como tambi\u00e9n campa\u00f1as educativas de sensibilizaci\u00f3n.<\/li>\n<li><strong>Apoyo M\u00e9dico<\/strong>: La AMLCC brinda atenci\u00f3n m\u00e9dica y asesor\u00eda a los pacientes que enfrentan el diagn\u00f3stico de c\u00e1ncer, ayud\u00e1ndoles desde el primer momento en el que se obtiene el diagn\u00f3stico no solamente a entender su padecimiento sino tambi\u00e9n se brinda acompa\u00f1amiento emocional, acceder a tratamientos a bajo costo y gastos de hospedaje y transporte a pacientes diagnosticados con c\u00e1ncer colorrectal metast\u00e1sico.<\/li>\n<\/ol>\n<p><strong>Impacto y Reconocimientos<\/strong><\/p>\n<p>Gracias a sus esfuerzos y dedicaci\u00f3n, la AMLCC ha tenido un impacto significativo en la vida de miles de personas que luchan contra el c\u00e1ncer en M\u00e9xico. Su modelo de apoyo integral ha colaborado con diversas instituciones p\u00fablicas y privadas para fortalecer la infraestructura sanitaria en el pa\u00eds.<\/p>\n<p>La AMLCC tambi\u00e9n participa activamente en la promoci\u00f3n de pol\u00edticas p\u00fablicas en salud, abogando por una mayor inversi\u00f3n en la lucha contra el c\u00e1ncer y en la mejora del acceso a tratamientos m\u00e9dicos. La organizaci\u00f3n es miembro de varias redes internacionales de lucha contra el c\u00e1ncer, lo que le permite intercambiar conocimientos y recursos con otras entidades comprometidas con esta causa.<\/p>\n<p><strong>AMLCC: un aliado permanente en la lucha contra el c\u00e1ncer<\/strong><\/p>\n<p>La <strong>Asociaci\u00f3n Mexicana de la Lucha contra el C\u00e1ncer AC<\/strong>\u00a0sigue siendo un pilar fundamental en el sistema de apoyo a pacientes con c\u00e1ncer en M\u00e9xico. A trav\u00e9s de sus programas educativos, de prevenci\u00f3n, y de atenci\u00f3n integral, ha cambiado la vida de muchas personas y ha hecho una diferencia significativa en la lucha contra esta enfermedad. Su compromiso con la investigaci\u00f3n, la sensibilizaci\u00f3n y la mejora de los est\u00e1ndares de atenci\u00f3n m\u00e9dica contin\u00faa inspirando a nuevas generaciones de m\u00e9dicos, investigadores y pacientes.<\/p>\n<p>La AMLCC sigue siendo un faro de esperanza, un espacio donde la lucha contra el c\u00e1ncer no es m\u00e1s que una batalla individual, sino un esfuerzo colectivo que involucra a toda la sociedad.<\/p>\n<p><em>Para m\u00e1s informaci\u00f3n sobre sus programas y servicios, se puede visitar su p\u00e1gina web <\/em><a href=\"https:\/\/amlcc.org\/\"><em><u>amlcc.org<\/u><\/em><\/a><em>.<\/em><\/p>\n","protected":false},"excerpt":{"rendered":"<p>La Asociaci\u00f3n Mexicana de la Lucha contra el C\u00e1ncer AC\u00a0(AMLCC) es una organizaci\u00f3n civil de car\u00e1cter no lucrativo fundada en 1972 con el objetivo de otorgar apoyo en la prevenci\u00f3n y comprometida a brindar apoyo integral a pacientes con c\u00e1ncer fomentando la investigaci\u00f3n cient\u00edfica para mejorar los tratamientos oncol\u00f3gicos en M\u00e9xico. El objetivo de la [&hellip;]<\/p>\n","protected":false},"author":26,"featured_media":1012,"comment_status":"open","ping_status":"closed","sticky":false,"template":"","format":"standard","meta":{"footnotes":""},"categories":[6],"tags":[],"class_list":["post-1011","post","type-post","status-publish","format-standard","has-post-thumbnail","hentry","category-noticias"],"yoast_head":"<!-- This site is optimized with the Yoast SEO plugin v27.5 - https:\/\/yoast.com\/product\/yoast-seo-wordpress\/ -->\n<title>Prevenci\u00f3n, apoyo y esperanza, el trabajo de la AMLCC - Historias que inspiran...<\/title>\n<meta name=\"robots\" content=\"index, follow, max-snippet:-1, max-image-preview:large, max-video-preview:-1\" \/>\n<link rel=\"canonical\" href=\"https:\/\/somos-hermanos.mx\/index.php\/2025\/08\/04\/prevencion-apoyo-y-esperanza-el-trabajo-de-la-amlcc\/\" \/>\n<meta property=\"og:locale\" content=\"es_MX\" \/>\n<meta property=\"og:type\" content=\"article\" \/>\n<meta property=\"og:title\" content=\"Prevenci\u00f3n, apoyo y esperanza, el trabajo de la AMLCC - Historias que inspiran...\" \/>\n<meta property=\"og:description\" content=\"La Asociaci\u00f3n Mexicana de la Lucha contra el C\u00e1ncer AC\u00a0(AMLCC) es una organizaci\u00f3n civil de car\u00e1cter no lucrativo fundada en 1972 con el objetivo de otorgar apoyo en la prevenci\u00f3n y comprometida a brindar apoyo integral a pacientes con c\u00e1ncer fomentando la investigaci\u00f3n cient\u00edfica para mejorar los tratamientos oncol\u00f3gicos en M\u00e9xico. El objetivo de la [&hellip;]\" \/>\n<meta property=\"og:url\" content=\"https:\/\/somos-hermanos.mx\/index.php\/2025\/08\/04\/prevencion-apoyo-y-esperanza-el-trabajo-de-la-amlcc\/\" \/>\n<meta property=\"og:site_name\" content=\"Historias que inspiran...\" \/>\n<meta property=\"article:publisher\" content=\"https:\/\/www.facebook.com\/SomosHermanosIAP\/\" \/>\n<meta property=\"article:published_time\" content=\"2025-08-04T10:05:57+00:00\" \/>\n<meta property=\"og:image\" content=\"https:\/\/somos-hermanos.mx\/wp-content\/uploads\/2025\/08\/vscancer1.jpeg\" \/>\n\t<meta property=\"og:image:width\" content=\"1080\" \/>\n\t<meta property=\"og:image:height\" content=\"1080\" \/>\n\t<meta property=\"og:image:type\" content=\"image\/jpeg\" \/>\n<meta name=\"author\" content=\"Juliette Mart\u00ednez Recio\" \/>\n<meta name=\"twitter:card\" content=\"summary_large_image\" \/>\n<meta name=\"twitter:creator\" content=\"@Somos__Hermanos\" \/>\n<meta name=\"twitter:site\" content=\"@Somos__Hermanos\" \/>\n<meta name=\"twitter:label1\" content=\"Escrito por\" \/>\n\t<meta name=\"twitter:data1\" content=\"Juliette Mart\u00ednez Recio\" \/>\n\t<meta name=\"twitter:label2\" content=\"Tiempo de lectura\" \/>\n\t<meta name=\"twitter:data2\" content=\"4 minutos\" \/>\n<script type=\"application\/ld+json\" class=\"yoast-schema-graph\">{\"@context\":\"https:\\\/\\\/schema.org\",\"@graph\":[{\"@type\":\"Article\",\"@id\":\"https:\\\/\\\/somos-hermanos.mx\\\/index.php\\\/2025\\\/08\\\/04\\\/prevencion-apoyo-y-esperanza-el-trabajo-de-la-amlcc\\\/#article\",\"isPartOf\":{\"@id\":\"https:\\\/\\\/somos-hermanos.mx\\\/index.php\\\/2025\\\/08\\\/04\\\/prevencion-apoyo-y-esperanza-el-trabajo-de-la-amlcc\\\/\"},\"author\":{\"name\":\"Juliette Mart\u00ednez Recio\",\"@id\":\"https:\\\/\\\/somos-hermanos.mx\\\/#\\\/schema\\\/person\\\/451a0d627824379db3cf12d5f836bbfa\"},\"headline\":\"Prevenci\u00f3n, apoyo y esperanza, el trabajo de la AMLCC\",\"datePublished\":\"2025-08-04T10:05:57+00:00\",\"mainEntityOfPage\":{\"@id\":\"https:\\\/\\\/somos-hermanos.mx\\\/index.php\\\/2025\\\/08\\\/04\\\/prevencion-apoyo-y-esperanza-el-trabajo-de-la-amlcc\\\/\"},\"wordCount\":796,\"commentCount\":0,\"publisher\":{\"@id\":\"https:\\\/\\\/somos-hermanos.mx\\\/#organization\"},\"image\":{\"@id\":\"https:\\\/\\\/somos-hermanos.mx\\\/index.php\\\/2025\\\/08\\\/04\\\/prevencion-apoyo-y-esperanza-el-trabajo-de-la-amlcc\\\/#primaryimage\"},\"thumbnailUrl\":\"https:\\\/\\\/somos-hermanos.mx\\\/wp-content\\\/uploads\\\/2025\\\/08\\\/vscancer1.jpeg\",\"articleSection\":[\"Noticias\"],\"inLanguage\":\"es\",\"potentialAction\":[{\"@type\":\"CommentAction\",\"name\":\"Comment\",\"target\":[\"https:\\\/\\\/somos-hermanos.mx\\\/index.php\\\/2025\\\/08\\\/04\\\/prevencion-apoyo-y-esperanza-el-trabajo-de-la-amlcc\\\/#respond\"]}]},{\"@type\":\"WebPage\",\"@id\":\"https:\\\/\\\/somos-hermanos.mx\\\/index.php\\\/2025\\\/08\\\/04\\\/prevencion-apoyo-y-esperanza-el-trabajo-de-la-amlcc\\\/\",\"url\":\"https:\\\/\\\/somos-hermanos.mx\\\/index.php\\\/2025\\\/08\\\/04\\\/prevencion-apoyo-y-esperanza-el-trabajo-de-la-amlcc\\\/\",\"name\":\"Prevenci\u00f3n, apoyo y esperanza, el trabajo de la AMLCC - Historias que inspiran...\",\"isPartOf\":{\"@id\":\"https:\\\/\\\/somos-hermanos.mx\\\/#website\"},\"primaryImageOfPage\":{\"@id\":\"https:\\\/\\\/somos-hermanos.mx\\\/index.php\\\/2025\\\/08\\\/04\\\/prevencion-apoyo-y-esperanza-el-trabajo-de-la-amlcc\\\/#primaryimage\"},\"image\":{\"@id\":\"https:\\\/\\\/somos-hermanos.mx\\\/index.php\\\/2025\\\/08\\\/04\\\/prevencion-apoyo-y-esperanza-el-trabajo-de-la-amlcc\\\/#primaryimage\"},\"thumbnailUrl\":\"https:\\\/\\\/somos-hermanos.mx\\\/wp-content\\\/uploads\\\/2025\\\/08\\\/vscancer1.jpeg\",\"datePublished\":\"2025-08-04T10:05:57+00:00\",\"breadcrumb\":{\"@id\":\"https:\\\/\\\/somos-hermanos.mx\\\/index.php\\\/2025\\\/08\\\/04\\\/prevencion-apoyo-y-esperanza-el-trabajo-de-la-amlcc\\\/#breadcrumb\"},\"inLanguage\":\"es\",\"potentialAction\":[{\"@type\":\"ReadAction\",\"target\":[\"https:\\\/\\\/somos-hermanos.mx\\\/index.php\\\/2025\\\/08\\\/04\\\/prevencion-apoyo-y-esperanza-el-trabajo-de-la-amlcc\\\/\"]}]},{\"@type\":\"ImageObject\",\"inLanguage\":\"es\",\"@id\":\"https:\\\/\\\/somos-hermanos.mx\\\/index.php\\\/2025\\\/08\\\/04\\\/prevencion-apoyo-y-esperanza-el-trabajo-de-la-amlcc\\\/#primaryimage\",\"url\":\"https:\\\/\\\/somos-hermanos.mx\\\/wp-content\\\/uploads\\\/2025\\\/08\\\/vscancer1.jpeg\",\"contentUrl\":\"https:\\\/\\\/somos-hermanos.mx\\\/wp-content\\\/uploads\\\/2025\\\/08\\\/vscancer1.jpeg\",\"width\":1080,\"height\":1080},{\"@type\":\"BreadcrumbList\",\"@id\":\"https:\\\/\\\/somos-hermanos.mx\\\/index.php\\\/2025\\\/08\\\/04\\\/prevencion-apoyo-y-esperanza-el-trabajo-de-la-amlcc\\\/#breadcrumb\",\"itemListElement\":[{\"@type\":\"ListItem\",\"position\":1,\"name\":\"Inicio\",\"item\":\"https:\\\/\\\/somos-hermanos.mx\\\/\"},{\"@type\":\"ListItem\",\"position\":2,\"name\":\"Prevenci\u00f3n, apoyo y esperanza, el trabajo de la AMLCC\"}]},{\"@type\":\"WebSite\",\"@id\":\"https:\\\/\\\/somos-hermanos.mx\\\/#website\",\"url\":\"https:\\\/\\\/somos-hermanos.mx\\\/\",\"name\":\"Historias que inspiran...\",\"description\":\"Somos la voz del altruismo en M\u00e9xico\",\"publisher\":{\"@id\":\"https:\\\/\\\/somos-hermanos.mx\\\/#organization\"},\"potentialAction\":[{\"@type\":\"SearchAction\",\"target\":{\"@type\":\"EntryPoint\",\"urlTemplate\":\"https:\\\/\\\/somos-hermanos.mx\\\/?s={search_term_string}\"},\"query-input\":{\"@type\":\"PropertyValueSpecification\",\"valueRequired\":true,\"valueName\":\"search_term_string\"}}],\"inLanguage\":\"es\"},{\"@type\":\"Organization\",\"@id\":\"https:\\\/\\\/somos-hermanos.mx\\\/#organization\",\"name\":\"Somos Hermanos\",\"url\":\"https:\\\/\\\/somos-hermanos.mx\\\/\",\"logo\":{\"@type\":\"ImageObject\",\"inLanguage\":\"es\",\"@id\":\"https:\\\/\\\/somos-hermanos.mx\\\/#\\\/schema\\\/logo\\\/image\\\/\",\"url\":\"https:\\\/\\\/somos-hermanos.mx\\\/wp-content\\\/uploads\\\/2025\\\/08\\\/SH30-1.jpeg\",\"contentUrl\":\"https:\\\/\\\/somos-hermanos.mx\\\/wp-content\\\/uploads\\\/2025\\\/08\\\/SH30-1.jpeg\",\"width\":1600,\"height\":1142,\"caption\":\"Somos Hermanos\"},\"image\":{\"@id\":\"https:\\\/\\\/somos-hermanos.mx\\\/#\\\/schema\\\/logo\\\/image\\\/\"},\"sameAs\":[\"https:\\\/\\\/www.facebook.com\\\/SomosHermanosIAP\\\/\",\"https:\\\/\\\/x.com\\\/Somos__Hermanos\",\"https:\\\/\\\/www.instagram.com\\\/somos__hermanos\\\/#\",\"https:\\\/\\\/www.tiktok.com\\\/@somoshermanosiap\",\"https:\\\/\\\/www.youtube.com\\\/@somoshermanosiap1201\\\/videos\"]},{\"@type\":\"Person\",\"@id\":\"https:\\\/\\\/somos-hermanos.mx\\\/#\\\/schema\\\/person\\\/451a0d627824379db3cf12d5f836bbfa\",\"name\":\"Juliette Mart\u00ednez Recio\",\"image\":{\"@type\":\"ImageObject\",\"inLanguage\":\"es\",\"@id\":\"https:\\\/\\\/secure.gravatar.com\\\/avatar\\\/599f88f567ce76c625ea13e7702a88cd83b107603f3bdb54f014d7b0cb87af34?s=96&d=mm&r=g\",\"url\":\"https:\\\/\\\/secure.gravatar.com\\\/avatar\\\/599f88f567ce76c625ea13e7702a88cd83b107603f3bdb54f014d7b0cb87af34?s=96&d=mm&r=g\",\"contentUrl\":\"https:\\\/\\\/secure.gravatar.com\\\/avatar\\\/599f88f567ce76c625ea13e7702a88cd83b107603f3bdb54f014d7b0cb87af34?s=96&d=mm&r=g\",\"caption\":\"Juliette Mart\u00ednez Recio\"},\"url\":\"https:\\\/\\\/somos-hermanos.mx\\\/index.php\\\/author\\\/juliette-martinez-recio\\\/\"}]}<\/script>\n<!-- \/ Yoast SEO plugin. -->","yoast_head_json":{"title":"Prevenci\u00f3n, apoyo y esperanza, el trabajo de la AMLCC - Historias que inspiran...","robots":{"index":"index","follow":"follow","max-snippet":"max-snippet:-1","max-image-preview":"max-image-preview:large","max-video-preview":"max-video-preview:-1"},"canonical":"https:\/\/somos-hermanos.mx\/index.php\/2025\/08\/04\/prevencion-apoyo-y-esperanza-el-trabajo-de-la-amlcc\/","og_locale":"es_MX","og_type":"article","og_title":"Prevenci\u00f3n, apoyo y esperanza, el trabajo de la AMLCC - Historias que inspiran...","og_description":"La Asociaci\u00f3n Mexicana de la Lucha contra el C\u00e1ncer AC\u00a0(AMLCC) es una organizaci\u00f3n civil de car\u00e1cter no lucrativo fundada en 1972 con el objetivo de otorgar apoyo en la prevenci\u00f3n y comprometida a brindar apoyo integral a pacientes con c\u00e1ncer fomentando la investigaci\u00f3n cient\u00edfica para mejorar los tratamientos oncol\u00f3gicos en M\u00e9xico. El objetivo de la [&hellip;]","og_url":"https:\/\/somos-hermanos.mx\/index.php\/2025\/08\/04\/prevencion-apoyo-y-esperanza-el-trabajo-de-la-amlcc\/","og_site_name":"Historias que inspiran...","article_publisher":"https:\/\/www.facebook.com\/SomosHermanosIAP\/","article_published_time":"2025-08-04T10:05:57+00:00","og_image":[{"width":1080,"height":1080,"url":"https:\/\/somos-hermanos.mx\/wp-content\/uploads\/2025\/08\/vscancer1.jpeg","type":"image\/jpeg"}],"author":"Juliette Mart\u00ednez Recio","twitter_card":"summary_large_image","twitter_creator":"@Somos__Hermanos","twitter_site":"@Somos__Hermanos","twitter_misc":{"Escrito por":"Juliette Mart\u00ednez Recio","Tiempo de lectura":"4 minutos"},"schema":{"@context":"https:\/\/schema.org","@graph":[{"@type":"Article","@id":"https:\/\/somos-hermanos.mx\/index.php\/2025\/08\/04\/prevencion-apoyo-y-esperanza-el-trabajo-de-la-amlcc\/#article","isPartOf":{"@id":"https:\/\/somos-hermanos.mx\/index.php\/2025\/08\/04\/prevencion-apoyo-y-esperanza-el-trabajo-de-la-amlcc\/"},"author":{"name":"Juliette Mart\u00ednez Recio","@id":"https:\/\/somos-hermanos.mx\/#\/schema\/person\/451a0d627824379db3cf12d5f836bbfa"},"headline":"Prevenci\u00f3n, apoyo y esperanza, el trabajo de la AMLCC","datePublished":"2025-08-04T10:05:57+00:00","mainEntityOfPage":{"@id":"https:\/\/somos-hermanos.mx\/index.php\/2025\/08\/04\/prevencion-apoyo-y-esperanza-el-trabajo-de-la-amlcc\/"},"wordCount":796,"commentCount":0,"publisher":{"@id":"https:\/\/somos-hermanos.mx\/#organization"},"image":{"@id":"https:\/\/somos-hermanos.mx\/index.php\/2025\/08\/04\/prevencion-apoyo-y-esperanza-el-trabajo-de-la-amlcc\/#primaryimage"},"thumbnailUrl":"https:\/\/somos-hermanos.mx\/wp-content\/uploads\/2025\/08\/vscancer1.jpeg","articleSection":["Noticias"],"inLanguage":"es","potentialAction":[{"@type":"CommentAction","name":"Comment","target":["https:\/\/somos-hermanos.mx\/index.php\/2025\/08\/04\/prevencion-apoyo-y-esperanza-el-trabajo-de-la-amlcc\/#respond"]}]},{"@type":"WebPage","@id":"https:\/\/somos-hermanos.mx\/index.php\/2025\/08\/04\/prevencion-apoyo-y-esperanza-el-trabajo-de-la-amlcc\/","url":"https:\/\/somos-hermanos.mx\/index.php\/2025\/08\/04\/prevencion-apoyo-y-esperanza-el-trabajo-de-la-amlcc\/","name":"Prevenci\u00f3n, apoyo y esperanza, el trabajo de la AMLCC - Historias que inspiran...","isPartOf":{"@id":"https:\/\/somos-hermanos.mx\/#website"},"primaryImageOfPage":{"@id":"https:\/\/somos-hermanos.mx\/index.php\/2025\/08\/04\/prevencion-apoyo-y-esperanza-el-trabajo-de-la-amlcc\/#primaryimage"},"image":{"@id":"https:\/\/somos-hermanos.mx\/index.php\/2025\/08\/04\/prevencion-apoyo-y-esperanza-el-trabajo-de-la-amlcc\/#primaryimage"},"thumbnailUrl":"https:\/\/somos-hermanos.mx\/wp-content\/uploads\/2025\/08\/vscancer1.jpeg","datePublished":"2025-08-04T10:05:57+00:00","breadcrumb":{"@id":"https:\/\/somos-hermanos.mx\/index.php\/2025\/08\/04\/prevencion-apoyo-y-esperanza-el-trabajo-de-la-amlcc\/#breadcrumb"},"inLanguage":"es","potentialAction":[{"@type":"ReadAction","target":["https:\/\/somos-hermanos.mx\/index.php\/2025\/08\/04\/prevencion-apoyo-y-esperanza-el-trabajo-de-la-amlcc\/"]}]},{"@type":"ImageObject","inLanguage":"es","@id":"https:\/\/somos-hermanos.mx\/index.php\/2025\/08\/04\/prevencion-apoyo-y-esperanza-el-trabajo-de-la-amlcc\/#primaryimage","url":"https:\/\/somos-hermanos.mx\/wp-content\/uploads\/2025\/08\/vscancer1.jpeg","contentUrl":"https:\/\/somos-hermanos.mx\/wp-content\/uploads\/2025\/08\/vscancer1.jpeg","width":1080,"height":1080},{"@type":"BreadcrumbList","@id":"https:\/\/somos-hermanos.mx\/index.php\/2025\/08\/04\/prevencion-apoyo-y-esperanza-el-trabajo-de-la-amlcc\/#breadcrumb","itemListElement":[{"@type":"ListItem","position":1,"name":"Inicio","item":"https:\/\/somos-hermanos.mx\/"},{"@type":"ListItem","position":2,"name":"Prevenci\u00f3n, apoyo y esperanza, el trabajo de la AMLCC"}]},{"@type":"WebSite","@id":"https:\/\/somos-hermanos.mx\/#website","url":"https:\/\/somos-hermanos.mx\/","name":"Historias que inspiran...","description":"Somos la voz del altruismo en M\u00e9xico","publisher":{"@id":"https:\/\/somos-hermanos.mx\/#organization"},"potentialAction":[{"@type":"SearchAction","target":{"@type":"EntryPoint","urlTemplate":"https:\/\/somos-hermanos.mx\/?s={search_term_string}"},"query-input":{"@type":"PropertyValueSpecification","valueRequired":true,"valueName":"search_term_string"}}],"inLanguage":"es"},{"@type":"Organization","@id":"https:\/\/somos-hermanos.mx\/#organization","name":"Somos Hermanos","url":"https:\/\/somos-hermanos.mx\/","logo":{"@type":"ImageObject","inLanguage":"es","@id":"https:\/\/somos-hermanos.mx\/#\/schema\/logo\/image\/","url":"https:\/\/somos-hermanos.mx\/wp-content\/uploads\/2025\/08\/SH30-1.jpeg","contentUrl":"https:\/\/somos-hermanos.mx\/wp-content\/uploads\/2025\/08\/SH30-1.jpeg","width":1600,"height":1142,"caption":"Somos Hermanos"},"image":{"@id":"https:\/\/somos-hermanos.mx\/#\/schema\/logo\/image\/"},"sameAs":["https:\/\/www.facebook.com\/SomosHermanosIAP\/","https:\/\/x.com\/Somos__Hermanos","https:\/\/www.instagram.com\/somos__hermanos\/#","https:\/\/www.tiktok.com\/@somoshermanosiap","https:\/\/www.youtube.com\/@somoshermanosiap1201\/videos"]},{"@type":"Person","@id":"https:\/\/somos-hermanos.mx\/#\/schema\/person\/451a0d627824379db3cf12d5f836bbfa","name":"Juliette Mart\u00ednez Recio","image":{"@type":"ImageObject","inLanguage":"es","@id":"https:\/\/secure.gravatar.com\/avatar\/599f88f567ce76c625ea13e7702a88cd83b107603f3bdb54f014d7b0cb87af34?s=96&d=mm&r=g","url":"https:\/\/secure.gravatar.com\/avatar\/599f88f567ce76c625ea13e7702a88cd83b107603f3bdb54f014d7b0cb87af34?s=96&d=mm&r=g","contentUrl":"https:\/\/secure.gravatar.com\/avatar\/599f88f567ce76c625ea13e7702a88cd83b107603f3bdb54f014d7b0cb87af34?s=96&d=mm&r=g","caption":"Juliette Mart\u00ednez Recio"},"url":"https:\/\/somos-hermanos.mx\/index.php\/author\/juliette-martinez-recio\/"}]}},"_links":{"self":[{"href":"https:\/\/somos-hermanos.mx\/index.php\/wp-json\/wp\/v2\/posts\/1011","targetHints":{"allow":["GET"]}}],"collection":[{"href":"https:\/\/somos-hermanos.mx\/index.php\/wp-json\/wp\/v2\/posts"}],"about":[{"href":"https:\/\/somos-hermanos.mx\/index.php\/wp-json\/wp\/v2\/types\/post"}],"author":[{"embeddable":true,"href":"https:\/\/somos-hermanos.mx\/index.php\/wp-json\/wp\/v2\/users\/26"}],"replies":[{"embeddable":true,"href":"https:\/\/somos-hermanos.mx\/index.php\/wp-json\/wp\/v2\/comments?post=1011"}],"version-history":[{"count":1,"href":"https:\/\/somos-hermanos.mx\/index.php\/wp-json\/wp\/v2\/posts\/1011\/revisions"}],"predecessor-version":[{"id":1013,"href":"https:\/\/somos-hermanos.mx\/index.php\/wp-json\/wp\/v2\/posts\/1011\/revisions\/1013"}],"wp:featuredmedia":[{"embeddable":true,"href":"https:\/\/somos-hermanos.mx\/index.php\/wp-json\/wp\/v2\/media\/1012"}],"wp:attachment":[{"href":"https:\/\/somos-hermanos.mx\/index.php\/wp-json\/wp\/v2\/media?parent=1011"}],"wp:term":[{"taxonomy":"category","embeddable":true,"href":"https:\/\/somos-hermanos.mx\/index.php\/wp-json\/wp\/v2\/categories?post=1011"},{"taxonomy":"post_tag","embeddable":true,"href":"https:\/\/somos-hermanos.mx\/index.php\/wp-json\/wp\/v2\/tags?post=1011"}],"curies":[{"name":"wp","href":"https:\/\/api.w.org\/{rel}","templated":true}]}}