{"id":101,"date":"2025-08-02T00:18:38","date_gmt":"2025-08-02T00:18:38","guid":{"rendered":"https:\/\/somos-hermanos.mx\/?p=101"},"modified":"2025-08-02T01:43:39","modified_gmt":"2025-08-02T01:43:39","slug":"mejoran-las-condiciones-de-vida-de-personas-ante-desastres-y-contingencias-en-el-cenaced-ac","status":"publish","type":"post","link":"https:\/\/somos-hermanos.mx\/index.php\/2025\/08\/02\/mejoran-las-condiciones-de-vida-de-personas-ante-desastres-y-contingencias-en-el-cenaced-ac\/","title":{"rendered":"Mejoran las condiciones de vida de personas ante desastres y contingencias en el CENACED AC"},"content":{"rendered":"<p>Los desastres y contingencias epidemiol\u00f3gicas <strong>son temas alarmantes para la sociedad. CENACED AC<\/strong> es una organizaci\u00f3n de la sociedad civil que procura su esfuerzo por ser el Centro Nacional de Apoyo para Contingencias Epidemiol\u00f3gicas y Desastres sin fines de lucro, plural, aut\u00f3noma e incluyente, sin intereses pol\u00edticos ni religiosos, siempre dispuesta a recibir a todos aquellos que deseen sumarse al esfuerzo de mejorar las condiciones de vida de las personas en situaci\u00f3n de vulnerabilidad.<\/p>\n<p>Fomentar una cultura de prevenci\u00f3n al mismo tiempo que <strong>fortalecer el autocuidado de la salud y autoprotecci\u00f3n ante desastres y contingencias epidemiol\u00f3gicas son parte fundamental del trabajo en CENACED AC <\/strong>pues tambi\u00e9n cuentan con la red \u201cUnidos por ellos\u201d donde han trabajado por m\u00e1s de quince a\u00f1os como modelo de respuesta frente a las declaratorias de emergencia y posteriores contingencias, contribuyendo y coordinando los esfuerzos de las principales OSC, empresas, medios de comunicaci\u00f3n, el sector financiero y los colegios para apoyar a las personas afectadas.<\/p>\n<p>El CENACED AC naci\u00f3 en 2012 como <strong>iniciativa del sector privado que suma y conjuga las acciones y esfuerzos al recibir una alerta de Desastre<\/strong> participando en la etapa de emergencia con la Coordinaci\u00f3n Nacional de Protecci\u00f3n Civil, con el Ej\u00e9rcito y la Marina a trav\u00e9s del Plan DNIII-E y el Plan Marina.<\/p>\n<p>La organizaci\u00f3n trabaja bajo 4 dimensiones, con la intervenci\u00f3n de:<\/p>\n<ul>\n<li>Sector Gubernamental con la importante alianza de las instancias oficiales de prevenci\u00f3n y atenci\u00f3n de desastres y contingencias.<\/li>\n<li>Sector Privado con m\u00e1s alianzas que proveen insumos y apoyo esencial para la intervenci\u00f3n en las comunidades afectadas.<\/li>\n<li>OSC asociadas al CENACED que constituyen la red de apoyo entre asociaciones e instituciones para colaborar estrechamente en la resoluci\u00f3n de problem\u00e1ticas sociales.<\/li>\n<li>Voluntariado siendo uno de los pilares para el quehacer del Centro pues las manos nunca van a ser suficientes.<\/li>\n<\/ul>\n<p>Roberto Delgado, presidente del CENACED AC comparti\u00f3 algunas palabras para definir la labor en la instituci\u00f3n: <strong>\u201ctenemos la plena convicci\u00f3n que m\u00e1s que ser reactivos, debemos ser proactivos, contar con mecanismos m\u00e1s eficientes de respuesta organizada,<\/strong> mejorando nuestras capacidades para ampliar la resiliencia ante las amenazas de desastres\u201d.<\/p>\n<p>Para la organizaci\u00f3n el C\u00f3digo de \u00e9tica es importante para mantener firme su compromiso y responsabilidad con la supervivencia y la salud de las personas, coadyuvando en el fomento de una cultura de prevenci\u00f3n que permita fortalecer la capacidad de gesti\u00f3n de los distintos sectores, as\u00ed como la atenci\u00f3n de manera expedita de las demandas y necesidades de la poblaci\u00f3n afectada para lograr su subsistencia, reconstruir el tejido social y obtener un m\u00ednimo de bienestar.<\/p>\n<p><strong>Dentro de las l\u00edneas estrat\u00e9gicas del CENACED AC se encuentran:<\/strong><\/p>\n<ul>\n<li>Fortalecer las alianzas con el sector empresarial promoviendo la cultura de la prevenci\u00f3n y reducci\u00f3n de riesgos de desastres. Esto se logra a trav\u00e9s de las MiPYMES, haciendo de este un sector empresarial resiliente fortaleciendo sus capacidades con un Plan de Continuidad de Operaciones mediante el \u201cModelo Mexicano\u201d desarrollado por el CENACED AC.<\/li>\n<li>La capacitaci\u00f3n y formaci\u00f3n de voluntarios con programas y pol\u00edticas de Responsabilidad Social en distintas fases y modalidades con las acciones que realiza la organizaci\u00f3n.<\/li>\n<\/ul>\n<p>Ser proactivos antes desastres y contingencias es la l\u00ednea de acci\u00f3n del CENACED AC, que gracias a su esfuerzo ha logrado salvaguardar a poblaciones vulnerables por m\u00e1s de doce a\u00f1os de labor.<\/p>\n<p>&nbsp;<\/p>\n","protected":false},"excerpt":{"rendered":"<p>Los desastres y contingencias epidemiol\u00f3gicas son temas alarmantes para la sociedad. CENACED AC es una organizaci\u00f3n de la sociedad civil que procura su esfuerzo por ser el Centro Nacional de Apoyo para Contingencias Epidemiol\u00f3gicas y Desastres sin fines de lucro, plural, aut\u00f3noma e incluyente, sin intereses pol\u00edticos ni religiosos, siempre dispuesta a recibir a todos [&hellip;]<\/p>\n","protected":false},"author":2,"featured_media":102,"comment_status":"open","ping_status":"closed","sticky":false,"template":"","format":"standard","meta":{"footnotes":""},"categories":[6],"tags":[],"class_list":["post-101","post","type-post","status-publish","format-standard","has-post-thumbnail","hentry","category-noticias"],"yoast_head":"<!-- This site is optimized with the Yoast SEO plugin v27.5 - https:\/\/yoast.com\/product\/yoast-seo-wordpress\/ -->\n<title>Mejoran las condiciones de vida de personas ante desastres y contingencias en el CENACED AC - Historias que inspiran...<\/title>\n<meta name=\"robots\" content=\"index, follow, max-snippet:-1, max-image-preview:large, max-video-preview:-1\" \/>\n<link rel=\"canonical\" href=\"https:\/\/somos-hermanos.mx\/index.php\/2025\/08\/02\/mejoran-las-condiciones-de-vida-de-personas-ante-desastres-y-contingencias-en-el-cenaced-ac\/\" \/>\n<meta property=\"og:locale\" content=\"es_MX\" \/>\n<meta property=\"og:type\" content=\"article\" \/>\n<meta property=\"og:title\" content=\"Mejoran las condiciones de vida de personas ante desastres y contingencias en el CENACED AC - Historias que inspiran...\" \/>\n<meta property=\"og:description\" content=\"Los desastres y contingencias epidemiol\u00f3gicas son temas alarmantes para la sociedad. CENACED AC es una organizaci\u00f3n de la sociedad civil que procura su esfuerzo por ser el Centro Nacional de Apoyo para Contingencias Epidemiol\u00f3gicas y Desastres sin fines de lucro, plural, aut\u00f3noma e incluyente, sin intereses pol\u00edticos ni religiosos, siempre dispuesta a recibir a todos [&hellip;]\" \/>\n<meta property=\"og:url\" content=\"https:\/\/somos-hermanos.mx\/index.php\/2025\/08\/02\/mejoran-las-condiciones-de-vida-de-personas-ante-desastres-y-contingencias-en-el-cenaced-ac\/\" \/>\n<meta property=\"og:site_name\" content=\"Historias que inspiran...\" \/>\n<meta property=\"article:publisher\" content=\"https:\/\/www.facebook.com\/SomosHermanosIAP\/\" \/>\n<meta property=\"article:published_time\" content=\"2025-08-02T00:18:38+00:00\" \/>\n<meta property=\"article:modified_time\" content=\"2025-08-02T01:43:39+00:00\" \/>\n<meta property=\"og:image\" content=\"https:\/\/somos-hermanos.mx\/wp-content\/uploads\/2025\/08\/cenaced-logo.jpg\" \/>\n\t<meta property=\"og:image:width\" content=\"1200\" \/>\n\t<meta property=\"og:image:height\" content=\"750\" \/>\n\t<meta property=\"og:image:type\" content=\"image\/jpeg\" \/>\n<meta name=\"author\" content=\"Redacci\u00f3n\" \/>\n<meta name=\"twitter:card\" content=\"summary_large_image\" \/>\n<meta name=\"twitter:creator\" content=\"@Somos__Hermanos\" \/>\n<meta name=\"twitter:site\" content=\"@Somos__Hermanos\" \/>\n<meta name=\"twitter:label1\" content=\"Escrito por\" \/>\n\t<meta name=\"twitter:data1\" content=\"Redacci\u00f3n\" \/>\n\t<meta name=\"twitter:label2\" content=\"Tiempo de lectura\" \/>\n\t<meta name=\"twitter:data2\" content=\"3 minutos\" \/>\n<script type=\"application\/ld+json\" class=\"yoast-schema-graph\">{\"@context\":\"https:\\\/\\\/schema.org\",\"@graph\":[{\"@type\":\"Article\",\"@id\":\"https:\\\/\\\/somos-hermanos.mx\\\/index.php\\\/2025\\\/08\\\/02\\\/mejoran-las-condiciones-de-vida-de-personas-ante-desastres-y-contingencias-en-el-cenaced-ac\\\/#article\",\"isPartOf\":{\"@id\":\"https:\\\/\\\/somos-hermanos.mx\\\/index.php\\\/2025\\\/08\\\/02\\\/mejoran-las-condiciones-de-vida-de-personas-ante-desastres-y-contingencias-en-el-cenaced-ac\\\/\"},\"author\":{\"name\":\"Redacci\u00f3n\",\"@id\":\"https:\\\/\\\/somos-hermanos.mx\\\/#\\\/schema\\\/person\\\/72be0deaeb1d387148bc8db9a84cd13a\"},\"headline\":\"Mejoran las condiciones de vida de personas ante desastres y contingencias en el CENACED AC\",\"datePublished\":\"2025-08-02T00:18:38+00:00\",\"dateModified\":\"2025-08-02T01:43:39+00:00\",\"mainEntityOfPage\":{\"@id\":\"https:\\\/\\\/somos-hermanos.mx\\\/index.php\\\/2025\\\/08\\\/02\\\/mejoran-las-condiciones-de-vida-de-personas-ante-desastres-y-contingencias-en-el-cenaced-ac\\\/\"},\"wordCount\":606,\"commentCount\":0,\"publisher\":{\"@id\":\"https:\\\/\\\/somos-hermanos.mx\\\/#organization\"},\"image\":{\"@id\":\"https:\\\/\\\/somos-hermanos.mx\\\/index.php\\\/2025\\\/08\\\/02\\\/mejoran-las-condiciones-de-vida-de-personas-ante-desastres-y-contingencias-en-el-cenaced-ac\\\/#primaryimage\"},\"thumbnailUrl\":\"https:\\\/\\\/somos-hermanos.mx\\\/wp-content\\\/uploads\\\/2025\\\/08\\\/cenaced-logo.jpg\",\"articleSection\":[\"Noticias\"],\"inLanguage\":\"es\",\"potentialAction\":[{\"@type\":\"CommentAction\",\"name\":\"Comment\",\"target\":[\"https:\\\/\\\/somos-hermanos.mx\\\/index.php\\\/2025\\\/08\\\/02\\\/mejoran-las-condiciones-de-vida-de-personas-ante-desastres-y-contingencias-en-el-cenaced-ac\\\/#respond\"]}]},{\"@type\":\"WebPage\",\"@id\":\"https:\\\/\\\/somos-hermanos.mx\\\/index.php\\\/2025\\\/08\\\/02\\\/mejoran-las-condiciones-de-vida-de-personas-ante-desastres-y-contingencias-en-el-cenaced-ac\\\/\",\"url\":\"https:\\\/\\\/somos-hermanos.mx\\\/index.php\\\/2025\\\/08\\\/02\\\/mejoran-las-condiciones-de-vida-de-personas-ante-desastres-y-contingencias-en-el-cenaced-ac\\\/\",\"name\":\"Mejoran las condiciones de vida de personas ante desastres y contingencias en el CENACED AC - Historias que inspiran...\",\"isPartOf\":{\"@id\":\"https:\\\/\\\/somos-hermanos.mx\\\/#website\"},\"primaryImageOfPage\":{\"@id\":\"https:\\\/\\\/somos-hermanos.mx\\\/index.php\\\/2025\\\/08\\\/02\\\/mejoran-las-condiciones-de-vida-de-personas-ante-desastres-y-contingencias-en-el-cenaced-ac\\\/#primaryimage\"},\"image\":{\"@id\":\"https:\\\/\\\/somos-hermanos.mx\\\/index.php\\\/2025\\\/08\\\/02\\\/mejoran-las-condiciones-de-vida-de-personas-ante-desastres-y-contingencias-en-el-cenaced-ac\\\/#primaryimage\"},\"thumbnailUrl\":\"https:\\\/\\\/somos-hermanos.mx\\\/wp-content\\\/uploads\\\/2025\\\/08\\\/cenaced-logo.jpg\",\"datePublished\":\"2025-08-02T00:18:38+00:00\",\"dateModified\":\"2025-08-02T01:43:39+00:00\",\"breadcrumb\":{\"@id\":\"https:\\\/\\\/somos-hermanos.mx\\\/index.php\\\/2025\\\/08\\\/02\\\/mejoran-las-condiciones-de-vida-de-personas-ante-desastres-y-contingencias-en-el-cenaced-ac\\\/#breadcrumb\"},\"inLanguage\":\"es\",\"potentialAction\":[{\"@type\":\"ReadAction\",\"target\":[\"https:\\\/\\\/somos-hermanos.mx\\\/index.php\\\/2025\\\/08\\\/02\\\/mejoran-las-condiciones-de-vida-de-personas-ante-desastres-y-contingencias-en-el-cenaced-ac\\\/\"]}]},{\"@type\":\"ImageObject\",\"inLanguage\":\"es\",\"@id\":\"https:\\\/\\\/somos-hermanos.mx\\\/index.php\\\/2025\\\/08\\\/02\\\/mejoran-las-condiciones-de-vida-de-personas-ante-desastres-y-contingencias-en-el-cenaced-ac\\\/#primaryimage\",\"url\":\"https:\\\/\\\/somos-hermanos.mx\\\/wp-content\\\/uploads\\\/2025\\\/08\\\/cenaced-logo.jpg\",\"contentUrl\":\"https:\\\/\\\/somos-hermanos.mx\\\/wp-content\\\/uploads\\\/2025\\\/08\\\/cenaced-logo.jpg\",\"width\":1200,\"height\":750},{\"@type\":\"BreadcrumbList\",\"@id\":\"https:\\\/\\\/somos-hermanos.mx\\\/index.php\\\/2025\\\/08\\\/02\\\/mejoran-las-condiciones-de-vida-de-personas-ante-desastres-y-contingencias-en-el-cenaced-ac\\\/#breadcrumb\",\"itemListElement\":[{\"@type\":\"ListItem\",\"position\":1,\"name\":\"Inicio\",\"item\":\"https:\\\/\\\/somos-hermanos.mx\\\/\"},{\"@type\":\"ListItem\",\"position\":2,\"name\":\"Mejoran las condiciones de vida de personas ante desastres y contingencias en el CENACED AC\"}]},{\"@type\":\"WebSite\",\"@id\":\"https:\\\/\\\/somos-hermanos.mx\\\/#website\",\"url\":\"https:\\\/\\\/somos-hermanos.mx\\\/\",\"name\":\"Historias que inspiran...\",\"description\":\"Somos la voz del altruismo en M\u00e9xico\",\"publisher\":{\"@id\":\"https:\\\/\\\/somos-hermanos.mx\\\/#organization\"},\"potentialAction\":[{\"@type\":\"SearchAction\",\"target\":{\"@type\":\"EntryPoint\",\"urlTemplate\":\"https:\\\/\\\/somos-hermanos.mx\\\/?s={search_term_string}\"},\"query-input\":{\"@type\":\"PropertyValueSpecification\",\"valueRequired\":true,\"valueName\":\"search_term_string\"}}],\"inLanguage\":\"es\"},{\"@type\":\"Organization\",\"@id\":\"https:\\\/\\\/somos-hermanos.mx\\\/#organization\",\"name\":\"Somos Hermanos\",\"url\":\"https:\\\/\\\/somos-hermanos.mx\\\/\",\"logo\":{\"@type\":\"ImageObject\",\"inLanguage\":\"es\",\"@id\":\"https:\\\/\\\/somos-hermanos.mx\\\/#\\\/schema\\\/logo\\\/image\\\/\",\"url\":\"https:\\\/\\\/somos-hermanos.mx\\\/wp-content\\\/uploads\\\/2025\\\/08\\\/SH30-1.jpeg\",\"contentUrl\":\"https:\\\/\\\/somos-hermanos.mx\\\/wp-content\\\/uploads\\\/2025\\\/08\\\/SH30-1.jpeg\",\"width\":1600,\"height\":1142,\"caption\":\"Somos Hermanos\"},\"image\":{\"@id\":\"https:\\\/\\\/somos-hermanos.mx\\\/#\\\/schema\\\/logo\\\/image\\\/\"},\"sameAs\":[\"https:\\\/\\\/www.facebook.com\\\/SomosHermanosIAP\\\/\",\"https:\\\/\\\/x.com\\\/Somos__Hermanos\",\"https:\\\/\\\/www.instagram.com\\\/somos__hermanos\\\/#\",\"https:\\\/\\\/www.tiktok.com\\\/@somoshermanosiap\",\"https:\\\/\\\/www.youtube.com\\\/@somoshermanosiap1201\\\/videos\"]},{\"@type\":\"Person\",\"@id\":\"https:\\\/\\\/somos-hermanos.mx\\\/#\\\/schema\\\/person\\\/72be0deaeb1d387148bc8db9a84cd13a\",\"name\":\"Redacci\u00f3n\",\"image\":{\"@type\":\"ImageObject\",\"inLanguage\":\"es\",\"@id\":\"https:\\\/\\\/secure.gravatar.com\\\/avatar\\\/0471f62dae6ab1c39ae7c79f265de6a8ede1928a658b55db6bd71466aa956832?s=96&d=mm&r=g\",\"url\":\"https:\\\/\\\/secure.gravatar.com\\\/avatar\\\/0471f62dae6ab1c39ae7c79f265de6a8ede1928a658b55db6bd71466aa956832?s=96&d=mm&r=g\",\"contentUrl\":\"https:\\\/\\\/secure.gravatar.com\\\/avatar\\\/0471f62dae6ab1c39ae7c79f265de6a8ede1928a658b55db6bd71466aa956832?s=96&d=mm&r=g\",\"caption\":\"Redacci\u00f3n\"},\"url\":\"https:\\\/\\\/somos-hermanos.mx\\\/index.php\\\/author\\\/redaccion\\\/\"}]}<\/script>\n<!-- \/ Yoast SEO plugin. -->","yoast_head_json":{"title":"Mejoran las condiciones de vida de personas ante desastres y contingencias en el CENACED AC - Historias que inspiran...","robots":{"index":"index","follow":"follow","max-snippet":"max-snippet:-1","max-image-preview":"max-image-preview:large","max-video-preview":"max-video-preview:-1"},"canonical":"https:\/\/somos-hermanos.mx\/index.php\/2025\/08\/02\/mejoran-las-condiciones-de-vida-de-personas-ante-desastres-y-contingencias-en-el-cenaced-ac\/","og_locale":"es_MX","og_type":"article","og_title":"Mejoran las condiciones de vida de personas ante desastres y contingencias en el CENACED AC - Historias que inspiran...","og_description":"Los desastres y contingencias epidemiol\u00f3gicas son temas alarmantes para la sociedad. CENACED AC es una organizaci\u00f3n de la sociedad civil que procura su esfuerzo por ser el Centro Nacional de Apoyo para Contingencias Epidemiol\u00f3gicas y Desastres sin fines de lucro, plural, aut\u00f3noma e incluyente, sin intereses pol\u00edticos ni religiosos, siempre dispuesta a recibir a todos [&hellip;]","og_url":"https:\/\/somos-hermanos.mx\/index.php\/2025\/08\/02\/mejoran-las-condiciones-de-vida-de-personas-ante-desastres-y-contingencias-en-el-cenaced-ac\/","og_site_name":"Historias que inspiran...","article_publisher":"https:\/\/www.facebook.com\/SomosHermanosIAP\/","article_published_time":"2025-08-02T00:18:38+00:00","article_modified_time":"2025-08-02T01:43:39+00:00","og_image":[{"width":1200,"height":750,"url":"https:\/\/somos-hermanos.mx\/wp-content\/uploads\/2025\/08\/cenaced-logo.jpg","type":"image\/jpeg"}],"author":"Redacci\u00f3n","twitter_card":"summary_large_image","twitter_creator":"@Somos__Hermanos","twitter_site":"@Somos__Hermanos","twitter_misc":{"Escrito por":"Redacci\u00f3n","Tiempo de lectura":"3 minutos"},"schema":{"@context":"https:\/\/schema.org","@graph":[{"@type":"Article","@id":"https:\/\/somos-hermanos.mx\/index.php\/2025\/08\/02\/mejoran-las-condiciones-de-vida-de-personas-ante-desastres-y-contingencias-en-el-cenaced-ac\/#article","isPartOf":{"@id":"https:\/\/somos-hermanos.mx\/index.php\/2025\/08\/02\/mejoran-las-condiciones-de-vida-de-personas-ante-desastres-y-contingencias-en-el-cenaced-ac\/"},"author":{"name":"Redacci\u00f3n","@id":"https:\/\/somos-hermanos.mx\/#\/schema\/person\/72be0deaeb1d387148bc8db9a84cd13a"},"headline":"Mejoran las condiciones de vida de personas ante desastres y contingencias en el CENACED AC","datePublished":"2025-08-02T00:18:38+00:00","dateModified":"2025-08-02T01:43:39+00:00","mainEntityOfPage":{"@id":"https:\/\/somos-hermanos.mx\/index.php\/2025\/08\/02\/mejoran-las-condiciones-de-vida-de-personas-ante-desastres-y-contingencias-en-el-cenaced-ac\/"},"wordCount":606,"commentCount":0,"publisher":{"@id":"https:\/\/somos-hermanos.mx\/#organization"},"image":{"@id":"https:\/\/somos-hermanos.mx\/index.php\/2025\/08\/02\/mejoran-las-condiciones-de-vida-de-personas-ante-desastres-y-contingencias-en-el-cenaced-ac\/#primaryimage"},"thumbnailUrl":"https:\/\/somos-hermanos.mx\/wp-content\/uploads\/2025\/08\/cenaced-logo.jpg","articleSection":["Noticias"],"inLanguage":"es","potentialAction":[{"@type":"CommentAction","name":"Comment","target":["https:\/\/somos-hermanos.mx\/index.php\/2025\/08\/02\/mejoran-las-condiciones-de-vida-de-personas-ante-desastres-y-contingencias-en-el-cenaced-ac\/#respond"]}]},{"@type":"WebPage","@id":"https:\/\/somos-hermanos.mx\/index.php\/2025\/08\/02\/mejoran-las-condiciones-de-vida-de-personas-ante-desastres-y-contingencias-en-el-cenaced-ac\/","url":"https:\/\/somos-hermanos.mx\/index.php\/2025\/08\/02\/mejoran-las-condiciones-de-vida-de-personas-ante-desastres-y-contingencias-en-el-cenaced-ac\/","name":"Mejoran las condiciones de vida de personas ante desastres y contingencias en el CENACED AC - Historias que inspiran...","isPartOf":{"@id":"https:\/\/somos-hermanos.mx\/#website"},"primaryImageOfPage":{"@id":"https:\/\/somos-hermanos.mx\/index.php\/2025\/08\/02\/mejoran-las-condiciones-de-vida-de-personas-ante-desastres-y-contingencias-en-el-cenaced-ac\/#primaryimage"},"image":{"@id":"https:\/\/somos-hermanos.mx\/index.php\/2025\/08\/02\/mejoran-las-condiciones-de-vida-de-personas-ante-desastres-y-contingencias-en-el-cenaced-ac\/#primaryimage"},"thumbnailUrl":"https:\/\/somos-hermanos.mx\/wp-content\/uploads\/2025\/08\/cenaced-logo.jpg","datePublished":"2025-08-02T00:18:38+00:00","dateModified":"2025-08-02T01:43:39+00:00","breadcrumb":{"@id":"https:\/\/somos-hermanos.mx\/index.php\/2025\/08\/02\/mejoran-las-condiciones-de-vida-de-personas-ante-desastres-y-contingencias-en-el-cenaced-ac\/#breadcrumb"},"inLanguage":"es","potentialAction":[{"@type":"ReadAction","target":["https:\/\/somos-hermanos.mx\/index.php\/2025\/08\/02\/mejoran-las-condiciones-de-vida-de-personas-ante-desastres-y-contingencias-en-el-cenaced-ac\/"]}]},{"@type":"ImageObject","inLanguage":"es","@id":"https:\/\/somos-hermanos.mx\/index.php\/2025\/08\/02\/mejoran-las-condiciones-de-vida-de-personas-ante-desastres-y-contingencias-en-el-cenaced-ac\/#primaryimage","url":"https:\/\/somos-hermanos.mx\/wp-content\/uploads\/2025\/08\/cenaced-logo.jpg","contentUrl":"https:\/\/somos-hermanos.mx\/wp-content\/uploads\/2025\/08\/cenaced-logo.jpg","width":1200,"height":750},{"@type":"BreadcrumbList","@id":"https:\/\/somos-hermanos.mx\/index.php\/2025\/08\/02\/mejoran-las-condiciones-de-vida-de-personas-ante-desastres-y-contingencias-en-el-cenaced-ac\/#breadcrumb","itemListElement":[{"@type":"ListItem","position":1,"name":"Inicio","item":"https:\/\/somos-hermanos.mx\/"},{"@type":"ListItem","position":2,"name":"Mejoran las condiciones de vida de personas ante desastres y contingencias en el CENACED AC"}]},{"@type":"WebSite","@id":"https:\/\/somos-hermanos.mx\/#website","url":"https:\/\/somos-hermanos.mx\/","name":"Historias que inspiran...","description":"Somos la voz del altruismo en M\u00e9xico","publisher":{"@id":"https:\/\/somos-hermanos.mx\/#organization"},"potentialAction":[{"@type":"SearchAction","target":{"@type":"EntryPoint","urlTemplate":"https:\/\/somos-hermanos.mx\/?s={search_term_string}"},"query-input":{"@type":"PropertyValueSpecification","valueRequired":true,"valueName":"search_term_string"}}],"inLanguage":"es"},{"@type":"Organization","@id":"https:\/\/somos-hermanos.mx\/#organization","name":"Somos Hermanos","url":"https:\/\/somos-hermanos.mx\/","logo":{"@type":"ImageObject","inLanguage":"es","@id":"https:\/\/somos-hermanos.mx\/#\/schema\/logo\/image\/","url":"https:\/\/somos-hermanos.mx\/wp-content\/uploads\/2025\/08\/SH30-1.jpeg","contentUrl":"https:\/\/somos-hermanos.mx\/wp-content\/uploads\/2025\/08\/SH30-1.jpeg","width":1600,"height":1142,"caption":"Somos Hermanos"},"image":{"@id":"https:\/\/somos-hermanos.mx\/#\/schema\/logo\/image\/"},"sameAs":["https:\/\/www.facebook.com\/SomosHermanosIAP\/","https:\/\/x.com\/Somos__Hermanos","https:\/\/www.instagram.com\/somos__hermanos\/#","https:\/\/www.tiktok.com\/@somoshermanosiap","https:\/\/www.youtube.com\/@somoshermanosiap1201\/videos"]},{"@type":"Person","@id":"https:\/\/somos-hermanos.mx\/#\/schema\/person\/72be0deaeb1d387148bc8db9a84cd13a","name":"Redacci\u00f3n","image":{"@type":"ImageObject","inLanguage":"es","@id":"https:\/\/secure.gravatar.com\/avatar\/0471f62dae6ab1c39ae7c79f265de6a8ede1928a658b55db6bd71466aa956832?s=96&d=mm&r=g","url":"https:\/\/secure.gravatar.com\/avatar\/0471f62dae6ab1c39ae7c79f265de6a8ede1928a658b55db6bd71466aa956832?s=96&d=mm&r=g","contentUrl":"https:\/\/secure.gravatar.com\/avatar\/0471f62dae6ab1c39ae7c79f265de6a8ede1928a658b55db6bd71466aa956832?s=96&d=mm&r=g","caption":"Redacci\u00f3n"},"url":"https:\/\/somos-hermanos.mx\/index.php\/author\/redaccion\/"}]}},"_links":{"self":[{"href":"https:\/\/somos-hermanos.mx\/index.php\/wp-json\/wp\/v2\/posts\/101","targetHints":{"allow":["GET"]}}],"collection":[{"href":"https:\/\/somos-hermanos.mx\/index.php\/wp-json\/wp\/v2\/posts"}],"about":[{"href":"https:\/\/somos-hermanos.mx\/index.php\/wp-json\/wp\/v2\/types\/post"}],"author":[{"embeddable":true,"href":"https:\/\/somos-hermanos.mx\/index.php\/wp-json\/wp\/v2\/users\/2"}],"replies":[{"embeddable":true,"href":"https:\/\/somos-hermanos.mx\/index.php\/wp-json\/wp\/v2\/comments?post=101"}],"version-history":[{"count":1,"href":"https:\/\/somos-hermanos.mx\/index.php\/wp-json\/wp\/v2\/posts\/101\/revisions"}],"predecessor-version":[{"id":103,"href":"https:\/\/somos-hermanos.mx\/index.php\/wp-json\/wp\/v2\/posts\/101\/revisions\/103"}],"wp:featuredmedia":[{"embeddable":true,"href":"https:\/\/somos-hermanos.mx\/index.php\/wp-json\/wp\/v2\/media\/102"}],"wp:attachment":[{"href":"https:\/\/somos-hermanos.mx\/index.php\/wp-json\/wp\/v2\/media?parent=101"}],"wp:term":[{"taxonomy":"category","embeddable":true,"href":"https:\/\/somos-hermanos.mx\/index.php\/wp-json\/wp\/v2\/categories?post=101"},{"taxonomy":"post_tag","embeddable":true,"href":"https:\/\/somos-hermanos.mx\/index.php\/wp-json\/wp\/v2\/tags?post=101"}],"curies":[{"name":"wp","href":"https:\/\/api.w.org\/{rel}","templated":true}]}}