{"id":1005,"date":"2025-08-04T04:03:26","date_gmt":"2025-08-04T10:03:26","guid":{"rendered":"https:\/\/somos-hermanos.mx\/?p=1005"},"modified":"2025-08-04T04:03:26","modified_gmt":"2025-08-04T10:03:26","slug":"tocate-una-campana-que-marca-la-diferencia","status":"publish","type":"post","link":"https:\/\/somos-hermanos.mx\/index.php\/2025\/08\/04\/tocate-una-campana-que-marca-la-diferencia\/","title":{"rendered":"\u201cT\u00f3cate\u201d Una campa\u00f1a que marca la diferencia"},"content":{"rendered":"<p>El c\u00e1ncer de mama es un tipo de c\u00e1ncer, el cual es el m\u00e1s com\u00fan dentro de las mujeres. <strong>En M\u00e9xico se han registrado m\u00e1s de 23,790 casos nuevos y representa la primera causa de muerte por c\u00e1ncer en mujeres. <\/strong>Por esta situaci\u00f3n, se han formado diferentes instituciones que buscan promover la lucha contra el c\u00e1ncer de mama.<\/p>\n<p>Fundaci\u00f3n T\u00f3cate tiene la misi\u00f3n de <strong>promover la lucha contra el c\u00e1ncer de mama. Desde 2013 han trabajado con mujeres del Estado de Yucat\u00e1n, <\/strong>no solo eso, tambi\u00e9n se convirtieron en una de las primeras instituciones sin fines de lucro en operar en dicho estado. Actualmente hay 35,333 mujeres beneficiarias, quienes reciben los tratamientos y los servicios.<\/p>\n<p>Su insignia \u201cT\u00f3cate\u201d busca ser una palabra que marque la diferencia y motive a las mujeres a autoexplorarse, con el fin de poder reconocer se\u00f1ales de alarma que puedan poner en riesgo su vida.<\/p>\n<p><strong>\u00bfQu\u00e9 ofrece la Fundaci\u00f3n T\u00f3cate?<\/strong><\/p>\n<p>Ofrecen platicas de sensibilizaci\u00f3n, servicios de exploraciones mamarias gratuitas en jornadas de salud y apoyo emocional. Asimismo, realizan estudios de mastograf\u00eda, ultrasonidos y biopsias a mujeres de escasos recursos, con el fin de reducir los \u00edndices de muerte por esta enfermedad.<\/p>\n<p>Adem\u00e1s de las pl\u00e1ticas de sensibilizaci\u00f3n y la exploraci\u00f3n mamaria, brindan orientaci\u00f3n psicol\u00f3gica y orientaci\u00f3n nutricional.<\/p>\n<p>En la orientaci\u00f3n psicol\u00f3gica profundizan los aspectos psicosociales que influyen en la vida de las pacientes con c\u00e1ncer de mama, de esta manera buscan crear una conexi\u00f3n que brinde seguridad y comodidad a aquellas mujeres que se encuentran pasando por alg\u00fan impacto emocional que pueda ser una amenaza o que ponga en riesgo su vida.<\/p>\n<p><strong>\u00bfC\u00f3mo funcionan los servicios de la fundaci\u00f3n?<\/strong><\/p>\n<p>Las pl\u00e1ticas de sensibilizaci\u00f3n tienen una duraci\u00f3n de 45 minutos, en estas pl\u00e1ticas hacen capacitaciones en donde explican a las pacientes y a sus familiares sobre la enfermedad y su impacto en M\u00e9xico. Ense\u00f1an de manera pr\u00e1ctica las t\u00e9cnicas de autoexploraci\u00f3n, tocan temas psicol\u00f3gicos y nutricionales para las mujeres que est\u00e9n enfrentando por mayores problemas.<\/p>\n<p><strong>La exploraci\u00f3n mamaria es una t\u00e9cnica sencilla que consiste en palpar los senos en busca de posibles cambios en su estructura, ya sea bultos, pliegues o hinchazones. <\/strong>Este m\u00e9todo deber\u00e1 realizarse cada mes a partir de los 18 a\u00f1os para la detecci\u00f3n oportuna de c\u00e1ncer de mama; sin embargo, es importante destacar que la exploraci\u00f3n mamaria no sustituye la mastograf\u00eda.<\/p>\n<p>En la orientaci\u00f3n nutricional buscan promover una buena gu\u00eda de alimentaci\u00f3n antes, durante y despu\u00e9s del tratamiento de c\u00e1ncer para mantener el peso corporal y poder luchar contra las infecciones y\/o complicaciones, es as\u00ed que buscan que las pacientes mantengan un buen pron\u00f3stico de su salud tanto f\u00edsica como mental. En la fundaci\u00f3n fomentan los valores de voluntad, compromiso, servicio, equipo e integridad<\/p>\n<p><strong>\u00bfC\u00f3mo puedo contactarlos? <\/strong><\/p>\n<p>En caso de querer donar a la instituci\u00f3n, podr\u00e1s hacerlo a trav\u00e9s de su p\u00e1gina web en el que tendr\u00e1s la opci\u00f3n de realizar un donativo con la cantidad que tu desees. Con el apoyo que brinden, la fundaci\u00f3n podr\u00e1 mejorar la calidad de vida de las mujeres, quienes no cuentan con un nivel econ\u00f3mico que les permita seguir su tratamiento de la manera correcta.<\/p>\n<p><em>Si tienes el inter\u00e9s de contactarlos, puedes consultar sus redes sociales o en su caso, puedes visitarlos en las oficinas de la fundaci\u00f3n. Se encuentran en el Estado de Yucat\u00e1n, en la calle 17 #451A por 48 y 48, Calle 48, Jardines de Yucat\u00e1n. <\/em><\/p>\n","protected":false},"excerpt":{"rendered":"<p>El c\u00e1ncer de mama es un tipo de c\u00e1ncer, el cual es el m\u00e1s com\u00fan dentro de las mujeres. En M\u00e9xico se han registrado m\u00e1s de 23,790 casos nuevos y representa la primera causa de muerte por c\u00e1ncer en mujeres. Por esta situaci\u00f3n, se han formado diferentes instituciones que buscan promover la lucha contra el [&hellip;]<\/p>\n","protected":false},"author":19,"featured_media":1006,"comment_status":"open","ping_status":"closed","sticky":false,"template":"","format":"standard","meta":{"footnotes":""},"categories":[6],"tags":[],"class_list":["post-1005","post","type-post","status-publish","format-standard","has-post-thumbnail","hentry","category-noticias"],"yoast_head":"<!-- This site is optimized with the Yoast SEO plugin v27.5 - https:\/\/yoast.com\/product\/yoast-seo-wordpress\/ -->\n<title>\u201cT\u00f3cate\u201d Una campa\u00f1a que marca la diferencia - Historias que inspiran...<\/title>\n<meta name=\"robots\" content=\"index, follow, max-snippet:-1, max-image-preview:large, max-video-preview:-1\" \/>\n<link rel=\"canonical\" href=\"https:\/\/somos-hermanos.mx\/index.php\/2025\/08\/04\/tocate-una-campana-que-marca-la-diferencia\/\" \/>\n<meta property=\"og:locale\" content=\"es_MX\" \/>\n<meta property=\"og:type\" content=\"article\" \/>\n<meta property=\"og:title\" content=\"\u201cT\u00f3cate\u201d Una campa\u00f1a que marca la diferencia - Historias que inspiran...\" \/>\n<meta property=\"og:description\" content=\"El c\u00e1ncer de mama es un tipo de c\u00e1ncer, el cual es el m\u00e1s com\u00fan dentro de las mujeres. En M\u00e9xico se han registrado m\u00e1s de 23,790 casos nuevos y representa la primera causa de muerte por c\u00e1ncer en mujeres. Por esta situaci\u00f3n, se han formado diferentes instituciones que buscan promover la lucha contra el [&hellip;]\" \/>\n<meta property=\"og:url\" content=\"https:\/\/somos-hermanos.mx\/index.php\/2025\/08\/04\/tocate-una-campana-que-marca-la-diferencia\/\" \/>\n<meta property=\"og:site_name\" content=\"Historias que inspiran...\" \/>\n<meta property=\"article:publisher\" content=\"https:\/\/www.facebook.com\/SomosHermanosIAP\/\" \/>\n<meta property=\"article:published_time\" content=\"2025-08-04T10:03:26+00:00\" \/>\n<meta property=\"og:image\" content=\"https:\/\/somos-hermanos.mx\/wp-content\/uploads\/2025\/08\/toca2.jpeg\" \/>\n\t<meta property=\"og:image:width\" content=\"1290\" \/>\n\t<meta property=\"og:image:height\" content=\"1290\" \/>\n\t<meta property=\"og:image:type\" content=\"image\/jpeg\" \/>\n<meta name=\"author\" content=\"Karina Hern\u00e1ndez Flores\" \/>\n<meta name=\"twitter:card\" content=\"summary_large_image\" \/>\n<meta name=\"twitter:creator\" content=\"@Somos__Hermanos\" \/>\n<meta name=\"twitter:site\" content=\"@Somos__Hermanos\" \/>\n<meta name=\"twitter:label1\" content=\"Escrito por\" \/>\n\t<meta name=\"twitter:data1\" content=\"Karina Hern\u00e1ndez Flores\" \/>\n\t<meta name=\"twitter:label2\" content=\"Tiempo de lectura\" \/>\n\t<meta name=\"twitter:data2\" content=\"3 minutos\" \/>\n<script type=\"application\/ld+json\" class=\"yoast-schema-graph\">{\"@context\":\"https:\\\/\\\/schema.org\",\"@graph\":[{\"@type\":\"Article\",\"@id\":\"https:\\\/\\\/somos-hermanos.mx\\\/index.php\\\/2025\\\/08\\\/04\\\/tocate-una-campana-que-marca-la-diferencia\\\/#article\",\"isPartOf\":{\"@id\":\"https:\\\/\\\/somos-hermanos.mx\\\/index.php\\\/2025\\\/08\\\/04\\\/tocate-una-campana-que-marca-la-diferencia\\\/\"},\"author\":{\"name\":\"Karina Hern\u00e1ndez Flores\",\"@id\":\"https:\\\/\\\/somos-hermanos.mx\\\/#\\\/schema\\\/person\\\/de3ab70150c2d9a40634e5ea37c6ef10\"},\"headline\":\"\u201cT\u00f3cate\u201d Una campa\u00f1a que marca la diferencia\",\"datePublished\":\"2025-08-04T10:03:26+00:00\",\"mainEntityOfPage\":{\"@id\":\"https:\\\/\\\/somos-hermanos.mx\\\/index.php\\\/2025\\\/08\\\/04\\\/tocate-una-campana-que-marca-la-diferencia\\\/\"},\"wordCount\":639,\"commentCount\":0,\"publisher\":{\"@id\":\"https:\\\/\\\/somos-hermanos.mx\\\/#organization\"},\"image\":{\"@id\":\"https:\\\/\\\/somos-hermanos.mx\\\/index.php\\\/2025\\\/08\\\/04\\\/tocate-una-campana-que-marca-la-diferencia\\\/#primaryimage\"},\"thumbnailUrl\":\"https:\\\/\\\/somos-hermanos.mx\\\/wp-content\\\/uploads\\\/2025\\\/08\\\/toca2.jpeg\",\"articleSection\":[\"Noticias\"],\"inLanguage\":\"es\",\"potentialAction\":[{\"@type\":\"CommentAction\",\"name\":\"Comment\",\"target\":[\"https:\\\/\\\/somos-hermanos.mx\\\/index.php\\\/2025\\\/08\\\/04\\\/tocate-una-campana-que-marca-la-diferencia\\\/#respond\"]}]},{\"@type\":\"WebPage\",\"@id\":\"https:\\\/\\\/somos-hermanos.mx\\\/index.php\\\/2025\\\/08\\\/04\\\/tocate-una-campana-que-marca-la-diferencia\\\/\",\"url\":\"https:\\\/\\\/somos-hermanos.mx\\\/index.php\\\/2025\\\/08\\\/04\\\/tocate-una-campana-que-marca-la-diferencia\\\/\",\"name\":\"\u201cT\u00f3cate\u201d Una campa\u00f1a que marca la diferencia - Historias que inspiran...\",\"isPartOf\":{\"@id\":\"https:\\\/\\\/somos-hermanos.mx\\\/#website\"},\"primaryImageOfPage\":{\"@id\":\"https:\\\/\\\/somos-hermanos.mx\\\/index.php\\\/2025\\\/08\\\/04\\\/tocate-una-campana-que-marca-la-diferencia\\\/#primaryimage\"},\"image\":{\"@id\":\"https:\\\/\\\/somos-hermanos.mx\\\/index.php\\\/2025\\\/08\\\/04\\\/tocate-una-campana-que-marca-la-diferencia\\\/#primaryimage\"},\"thumbnailUrl\":\"https:\\\/\\\/somos-hermanos.mx\\\/wp-content\\\/uploads\\\/2025\\\/08\\\/toca2.jpeg\",\"datePublished\":\"2025-08-04T10:03:26+00:00\",\"breadcrumb\":{\"@id\":\"https:\\\/\\\/somos-hermanos.mx\\\/index.php\\\/2025\\\/08\\\/04\\\/tocate-una-campana-que-marca-la-diferencia\\\/#breadcrumb\"},\"inLanguage\":\"es\",\"potentialAction\":[{\"@type\":\"ReadAction\",\"target\":[\"https:\\\/\\\/somos-hermanos.mx\\\/index.php\\\/2025\\\/08\\\/04\\\/tocate-una-campana-que-marca-la-diferencia\\\/\"]}]},{\"@type\":\"ImageObject\",\"inLanguage\":\"es\",\"@id\":\"https:\\\/\\\/somos-hermanos.mx\\\/index.php\\\/2025\\\/08\\\/04\\\/tocate-una-campana-que-marca-la-diferencia\\\/#primaryimage\",\"url\":\"https:\\\/\\\/somos-hermanos.mx\\\/wp-content\\\/uploads\\\/2025\\\/08\\\/toca2.jpeg\",\"contentUrl\":\"https:\\\/\\\/somos-hermanos.mx\\\/wp-content\\\/uploads\\\/2025\\\/08\\\/toca2.jpeg\",\"width\":1290,\"height\":1290},{\"@type\":\"BreadcrumbList\",\"@id\":\"https:\\\/\\\/somos-hermanos.mx\\\/index.php\\\/2025\\\/08\\\/04\\\/tocate-una-campana-que-marca-la-diferencia\\\/#breadcrumb\",\"itemListElement\":[{\"@type\":\"ListItem\",\"position\":1,\"name\":\"Inicio\",\"item\":\"https:\\\/\\\/somos-hermanos.mx\\\/\"},{\"@type\":\"ListItem\",\"position\":2,\"name\":\"\u201cT\u00f3cate\u201d Una campa\u00f1a que marca la diferencia\"}]},{\"@type\":\"WebSite\",\"@id\":\"https:\\\/\\\/somos-hermanos.mx\\\/#website\",\"url\":\"https:\\\/\\\/somos-hermanos.mx\\\/\",\"name\":\"Historias que inspiran...\",\"description\":\"Somos la voz del altruismo en M\u00e9xico\",\"publisher\":{\"@id\":\"https:\\\/\\\/somos-hermanos.mx\\\/#organization\"},\"potentialAction\":[{\"@type\":\"SearchAction\",\"target\":{\"@type\":\"EntryPoint\",\"urlTemplate\":\"https:\\\/\\\/somos-hermanos.mx\\\/?s={search_term_string}\"},\"query-input\":{\"@type\":\"PropertyValueSpecification\",\"valueRequired\":true,\"valueName\":\"search_term_string\"}}],\"inLanguage\":\"es\"},{\"@type\":\"Organization\",\"@id\":\"https:\\\/\\\/somos-hermanos.mx\\\/#organization\",\"name\":\"Somos Hermanos\",\"url\":\"https:\\\/\\\/somos-hermanos.mx\\\/\",\"logo\":{\"@type\":\"ImageObject\",\"inLanguage\":\"es\",\"@id\":\"https:\\\/\\\/somos-hermanos.mx\\\/#\\\/schema\\\/logo\\\/image\\\/\",\"url\":\"https:\\\/\\\/somos-hermanos.mx\\\/wp-content\\\/uploads\\\/2025\\\/08\\\/SH30-1.jpeg\",\"contentUrl\":\"https:\\\/\\\/somos-hermanos.mx\\\/wp-content\\\/uploads\\\/2025\\\/08\\\/SH30-1.jpeg\",\"width\":1600,\"height\":1142,\"caption\":\"Somos Hermanos\"},\"image\":{\"@id\":\"https:\\\/\\\/somos-hermanos.mx\\\/#\\\/schema\\\/logo\\\/image\\\/\"},\"sameAs\":[\"https:\\\/\\\/www.facebook.com\\\/SomosHermanosIAP\\\/\",\"https:\\\/\\\/x.com\\\/Somos__Hermanos\",\"https:\\\/\\\/www.instagram.com\\\/somos__hermanos\\\/#\",\"https:\\\/\\\/www.tiktok.com\\\/@somoshermanosiap\",\"https:\\\/\\\/www.youtube.com\\\/@somoshermanosiap1201\\\/videos\"]},{\"@type\":\"Person\",\"@id\":\"https:\\\/\\\/somos-hermanos.mx\\\/#\\\/schema\\\/person\\\/de3ab70150c2d9a40634e5ea37c6ef10\",\"name\":\"Karina Hern\u00e1ndez Flores\",\"image\":{\"@type\":\"ImageObject\",\"inLanguage\":\"es\",\"@id\":\"https:\\\/\\\/secure.gravatar.com\\\/avatar\\\/b881cf961dfbebfa1094490b61a3c10e871664dba37ac04c3a35065d40ed843c?s=96&d=mm&r=g\",\"url\":\"https:\\\/\\\/secure.gravatar.com\\\/avatar\\\/b881cf961dfbebfa1094490b61a3c10e871664dba37ac04c3a35065d40ed843c?s=96&d=mm&r=g\",\"contentUrl\":\"https:\\\/\\\/secure.gravatar.com\\\/avatar\\\/b881cf961dfbebfa1094490b61a3c10e871664dba37ac04c3a35065d40ed843c?s=96&d=mm&r=g\",\"caption\":\"Karina Hern\u00e1ndez Flores\"},\"url\":\"https:\\\/\\\/somos-hermanos.mx\\\/index.php\\\/author\\\/karina-hernandez-flores\\\/\"}]}<\/script>\n<!-- \/ Yoast SEO plugin. -->","yoast_head_json":{"title":"\u201cT\u00f3cate\u201d Una campa\u00f1a que marca la diferencia - Historias que inspiran...","robots":{"index":"index","follow":"follow","max-snippet":"max-snippet:-1","max-image-preview":"max-image-preview:large","max-video-preview":"max-video-preview:-1"},"canonical":"https:\/\/somos-hermanos.mx\/index.php\/2025\/08\/04\/tocate-una-campana-que-marca-la-diferencia\/","og_locale":"es_MX","og_type":"article","og_title":"\u201cT\u00f3cate\u201d Una campa\u00f1a que marca la diferencia - Historias que inspiran...","og_description":"El c\u00e1ncer de mama es un tipo de c\u00e1ncer, el cual es el m\u00e1s com\u00fan dentro de las mujeres. En M\u00e9xico se han registrado m\u00e1s de 23,790 casos nuevos y representa la primera causa de muerte por c\u00e1ncer en mujeres. Por esta situaci\u00f3n, se han formado diferentes instituciones que buscan promover la lucha contra el [&hellip;]","og_url":"https:\/\/somos-hermanos.mx\/index.php\/2025\/08\/04\/tocate-una-campana-que-marca-la-diferencia\/","og_site_name":"Historias que inspiran...","article_publisher":"https:\/\/www.facebook.com\/SomosHermanosIAP\/","article_published_time":"2025-08-04T10:03:26+00:00","og_image":[{"width":1290,"height":1290,"url":"https:\/\/somos-hermanos.mx\/wp-content\/uploads\/2025\/08\/toca2.jpeg","type":"image\/jpeg"}],"author":"Karina Hern\u00e1ndez Flores","twitter_card":"summary_large_image","twitter_creator":"@Somos__Hermanos","twitter_site":"@Somos__Hermanos","twitter_misc":{"Escrito por":"Karina Hern\u00e1ndez Flores","Tiempo de lectura":"3 minutos"},"schema":{"@context":"https:\/\/schema.org","@graph":[{"@type":"Article","@id":"https:\/\/somos-hermanos.mx\/index.php\/2025\/08\/04\/tocate-una-campana-que-marca-la-diferencia\/#article","isPartOf":{"@id":"https:\/\/somos-hermanos.mx\/index.php\/2025\/08\/04\/tocate-una-campana-que-marca-la-diferencia\/"},"author":{"name":"Karina Hern\u00e1ndez Flores","@id":"https:\/\/somos-hermanos.mx\/#\/schema\/person\/de3ab70150c2d9a40634e5ea37c6ef10"},"headline":"\u201cT\u00f3cate\u201d Una campa\u00f1a que marca la diferencia","datePublished":"2025-08-04T10:03:26+00:00","mainEntityOfPage":{"@id":"https:\/\/somos-hermanos.mx\/index.php\/2025\/08\/04\/tocate-una-campana-que-marca-la-diferencia\/"},"wordCount":639,"commentCount":0,"publisher":{"@id":"https:\/\/somos-hermanos.mx\/#organization"},"image":{"@id":"https:\/\/somos-hermanos.mx\/index.php\/2025\/08\/04\/tocate-una-campana-que-marca-la-diferencia\/#primaryimage"},"thumbnailUrl":"https:\/\/somos-hermanos.mx\/wp-content\/uploads\/2025\/08\/toca2.jpeg","articleSection":["Noticias"],"inLanguage":"es","potentialAction":[{"@type":"CommentAction","name":"Comment","target":["https:\/\/somos-hermanos.mx\/index.php\/2025\/08\/04\/tocate-una-campana-que-marca-la-diferencia\/#respond"]}]},{"@type":"WebPage","@id":"https:\/\/somos-hermanos.mx\/index.php\/2025\/08\/04\/tocate-una-campana-que-marca-la-diferencia\/","url":"https:\/\/somos-hermanos.mx\/index.php\/2025\/08\/04\/tocate-una-campana-que-marca-la-diferencia\/","name":"\u201cT\u00f3cate\u201d Una campa\u00f1a que marca la diferencia - Historias que inspiran...","isPartOf":{"@id":"https:\/\/somos-hermanos.mx\/#website"},"primaryImageOfPage":{"@id":"https:\/\/somos-hermanos.mx\/index.php\/2025\/08\/04\/tocate-una-campana-que-marca-la-diferencia\/#primaryimage"},"image":{"@id":"https:\/\/somos-hermanos.mx\/index.php\/2025\/08\/04\/tocate-una-campana-que-marca-la-diferencia\/#primaryimage"},"thumbnailUrl":"https:\/\/somos-hermanos.mx\/wp-content\/uploads\/2025\/08\/toca2.jpeg","datePublished":"2025-08-04T10:03:26+00:00","breadcrumb":{"@id":"https:\/\/somos-hermanos.mx\/index.php\/2025\/08\/04\/tocate-una-campana-que-marca-la-diferencia\/#breadcrumb"},"inLanguage":"es","potentialAction":[{"@type":"ReadAction","target":["https:\/\/somos-hermanos.mx\/index.php\/2025\/08\/04\/tocate-una-campana-que-marca-la-diferencia\/"]}]},{"@type":"ImageObject","inLanguage":"es","@id":"https:\/\/somos-hermanos.mx\/index.php\/2025\/08\/04\/tocate-una-campana-que-marca-la-diferencia\/#primaryimage","url":"https:\/\/somos-hermanos.mx\/wp-content\/uploads\/2025\/08\/toca2.jpeg","contentUrl":"https:\/\/somos-hermanos.mx\/wp-content\/uploads\/2025\/08\/toca2.jpeg","width":1290,"height":1290},{"@type":"BreadcrumbList","@id":"https:\/\/somos-hermanos.mx\/index.php\/2025\/08\/04\/tocate-una-campana-que-marca-la-diferencia\/#breadcrumb","itemListElement":[{"@type":"ListItem","position":1,"name":"Inicio","item":"https:\/\/somos-hermanos.mx\/"},{"@type":"ListItem","position":2,"name":"\u201cT\u00f3cate\u201d Una campa\u00f1a que marca la diferencia"}]},{"@type":"WebSite","@id":"https:\/\/somos-hermanos.mx\/#website","url":"https:\/\/somos-hermanos.mx\/","name":"Historias que inspiran...","description":"Somos la voz del altruismo en M\u00e9xico","publisher":{"@id":"https:\/\/somos-hermanos.mx\/#organization"},"potentialAction":[{"@type":"SearchAction","target":{"@type":"EntryPoint","urlTemplate":"https:\/\/somos-hermanos.mx\/?s={search_term_string}"},"query-input":{"@type":"PropertyValueSpecification","valueRequired":true,"valueName":"search_term_string"}}],"inLanguage":"es"},{"@type":"Organization","@id":"https:\/\/somos-hermanos.mx\/#organization","name":"Somos Hermanos","url":"https:\/\/somos-hermanos.mx\/","logo":{"@type":"ImageObject","inLanguage":"es","@id":"https:\/\/somos-hermanos.mx\/#\/schema\/logo\/image\/","url":"https:\/\/somos-hermanos.mx\/wp-content\/uploads\/2025\/08\/SH30-1.jpeg","contentUrl":"https:\/\/somos-hermanos.mx\/wp-content\/uploads\/2025\/08\/SH30-1.jpeg","width":1600,"height":1142,"caption":"Somos Hermanos"},"image":{"@id":"https:\/\/somos-hermanos.mx\/#\/schema\/logo\/image\/"},"sameAs":["https:\/\/www.facebook.com\/SomosHermanosIAP\/","https:\/\/x.com\/Somos__Hermanos","https:\/\/www.instagram.com\/somos__hermanos\/#","https:\/\/www.tiktok.com\/@somoshermanosiap","https:\/\/www.youtube.com\/@somoshermanosiap1201\/videos"]},{"@type":"Person","@id":"https:\/\/somos-hermanos.mx\/#\/schema\/person\/de3ab70150c2d9a40634e5ea37c6ef10","name":"Karina Hern\u00e1ndez Flores","image":{"@type":"ImageObject","inLanguage":"es","@id":"https:\/\/secure.gravatar.com\/avatar\/b881cf961dfbebfa1094490b61a3c10e871664dba37ac04c3a35065d40ed843c?s=96&d=mm&r=g","url":"https:\/\/secure.gravatar.com\/avatar\/b881cf961dfbebfa1094490b61a3c10e871664dba37ac04c3a35065d40ed843c?s=96&d=mm&r=g","contentUrl":"https:\/\/secure.gravatar.com\/avatar\/b881cf961dfbebfa1094490b61a3c10e871664dba37ac04c3a35065d40ed843c?s=96&d=mm&r=g","caption":"Karina Hern\u00e1ndez Flores"},"url":"https:\/\/somos-hermanos.mx\/index.php\/author\/karina-hernandez-flores\/"}]}},"_links":{"self":[{"href":"https:\/\/somos-hermanos.mx\/index.php\/wp-json\/wp\/v2\/posts\/1005","targetHints":{"allow":["GET"]}}],"collection":[{"href":"https:\/\/somos-hermanos.mx\/index.php\/wp-json\/wp\/v2\/posts"}],"about":[{"href":"https:\/\/somos-hermanos.mx\/index.php\/wp-json\/wp\/v2\/types\/post"}],"author":[{"embeddable":true,"href":"https:\/\/somos-hermanos.mx\/index.php\/wp-json\/wp\/v2\/users\/19"}],"replies":[{"embeddable":true,"href":"https:\/\/somos-hermanos.mx\/index.php\/wp-json\/wp\/v2\/comments?post=1005"}],"version-history":[{"count":1,"href":"https:\/\/somos-hermanos.mx\/index.php\/wp-json\/wp\/v2\/posts\/1005\/revisions"}],"predecessor-version":[{"id":1007,"href":"https:\/\/somos-hermanos.mx\/index.php\/wp-json\/wp\/v2\/posts\/1005\/revisions\/1007"}],"wp:featuredmedia":[{"embeddable":true,"href":"https:\/\/somos-hermanos.mx\/index.php\/wp-json\/wp\/v2\/media\/1006"}],"wp:attachment":[{"href":"https:\/\/somos-hermanos.mx\/index.php\/wp-json\/wp\/v2\/media?parent=1005"}],"wp:term":[{"taxonomy":"category","embeddable":true,"href":"https:\/\/somos-hermanos.mx\/index.php\/wp-json\/wp\/v2\/categories?post=1005"},{"taxonomy":"post_tag","embeddable":true,"href":"https:\/\/somos-hermanos.mx\/index.php\/wp-json\/wp\/v2\/tags?post=1005"}],"curies":[{"name":"wp","href":"https:\/\/api.w.org\/{rel}","templated":true}]}}