{"id":1002,"date":"2025-08-04T04:02:09","date_gmt":"2025-08-04T10:02:09","guid":{"rendered":"https:\/\/somos-hermanos.mx\/?p=1002"},"modified":"2025-08-04T04:02:09","modified_gmt":"2025-08-04T10:02:09","slug":"logra-mexico-avances-importantes-en-materia-de-adopcion-internacional","status":"publish","type":"post","link":"https:\/\/somos-hermanos.mx\/index.php\/2025\/08\/04\/logra-mexico-avances-importantes-en-materia-de-adopcion-internacional\/","title":{"rendered":"Logra M\u00e9xico avances importantes en materia de adopci\u00f3n internacional"},"content":{"rendered":"<p>M\u00e9xico <strong>ha logrado avances importantes en materia de adopci\u00f3n internacional, <\/strong>inform\u00f3 la procuradora federal de Protecci\u00f3n de Ni\u00f1as, Ni\u00f1os y Adolescentes del Sistema Nacional para el Desarrollo Integral de la Familia (SNDIF), Fabiola Mar\u00eda Salas Ambriz, durante su participaci\u00f3n en la s\u00e9ptima reuni\u00f3n del Grupo Binacional de Adopciones M\u00e9xico-Estados Unidos.<\/p>\n<p>Al participar con la exposici\u00f3n sobre el <strong>\u201cInter\u00e9s superior de la ni\u00f1ez: estrategias y normas para la adopci\u00f3n internacional\u201d, <\/strong>refiri\u00f3 que, entre estos logros, se encuentra el fortalecimiento de la coordinaci\u00f3n entre autoridades centrales, Sistemas DIF, Procuradur\u00edas de Protecci\u00f3n estatales y agentes estadounidenses, la cual se ha alineado con las exigencias legales del Convenio de La Haya.<\/p>\n<p>Asimismo, habl\u00f3 sobre la incorporaci\u00f3n de protocolos de seguimiento post-adoptivo y garant\u00edas de bienestar, como lo establece la Ley General de los Derechos de Ni\u00f1as, Ni\u00f1os y Adolescentes y la publicaci\u00f3n en el Diario Oficial de la Federaci\u00f3n de <strong>los nuevos Lineamientos en materia de adopci\u00f3n del SNDIF, en los cuales se define de manera detallada el proceso a seguir en relaci\u00f3n a las adopciones internacionales.<\/strong><\/p>\n<p>Explic\u00f3 que <strong>esta reuni\u00f3n tiene el objetivo de fortalecer la cooperaci\u00f3n entre M\u00e9xico y Estados Unidos en materia de adopci\u00f3n internacional, con la finalidad de asegurar un marco eficaz y protegido que priorice el inter\u00e9s superior de la ni\u00f1ez, <\/strong>as\u00ed como mejorar los tiempos y la transparencia del procedimiento entre ambos pa\u00edses.<\/p>\n<p>Tras reconocer que persisten demoras y tr\u00e1mites burocr\u00e1ticos que dificultan el acceso a un hogar definitivo, lo cual impacta para que ni\u00f1as, ni\u00f1os y adolescentes permanezcan institucionalizados y se vea afectado su desarrollo y estabilidad emocional, resalt\u00f3 la necesidad de tener una mayor fluidez, equidad y apego al inter\u00e9s de la ni\u00f1ez en cada caso. En este sentido, como autoridad central en materia de adopci\u00f3n, el DIF Nacional propuso los siguientes compromisos:<\/p>\n<ul>\n<li>Agilizaci\u00f3n del proceso con la simplificaci\u00f3n de tr\u00e1mites administrativos sin sacrificar seguridad ni legalidad<\/li>\n<li>Coordinaci\u00f3n integral para reforzar canales entre autoridades centrales, DIF estatal, la Secretar\u00eda de Relaciones Exteriores (SRE) y su contraparte en Estados Unidos<\/li>\n<li>Transparencia y protecci\u00f3n enfocado a garantizar el seguimiento de la persona menor de edad, post-adopci\u00f3n, con base en est\u00e1ndares internacionales<\/li>\n<li>Sensibilizaci\u00f3n p\u00fablica al trabajar en campa\u00f1as que promuevan la adopci\u00f3n responsable, distanci\u00e1ndose de mitos y prejuicios<\/li>\n<\/ul>\n<p>A lo largo de su intervenci\u00f3n, la procuradora Salas Ambriz tambi\u00e9n se refiri\u00f3 a los Lineamientos en materia de adopci\u00f3n del SNDIF, a los requisitos para adoptar, a la conformaci\u00f3n de expedientes, a los organismos internacionales autorizados en materia de adopci\u00f3n internacional y al derecho a la identidad de las ni\u00f1as, ni\u00f1os o adolescentes adoptados, entre otros rubros.<\/p>\n<p>Por su parte, el encargado de despacho de la Direcci\u00f3n General de Representaci\u00f3n Jur\u00eddica y Restituci\u00f3n de Derechos de Ni\u00f1as, Ni\u00f1os y Adolescentes del SNDIF, Luis Pe\u00f1a Cruz <strong>habl\u00f3 sobre la <\/strong><strong><b>Gu\u00eda para garantizar el derecho de identidad de ni\u00f1as, ni\u00f1os y adolescentes involucrados en procesos de adopci\u00f3n en M\u00e9xico, <\/b><\/strong>la cual plantea cuatro objetivos: informar sobre los est\u00e1ndares y pr\u00e1cticas internacionales; analizar los est\u00e1ndares y pr\u00e1cticas dom\u00e9sticas y sugerir reformas para eliminar los obst\u00e1culos legales y proponer una ruta operativa para que las autoridades est\u00e9n en condiciones de garantizar ese derecho.<\/p>\n<p>Asimismo, present\u00f3 la Gu\u00eda de adopciones internacionales: M\u00e9xico como estado de origen, dirigida a personas servidoras p\u00fablicas involucradas con el procedimiento de adopci\u00f3n internacional, a las facultades exclusivas del Sistema Nacional DIF en este rubro, a las prohibiciones de la adopci\u00f3n internacional y al proceso de adopci\u00f3n internacional.<\/p>\n","protected":false},"excerpt":{"rendered":"<p>M\u00e9xico ha logrado avances importantes en materia de adopci\u00f3n internacional, inform\u00f3 la procuradora federal de Protecci\u00f3n de Ni\u00f1as, Ni\u00f1os y Adolescentes del Sistema Nacional para el Desarrollo Integral de la Familia (SNDIF), Fabiola Mar\u00eda Salas Ambriz, durante su participaci\u00f3n en la s\u00e9ptima reuni\u00f3n del Grupo Binacional de Adopciones M\u00e9xico-Estados Unidos. Al participar con la exposici\u00f3n [&hellip;]<\/p>\n","protected":false},"author":2,"featured_media":1003,"comment_status":"open","ping_status":"closed","sticky":false,"template":"","format":"standard","meta":{"footnotes":""},"categories":[6],"tags":[],"class_list":["post-1002","post","type-post","status-publish","format-standard","has-post-thumbnail","hentry","category-noticias"],"yoast_head":"<!-- This site is optimized with the Yoast SEO plugin v27.5 - https:\/\/yoast.com\/product\/yoast-seo-wordpress\/ -->\n<title>Logra M\u00e9xico avances importantes en materia de adopci\u00f3n internacional - Historias que inspiran...<\/title>\n<meta name=\"robots\" content=\"index, follow, max-snippet:-1, max-image-preview:large, max-video-preview:-1\" \/>\n<link rel=\"canonical\" href=\"https:\/\/somos-hermanos.mx\/index.php\/2025\/08\/04\/logra-mexico-avances-importantes-en-materia-de-adopcion-internacional\/\" \/>\n<meta property=\"og:locale\" content=\"es_MX\" \/>\n<meta property=\"og:type\" content=\"article\" \/>\n<meta property=\"og:title\" content=\"Logra M\u00e9xico avances importantes en materia de adopci\u00f3n internacional - Historias que inspiran...\" \/>\n<meta property=\"og:description\" content=\"M\u00e9xico ha logrado avances importantes en materia de adopci\u00f3n internacional, inform\u00f3 la procuradora federal de Protecci\u00f3n de Ni\u00f1as, Ni\u00f1os y Adolescentes del Sistema Nacional para el Desarrollo Integral de la Familia (SNDIF), Fabiola Mar\u00eda Salas Ambriz, durante su participaci\u00f3n en la s\u00e9ptima reuni\u00f3n del Grupo Binacional de Adopciones M\u00e9xico-Estados Unidos. Al participar con la exposici\u00f3n [&hellip;]\" \/>\n<meta property=\"og:url\" content=\"https:\/\/somos-hermanos.mx\/index.php\/2025\/08\/04\/logra-mexico-avances-importantes-en-materia-de-adopcion-internacional\/\" \/>\n<meta property=\"og:site_name\" content=\"Historias que inspiran...\" \/>\n<meta property=\"article:publisher\" content=\"https:\/\/www.facebook.com\/SomosHermanosIAP\/\" \/>\n<meta property=\"article:published_time\" content=\"2025-08-04T10:02:09+00:00\" \/>\n<meta property=\"og:image\" content=\"https:\/\/somos-hermanos.mx\/wp-content\/uploads\/2025\/08\/adop.jpeg\" \/>\n\t<meta property=\"og:image:width\" content=\"1600\" \/>\n\t<meta property=\"og:image:height\" content=\"1069\" \/>\n\t<meta property=\"og:image:type\" content=\"image\/jpeg\" \/>\n<meta name=\"author\" content=\"Redacci\u00f3n\" \/>\n<meta name=\"twitter:card\" content=\"summary_large_image\" \/>\n<meta name=\"twitter:creator\" content=\"@Somos__Hermanos\" \/>\n<meta name=\"twitter:site\" content=\"@Somos__Hermanos\" \/>\n<meta name=\"twitter:label1\" content=\"Escrito por\" \/>\n\t<meta name=\"twitter:data1\" content=\"Redacci\u00f3n\" \/>\n\t<meta name=\"twitter:label2\" content=\"Tiempo de lectura\" \/>\n\t<meta name=\"twitter:data2\" content=\"3 minutos\" \/>\n<script type=\"application\/ld+json\" class=\"yoast-schema-graph\">{\"@context\":\"https:\\\/\\\/schema.org\",\"@graph\":[{\"@type\":\"Article\",\"@id\":\"https:\\\/\\\/somos-hermanos.mx\\\/index.php\\\/2025\\\/08\\\/04\\\/logra-mexico-avances-importantes-en-materia-de-adopcion-internacional\\\/#article\",\"isPartOf\":{\"@id\":\"https:\\\/\\\/somos-hermanos.mx\\\/index.php\\\/2025\\\/08\\\/04\\\/logra-mexico-avances-importantes-en-materia-de-adopcion-internacional\\\/\"},\"author\":{\"name\":\"Redacci\u00f3n\",\"@id\":\"https:\\\/\\\/somos-hermanos.mx\\\/#\\\/schema\\\/person\\\/72be0deaeb1d387148bc8db9a84cd13a\"},\"headline\":\"Logra M\u00e9xico avances importantes en materia de adopci\u00f3n internacional\",\"datePublished\":\"2025-08-04T10:02:09+00:00\",\"mainEntityOfPage\":{\"@id\":\"https:\\\/\\\/somos-hermanos.mx\\\/index.php\\\/2025\\\/08\\\/04\\\/logra-mexico-avances-importantes-en-materia-de-adopcion-internacional\\\/\"},\"wordCount\":662,\"commentCount\":0,\"publisher\":{\"@id\":\"https:\\\/\\\/somos-hermanos.mx\\\/#organization\"},\"image\":{\"@id\":\"https:\\\/\\\/somos-hermanos.mx\\\/index.php\\\/2025\\\/08\\\/04\\\/logra-mexico-avances-importantes-en-materia-de-adopcion-internacional\\\/#primaryimage\"},\"thumbnailUrl\":\"https:\\\/\\\/somos-hermanos.mx\\\/wp-content\\\/uploads\\\/2025\\\/08\\\/adop.jpeg\",\"articleSection\":[\"Noticias\"],\"inLanguage\":\"es\",\"potentialAction\":[{\"@type\":\"CommentAction\",\"name\":\"Comment\",\"target\":[\"https:\\\/\\\/somos-hermanos.mx\\\/index.php\\\/2025\\\/08\\\/04\\\/logra-mexico-avances-importantes-en-materia-de-adopcion-internacional\\\/#respond\"]}]},{\"@type\":\"WebPage\",\"@id\":\"https:\\\/\\\/somos-hermanos.mx\\\/index.php\\\/2025\\\/08\\\/04\\\/logra-mexico-avances-importantes-en-materia-de-adopcion-internacional\\\/\",\"url\":\"https:\\\/\\\/somos-hermanos.mx\\\/index.php\\\/2025\\\/08\\\/04\\\/logra-mexico-avances-importantes-en-materia-de-adopcion-internacional\\\/\",\"name\":\"Logra M\u00e9xico avances importantes en materia de adopci\u00f3n internacional - Historias que inspiran...\",\"isPartOf\":{\"@id\":\"https:\\\/\\\/somos-hermanos.mx\\\/#website\"},\"primaryImageOfPage\":{\"@id\":\"https:\\\/\\\/somos-hermanos.mx\\\/index.php\\\/2025\\\/08\\\/04\\\/logra-mexico-avances-importantes-en-materia-de-adopcion-internacional\\\/#primaryimage\"},\"image\":{\"@id\":\"https:\\\/\\\/somos-hermanos.mx\\\/index.php\\\/2025\\\/08\\\/04\\\/logra-mexico-avances-importantes-en-materia-de-adopcion-internacional\\\/#primaryimage\"},\"thumbnailUrl\":\"https:\\\/\\\/somos-hermanos.mx\\\/wp-content\\\/uploads\\\/2025\\\/08\\\/adop.jpeg\",\"datePublished\":\"2025-08-04T10:02:09+00:00\",\"breadcrumb\":{\"@id\":\"https:\\\/\\\/somos-hermanos.mx\\\/index.php\\\/2025\\\/08\\\/04\\\/logra-mexico-avances-importantes-en-materia-de-adopcion-internacional\\\/#breadcrumb\"},\"inLanguage\":\"es\",\"potentialAction\":[{\"@type\":\"ReadAction\",\"target\":[\"https:\\\/\\\/somos-hermanos.mx\\\/index.php\\\/2025\\\/08\\\/04\\\/logra-mexico-avances-importantes-en-materia-de-adopcion-internacional\\\/\"]}]},{\"@type\":\"ImageObject\",\"inLanguage\":\"es\",\"@id\":\"https:\\\/\\\/somos-hermanos.mx\\\/index.php\\\/2025\\\/08\\\/04\\\/logra-mexico-avances-importantes-en-materia-de-adopcion-internacional\\\/#primaryimage\",\"url\":\"https:\\\/\\\/somos-hermanos.mx\\\/wp-content\\\/uploads\\\/2025\\\/08\\\/adop.jpeg\",\"contentUrl\":\"https:\\\/\\\/somos-hermanos.mx\\\/wp-content\\\/uploads\\\/2025\\\/08\\\/adop.jpeg\",\"width\":1600,\"height\":1069},{\"@type\":\"BreadcrumbList\",\"@id\":\"https:\\\/\\\/somos-hermanos.mx\\\/index.php\\\/2025\\\/08\\\/04\\\/logra-mexico-avances-importantes-en-materia-de-adopcion-internacional\\\/#breadcrumb\",\"itemListElement\":[{\"@type\":\"ListItem\",\"position\":1,\"name\":\"Inicio\",\"item\":\"https:\\\/\\\/somos-hermanos.mx\\\/\"},{\"@type\":\"ListItem\",\"position\":2,\"name\":\"Logra M\u00e9xico avances importantes en materia de adopci\u00f3n internacional\"}]},{\"@type\":\"WebSite\",\"@id\":\"https:\\\/\\\/somos-hermanos.mx\\\/#website\",\"url\":\"https:\\\/\\\/somos-hermanos.mx\\\/\",\"name\":\"Historias que inspiran...\",\"description\":\"Somos la voz del altruismo en M\u00e9xico\",\"publisher\":{\"@id\":\"https:\\\/\\\/somos-hermanos.mx\\\/#organization\"},\"potentialAction\":[{\"@type\":\"SearchAction\",\"target\":{\"@type\":\"EntryPoint\",\"urlTemplate\":\"https:\\\/\\\/somos-hermanos.mx\\\/?s={search_term_string}\"},\"query-input\":{\"@type\":\"PropertyValueSpecification\",\"valueRequired\":true,\"valueName\":\"search_term_string\"}}],\"inLanguage\":\"es\"},{\"@type\":\"Organization\",\"@id\":\"https:\\\/\\\/somos-hermanos.mx\\\/#organization\",\"name\":\"Somos Hermanos\",\"url\":\"https:\\\/\\\/somos-hermanos.mx\\\/\",\"logo\":{\"@type\":\"ImageObject\",\"inLanguage\":\"es\",\"@id\":\"https:\\\/\\\/somos-hermanos.mx\\\/#\\\/schema\\\/logo\\\/image\\\/\",\"url\":\"https:\\\/\\\/somos-hermanos.mx\\\/wp-content\\\/uploads\\\/2025\\\/08\\\/SH30-1.jpeg\",\"contentUrl\":\"https:\\\/\\\/somos-hermanos.mx\\\/wp-content\\\/uploads\\\/2025\\\/08\\\/SH30-1.jpeg\",\"width\":1600,\"height\":1142,\"caption\":\"Somos Hermanos\"},\"image\":{\"@id\":\"https:\\\/\\\/somos-hermanos.mx\\\/#\\\/schema\\\/logo\\\/image\\\/\"},\"sameAs\":[\"https:\\\/\\\/www.facebook.com\\\/SomosHermanosIAP\\\/\",\"https:\\\/\\\/x.com\\\/Somos__Hermanos\",\"https:\\\/\\\/www.instagram.com\\\/somos__hermanos\\\/#\",\"https:\\\/\\\/www.tiktok.com\\\/@somoshermanosiap\",\"https:\\\/\\\/www.youtube.com\\\/@somoshermanosiap1201\\\/videos\"]},{\"@type\":\"Person\",\"@id\":\"https:\\\/\\\/somos-hermanos.mx\\\/#\\\/schema\\\/person\\\/72be0deaeb1d387148bc8db9a84cd13a\",\"name\":\"Redacci\u00f3n\",\"image\":{\"@type\":\"ImageObject\",\"inLanguage\":\"es\",\"@id\":\"https:\\\/\\\/secure.gravatar.com\\\/avatar\\\/0471f62dae6ab1c39ae7c79f265de6a8ede1928a658b55db6bd71466aa956832?s=96&d=mm&r=g\",\"url\":\"https:\\\/\\\/secure.gravatar.com\\\/avatar\\\/0471f62dae6ab1c39ae7c79f265de6a8ede1928a658b55db6bd71466aa956832?s=96&d=mm&r=g\",\"contentUrl\":\"https:\\\/\\\/secure.gravatar.com\\\/avatar\\\/0471f62dae6ab1c39ae7c79f265de6a8ede1928a658b55db6bd71466aa956832?s=96&d=mm&r=g\",\"caption\":\"Redacci\u00f3n\"},\"url\":\"https:\\\/\\\/somos-hermanos.mx\\\/index.php\\\/author\\\/redaccion\\\/\"}]}<\/script>\n<!-- \/ Yoast SEO plugin. -->","yoast_head_json":{"title":"Logra M\u00e9xico avances importantes en materia de adopci\u00f3n internacional - Historias que inspiran...","robots":{"index":"index","follow":"follow","max-snippet":"max-snippet:-1","max-image-preview":"max-image-preview:large","max-video-preview":"max-video-preview:-1"},"canonical":"https:\/\/somos-hermanos.mx\/index.php\/2025\/08\/04\/logra-mexico-avances-importantes-en-materia-de-adopcion-internacional\/","og_locale":"es_MX","og_type":"article","og_title":"Logra M\u00e9xico avances importantes en materia de adopci\u00f3n internacional - Historias que inspiran...","og_description":"M\u00e9xico ha logrado avances importantes en materia de adopci\u00f3n internacional, inform\u00f3 la procuradora federal de Protecci\u00f3n de Ni\u00f1as, Ni\u00f1os y Adolescentes del Sistema Nacional para el Desarrollo Integral de la Familia (SNDIF), Fabiola Mar\u00eda Salas Ambriz, durante su participaci\u00f3n en la s\u00e9ptima reuni\u00f3n del Grupo Binacional de Adopciones M\u00e9xico-Estados Unidos. Al participar con la exposici\u00f3n [&hellip;]","og_url":"https:\/\/somos-hermanos.mx\/index.php\/2025\/08\/04\/logra-mexico-avances-importantes-en-materia-de-adopcion-internacional\/","og_site_name":"Historias que inspiran...","article_publisher":"https:\/\/www.facebook.com\/SomosHermanosIAP\/","article_published_time":"2025-08-04T10:02:09+00:00","og_image":[{"width":1600,"height":1069,"url":"https:\/\/somos-hermanos.mx\/wp-content\/uploads\/2025\/08\/adop.jpeg","type":"image\/jpeg"}],"author":"Redacci\u00f3n","twitter_card":"summary_large_image","twitter_creator":"@Somos__Hermanos","twitter_site":"@Somos__Hermanos","twitter_misc":{"Escrito por":"Redacci\u00f3n","Tiempo de lectura":"3 minutos"},"schema":{"@context":"https:\/\/schema.org","@graph":[{"@type":"Article","@id":"https:\/\/somos-hermanos.mx\/index.php\/2025\/08\/04\/logra-mexico-avances-importantes-en-materia-de-adopcion-internacional\/#article","isPartOf":{"@id":"https:\/\/somos-hermanos.mx\/index.php\/2025\/08\/04\/logra-mexico-avances-importantes-en-materia-de-adopcion-internacional\/"},"author":{"name":"Redacci\u00f3n","@id":"https:\/\/somos-hermanos.mx\/#\/schema\/person\/72be0deaeb1d387148bc8db9a84cd13a"},"headline":"Logra M\u00e9xico avances importantes en materia de adopci\u00f3n internacional","datePublished":"2025-08-04T10:02:09+00:00","mainEntityOfPage":{"@id":"https:\/\/somos-hermanos.mx\/index.php\/2025\/08\/04\/logra-mexico-avances-importantes-en-materia-de-adopcion-internacional\/"},"wordCount":662,"commentCount":0,"publisher":{"@id":"https:\/\/somos-hermanos.mx\/#organization"},"image":{"@id":"https:\/\/somos-hermanos.mx\/index.php\/2025\/08\/04\/logra-mexico-avances-importantes-en-materia-de-adopcion-internacional\/#primaryimage"},"thumbnailUrl":"https:\/\/somos-hermanos.mx\/wp-content\/uploads\/2025\/08\/adop.jpeg","articleSection":["Noticias"],"inLanguage":"es","potentialAction":[{"@type":"CommentAction","name":"Comment","target":["https:\/\/somos-hermanos.mx\/index.php\/2025\/08\/04\/logra-mexico-avances-importantes-en-materia-de-adopcion-internacional\/#respond"]}]},{"@type":"WebPage","@id":"https:\/\/somos-hermanos.mx\/index.php\/2025\/08\/04\/logra-mexico-avances-importantes-en-materia-de-adopcion-internacional\/","url":"https:\/\/somos-hermanos.mx\/index.php\/2025\/08\/04\/logra-mexico-avances-importantes-en-materia-de-adopcion-internacional\/","name":"Logra M\u00e9xico avances importantes en materia de adopci\u00f3n internacional - Historias que inspiran...","isPartOf":{"@id":"https:\/\/somos-hermanos.mx\/#website"},"primaryImageOfPage":{"@id":"https:\/\/somos-hermanos.mx\/index.php\/2025\/08\/04\/logra-mexico-avances-importantes-en-materia-de-adopcion-internacional\/#primaryimage"},"image":{"@id":"https:\/\/somos-hermanos.mx\/index.php\/2025\/08\/04\/logra-mexico-avances-importantes-en-materia-de-adopcion-internacional\/#primaryimage"},"thumbnailUrl":"https:\/\/somos-hermanos.mx\/wp-content\/uploads\/2025\/08\/adop.jpeg","datePublished":"2025-08-04T10:02:09+00:00","breadcrumb":{"@id":"https:\/\/somos-hermanos.mx\/index.php\/2025\/08\/04\/logra-mexico-avances-importantes-en-materia-de-adopcion-internacional\/#breadcrumb"},"inLanguage":"es","potentialAction":[{"@type":"ReadAction","target":["https:\/\/somos-hermanos.mx\/index.php\/2025\/08\/04\/logra-mexico-avances-importantes-en-materia-de-adopcion-internacional\/"]}]},{"@type":"ImageObject","inLanguage":"es","@id":"https:\/\/somos-hermanos.mx\/index.php\/2025\/08\/04\/logra-mexico-avances-importantes-en-materia-de-adopcion-internacional\/#primaryimage","url":"https:\/\/somos-hermanos.mx\/wp-content\/uploads\/2025\/08\/adop.jpeg","contentUrl":"https:\/\/somos-hermanos.mx\/wp-content\/uploads\/2025\/08\/adop.jpeg","width":1600,"height":1069},{"@type":"BreadcrumbList","@id":"https:\/\/somos-hermanos.mx\/index.php\/2025\/08\/04\/logra-mexico-avances-importantes-en-materia-de-adopcion-internacional\/#breadcrumb","itemListElement":[{"@type":"ListItem","position":1,"name":"Inicio","item":"https:\/\/somos-hermanos.mx\/"},{"@type":"ListItem","position":2,"name":"Logra M\u00e9xico avances importantes en materia de adopci\u00f3n internacional"}]},{"@type":"WebSite","@id":"https:\/\/somos-hermanos.mx\/#website","url":"https:\/\/somos-hermanos.mx\/","name":"Historias que inspiran...","description":"Somos la voz del altruismo en M\u00e9xico","publisher":{"@id":"https:\/\/somos-hermanos.mx\/#organization"},"potentialAction":[{"@type":"SearchAction","target":{"@type":"EntryPoint","urlTemplate":"https:\/\/somos-hermanos.mx\/?s={search_term_string}"},"query-input":{"@type":"PropertyValueSpecification","valueRequired":true,"valueName":"search_term_string"}}],"inLanguage":"es"},{"@type":"Organization","@id":"https:\/\/somos-hermanos.mx\/#organization","name":"Somos Hermanos","url":"https:\/\/somos-hermanos.mx\/","logo":{"@type":"ImageObject","inLanguage":"es","@id":"https:\/\/somos-hermanos.mx\/#\/schema\/logo\/image\/","url":"https:\/\/somos-hermanos.mx\/wp-content\/uploads\/2025\/08\/SH30-1.jpeg","contentUrl":"https:\/\/somos-hermanos.mx\/wp-content\/uploads\/2025\/08\/SH30-1.jpeg","width":1600,"height":1142,"caption":"Somos Hermanos"},"image":{"@id":"https:\/\/somos-hermanos.mx\/#\/schema\/logo\/image\/"},"sameAs":["https:\/\/www.facebook.com\/SomosHermanosIAP\/","https:\/\/x.com\/Somos__Hermanos","https:\/\/www.instagram.com\/somos__hermanos\/#","https:\/\/www.tiktok.com\/@somoshermanosiap","https:\/\/www.youtube.com\/@somoshermanosiap1201\/videos"]},{"@type":"Person","@id":"https:\/\/somos-hermanos.mx\/#\/schema\/person\/72be0deaeb1d387148bc8db9a84cd13a","name":"Redacci\u00f3n","image":{"@type":"ImageObject","inLanguage":"es","@id":"https:\/\/secure.gravatar.com\/avatar\/0471f62dae6ab1c39ae7c79f265de6a8ede1928a658b55db6bd71466aa956832?s=96&d=mm&r=g","url":"https:\/\/secure.gravatar.com\/avatar\/0471f62dae6ab1c39ae7c79f265de6a8ede1928a658b55db6bd71466aa956832?s=96&d=mm&r=g","contentUrl":"https:\/\/secure.gravatar.com\/avatar\/0471f62dae6ab1c39ae7c79f265de6a8ede1928a658b55db6bd71466aa956832?s=96&d=mm&r=g","caption":"Redacci\u00f3n"},"url":"https:\/\/somos-hermanos.mx\/index.php\/author\/redaccion\/"}]}},"_links":{"self":[{"href":"https:\/\/somos-hermanos.mx\/index.php\/wp-json\/wp\/v2\/posts\/1002","targetHints":{"allow":["GET"]}}],"collection":[{"href":"https:\/\/somos-hermanos.mx\/index.php\/wp-json\/wp\/v2\/posts"}],"about":[{"href":"https:\/\/somos-hermanos.mx\/index.php\/wp-json\/wp\/v2\/types\/post"}],"author":[{"embeddable":true,"href":"https:\/\/somos-hermanos.mx\/index.php\/wp-json\/wp\/v2\/users\/2"}],"replies":[{"embeddable":true,"href":"https:\/\/somos-hermanos.mx\/index.php\/wp-json\/wp\/v2\/comments?post=1002"}],"version-history":[{"count":1,"href":"https:\/\/somos-hermanos.mx\/index.php\/wp-json\/wp\/v2\/posts\/1002\/revisions"}],"predecessor-version":[{"id":1004,"href":"https:\/\/somos-hermanos.mx\/index.php\/wp-json\/wp\/v2\/posts\/1002\/revisions\/1004"}],"wp:featuredmedia":[{"embeddable":true,"href":"https:\/\/somos-hermanos.mx\/index.php\/wp-json\/wp\/v2\/media\/1003"}],"wp:attachment":[{"href":"https:\/\/somos-hermanos.mx\/index.php\/wp-json\/wp\/v2\/media?parent=1002"}],"wp:term":[{"taxonomy":"category","embeddable":true,"href":"https:\/\/somos-hermanos.mx\/index.php\/wp-json\/wp\/v2\/categories?post=1002"},{"taxonomy":"post_tag","embeddable":true,"href":"https:\/\/somos-hermanos.mx\/index.php\/wp-json\/wp\/v2\/tags?post=1002"}],"curies":[{"name":"wp","href":"https:\/\/api.w.org\/{rel}","templated":true}]}}